{"id":1792,"date":"2026-09-05T00:33:21","date_gmt":"2026-09-05T04:33:21","guid":{"rendered":"https:\/\/waracomunicaciones.com\/?p=1792"},"modified":"2026-09-05T00:33:23","modified_gmt":"2026-09-05T04:33:23","slug":"presupuesto-del-concejo-municipal-de-montero-sube-a-bs-725-millones-y-genera-cuestionamientos","status":"publish","type":"post","link":"https:\/\/waracomunicaciones.com\/?p=1792","title":{"rendered":"Presupuesto del Concejo Municipal de Montero sube a Bs 7,25 millones y genera cuestionamientos"},"content":{"rendered":"\n<figure class=\"wp-block-image size-large\"><img loading=\"lazy\" decoding=\"async\" width=\"1024\" height=\"798\" src=\"https:\/\/waracomunicaciones.com\/wp-content\/uploads\/2026\/09\/Rafa-Perales-Miguel-Angel-y-Mario-1024x798.webp\" alt=\"\" class=\"wp-image-1793\" srcset=\"https:\/\/waracomunicaciones.com\/wp-content\/uploads\/2026\/09\/Rafa-Perales-Miguel-Angel-y-Mario-1024x798.webp 1024w, https:\/\/waracomunicaciones.com\/wp-content\/uploads\/2026\/09\/Rafa-Perales-Miguel-Angel-y-Mario-300x234.webp 300w, https:\/\/waracomunicaciones.com\/wp-content\/uploads\/2026\/09\/Rafa-Perales-Miguel-Angel-y-Mario-767x598.webp 767w, https:\/\/waracomunicaciones.com\/wp-content\/uploads\/2026\/09\/Rafa-Perales-Miguel-Angel-y-Mario.webp 1170w\" sizes=\"auto, (max-width: 1024px) 100vw, 1024px\" \/><\/figure>\n\n\n\n<p class=\"wp-block-paragraph\">Imagen generada por IA<\/p>\n\n\n<p>El presupuesto del Concejo Municipal de Montero para la gesti\u00f3n 2027 ascender\u00e1 a aproximadamente 7 millones 250 mil bolivianos, monto que representa un incremento superior a 800 mil bolivianos respecto al presupuesto de 2026, que alcanzaba a 6 millones 400 mil bolivianos.<!--more--><br \/>El incremento gener\u00f3 cuestionamientos al interior del propio Concejo Municipal. El concejal Rafael Hurtado observ\u00f3 que los ediles no recibieron la documentaci\u00f3n con la anticipaci\u00f3n necesaria para analizar el Programa Operativo Anual antes de su aprobaci\u00f3n.<br \/>Hurtado afirm\u00f3 que el documento fue entregado poco antes de la sesi\u00f3n y sostuvo que esta situaci\u00f3n limit\u00f3 la posibilidad de revisar en detalle la distribuci\u00f3n de los recursos. Tambi\u00e9n cuestion\u00f3 que se haya contemplado un posible incremento salarial del 5% para el personal del Concejo y los concejales, se\u00f1alando que se opuso a esa previsi\u00f3n.<br \/>El concejal anunci\u00f3 que solicitar\u00e1 la presentaci\u00f3n detallada del presupuesto para conocer cu\u00e1nto se destinar\u00e1 a salarios, mantenimiento, funcionamiento y otras actividades, con el prop\u00f3sito de socializar esta informaci\u00f3n con la ciudadan\u00eda.<br \/>Por su parte, el presidente del Concejo Municipal, William Perales, explic\u00f3 que aproximadamente el 90% del presupuesto legislativo est\u00e1 destinado al pago de sueldos y salarios. Se\u00f1al\u00f3 adem\u00e1s que el incremento responde principalmente a la evoluci\u00f3n de los salarios y a la previsi\u00f3n de ajustes establecidos a nivel nacional.<br \/>Perales indic\u00f3 que se incorporaron alrededor de 250 mil bolivianos adicionales para refacciones y mantenimiento de la infraestructura del Concejo, principalmente por problemas relacionados con goteras. Asimismo, sostuvo que el incremento salarial del 5% corresponde a una proyecci\u00f3n que debe ser contemplada en el presupuesto.<br \/>En cuanto a las prioridades para 2027, Perales se\u00f1al\u00f3 que uno de los principales desaf\u00edos ser\u00e1 alcanzar consensos para avanzar en la elaboraci\u00f3n de la Carta Org\u00e1nica Municipal de Montero.<br \/>El debate tambi\u00e9n involucr\u00f3 a los exalcaldes Miguel \u00c1ngel Hurtado y Mario Baptista. Hurtado consider\u00f3 que la definici\u00f3n de los salarios debe responder a las prioridades de cada gobierno municipal y plante\u00f3 diferenciar entre los niveles salariales de autoridades, directivos y trabajadores con menores ingresos.<br \/>Mario Baptista, por su parte, cuestion\u00f3 que el incremento salarial sea presentado como una obligaci\u00f3n nacional. Sostuvo que los gobiernos municipales cuentan con autonom\u00eda y que las decisiones deben considerar su capacidad econ\u00f3mica y las prioridades de inversi\u00f3n y servicios a la poblaci\u00f3n.<br \/>Baptista tambi\u00e9n expres\u00f3 preocupaci\u00f3n por el crecimiento de los gastos de funcionamiento del Gobierno Municipal de Montero. Seg\u00fan los datos mencionados durante la entrevista, estos gastos pasar\u00edan de aproximadamente 46,2 millones de bolivianos en 2026 a 51 millones en 2027.<br \/>El exalcalde cuestion\u00f3 adem\u00e1s el crecimiento de los gastos administrativos y el n\u00famero de consultores, argumentando que estos recursos deber\u00edan analizarse en funci\u00f3n de su impacto real en la poblaci\u00f3n. Record\u00f3 que durante su gesti\u00f3n, cuando el presupuesto municipal rondaba los 90 millones de bolivianos, se ejecutaron proyectos de pavimentaci\u00f3n financiados principalmente con recursos de participaci\u00f3n popular e ingresos propios.<br \/>El debate deja planteada una interrogante central para la gesti\u00f3n municipal 2027: cu\u00e1nto de los recursos disponibles se destinar\u00e1 al funcionamiento de la administraci\u00f3n y cu\u00e1nto llegar\u00e1 efectivamente a obras y servicios para los habitantes de Montero.<\/p><div style=\"margin-top: 0px; margin-bottom: 0px;\" class=\"sharethis-inline-reaction-buttons\" ><\/div>","protected":false},"excerpt":{"rendered":"<p>Imagen generada por IA El presupuesto del Concejo Municipal de Montero para la gesti\u00f3n 2027 ascender\u00e1 a aproximadamente 7 millones 250 mil bolivianos, monto que representa un incremento superior a 800 mil bolivianos respecto al presupuesto de 2026, que alcanzaba a 6 millones 400 mil bolivianos.<\/p>\n","protected":false},"author":2,"featured_media":0,"comment_status":"open","ping_status":"open","sticky":false,"template":"","format":"standard","meta":{"footnotes":""},"categories":[46,5],"tags":[337],"class_list":["post-1792","post","type-post","status-publish","format-standard","hentry","category-economia","category-local","tag-presupuesto-concejo-municipal-montero"],"yoast_head":"<!-- This site is optimized with the Yoast SEO Premium plugin v25.5 (Yoast SEO v27.1.1) - https:\/\/yoast.com\/product\/yoast-seo-premium-wordpress\/ -->\n<title>Presupuesto del Concejo Municipal de Montero sube a Bs 7,25 millones y genera cuestionamientos - Wara Comunicaciones<\/title>\n<meta name=\"robots\" content=\"index, follow, max-snippet:-1, max-image-preview:large, max-video-preview:-1\" \/>\n<link rel=\"canonical\" href=\"https:\/\/waracomunicaciones.com\/?p=1792\" \/>\n<meta property=\"og:locale\" content=\"es_ES\" \/>\n<meta property=\"og:type\" content=\"article\" \/>\n<meta property=\"og:title\" content=\"Presupuesto del Concejo Municipal de Montero sube a Bs 7,25 millones y genera cuestionamientos\" \/>\n<meta property=\"og:description\" content=\"Imagen generada por IA El presupuesto del Concejo Municipal de Montero para la gesti\u00f3n 2027 ascender\u00e1 a aproximadamente 7 millones 250 mil bolivianos, monto que representa un incremento superior a 800 mil bolivianos respecto al presupuesto de 2026, que alcanzaba a 6 millones 400 mil bolivianos.\" \/>\n<meta property=\"og:url\" content=\"https:\/\/waracomunicaciones.com\/?p=1792\" \/>\n<meta property=\"og:site_name\" content=\"Wara Comunicaciones\" \/>\n<meta property=\"article:publisher\" content=\"https:\/\/www.facebook.com\/waracomunicaciones2017\" \/>\n<meta property=\"article:published_time\" content=\"2026-09-05T04:33:21+00:00\" \/>\n<meta property=\"article:modified_time\" content=\"2026-09-05T04:33:23+00:00\" \/>\n<meta property=\"og:image\" content=\"https:\/\/waracomunicaciones.com\/wp-content\/uploads\/2026\/09\/Rafa-Perales-Miguel-Angel-y-Mario.webp\" \/>\n\t<meta property=\"og:image:width\" content=\"1170\" \/>\n\t<meta property=\"og:image:height\" content=\"912\" \/>\n\t<meta property=\"og:image:type\" content=\"image\/webp\" \/>\n<meta name=\"author\" content=\"Tom\u00e1s Coca\" \/>\n<meta name=\"twitter:card\" content=\"summary_large_image\" \/>\n<meta name=\"twitter:label1\" content=\"Escrito por\" \/>\n\t<meta name=\"twitter:data1\" content=\"Tom\u00e1s Coca\" \/>\n\t<meta name=\"twitter:label2\" content=\"Tiempo de lectura\" \/>\n\t<meta name=\"twitter:data2\" content=\"3 minutos\" \/>\n<script type=\"application\/ld+json\" class=\"yoast-schema-graph\">{\"@context\":\"https:\/\/schema.org\",\"@graph\":[{\"@type\":\"Article\",\"@id\":\"https:\/\/waracomunicaciones.com\/?p=1792#article\",\"isPartOf\":{\"@id\":\"https:\/\/waracomunicaciones.com\/?p=1792\"},\"author\":{\"name\":\"Tom\u00e1s Coca\",\"@id\":\"https:\/\/waracomunicaciones.com\/#\/schema\/person\/cbfc6e874b874c69982b6f254108e9f0\"},\"headline\":\"Presupuesto del Concejo Municipal de Montero sube a Bs 7,25 millones y genera cuestionamientos\",\"datePublished\":\"2026-09-05T04:33:21+00:00\",\"dateModified\":\"2026-09-05T04:33:23+00:00\",\"mainEntityOfPage\":{\"@id\":\"https:\/\/waracomunicaciones.com\/?p=1792\"},\"wordCount\":561,\"commentCount\":0,\"publisher\":{\"@id\":\"https:\/\/waracomunicaciones.com\/#organization\"},\"image\":{\"@id\":\"https:\/\/waracomunicaciones.com\/?p=1792#primaryimage\"},\"thumbnailUrl\":\"https:\/\/waracomunicaciones.com\/wp-content\/uploads\/2026\/09\/Rafa-Perales-Miguel-Angel-y-Mario-1024x798.webp\",\"keywords\":[\"Presupuesto Concejo Municipal Montero\"],\"articleSection\":[\"Econom\u00eda\",\"LOCAL\"],\"inLanguage\":\"es\",\"potentialAction\":[{\"@type\":\"CommentAction\",\"name\":\"Comment\",\"target\":[\"https:\/\/waracomunicaciones.com\/?p=1792#respond\"]}]},{\"@type\":\"WebPage\",\"@id\":\"https:\/\/waracomunicaciones.com\/?p=1792\",\"url\":\"https:\/\/waracomunicaciones.com\/?p=1792\",\"name\":\"Presupuesto del Concejo Municipal de Montero sube a Bs 7,25 millones y genera cuestionamientos - Wara Comunicaciones\",\"isPartOf\":{\"@id\":\"https:\/\/waracomunicaciones.com\/#website\"},\"primaryImageOfPage\":{\"@id\":\"https:\/\/waracomunicaciones.com\/?p=1792#primaryimage\"},\"image\":{\"@id\":\"https:\/\/waracomunicaciones.com\/?p=1792#primaryimage\"},\"thumbnailUrl\":\"https:\/\/waracomunicaciones.com\/wp-content\/uploads\/2026\/09\/Rafa-Perales-Miguel-Angel-y-Mario-1024x798.webp\",\"datePublished\":\"2026-09-05T04:33:21+00:00\",\"dateModified\":\"2026-09-05T04:33:23+00:00\",\"breadcrumb\":{\"@id\":\"https:\/\/waracomunicaciones.com\/?p=1792#breadcrumb\"},\"inLanguage\":\"es\",\"potentialAction\":[{\"@type\":\"ReadAction\",\"target\":[\"https:\/\/waracomunicaciones.com\/?p=1792\"]}]},{\"@type\":\"ImageObject\",\"inLanguage\":\"es\",\"@id\":\"https:\/\/waracomunicaciones.com\/?p=1792#primaryimage\",\"url\":\"https:\/\/waracomunicaciones.com\/wp-content\/uploads\/2026\/09\/Rafa-Perales-Miguel-Angel-y-Mario.webp\",\"contentUrl\":\"https:\/\/waracomunicaciones.com\/wp-content\/uploads\/2026\/09\/Rafa-Perales-Miguel-Angel-y-Mario.webp\",\"width\":1170,\"height\":912},{\"@type\":\"BreadcrumbList\",\"@id\":\"https:\/\/waracomunicaciones.com\/?p=1792#breadcrumb\",\"itemListElement\":[{\"@type\":\"ListItem\",\"position\":1,\"name\":\"Portada\",\"item\":\"https:\/\/waracomunicaciones.com\/\"},{\"@type\":\"ListItem\",\"position\":2,\"name\":\"Presupuesto del Concejo Municipal de Montero sube a Bs 7,25 millones y genera cuestionamientos\"}]},{\"@type\":\"WebSite\",\"@id\":\"https:\/\/waracomunicaciones.com\/#website\",\"url\":\"https:\/\/waracomunicaciones.com\/\",\"name\":\"Wara Comunicaciones\",\"description\":\"\",\"publisher\":{\"@id\":\"https:\/\/waracomunicaciones.com\/#organization\"},\"potentialAction\":[{\"@type\":\"SearchAction\",\"target\":{\"@type\":\"EntryPoint\",\"urlTemplate\":\"https:\/\/waracomunicaciones.com\/?s={search_term_string}\"},\"query-input\":{\"@type\":\"PropertyValueSpecification\",\"valueRequired\":true,\"valueName\":\"search_term_string\"}}],\"inLanguage\":\"es\"},{\"@type\":\"Organization\",\"@id\":\"https:\/\/waracomunicaciones.com\/#organization\",\"name\":\"Wara Comunicaciones\",\"url\":\"https:\/\/waracomunicaciones.com\/\",\"logo\":{\"@type\":\"ImageObject\",\"inLanguage\":\"es\",\"@id\":\"https:\/\/waracomunicaciones.com\/#\/schema\/logo\/image\/\",\"url\":\"https:\/\/waracomunicaciones.com\/wp-content\/uploads\/2025\/07\/logo.png\",\"contentUrl\":\"https:\/\/waracomunicaciones.com\/wp-content\/uploads\/2025\/07\/logo.png\",\"width\":400,\"height\":164,\"caption\":\"Wara Comunicaciones\"},\"image\":{\"@id\":\"https:\/\/waracomunicaciones.com\/#\/schema\/logo\/image\/\"},\"sameAs\":[\"https:\/\/www.facebook.com\/waracomunicaciones2017\"]},{\"@type\":\"Person\",\"@id\":\"https:\/\/waracomunicaciones.com\/#\/schema\/person\/cbfc6e874b874c69982b6f254108e9f0\",\"name\":\"Tom\u00e1s Coca\",\"image\":{\"@type\":\"ImageObject\",\"inLanguage\":\"es\",\"@id\":\"https:\/\/waracomunicaciones.com\/#\/schema\/person\/image\/\",\"url\":\"https:\/\/secure.gravatar.com\/avatar\/482131bd67ce2dac1261229602fd0c47826af81f4ac6608b066b29cac2a6e65d?s=96&d=mm&r=g\",\"contentUrl\":\"https:\/\/secure.gravatar.com\/avatar\/482131bd67ce2dac1261229602fd0c47826af81f4ac6608b066b29cac2a6e65d?s=96&d=mm&r=g\",\"caption\":\"Tom\u00e1s Coca\"},\"sameAs\":[\"https:\/\/waracomunicaciones.com\"],\"url\":\"https:\/\/waracomunicaciones.com\/?author=2\"}]}<\/script>\n<!-- \/ Yoast SEO Premium plugin. -->","yoast_head_json":{"title":"Presupuesto del Concejo Municipal de Montero sube a Bs 7,25 millones y genera cuestionamientos - Wara Comunicaciones","robots":{"index":"index","follow":"follow","max-snippet":"max-snippet:-1","max-image-preview":"max-image-preview:large","max-video-preview":"max-video-preview:-1"},"canonical":"https:\/\/waracomunicaciones.com\/?p=1792","og_locale":"es_ES","og_type":"article","og_title":"Presupuesto del Concejo Municipal de Montero sube a Bs 7,25 millones y genera cuestionamientos","og_description":"Imagen generada por IA El presupuesto del Concejo Municipal de Montero para la gesti\u00f3n 2027 ascender\u00e1 a aproximadamente 7 millones 250 mil bolivianos, monto que representa un incremento superior a 800 mil bolivianos respecto al presupuesto de 2026, que alcanzaba a 6 millones 400 mil bolivianos.","og_url":"https:\/\/waracomunicaciones.com\/?p=1792","og_site_name":"Wara Comunicaciones","article_publisher":"https:\/\/www.facebook.com\/waracomunicaciones2017","article_published_time":"2026-09-05T04:33:21+00:00","article_modified_time":"2026-09-05T04:33:23+00:00","og_image":[{"width":1170,"height":912,"url":"https:\/\/waracomunicaciones.com\/wp-content\/uploads\/2026\/09\/Rafa-Perales-Miguel-Angel-y-Mario.webp","type":"image\/webp"}],"author":"Tom\u00e1s Coca","twitter_card":"summary_large_image","twitter_misc":{"Escrito por":"Tom\u00e1s Coca","Tiempo de lectura":"3 minutos"},"schema":{"@context":"https:\/\/schema.org","@graph":[{"@type":"Article","@id":"https:\/\/waracomunicaciones.com\/?p=1792#article","isPartOf":{"@id":"https:\/\/waracomunicaciones.com\/?p=1792"},"author":{"name":"Tom\u00e1s Coca","@id":"https:\/\/waracomunicaciones.com\/#\/schema\/person\/cbfc6e874b874c69982b6f254108e9f0"},"headline":"Presupuesto del Concejo Municipal de Montero sube a Bs 7,25 millones y genera cuestionamientos","datePublished":"2026-09-05T04:33:21+00:00","dateModified":"2026-09-05T04:33:23+00:00","mainEntityOfPage":{"@id":"https:\/\/waracomunicaciones.com\/?p=1792"},"wordCount":561,"commentCount":0,"publisher":{"@id":"https:\/\/waracomunicaciones.com\/#organization"},"image":{"@id":"https:\/\/waracomunicaciones.com\/?p=1792#primaryimage"},"thumbnailUrl":"https:\/\/waracomunicaciones.com\/wp-content\/uploads\/2026\/09\/Rafa-Perales-Miguel-Angel-y-Mario-1024x798.webp","keywords":["Presupuesto Concejo Municipal Montero"],"articleSection":["Econom\u00eda","LOCAL"],"inLanguage":"es","potentialAction":[{"@type":"CommentAction","name":"Comment","target":["https:\/\/waracomunicaciones.com\/?p=1792#respond"]}]},{"@type":"WebPage","@id":"https:\/\/waracomunicaciones.com\/?p=1792","url":"https:\/\/waracomunicaciones.com\/?p=1792","name":"Presupuesto del Concejo Municipal de Montero sube a Bs 7,25 millones y genera cuestionamientos - Wara Comunicaciones","isPartOf":{"@id":"https:\/\/waracomunicaciones.com\/#website"},"primaryImageOfPage":{"@id":"https:\/\/waracomunicaciones.com\/?p=1792#primaryimage"},"image":{"@id":"https:\/\/waracomunicaciones.com\/?p=1792#primaryimage"},"thumbnailUrl":"https:\/\/waracomunicaciones.com\/wp-content\/uploads\/2026\/09\/Rafa-Perales-Miguel-Angel-y-Mario-1024x798.webp","datePublished":"2026-09-05T04:33:21+00:00","dateModified":"2026-09-05T04:33:23+00:00","breadcrumb":{"@id":"https:\/\/waracomunicaciones.com\/?p=1792#breadcrumb"},"inLanguage":"es","potentialAction":[{"@type":"ReadAction","target":["https:\/\/waracomunicaciones.com\/?p=1792"]}]},{"@type":"ImageObject","inLanguage":"es","@id":"https:\/\/waracomunicaciones.com\/?p=1792#primaryimage","url":"https:\/\/waracomunicaciones.com\/wp-content\/uploads\/2026\/09\/Rafa-Perales-Miguel-Angel-y-Mario.webp","contentUrl":"https:\/\/waracomunicaciones.com\/wp-content\/uploads\/2026\/09\/Rafa-Perales-Miguel-Angel-y-Mario.webp","width":1170,"height":912},{"@type":"BreadcrumbList","@id":"https:\/\/waracomunicaciones.com\/?p=1792#breadcrumb","itemListElement":[{"@type":"ListItem","position":1,"name":"Portada","item":"https:\/\/waracomunicaciones.com\/"},{"@type":"ListItem","position":2,"name":"Presupuesto del Concejo Municipal de Montero sube a Bs 7,25 millones y genera cuestionamientos"}]},{"@type":"WebSite","@id":"https:\/\/waracomunicaciones.com\/#website","url":"https:\/\/waracomunicaciones.com\/","name":"Wara Comunicaciones","description":"","publisher":{"@id":"https:\/\/waracomunicaciones.com\/#organization"},"potentialAction":[{"@type":"SearchAction","target":{"@type":"EntryPoint","urlTemplate":"https:\/\/waracomunicaciones.com\/?s={search_term_string}"},"query-input":{"@type":"PropertyValueSpecification","valueRequired":true,"valueName":"search_term_string"}}],"inLanguage":"es"},{"@type":"Organization","@id":"https:\/\/waracomunicaciones.com\/#organization","name":"Wara Comunicaciones","url":"https:\/\/waracomunicaciones.com\/","logo":{"@type":"ImageObject","inLanguage":"es","@id":"https:\/\/waracomunicaciones.com\/#\/schema\/logo\/image\/","url":"https:\/\/waracomunicaciones.com\/wp-content\/uploads\/2025\/07\/logo.png","contentUrl":"https:\/\/waracomunicaciones.com\/wp-content\/uploads\/2025\/07\/logo.png","width":400,"height":164,"caption":"Wara Comunicaciones"},"image":{"@id":"https:\/\/waracomunicaciones.com\/#\/schema\/logo\/image\/"},"sameAs":["https:\/\/www.facebook.com\/waracomunicaciones2017"]},{"@type":"Person","@id":"https:\/\/waracomunicaciones.com\/#\/schema\/person\/cbfc6e874b874c69982b6f254108e9f0","name":"Tom\u00e1s Coca","image":{"@type":"ImageObject","inLanguage":"es","@id":"https:\/\/waracomunicaciones.com\/#\/schema\/person\/image\/","url":"https:\/\/secure.gravatar.com\/avatar\/482131bd67ce2dac1261229602fd0c47826af81f4ac6608b066b29cac2a6e65d?s=96&d=mm&r=g","contentUrl":"https:\/\/secure.gravatar.com\/avatar\/482131bd67ce2dac1261229602fd0c47826af81f4ac6608b066b29cac2a6e65d?s=96&d=mm&r=g","caption":"Tom\u00e1s Coca"},"sameAs":["https:\/\/waracomunicaciones.com"],"url":"https:\/\/waracomunicaciones.com\/?author=2"}]}},"_links":{"self":[{"href":"https:\/\/waracomunicaciones.com\/index.php?rest_route=\/wp\/v2\/posts\/1792","targetHints":{"allow":["GET"]}}],"collection":[{"href":"https:\/\/waracomunicaciones.com\/index.php?rest_route=\/wp\/v2\/posts"}],"about":[{"href":"https:\/\/waracomunicaciones.com\/index.php?rest_route=\/wp\/v2\/types\/post"}],"author":[{"embeddable":true,"href":"https:\/\/waracomunicaciones.com\/index.php?rest_route=\/wp\/v2\/users\/2"}],"replies":[{"embeddable":true,"href":"https:\/\/waracomunicaciones.com\/index.php?rest_route=%2Fwp%2Fv2%2Fcomments&post=1792"}],"version-history":[{"count":1,"href":"https:\/\/waracomunicaciones.com\/index.php?rest_route=\/wp\/v2\/posts\/1792\/revisions"}],"predecessor-version":[{"id":1794,"href":"https:\/\/waracomunicaciones.com\/index.php?rest_route=\/wp\/v2\/posts\/1792\/revisions\/1794"}],"wp:attachment":[{"href":"https:\/\/waracomunicaciones.com\/index.php?rest_route=%2Fwp%2Fv2%2Fmedia&parent=1792"}],"wp:term":[{"taxonomy":"category","embeddable":true,"href":"https:\/\/waracomunicaciones.com\/index.php?rest_route=%2Fwp%2Fv2%2Fcategories&post=1792"},{"taxonomy":"post_tag","embeddable":true,"href":"https:\/\/waracomunicaciones.com\/index.php?rest_route=%2Fwp%2Fv2%2Ftags&post=1792"}],"curies":[{"name":"wp","href":"https:\/\/api.w.org\/{rel}","templated":true}]}}