{"id":1786,"date":"2026-09-02T09:01:50","date_gmt":"2026-09-02T13:01:50","guid":{"rendered":"https:\/\/waracomunicaciones.com\/?p=1786"},"modified":"2026-09-02T09:01:52","modified_gmt":"2026-09-02T13:01:52","slug":"concejal-adela-ortiz-cuestiona-retraso-del-desayuno-escolar-y-exige-informacion-sobre-recursos-del-alumbrado-publico","status":"publish","type":"post","link":"https:\/\/waracomunicaciones.com\/?p=1786","title":{"rendered":"Concejal Adela Ortiz cuestiona retraso del desayuno escolar y exige informaci\u00f3n sobre recursos del alumbrado p\u00fablico"},"content":{"rendered":"\n<figure class=\"wp-block-image size-full is-resized\"><img loading=\"lazy\" decoding=\"async\" width=\"609\" height=\"801\" src=\"https:\/\/waracomunicaciones.com\/wp-content\/uploads\/2026\/09\/Adela-Ortiz-2-sep-26-edited.webp\" alt=\"\" class=\"wp-image-1788\" style=\"aspect-ratio:0.6207975524110837;width:539px;height:auto\" srcset=\"https:\/\/waracomunicaciones.com\/wp-content\/uploads\/2026\/09\/Adela-Ortiz-2-sep-26-edited.webp 609w, https:\/\/waracomunicaciones.com\/wp-content\/uploads\/2026\/09\/Adela-Ortiz-2-sep-26-edited-228x300.webp 228w\" sizes=\"auto, (max-width: 609px) 100vw, 609px\" \/><\/figure>\n\n\n<p>La concejal municipal de Montero, Adela Ortiz, cuestion\u00f3 al Gobierno Municipal por el retraso en los procesos de contrataci\u00f3n del desayuno escolar y denunci\u00f3 dificultades para acceder a informaci\u00f3n necesaria para ejercer la fiscalizaci\u00f3n sobre el manejo de los recursos p\u00fablicos.<\/p>\n<p>Durante una entrevista con Wara Comunicaciones, Ortiz expres\u00f3 su preocupaci\u00f3n por la posibilidad de que ni\u00f1os, adolescentes y j\u00f3venes no reciban el desayuno escolar desde el primer d\u00eda de clases. Se\u00f1al\u00f3 que este beneficio representa un importante apoyo para las familias y record\u00f3 que la alimentaci\u00f3n complementaria escolar debe garantizarse durante los d\u00edas h\u00e1biles del calendario educativo.<\/p>\n<p>La concejal atribuy\u00f3 la responsabilidad directamente al alcalde municipal, al considerar que la m\u00e1xima autoridad ejecutiva debe garantizar los procesos de licitaci\u00f3n y contrataci\u00f3n del servicio.<\/p>\n<p>Ortiz tambi\u00e9n afirm\u00f3 que los concejales solicitaron reiteradamente informes al Ejecutivo municipal, pero que hasta el momento no habr\u00edan recibido respuestas. \u00abNos cansamos de mandar cartas y nunca llega la respuesta\u00bb, sostuvo, al remarcar que la informaci\u00f3n es indispensable para cumplir con las labores de fiscalizaci\u00f3n.<\/p>\n<p>Otro de los temas abordados fue el alumbrado p\u00fablico. La autoridad anunci\u00f3 que solicitar\u00e1 una reuni\u00f3n con representantes de la Cooperativa Rural de Electrificaci\u00f3n (CRE) para conocer cu\u00e1nto se recauda por este concepto, cu\u00e1nto se paga por el consumo de energ\u00eda el\u00e9ctrica y qu\u00e9 monto queda como remanente para el municipio.<\/p>\n<p>La concejal cuestion\u00f3 adem\u00e1s las deficiencias del alumbrado en el parque agroindustrial, donde, seg\u00fan relat\u00f3, durante un recorrido de cuatro cuadras se observaron solamente tres luminarias funcionando, pese a que los usuarios pagan por este servicio.<\/p>\n<p>Asimismo, surgieron interrogantes sobre los recursos destinados a la compra de luminarias, debido a que en el POA se habr\u00eda priorizado m\u00e1s de 1,9 millones de bolivianos para este prop\u00f3sito.<\/p>\n<p>Ortiz sostuvo que continuar\u00e1 con las acciones de fiscalizaci\u00f3n y exigir\u00e1 informaci\u00f3n para determinar el manejo y destino de los recursos provenientes del alumbrado p\u00fablico.<\/p><div style=\"margin-top: 0px; margin-bottom: 0px;\" class=\"sharethis-inline-reaction-buttons\" ><\/div>","protected":false},"excerpt":{"rendered":"<p>La concejal municipal de Montero, Adela Ortiz, cuestion\u00f3 al Gobierno Municipal por el retraso en los procesos de contrataci\u00f3n del desayuno escolar y denunci\u00f3 dificultades para acceder a informaci\u00f3n necesaria para ejercer la fiscalizaci\u00f3n sobre el manejo de los recursos p\u00fablicos. Durante una entrevista con Wara Comunicaciones, Ortiz expres\u00f3 su preocupaci\u00f3n por la posibilidad de [&hellip;]<\/p>\n","protected":false},"author":2,"featured_media":0,"comment_status":"open","ping_status":"open","sticky":false,"template":"","format":"standard","meta":{"footnotes":""},"categories":[44,5],"tags":[335,336,334],"class_list":["post-1786","post","type-post","status-publish","format-standard","hentry","category-educacion","category-local","tag-alumbrado-publico-montero","tag-desayuno-escolar-montero","tag-fiscalizacion"],"yoast_head":"<!-- This site is optimized with the Yoast SEO Premium plugin v25.5 (Yoast SEO v27.1.1) - https:\/\/yoast.com\/product\/yoast-seo-premium-wordpress\/ -->\n<title>Concejal Adela Ortiz cuestiona retraso del desayuno escolar y exige informaci\u00f3n sobre recursos del alumbrado p\u00fablico - Wara Comunicaciones<\/title>\n<meta name=\"robots\" content=\"index, follow, max-snippet:-1, max-image-preview:large, max-video-preview:-1\" \/>\n<link rel=\"canonical\" href=\"https:\/\/waracomunicaciones.com\/?p=1786\" \/>\n<meta property=\"og:locale\" content=\"es_ES\" \/>\n<meta property=\"og:type\" content=\"article\" \/>\n<meta property=\"og:title\" content=\"Concejal Adela Ortiz cuestiona retraso del desayuno escolar y exige informaci\u00f3n sobre recursos del alumbrado p\u00fablico\" \/>\n<meta property=\"og:description\" content=\"La concejal municipal de Montero, Adela Ortiz, cuestion\u00f3 al Gobierno Municipal por el retraso en los procesos de contrataci\u00f3n del desayuno escolar y denunci\u00f3 dificultades para acceder a informaci\u00f3n necesaria para ejercer la fiscalizaci\u00f3n sobre el manejo de los recursos p\u00fablicos. Durante una entrevista con Wara Comunicaciones, Ortiz expres\u00f3 su preocupaci\u00f3n por la posibilidad de [&hellip;]\" \/>\n<meta property=\"og:url\" content=\"https:\/\/waracomunicaciones.com\/?p=1786\" \/>\n<meta property=\"og:site_name\" content=\"Wara Comunicaciones\" \/>\n<meta property=\"article:publisher\" content=\"https:\/\/www.facebook.com\/waracomunicaciones2017\" \/>\n<meta property=\"article:published_time\" content=\"2026-09-02T13:01:50+00:00\" \/>\n<meta property=\"article:modified_time\" content=\"2026-09-02T13:01:52+00:00\" \/>\n<meta property=\"og:image\" content=\"https:\/\/waracomunicaciones.com\/wp-content\/uploads\/2026\/09\/Adela-Ortiz-2-sep-26-edited.webp\" \/>\n\t<meta property=\"og:image:width\" content=\"609\" \/>\n\t<meta property=\"og:image:height\" content=\"801\" \/>\n\t<meta property=\"og:image:type\" content=\"image\/webp\" \/>\n<meta name=\"author\" content=\"Tom\u00e1s Coca\" \/>\n<meta name=\"twitter:card\" content=\"summary_large_image\" \/>\n<meta name=\"twitter:label1\" content=\"Escrito por\" \/>\n\t<meta name=\"twitter:data1\" content=\"Tom\u00e1s Coca\" \/>\n\t<meta name=\"twitter:label2\" content=\"Tiempo de lectura\" \/>\n\t<meta name=\"twitter:data2\" content=\"2 minutos\" \/>\n<script type=\"application\/ld+json\" class=\"yoast-schema-graph\">{\"@context\":\"https:\/\/schema.org\",\"@graph\":[{\"@type\":\"Article\",\"@id\":\"https:\/\/waracomunicaciones.com\/?p=1786#article\",\"isPartOf\":{\"@id\":\"https:\/\/waracomunicaciones.com\/?p=1786\"},\"author\":{\"name\":\"Tom\u00e1s Coca\",\"@id\":\"https:\/\/waracomunicaciones.com\/#\/schema\/person\/cbfc6e874b874c69982b6f254108e9f0\"},\"headline\":\"Concejal Adela Ortiz cuestiona retraso del desayuno escolar y exige informaci\u00f3n sobre recursos del alumbrado p\u00fablico\",\"datePublished\":\"2026-09-02T13:01:50+00:00\",\"dateModified\":\"2026-09-02T13:01:52+00:00\",\"mainEntityOfPage\":{\"@id\":\"https:\/\/waracomunicaciones.com\/?p=1786\"},\"wordCount\":363,\"commentCount\":0,\"publisher\":{\"@id\":\"https:\/\/waracomunicaciones.com\/#organization\"},\"image\":{\"@id\":\"https:\/\/waracomunicaciones.com\/?p=1786#primaryimage\"},\"thumbnailUrl\":\"https:\/\/waracomunicaciones.com\/wp-content\/uploads\/2026\/09\/Adela-Ortiz-2-sep-26-edited.webp\",\"keywords\":[\"Alumbrado Publico Montero\",\"Desayuno Escolar Montero\",\"Fiscalizacion\"],\"articleSection\":[\"Educaci\u00f3n\",\"LOCAL\"],\"inLanguage\":\"es\",\"potentialAction\":[{\"@type\":\"CommentAction\",\"name\":\"Comment\",\"target\":[\"https:\/\/waracomunicaciones.com\/?p=1786#respond\"]}]},{\"@type\":\"WebPage\",\"@id\":\"https:\/\/waracomunicaciones.com\/?p=1786\",\"url\":\"https:\/\/waracomunicaciones.com\/?p=1786\",\"name\":\"Concejal Adela Ortiz cuestiona retraso del desayuno escolar y exige informaci\u00f3n sobre recursos del alumbrado p\u00fablico - Wara Comunicaciones\",\"isPartOf\":{\"@id\":\"https:\/\/waracomunicaciones.com\/#website\"},\"primaryImageOfPage\":{\"@id\":\"https:\/\/waracomunicaciones.com\/?p=1786#primaryimage\"},\"image\":{\"@id\":\"https:\/\/waracomunicaciones.com\/?p=1786#primaryimage\"},\"thumbnailUrl\":\"https:\/\/waracomunicaciones.com\/wp-content\/uploads\/2026\/09\/Adela-Ortiz-2-sep-26-edited.webp\",\"datePublished\":\"2026-09-02T13:01:50+00:00\",\"dateModified\":\"2026-09-02T13:01:52+00:00\",\"breadcrumb\":{\"@id\":\"https:\/\/waracomunicaciones.com\/?p=1786#breadcrumb\"},\"inLanguage\":\"es\",\"potentialAction\":[{\"@type\":\"ReadAction\",\"target\":[\"https:\/\/waracomunicaciones.com\/?p=1786\"]}]},{\"@type\":\"ImageObject\",\"inLanguage\":\"es\",\"@id\":\"https:\/\/waracomunicaciones.com\/?p=1786#primaryimage\",\"url\":\"https:\/\/waracomunicaciones.com\/wp-content\/uploads\/2026\/09\/Adela-Ortiz-2-sep-26-edited.webp\",\"contentUrl\":\"https:\/\/waracomunicaciones.com\/wp-content\/uploads\/2026\/09\/Adela-Ortiz-2-sep-26-edited.webp\",\"width\":609,\"height\":801},{\"@type\":\"BreadcrumbList\",\"@id\":\"https:\/\/waracomunicaciones.com\/?p=1786#breadcrumb\",\"itemListElement\":[{\"@type\":\"ListItem\",\"position\":1,\"name\":\"Portada\",\"item\":\"https:\/\/waracomunicaciones.com\/\"},{\"@type\":\"ListItem\",\"position\":2,\"name\":\"Concejal Adela Ortiz cuestiona retraso del desayuno escolar y exige informaci\u00f3n sobre recursos del alumbrado p\u00fablico\"}]},{\"@type\":\"WebSite\",\"@id\":\"https:\/\/waracomunicaciones.com\/#website\",\"url\":\"https:\/\/waracomunicaciones.com\/\",\"name\":\"Wara Comunicaciones\",\"description\":\"\",\"publisher\":{\"@id\":\"https:\/\/waracomunicaciones.com\/#organization\"},\"potentialAction\":[{\"@type\":\"SearchAction\",\"target\":{\"@type\":\"EntryPoint\",\"urlTemplate\":\"https:\/\/waracomunicaciones.com\/?s={search_term_string}\"},\"query-input\":{\"@type\":\"PropertyValueSpecification\",\"valueRequired\":true,\"valueName\":\"search_term_string\"}}],\"inLanguage\":\"es\"},{\"@type\":\"Organization\",\"@id\":\"https:\/\/waracomunicaciones.com\/#organization\",\"name\":\"Wara Comunicaciones\",\"url\":\"https:\/\/waracomunicaciones.com\/\",\"logo\":{\"@type\":\"ImageObject\",\"inLanguage\":\"es\",\"@id\":\"https:\/\/waracomunicaciones.com\/#\/schema\/logo\/image\/\",\"url\":\"https:\/\/waracomunicaciones.com\/wp-content\/uploads\/2025\/07\/logo.png\",\"contentUrl\":\"https:\/\/waracomunicaciones.com\/wp-content\/uploads\/2025\/07\/logo.png\",\"width\":400,\"height\":164,\"caption\":\"Wara Comunicaciones\"},\"image\":{\"@id\":\"https:\/\/waracomunicaciones.com\/#\/schema\/logo\/image\/\"},\"sameAs\":[\"https:\/\/www.facebook.com\/waracomunicaciones2017\"]},{\"@type\":\"Person\",\"@id\":\"https:\/\/waracomunicaciones.com\/#\/schema\/person\/cbfc6e874b874c69982b6f254108e9f0\",\"name\":\"Tom\u00e1s Coca\",\"image\":{\"@type\":\"ImageObject\",\"inLanguage\":\"es\",\"@id\":\"https:\/\/waracomunicaciones.com\/#\/schema\/person\/image\/\",\"url\":\"https:\/\/secure.gravatar.com\/avatar\/482131bd67ce2dac1261229602fd0c47826af81f4ac6608b066b29cac2a6e65d?s=96&d=mm&r=g\",\"contentUrl\":\"https:\/\/secure.gravatar.com\/avatar\/482131bd67ce2dac1261229602fd0c47826af81f4ac6608b066b29cac2a6e65d?s=96&d=mm&r=g\",\"caption\":\"Tom\u00e1s Coca\"},\"sameAs\":[\"https:\/\/waracomunicaciones.com\"],\"url\":\"https:\/\/waracomunicaciones.com\/?author=2\"}]}<\/script>\n<!-- \/ Yoast SEO Premium plugin. -->","yoast_head_json":{"title":"Concejal Adela Ortiz cuestiona retraso del desayuno escolar y exige informaci\u00f3n sobre recursos del alumbrado p\u00fablico - Wara Comunicaciones","robots":{"index":"index","follow":"follow","max-snippet":"max-snippet:-1","max-image-preview":"max-image-preview:large","max-video-preview":"max-video-preview:-1"},"canonical":"https:\/\/waracomunicaciones.com\/?p=1786","og_locale":"es_ES","og_type":"article","og_title":"Concejal Adela Ortiz cuestiona retraso del desayuno escolar y exige informaci\u00f3n sobre recursos del alumbrado p\u00fablico","og_description":"La concejal municipal de Montero, Adela Ortiz, cuestion\u00f3 al Gobierno Municipal por el retraso en los procesos de contrataci\u00f3n del desayuno escolar y denunci\u00f3 dificultades para acceder a informaci\u00f3n necesaria para ejercer la fiscalizaci\u00f3n sobre el manejo de los recursos p\u00fablicos. Durante una entrevista con Wara Comunicaciones, Ortiz expres\u00f3 su preocupaci\u00f3n por la posibilidad de [&hellip;]","og_url":"https:\/\/waracomunicaciones.com\/?p=1786","og_site_name":"Wara Comunicaciones","article_publisher":"https:\/\/www.facebook.com\/waracomunicaciones2017","article_published_time":"2026-09-02T13:01:50+00:00","article_modified_time":"2026-09-02T13:01:52+00:00","og_image":[{"width":609,"height":801,"url":"https:\/\/waracomunicaciones.com\/wp-content\/uploads\/2026\/09\/Adela-Ortiz-2-sep-26-edited.webp","type":"image\/webp"}],"author":"Tom\u00e1s Coca","twitter_card":"summary_large_image","twitter_misc":{"Escrito por":"Tom\u00e1s Coca","Tiempo de lectura":"2 minutos"},"schema":{"@context":"https:\/\/schema.org","@graph":[{"@type":"Article","@id":"https:\/\/waracomunicaciones.com\/?p=1786#article","isPartOf":{"@id":"https:\/\/waracomunicaciones.com\/?p=1786"},"author":{"name":"Tom\u00e1s Coca","@id":"https:\/\/waracomunicaciones.com\/#\/schema\/person\/cbfc6e874b874c69982b6f254108e9f0"},"headline":"Concejal Adela Ortiz cuestiona retraso del desayuno escolar y exige informaci\u00f3n sobre recursos del alumbrado p\u00fablico","datePublished":"2026-09-02T13:01:50+00:00","dateModified":"2026-09-02T13:01:52+00:00","mainEntityOfPage":{"@id":"https:\/\/waracomunicaciones.com\/?p=1786"},"wordCount":363,"commentCount":0,"publisher":{"@id":"https:\/\/waracomunicaciones.com\/#organization"},"image":{"@id":"https:\/\/waracomunicaciones.com\/?p=1786#primaryimage"},"thumbnailUrl":"https:\/\/waracomunicaciones.com\/wp-content\/uploads\/2026\/09\/Adela-Ortiz-2-sep-26-edited.webp","keywords":["Alumbrado Publico Montero","Desayuno Escolar Montero","Fiscalizacion"],"articleSection":["Educaci\u00f3n","LOCAL"],"inLanguage":"es","potentialAction":[{"@type":"CommentAction","name":"Comment","target":["https:\/\/waracomunicaciones.com\/?p=1786#respond"]}]},{"@type":"WebPage","@id":"https:\/\/waracomunicaciones.com\/?p=1786","url":"https:\/\/waracomunicaciones.com\/?p=1786","name":"Concejal Adela Ortiz cuestiona retraso del desayuno escolar y exige informaci\u00f3n sobre recursos del alumbrado p\u00fablico - Wara Comunicaciones","isPartOf":{"@id":"https:\/\/waracomunicaciones.com\/#website"},"primaryImageOfPage":{"@id":"https:\/\/waracomunicaciones.com\/?p=1786#primaryimage"},"image":{"@id":"https:\/\/waracomunicaciones.com\/?p=1786#primaryimage"},"thumbnailUrl":"https:\/\/waracomunicaciones.com\/wp-content\/uploads\/2026\/09\/Adela-Ortiz-2-sep-26-edited.webp","datePublished":"2026-09-02T13:01:50+00:00","dateModified":"2026-09-02T13:01:52+00:00","breadcrumb":{"@id":"https:\/\/waracomunicaciones.com\/?p=1786#breadcrumb"},"inLanguage":"es","potentialAction":[{"@type":"ReadAction","target":["https:\/\/waracomunicaciones.com\/?p=1786"]}]},{"@type":"ImageObject","inLanguage":"es","@id":"https:\/\/waracomunicaciones.com\/?p=1786#primaryimage","url":"https:\/\/waracomunicaciones.com\/wp-content\/uploads\/2026\/09\/Adela-Ortiz-2-sep-26-edited.webp","contentUrl":"https:\/\/waracomunicaciones.com\/wp-content\/uploads\/2026\/09\/Adela-Ortiz-2-sep-26-edited.webp","width":609,"height":801},{"@type":"BreadcrumbList","@id":"https:\/\/waracomunicaciones.com\/?p=1786#breadcrumb","itemListElement":[{"@type":"ListItem","position":1,"name":"Portada","item":"https:\/\/waracomunicaciones.com\/"},{"@type":"ListItem","position":2,"name":"Concejal Adela Ortiz cuestiona retraso del desayuno escolar y exige informaci\u00f3n sobre recursos del alumbrado p\u00fablico"}]},{"@type":"WebSite","@id":"https:\/\/waracomunicaciones.com\/#website","url":"https:\/\/waracomunicaciones.com\/","name":"Wara Comunicaciones","description":"","publisher":{"@id":"https:\/\/waracomunicaciones.com\/#organization"},"potentialAction":[{"@type":"SearchAction","target":{"@type":"EntryPoint","urlTemplate":"https:\/\/waracomunicaciones.com\/?s={search_term_string}"},"query-input":{"@type":"PropertyValueSpecification","valueRequired":true,"valueName":"search_term_string"}}],"inLanguage":"es"},{"@type":"Organization","@id":"https:\/\/waracomunicaciones.com\/#organization","name":"Wara Comunicaciones","url":"https:\/\/waracomunicaciones.com\/","logo":{"@type":"ImageObject","inLanguage":"es","@id":"https:\/\/waracomunicaciones.com\/#\/schema\/logo\/image\/","url":"https:\/\/waracomunicaciones.com\/wp-content\/uploads\/2025\/07\/logo.png","contentUrl":"https:\/\/waracomunicaciones.com\/wp-content\/uploads\/2025\/07\/logo.png","width":400,"height":164,"caption":"Wara Comunicaciones"},"image":{"@id":"https:\/\/waracomunicaciones.com\/#\/schema\/logo\/image\/"},"sameAs":["https:\/\/www.facebook.com\/waracomunicaciones2017"]},{"@type":"Person","@id":"https:\/\/waracomunicaciones.com\/#\/schema\/person\/cbfc6e874b874c69982b6f254108e9f0","name":"Tom\u00e1s Coca","image":{"@type":"ImageObject","inLanguage":"es","@id":"https:\/\/waracomunicaciones.com\/#\/schema\/person\/image\/","url":"https:\/\/secure.gravatar.com\/avatar\/482131bd67ce2dac1261229602fd0c47826af81f4ac6608b066b29cac2a6e65d?s=96&d=mm&r=g","contentUrl":"https:\/\/secure.gravatar.com\/avatar\/482131bd67ce2dac1261229602fd0c47826af81f4ac6608b066b29cac2a6e65d?s=96&d=mm&r=g","caption":"Tom\u00e1s Coca"},"sameAs":["https:\/\/waracomunicaciones.com"],"url":"https:\/\/waracomunicaciones.com\/?author=2"}]}},"_links":{"self":[{"href":"https:\/\/waracomunicaciones.com\/index.php?rest_route=\/wp\/v2\/posts\/1786","targetHints":{"allow":["GET"]}}],"collection":[{"href":"https:\/\/waracomunicaciones.com\/index.php?rest_route=\/wp\/v2\/posts"}],"about":[{"href":"https:\/\/waracomunicaciones.com\/index.php?rest_route=\/wp\/v2\/types\/post"}],"author":[{"embeddable":true,"href":"https:\/\/waracomunicaciones.com\/index.php?rest_route=\/wp\/v2\/users\/2"}],"replies":[{"embeddable":true,"href":"https:\/\/waracomunicaciones.com\/index.php?rest_route=%2Fwp%2Fv2%2Fcomments&post=1786"}],"version-history":[{"count":1,"href":"https:\/\/waracomunicaciones.com\/index.php?rest_route=\/wp\/v2\/posts\/1786\/revisions"}],"predecessor-version":[{"id":1789,"href":"https:\/\/waracomunicaciones.com\/index.php?rest_route=\/wp\/v2\/posts\/1786\/revisions\/1789"}],"wp:attachment":[{"href":"https:\/\/waracomunicaciones.com\/index.php?rest_route=%2Fwp%2Fv2%2Fmedia&parent=1786"}],"wp:term":[{"taxonomy":"category","embeddable":true,"href":"https:\/\/waracomunicaciones.com\/index.php?rest_route=%2Fwp%2Fv2%2Fcategories&post=1786"},{"taxonomy":"post_tag","embeddable":true,"href":"https:\/\/waracomunicaciones.com\/index.php?rest_route=%2Fwp%2Fv2%2Ftags&post=1786"}],"curies":[{"name":"wp","href":"https:\/\/api.w.org\/{rel}","templated":true}]}}