{"id":1780,"date":"2026-08-29T09:37:30","date_gmt":"2026-08-29T13:37:30","guid":{"rendered":"https:\/\/waracomunicaciones.com\/?p=1780"},"modified":"2026-08-29T09:37:32","modified_gmt":"2026-08-29T13:37:32","slug":"hurtado-cuestiona-el-manejo-del-presupuesto-municipal-y-pide-fortalecer-el-control-social-en-montero","status":"publish","type":"post","link":"https:\/\/waracomunicaciones.com\/?p=1780","title":{"rendered":"Hurtado cuestiona el manejo del presupuesto municipal y pide fortalecer el control social en Montero"},"content":{"rendered":"\n<figure class=\"wp-block-image size-large\"><img loading=\"lazy\" decoding=\"async\" width=\"1024\" height=\"576\" src=\"https:\/\/waracomunicaciones.com\/wp-content\/uploads\/2026\/08\/Jichi-Alcalde-1024x576.webp\" alt=\"\" class=\"wp-image-1781\" srcset=\"https:\/\/waracomunicaciones.com\/wp-content\/uploads\/2026\/08\/Jichi-Alcalde-1024x576.webp 1024w, https:\/\/waracomunicaciones.com\/wp-content\/uploads\/2026\/08\/Jichi-Alcalde-300x169.webp 300w, https:\/\/waracomunicaciones.com\/wp-content\/uploads\/2026\/08\/Jichi-Alcalde-768x432.webp 768w, https:\/\/waracomunicaciones.com\/wp-content\/uploads\/2026\/08\/Jichi-Alcalde-1536x864.webp 1536w, https:\/\/waracomunicaciones.com\/wp-content\/uploads\/2026\/08\/Jichi-Alcalde.webp 1920w\" sizes=\"auto, (max-width: 1024px) 100vw, 1024px\" \/><\/figure>\n\n\n\n<p class=\"wp-block-paragraph\">Miguel Angel Hurtado (foto de archivo)<\/p>\n\n\n<p>El exalcalde y exconcejal de Montero, Miguel \u00c1ngel Hurtado, cuestion\u00f3 la forma en que se viene manejando la planificaci\u00f3n municipal y sostuvo que existe la necesidad de mejorar la transparencia, la participaci\u00f3n ciudadana y la capacidad de fiscalizaci\u00f3n sobre los recursos p\u00fablicos.<!--more--><\/p>\n<p>Durante una entrevista, Hurtado explic\u00f3 que los recursos provenientes de la coparticipaci\u00f3n tributaria son considerados dentro de la estructura municipal como recursos de libre disponibilidad, aunque no constituyen ingresos generados directamente por el municipio. En ese contexto, se\u00f1al\u00f3 que las transferencias del nivel central habr\u00edan pasado de aproximadamente 90 millones de bolivianos a 126 millones, pero consider\u00f3 que ese incremento no se refleja necesariamente en una mejora proporcional de las obras y servicios.<\/p>\n<p>Tambi\u00e9n observ\u00f3 que el presupuesto destinado al desayuno escolar se habr\u00eda mantenido alrededor de los 11 millones de bolivianos, pese al crecimiento de la poblaci\u00f3n estudiantil. A su criterio, la alimentaci\u00f3n de los estudiantes deber\u00eda recibir mayor prioridad dentro de la planificaci\u00f3n municipal.<\/p>\n<p>Respecto a las cumbres distritales para la elaboraci\u00f3n del POA, destac\u00f3 que de los 11,4 millones de bolivianos priorizados para obras barriales, la mayor asignaci\u00f3n, de 3,05 millones, corresponde al mejoramiento de calles con ripio, mientras que el Distrito 4 destin\u00f3 1,029 millones como contraparte para pavimentaci\u00f3n.<\/p>\n<p>Hurtado tambi\u00e9n cuestion\u00f3 el manejo de los recursos recaudados por alumbrado p\u00fablico. Estim\u00f3 una recaudaci\u00f3n cercana a los 6 millones de bolivianos y plante\u00f3 que estos fondos deber\u00edan administrarse mediante una cuenta espec\u00edfica que permita conocer con claridad cu\u00e1nto se recauda y cu\u00e1nto se destina al pago de energ\u00eda, luminarias y reposiciones.<\/p>\n<p>Finalmente, consider\u00f3 necesario reformular el sistema de control social y capacitar a los dirigentes vecinales para que puedan interpretar presupuestos, evaluar cuentas municipales y defender con mayor solvencia los intereses de la poblaci\u00f3n. Afirm\u00f3 que la participaci\u00f3n ciudadana debe incorporar tambi\u00e9n a sectores organizados de salud, educaci\u00f3n y transporte.<\/p><div style=\"margin-top: 0px; margin-bottom: 0px;\" class=\"sharethis-inline-reaction-buttons\" ><\/div>","protected":false},"excerpt":{"rendered":"<p>Miguel Angel Hurtado (foto de archivo) El exalcalde y exconcejal de Montero, Miguel \u00c1ngel Hurtado, cuestion\u00f3 la forma en que se viene manejando la planificaci\u00f3n municipal y sostuvo que existe la necesidad de mejorar la transparencia, la participaci\u00f3n ciudadana y la capacidad de fiscalizaci\u00f3n sobre los recursos p\u00fablicos.<\/p>\n","protected":false},"author":2,"featured_media":0,"comment_status":"open","ping_status":"open","sticky":false,"template":"","format":"standard","meta":{"footnotes":""},"categories":[5,42],"tags":[333,332],"class_list":["post-1780","post","type-post","status-publish","format-standard","hentry","category-local","category-politica","tag-ex-alcalde-miguel-angel-hurtado","tag-poa-montero"],"yoast_head":"<!-- This site is optimized with the Yoast SEO Premium plugin v25.5 (Yoast SEO v27.1.1) - https:\/\/yoast.com\/product\/yoast-seo-premium-wordpress\/ -->\n<title>Hurtado cuestiona el manejo del presupuesto municipal y pide fortalecer el control social en Montero - Wara Comunicaciones<\/title>\n<meta name=\"robots\" content=\"index, follow, max-snippet:-1, max-image-preview:large, max-video-preview:-1\" \/>\n<link rel=\"canonical\" href=\"https:\/\/waracomunicaciones.com\/?p=1780\" \/>\n<meta property=\"og:locale\" content=\"es_ES\" \/>\n<meta property=\"og:type\" content=\"article\" \/>\n<meta property=\"og:title\" content=\"Hurtado cuestiona el manejo del presupuesto municipal y pide fortalecer el control social en Montero\" \/>\n<meta property=\"og:description\" content=\"Miguel Angel Hurtado (foto de archivo) El exalcalde y exconcejal de Montero, Miguel \u00c1ngel Hurtado, cuestion\u00f3 la forma en que se viene manejando la planificaci\u00f3n municipal y sostuvo que existe la necesidad de mejorar la transparencia, la participaci\u00f3n ciudadana y la capacidad de fiscalizaci\u00f3n sobre los recursos p\u00fablicos.\" \/>\n<meta property=\"og:url\" content=\"https:\/\/waracomunicaciones.com\/?p=1780\" \/>\n<meta property=\"og:site_name\" content=\"Wara Comunicaciones\" \/>\n<meta property=\"article:publisher\" content=\"https:\/\/www.facebook.com\/waracomunicaciones2017\" \/>\n<meta property=\"article:published_time\" content=\"2026-08-29T13:37:30+00:00\" \/>\n<meta property=\"article:modified_time\" content=\"2026-08-29T13:37:32+00:00\" \/>\n<meta property=\"og:image\" content=\"https:\/\/waracomunicaciones.com\/wp-content\/uploads\/2026\/08\/Jichi-Alcalde.webp\" \/>\n\t<meta property=\"og:image:width\" content=\"1920\" \/>\n\t<meta property=\"og:image:height\" content=\"1080\" \/>\n\t<meta property=\"og:image:type\" content=\"image\/webp\" \/>\n<meta name=\"author\" content=\"Tom\u00e1s Coca\" \/>\n<meta name=\"twitter:card\" content=\"summary_large_image\" \/>\n<meta name=\"twitter:label1\" content=\"Escrito por\" \/>\n\t<meta name=\"twitter:data1\" content=\"Tom\u00e1s Coca\" \/>\n\t<meta name=\"twitter:label2\" content=\"Tiempo de lectura\" \/>\n\t<meta name=\"twitter:data2\" content=\"2 minutos\" \/>\n<script type=\"application\/ld+json\" class=\"yoast-schema-graph\">{\"@context\":\"https:\/\/schema.org\",\"@graph\":[{\"@type\":\"Article\",\"@id\":\"https:\/\/waracomunicaciones.com\/?p=1780#article\",\"isPartOf\":{\"@id\":\"https:\/\/waracomunicaciones.com\/?p=1780\"},\"author\":{\"name\":\"Tom\u00e1s Coca\",\"@id\":\"https:\/\/waracomunicaciones.com\/#\/schema\/person\/cbfc6e874b874c69982b6f254108e9f0\"},\"headline\":\"Hurtado cuestiona el manejo del presupuesto municipal y pide fortalecer el control social en Montero\",\"datePublished\":\"2026-08-29T13:37:30+00:00\",\"dateModified\":\"2026-08-29T13:37:32+00:00\",\"mainEntityOfPage\":{\"@id\":\"https:\/\/waracomunicaciones.com\/?p=1780\"},\"wordCount\":347,\"commentCount\":0,\"publisher\":{\"@id\":\"https:\/\/waracomunicaciones.com\/#organization\"},\"image\":{\"@id\":\"https:\/\/waracomunicaciones.com\/?p=1780#primaryimage\"},\"thumbnailUrl\":\"https:\/\/waracomunicaciones.com\/wp-content\/uploads\/2026\/08\/Jichi-Alcalde-1024x576.webp\",\"keywords\":[\"Ex Alcalde Miguel Angel Hurtado\",\"POA Montero\"],\"articleSection\":[\"LOCAL\",\"Pol\u00edtica\"],\"inLanguage\":\"es\",\"potentialAction\":[{\"@type\":\"CommentAction\",\"name\":\"Comment\",\"target\":[\"https:\/\/waracomunicaciones.com\/?p=1780#respond\"]}]},{\"@type\":\"WebPage\",\"@id\":\"https:\/\/waracomunicaciones.com\/?p=1780\",\"url\":\"https:\/\/waracomunicaciones.com\/?p=1780\",\"name\":\"Hurtado cuestiona el manejo del presupuesto municipal y pide fortalecer el control social en Montero - Wara Comunicaciones\",\"isPartOf\":{\"@id\":\"https:\/\/waracomunicaciones.com\/#website\"},\"primaryImageOfPage\":{\"@id\":\"https:\/\/waracomunicaciones.com\/?p=1780#primaryimage\"},\"image\":{\"@id\":\"https:\/\/waracomunicaciones.com\/?p=1780#primaryimage\"},\"thumbnailUrl\":\"https:\/\/waracomunicaciones.com\/wp-content\/uploads\/2026\/08\/Jichi-Alcalde-1024x576.webp\",\"datePublished\":\"2026-08-29T13:37:30+00:00\",\"dateModified\":\"2026-08-29T13:37:32+00:00\",\"breadcrumb\":{\"@id\":\"https:\/\/waracomunicaciones.com\/?p=1780#breadcrumb\"},\"inLanguage\":\"es\",\"potentialAction\":[{\"@type\":\"ReadAction\",\"target\":[\"https:\/\/waracomunicaciones.com\/?p=1780\"]}]},{\"@type\":\"ImageObject\",\"inLanguage\":\"es\",\"@id\":\"https:\/\/waracomunicaciones.com\/?p=1780#primaryimage\",\"url\":\"https:\/\/waracomunicaciones.com\/wp-content\/uploads\/2026\/08\/Jichi-Alcalde.webp\",\"contentUrl\":\"https:\/\/waracomunicaciones.com\/wp-content\/uploads\/2026\/08\/Jichi-Alcalde.webp\",\"width\":1920,\"height\":1080},{\"@type\":\"BreadcrumbList\",\"@id\":\"https:\/\/waracomunicaciones.com\/?p=1780#breadcrumb\",\"itemListElement\":[{\"@type\":\"ListItem\",\"position\":1,\"name\":\"Portada\",\"item\":\"https:\/\/waracomunicaciones.com\/\"},{\"@type\":\"ListItem\",\"position\":2,\"name\":\"Hurtado cuestiona el manejo del presupuesto municipal y pide fortalecer el control social en Montero\"}]},{\"@type\":\"WebSite\",\"@id\":\"https:\/\/waracomunicaciones.com\/#website\",\"url\":\"https:\/\/waracomunicaciones.com\/\",\"name\":\"Wara Comunicaciones\",\"description\":\"\",\"publisher\":{\"@id\":\"https:\/\/waracomunicaciones.com\/#organization\"},\"potentialAction\":[{\"@type\":\"SearchAction\",\"target\":{\"@type\":\"EntryPoint\",\"urlTemplate\":\"https:\/\/waracomunicaciones.com\/?s={search_term_string}\"},\"query-input\":{\"@type\":\"PropertyValueSpecification\",\"valueRequired\":true,\"valueName\":\"search_term_string\"}}],\"inLanguage\":\"es\"},{\"@type\":\"Organization\",\"@id\":\"https:\/\/waracomunicaciones.com\/#organization\",\"name\":\"Wara Comunicaciones\",\"url\":\"https:\/\/waracomunicaciones.com\/\",\"logo\":{\"@type\":\"ImageObject\",\"inLanguage\":\"es\",\"@id\":\"https:\/\/waracomunicaciones.com\/#\/schema\/logo\/image\/\",\"url\":\"https:\/\/waracomunicaciones.com\/wp-content\/uploads\/2025\/07\/logo.png\",\"contentUrl\":\"https:\/\/waracomunicaciones.com\/wp-content\/uploads\/2025\/07\/logo.png\",\"width\":400,\"height\":164,\"caption\":\"Wara Comunicaciones\"},\"image\":{\"@id\":\"https:\/\/waracomunicaciones.com\/#\/schema\/logo\/image\/\"},\"sameAs\":[\"https:\/\/www.facebook.com\/waracomunicaciones2017\"]},{\"@type\":\"Person\",\"@id\":\"https:\/\/waracomunicaciones.com\/#\/schema\/person\/cbfc6e874b874c69982b6f254108e9f0\",\"name\":\"Tom\u00e1s Coca\",\"image\":{\"@type\":\"ImageObject\",\"inLanguage\":\"es\",\"@id\":\"https:\/\/waracomunicaciones.com\/#\/schema\/person\/image\/\",\"url\":\"https:\/\/secure.gravatar.com\/avatar\/482131bd67ce2dac1261229602fd0c47826af81f4ac6608b066b29cac2a6e65d?s=96&d=mm&r=g\",\"contentUrl\":\"https:\/\/secure.gravatar.com\/avatar\/482131bd67ce2dac1261229602fd0c47826af81f4ac6608b066b29cac2a6e65d?s=96&d=mm&r=g\",\"caption\":\"Tom\u00e1s Coca\"},\"sameAs\":[\"https:\/\/waracomunicaciones.com\"],\"url\":\"https:\/\/waracomunicaciones.com\/?author=2\"}]}<\/script>\n<!-- \/ Yoast SEO Premium plugin. -->","yoast_head_json":{"title":"Hurtado cuestiona el manejo del presupuesto municipal y pide fortalecer el control social en Montero - Wara Comunicaciones","robots":{"index":"index","follow":"follow","max-snippet":"max-snippet:-1","max-image-preview":"max-image-preview:large","max-video-preview":"max-video-preview:-1"},"canonical":"https:\/\/waracomunicaciones.com\/?p=1780","og_locale":"es_ES","og_type":"article","og_title":"Hurtado cuestiona el manejo del presupuesto municipal y pide fortalecer el control social en Montero","og_description":"Miguel Angel Hurtado (foto de archivo) El exalcalde y exconcejal de Montero, Miguel \u00c1ngel Hurtado, cuestion\u00f3 la forma en que se viene manejando la planificaci\u00f3n municipal y sostuvo que existe la necesidad de mejorar la transparencia, la participaci\u00f3n ciudadana y la capacidad de fiscalizaci\u00f3n sobre los recursos p\u00fablicos.","og_url":"https:\/\/waracomunicaciones.com\/?p=1780","og_site_name":"Wara Comunicaciones","article_publisher":"https:\/\/www.facebook.com\/waracomunicaciones2017","article_published_time":"2026-08-29T13:37:30+00:00","article_modified_time":"2026-08-29T13:37:32+00:00","og_image":[{"width":1920,"height":1080,"url":"https:\/\/waracomunicaciones.com\/wp-content\/uploads\/2026\/08\/Jichi-Alcalde.webp","type":"image\/webp"}],"author":"Tom\u00e1s Coca","twitter_card":"summary_large_image","twitter_misc":{"Escrito por":"Tom\u00e1s Coca","Tiempo de lectura":"2 minutos"},"schema":{"@context":"https:\/\/schema.org","@graph":[{"@type":"Article","@id":"https:\/\/waracomunicaciones.com\/?p=1780#article","isPartOf":{"@id":"https:\/\/waracomunicaciones.com\/?p=1780"},"author":{"name":"Tom\u00e1s Coca","@id":"https:\/\/waracomunicaciones.com\/#\/schema\/person\/cbfc6e874b874c69982b6f254108e9f0"},"headline":"Hurtado cuestiona el manejo del presupuesto municipal y pide fortalecer el control social en Montero","datePublished":"2026-08-29T13:37:30+00:00","dateModified":"2026-08-29T13:37:32+00:00","mainEntityOfPage":{"@id":"https:\/\/waracomunicaciones.com\/?p=1780"},"wordCount":347,"commentCount":0,"publisher":{"@id":"https:\/\/waracomunicaciones.com\/#organization"},"image":{"@id":"https:\/\/waracomunicaciones.com\/?p=1780#primaryimage"},"thumbnailUrl":"https:\/\/waracomunicaciones.com\/wp-content\/uploads\/2026\/08\/Jichi-Alcalde-1024x576.webp","keywords":["Ex Alcalde Miguel Angel Hurtado","POA Montero"],"articleSection":["LOCAL","Pol\u00edtica"],"inLanguage":"es","potentialAction":[{"@type":"CommentAction","name":"Comment","target":["https:\/\/waracomunicaciones.com\/?p=1780#respond"]}]},{"@type":"WebPage","@id":"https:\/\/waracomunicaciones.com\/?p=1780","url":"https:\/\/waracomunicaciones.com\/?p=1780","name":"Hurtado cuestiona el manejo del presupuesto municipal y pide fortalecer el control social en Montero - Wara Comunicaciones","isPartOf":{"@id":"https:\/\/waracomunicaciones.com\/#website"},"primaryImageOfPage":{"@id":"https:\/\/waracomunicaciones.com\/?p=1780#primaryimage"},"image":{"@id":"https:\/\/waracomunicaciones.com\/?p=1780#primaryimage"},"thumbnailUrl":"https:\/\/waracomunicaciones.com\/wp-content\/uploads\/2026\/08\/Jichi-Alcalde-1024x576.webp","datePublished":"2026-08-29T13:37:30+00:00","dateModified":"2026-08-29T13:37:32+00:00","breadcrumb":{"@id":"https:\/\/waracomunicaciones.com\/?p=1780#breadcrumb"},"inLanguage":"es","potentialAction":[{"@type":"ReadAction","target":["https:\/\/waracomunicaciones.com\/?p=1780"]}]},{"@type":"ImageObject","inLanguage":"es","@id":"https:\/\/waracomunicaciones.com\/?p=1780#primaryimage","url":"https:\/\/waracomunicaciones.com\/wp-content\/uploads\/2026\/08\/Jichi-Alcalde.webp","contentUrl":"https:\/\/waracomunicaciones.com\/wp-content\/uploads\/2026\/08\/Jichi-Alcalde.webp","width":1920,"height":1080},{"@type":"BreadcrumbList","@id":"https:\/\/waracomunicaciones.com\/?p=1780#breadcrumb","itemListElement":[{"@type":"ListItem","position":1,"name":"Portada","item":"https:\/\/waracomunicaciones.com\/"},{"@type":"ListItem","position":2,"name":"Hurtado cuestiona el manejo del presupuesto municipal y pide fortalecer el control social en Montero"}]},{"@type":"WebSite","@id":"https:\/\/waracomunicaciones.com\/#website","url":"https:\/\/waracomunicaciones.com\/","name":"Wara Comunicaciones","description":"","publisher":{"@id":"https:\/\/waracomunicaciones.com\/#organization"},"potentialAction":[{"@type":"SearchAction","target":{"@type":"EntryPoint","urlTemplate":"https:\/\/waracomunicaciones.com\/?s={search_term_string}"},"query-input":{"@type":"PropertyValueSpecification","valueRequired":true,"valueName":"search_term_string"}}],"inLanguage":"es"},{"@type":"Organization","@id":"https:\/\/waracomunicaciones.com\/#organization","name":"Wara Comunicaciones","url":"https:\/\/waracomunicaciones.com\/","logo":{"@type":"ImageObject","inLanguage":"es","@id":"https:\/\/waracomunicaciones.com\/#\/schema\/logo\/image\/","url":"https:\/\/waracomunicaciones.com\/wp-content\/uploads\/2025\/07\/logo.png","contentUrl":"https:\/\/waracomunicaciones.com\/wp-content\/uploads\/2025\/07\/logo.png","width":400,"height":164,"caption":"Wara Comunicaciones"},"image":{"@id":"https:\/\/waracomunicaciones.com\/#\/schema\/logo\/image\/"},"sameAs":["https:\/\/www.facebook.com\/waracomunicaciones2017"]},{"@type":"Person","@id":"https:\/\/waracomunicaciones.com\/#\/schema\/person\/cbfc6e874b874c69982b6f254108e9f0","name":"Tom\u00e1s Coca","image":{"@type":"ImageObject","inLanguage":"es","@id":"https:\/\/waracomunicaciones.com\/#\/schema\/person\/image\/","url":"https:\/\/secure.gravatar.com\/avatar\/482131bd67ce2dac1261229602fd0c47826af81f4ac6608b066b29cac2a6e65d?s=96&d=mm&r=g","contentUrl":"https:\/\/secure.gravatar.com\/avatar\/482131bd67ce2dac1261229602fd0c47826af81f4ac6608b066b29cac2a6e65d?s=96&d=mm&r=g","caption":"Tom\u00e1s Coca"},"sameAs":["https:\/\/waracomunicaciones.com"],"url":"https:\/\/waracomunicaciones.com\/?author=2"}]}},"_links":{"self":[{"href":"https:\/\/waracomunicaciones.com\/index.php?rest_route=\/wp\/v2\/posts\/1780","targetHints":{"allow":["GET"]}}],"collection":[{"href":"https:\/\/waracomunicaciones.com\/index.php?rest_route=\/wp\/v2\/posts"}],"about":[{"href":"https:\/\/waracomunicaciones.com\/index.php?rest_route=\/wp\/v2\/types\/post"}],"author":[{"embeddable":true,"href":"https:\/\/waracomunicaciones.com\/index.php?rest_route=\/wp\/v2\/users\/2"}],"replies":[{"embeddable":true,"href":"https:\/\/waracomunicaciones.com\/index.php?rest_route=%2Fwp%2Fv2%2Fcomments&post=1780"}],"version-history":[{"count":1,"href":"https:\/\/waracomunicaciones.com\/index.php?rest_route=\/wp\/v2\/posts\/1780\/revisions"}],"predecessor-version":[{"id":1782,"href":"https:\/\/waracomunicaciones.com\/index.php?rest_route=\/wp\/v2\/posts\/1780\/revisions\/1782"}],"wp:attachment":[{"href":"https:\/\/waracomunicaciones.com\/index.php?rest_route=%2Fwp%2Fv2%2Fmedia&parent=1780"}],"wp:term":[{"taxonomy":"category","embeddable":true,"href":"https:\/\/waracomunicaciones.com\/index.php?rest_route=%2Fwp%2Fv2%2Fcategories&post=1780"},{"taxonomy":"post_tag","embeddable":true,"href":"https:\/\/waracomunicaciones.com\/index.php?rest_route=%2Fwp%2Fv2%2Ftags&post=1780"}],"curies":[{"name":"wp","href":"https:\/\/api.w.org\/{rel}","templated":true}]}}