{"id":171,"date":"2025-07-25T23:06:00","date_gmt":"2025-07-26T03:06:00","guid":{"rendered":"https:\/\/waracomunicaciones.com\/?p=171"},"modified":"2025-07-26T00:26:07","modified_gmt":"2025-07-26T04:26:07","slug":"entrevista-a-gabriela-gutierrez-ex-subgobernadora-de-la-provincia-obispo-santistevan-los-ciudadanos-estan-despertando","status":"publish","type":"post","link":"https:\/\/waracomunicaciones.com\/?p=171","title":{"rendered":"Entrevista a Gabriela Guti\u00e9rrez, ex subgobernadora de la provincia Obispo Santistevan: \u00abLos ciudadanos est\u00e1n despertando\u00bb"},"content":{"rendered":"\n<figure class=\"wp-block-image size-full\"><img loading=\"lazy\" decoding=\"async\" width=\"800\" height=\"448\" src=\"https:\/\/waracomunicaciones.com\/wp-content\/uploads\/2025\/07\/gabirela.webp\" alt=\"\" class=\"wp-image-172\" srcset=\"https:\/\/waracomunicaciones.com\/wp-content\/uploads\/2025\/07\/gabirela.webp 800w, https:\/\/waracomunicaciones.com\/wp-content\/uploads\/2025\/07\/gabirela-300x168.webp 300w, https:\/\/waracomunicaciones.com\/wp-content\/uploads\/2025\/07\/gabirela-768x430.webp 768w\" sizes=\"auto, (max-width: 800px) 100vw, 800px\" \/><figcaption class=\"wp-element-caption\"><em>Gabriela Guti\u00e9rrez ex subgobernadora &#8211; foto archivo <\/em><\/figcaption><\/figure>\n\n\n<p><em><i>Montero, <\/i><\/em>\u00a0\u2013 En una entrevista exclusiva con Gabriela Guti\u00e9rrez, ex subgobernadora de la provincia Obispo Santistevan, la pol\u00edtica y l\u00edder regional comparti\u00f3 su an\u00e1lisis sobre las elecciones que se aproximan, la coyuntura pol\u00edtica local, y las denuncias sobre el uso indebido de recursos en las campa\u00f1as electorales. A continuaci\u00f3n, algunas de sus declaraciones m\u00e1s destacadas:<\/p>\n<p><strong><b>An\u00e1lisis del proceso electoral<\/b><\/strong><\/p>\n<p>Para Guti\u00e9rrez, el panorama electoral est\u00e1 a\u00fan muy abierto, con un porcentaje significativo de indecisos. \u00abNo creo que haya solo un 25% de personas indecisas. Personalmente, creo que hay m\u00e1s de un 35%. La situaci\u00f3n del pa\u00eds y la falta de propuestas claras por parte de los candidatos est\u00e1 generando incertidumbre\u00bb, afirm\u00f3 la ex subgobernadora. Adem\u00e1s, critic\u00f3 el bajo nivel de los debates, describi\u00e9ndolos como \u00abuna payasada\u00bb, y destac\u00f3 la necesidad de respuestas claras y soluciones efectivas ante los problemas que enfrentan los bolivianos.<\/p>\n<p><strong><b>El escenario local y las candidaturas<\/b><\/strong><\/p>\n<p>Sobre la situaci\u00f3n en la circunscripci\u00f3n 57, que abarca Montero y alrededores, Guti\u00e9rrez se\u00f1al\u00f3 que, al igual que a nivel nacional, el panorama est\u00e1 abierto. \u00abCreo que se est\u00e1n mostrando poco a poco los candidatos, pero lo importante hoy no es el color pol\u00edtico, sino las propuestas. La gente quiere escuchar soluciones reales para los problemas de nuestra regi\u00f3n y el pa\u00eds. Lo que vemos es que muchos partidos han colocado candidatos que, en lugar de ser elegidos por m\u00e9ritos, son simplemente familiares de figuras pol\u00edticas\u00bb, subray\u00f3 Guti\u00e9rrez.<\/p>\n<p>Critic\u00f3 fuertemente el fen\u00f3meno de \u00abdinast\u00edas pol\u00edticas\u00bb que, seg\u00fan ella, se est\u00e1n consolidando en algunas localidades, como Montero. \u00abNo estamos en el siglo XV, no vivimos en una monarqu\u00eda hereditaria. La gente est\u00e1 harta de ver c\u00f3mo los mismos apellidos dominan la pol\u00edtica local\u00bb, expres\u00f3 tajante.<\/p>\n<p><strong><b>Las denuncias sobre la alcald\u00eda de Montero<\/b><\/strong><\/p>\n<p>Gabriela Guti\u00e9rrez tambi\u00e9n se refiri\u00f3 a las recientes denuncias contra la administraci\u00f3n del alcalde Regys Medina, especialmente las que implican a funcionarios municipales siendo presionados para apoyar campa\u00f1as pol\u00edticas. \u00abEs una verg\u00fcenza total\u00bb, coment\u00f3 Guti\u00e9rrez, quien acus\u00f3 al alcalde Medina de no tomar acciones ante estas situaciones. \u00abEl alcalde se ha convertido en lo que un d\u00eda critic\u00f3. Est\u00e1 utilizando a la administraci\u00f3n municipal como un instrumento para fines pol\u00edticos personales. Los funcionarios est\u00e1n siendo chantajeados y obligados a gastar su propio dinero en campa\u00f1as para sus propios intereses familiares\u00bb, se\u00f1al\u00f3.<\/p>\n<p>Adem\u00e1s, Guti\u00e9rrez expres\u00f3 su preocupaci\u00f3n por la falta de fiscalizaci\u00f3n por parte de los concejales. \u00abEl \u00fanico que pierde con todo esto es el ciudadano montere\u00f1o. Los concejales no est\u00e1n cumpliendo con su deber de fiscalizar las obras, las licitaciones, y todo lo que est\u00e1 pasando con el presupuesto municipal. Si no hacen su trabajo, no deber\u00edan postularse nuevamente\u00bb, enfatiz\u00f3.<\/p>\n<p><strong><b>Llamado a la unidad y la conciencia ciudadana<\/b><\/strong><\/p>\n<p>En sus declaraciones finales, Guti\u00e9rrez hizo un llamado a los ciudadanos a despertar y ser m\u00e1s conscientes de lo que est\u00e1 sucediendo en la pol\u00edtica local. \u00abNo podemos seguir aplaudiendo a quienes solo buscan enriquecerse a costa del pueblo. La pol\u00edtica debe ser un servicio, no un negocio familiar\u00bb, concluy\u00f3.<\/p>\n<p>La exsubgobernadora tambi\u00e9n destac\u00f3 que, a pesar de las dificultades, el pueblo est\u00e1 cada vez m\u00e1s alerta y dispuesto a exigir un cambio real. \u00abMontero est\u00e1 despertando, los ciudadanos ya no son tan f\u00e1ciles de enga\u00f1ar\u00bb, afirm\u00f3.<\/p>\n<p>Gabriela Guti\u00e9rrez dej\u00f3 en claro que, en las pr\u00f3ximas elecciones, no se trata solo de elegir un partido, sino de elegir a personas que realmente tengan el inter\u00e9s de servir al pa\u00eds y a la regi\u00f3n con honestidad y capacidad.<\/p><div style=\"margin-top: 0px; margin-bottom: 0px;\" class=\"sharethis-inline-reaction-buttons\" ><\/div>","protected":false},"excerpt":{"rendered":"<p>Montero, \u00a0\u2013 En una entrevista exclusiva con Gabriela Guti\u00e9rrez, ex subgobernadora de la provincia Obispo Santistevan, la pol\u00edtica y l\u00edder regional comparti\u00f3 su an\u00e1lisis sobre las elecciones que se aproximan, la coyuntura pol\u00edtica local, y las denuncias sobre el uso indebido de recursos en las campa\u00f1as electorales. A continuaci\u00f3n, algunas de sus declaraciones m\u00e1s destacadas: [&hellip;]<\/p>\n","protected":false},"author":1,"featured_media":172,"comment_status":"open","ping_status":"open","sticky":false,"template":"","format":"standard","meta":{"footnotes":""},"categories":[42],"tags":[14,19],"class_list":["post-171","post","type-post","status-publish","format-standard","has-post-thumbnail","hentry","category-politica","tag-gabriela-gutierrez","tag-montero"],"yoast_head":"<!-- This site is optimized with the Yoast SEO Premium plugin v25.5 (Yoast SEO v27.1.1) - https:\/\/yoast.com\/product\/yoast-seo-premium-wordpress\/ -->\n<title>Entrevista a Gabriela Guti\u00e9rrez, ex subgobernadora de la provincia Obispo Santistevan: &quot;Los ciudadanos est\u00e1n despertando&quot; - Wara Comunicaciones<\/title>\n<meta name=\"robots\" content=\"index, follow, max-snippet:-1, max-image-preview:large, max-video-preview:-1\" \/>\n<link rel=\"canonical\" href=\"https:\/\/waracomunicaciones.com\/?p=171\" \/>\n<meta property=\"og:locale\" content=\"es_ES\" \/>\n<meta property=\"og:type\" content=\"article\" \/>\n<meta property=\"og:title\" content=\"Entrevista a Gabriela Guti\u00e9rrez, ex subgobernadora de la provincia Obispo Santistevan: &quot;Los ciudadanos est\u00e1n despertando&quot;\" \/>\n<meta property=\"og:description\" content=\"Montero, \u00a0\u2013 En una entrevista exclusiva con Gabriela Guti\u00e9rrez, ex subgobernadora de la provincia Obispo Santistevan, la pol\u00edtica y l\u00edder regional comparti\u00f3 su an\u00e1lisis sobre las elecciones que se aproximan, la coyuntura pol\u00edtica local, y las denuncias sobre el uso indebido de recursos en las campa\u00f1as electorales. A continuaci\u00f3n, algunas de sus declaraciones m\u00e1s destacadas: [&hellip;]\" \/>\n<meta property=\"og:url\" content=\"https:\/\/waracomunicaciones.com\/?p=171\" \/>\n<meta property=\"og:site_name\" content=\"Wara Comunicaciones\" \/>\n<meta property=\"article:publisher\" content=\"https:\/\/www.facebook.com\/waracomunicaciones2017\" \/>\n<meta property=\"article:published_time\" content=\"2025-07-26T03:06:00+00:00\" \/>\n<meta property=\"article:modified_time\" content=\"2025-07-26T04:26:07+00:00\" \/>\n<meta property=\"og:image\" content=\"https:\/\/waracomunicaciones.com\/wp-content\/uploads\/2025\/07\/gabirela.webp\" \/>\n\t<meta property=\"og:image:width\" content=\"800\" \/>\n\t<meta property=\"og:image:height\" content=\"448\" \/>\n\t<meta property=\"og:image:type\" content=\"image\/webp\" \/>\n<meta name=\"author\" content=\"admin\" \/>\n<meta name=\"twitter:card\" content=\"summary_large_image\" \/>\n<meta name=\"twitter:label1\" content=\"Escrito por\" \/>\n\t<meta name=\"twitter:data1\" content=\"admin\" \/>\n\t<meta name=\"twitter:label2\" content=\"Tiempo de lectura\" \/>\n\t<meta name=\"twitter:data2\" content=\"4 minutos\" \/>\n<script type=\"application\/ld+json\" class=\"yoast-schema-graph\">{\"@context\":\"https:\/\/schema.org\",\"@graph\":[{\"@type\":\"Article\",\"@id\":\"https:\/\/waracomunicaciones.com\/?p=171#article\",\"isPartOf\":{\"@id\":\"https:\/\/waracomunicaciones.com\/?p=171\"},\"author\":{\"name\":\"admin\",\"@id\":\"https:\/\/waracomunicaciones.com\/#\/schema\/person\/e9db934bc91575cc71fe584c5973244a\"},\"headline\":\"Entrevista a Gabriela Guti\u00e9rrez, ex subgobernadora de la provincia Obispo Santistevan: \u00abLos ciudadanos est\u00e1n despertando\u00bb\",\"datePublished\":\"2025-07-26T03:06:00+00:00\",\"dateModified\":\"2025-07-26T04:26:07+00:00\",\"mainEntityOfPage\":{\"@id\":\"https:\/\/waracomunicaciones.com\/?p=171\"},\"wordCount\":666,\"commentCount\":0,\"publisher\":{\"@id\":\"https:\/\/waracomunicaciones.com\/#organization\"},\"image\":{\"@id\":\"https:\/\/waracomunicaciones.com\/?p=171#primaryimage\"},\"thumbnailUrl\":\"https:\/\/waracomunicaciones.com\/wp-content\/uploads\/2025\/07\/gabirela.webp\",\"keywords\":[\"Gabriela Guti\u00e9rrez\",\"Montero\"],\"articleSection\":[\"Pol\u00edtica\"],\"inLanguage\":\"es\",\"potentialAction\":[{\"@type\":\"CommentAction\",\"name\":\"Comment\",\"target\":[\"https:\/\/waracomunicaciones.com\/?p=171#respond\"]}]},{\"@type\":\"WebPage\",\"@id\":\"https:\/\/waracomunicaciones.com\/?p=171\",\"url\":\"https:\/\/waracomunicaciones.com\/?p=171\",\"name\":\"Entrevista a Gabriela Guti\u00e9rrez, ex subgobernadora de la provincia Obispo Santistevan: \\\"Los ciudadanos est\u00e1n despertando\\\" - Wara Comunicaciones\",\"isPartOf\":{\"@id\":\"https:\/\/waracomunicaciones.com\/#website\"},\"primaryImageOfPage\":{\"@id\":\"https:\/\/waracomunicaciones.com\/?p=171#primaryimage\"},\"image\":{\"@id\":\"https:\/\/waracomunicaciones.com\/?p=171#primaryimage\"},\"thumbnailUrl\":\"https:\/\/waracomunicaciones.com\/wp-content\/uploads\/2025\/07\/gabirela.webp\",\"datePublished\":\"2025-07-26T03:06:00+00:00\",\"dateModified\":\"2025-07-26T04:26:07+00:00\",\"breadcrumb\":{\"@id\":\"https:\/\/waracomunicaciones.com\/?p=171#breadcrumb\"},\"inLanguage\":\"es\",\"potentialAction\":[{\"@type\":\"ReadAction\",\"target\":[\"https:\/\/waracomunicaciones.com\/?p=171\"]}]},{\"@type\":\"ImageObject\",\"inLanguage\":\"es\",\"@id\":\"https:\/\/waracomunicaciones.com\/?p=171#primaryimage\",\"url\":\"https:\/\/waracomunicaciones.com\/wp-content\/uploads\/2025\/07\/gabirela.webp\",\"contentUrl\":\"https:\/\/waracomunicaciones.com\/wp-content\/uploads\/2025\/07\/gabirela.webp\",\"width\":800,\"height\":448},{\"@type\":\"BreadcrumbList\",\"@id\":\"https:\/\/waracomunicaciones.com\/?p=171#breadcrumb\",\"itemListElement\":[{\"@type\":\"ListItem\",\"position\":1,\"name\":\"Portada\",\"item\":\"https:\/\/waracomunicaciones.com\/\"},{\"@type\":\"ListItem\",\"position\":2,\"name\":\"Entrevista a Gabriela Guti\u00e9rrez, ex subgobernadora de la provincia Obispo Santistevan: \u00abLos ciudadanos est\u00e1n despertando\u00bb\"}]},{\"@type\":\"WebSite\",\"@id\":\"https:\/\/waracomunicaciones.com\/#website\",\"url\":\"https:\/\/waracomunicaciones.com\/\",\"name\":\"Wara Comunicaciones\",\"description\":\"\",\"publisher\":{\"@id\":\"https:\/\/waracomunicaciones.com\/#organization\"},\"potentialAction\":[{\"@type\":\"SearchAction\",\"target\":{\"@type\":\"EntryPoint\",\"urlTemplate\":\"https:\/\/waracomunicaciones.com\/?s={search_term_string}\"},\"query-input\":{\"@type\":\"PropertyValueSpecification\",\"valueRequired\":true,\"valueName\":\"search_term_string\"}}],\"inLanguage\":\"es\"},{\"@type\":\"Organization\",\"@id\":\"https:\/\/waracomunicaciones.com\/#organization\",\"name\":\"Wara Comunicaciones\",\"url\":\"https:\/\/waracomunicaciones.com\/\",\"logo\":{\"@type\":\"ImageObject\",\"inLanguage\":\"es\",\"@id\":\"https:\/\/waracomunicaciones.com\/#\/schema\/logo\/image\/\",\"url\":\"https:\/\/waracomunicaciones.com\/wp-content\/uploads\/2025\/07\/logo.png\",\"contentUrl\":\"https:\/\/waracomunicaciones.com\/wp-content\/uploads\/2025\/07\/logo.png\",\"width\":400,\"height\":164,\"caption\":\"Wara Comunicaciones\"},\"image\":{\"@id\":\"https:\/\/waracomunicaciones.com\/#\/schema\/logo\/image\/\"},\"sameAs\":[\"https:\/\/www.facebook.com\/waracomunicaciones2017\"]},{\"@type\":\"Person\",\"@id\":\"https:\/\/waracomunicaciones.com\/#\/schema\/person\/e9db934bc91575cc71fe584c5973244a\",\"name\":\"admin\",\"image\":{\"@type\":\"ImageObject\",\"inLanguage\":\"es\",\"@id\":\"https:\/\/waracomunicaciones.com\/#\/schema\/person\/image\/\",\"url\":\"https:\/\/secure.gravatar.com\/avatar\/bf27e9186df568254093afa216f887fece17605302c6ff12f3980422fffa52e6?s=96&d=mm&r=g\",\"contentUrl\":\"https:\/\/secure.gravatar.com\/avatar\/bf27e9186df568254093afa216f887fece17605302c6ff12f3980422fffa52e6?s=96&d=mm&r=g\",\"caption\":\"admin\"},\"sameAs\":[\"https:\/\/waracomunicaciones.com\/wp\"],\"url\":\"https:\/\/waracomunicaciones.com\/?author=1\"}]}<\/script>\n<!-- \/ Yoast SEO Premium plugin. -->","yoast_head_json":{"title":"Entrevista a Gabriela Guti\u00e9rrez, ex subgobernadora de la provincia Obispo Santistevan: \"Los ciudadanos est\u00e1n despertando\" - Wara Comunicaciones","robots":{"index":"index","follow":"follow","max-snippet":"max-snippet:-1","max-image-preview":"max-image-preview:large","max-video-preview":"max-video-preview:-1"},"canonical":"https:\/\/waracomunicaciones.com\/?p=171","og_locale":"es_ES","og_type":"article","og_title":"Entrevista a Gabriela Guti\u00e9rrez, ex subgobernadora de la provincia Obispo Santistevan: \"Los ciudadanos est\u00e1n despertando\"","og_description":"Montero, \u00a0\u2013 En una entrevista exclusiva con Gabriela Guti\u00e9rrez, ex subgobernadora de la provincia Obispo Santistevan, la pol\u00edtica y l\u00edder regional comparti\u00f3 su an\u00e1lisis sobre las elecciones que se aproximan, la coyuntura pol\u00edtica local, y las denuncias sobre el uso indebido de recursos en las campa\u00f1as electorales. A continuaci\u00f3n, algunas de sus declaraciones m\u00e1s destacadas: [&hellip;]","og_url":"https:\/\/waracomunicaciones.com\/?p=171","og_site_name":"Wara Comunicaciones","article_publisher":"https:\/\/www.facebook.com\/waracomunicaciones2017","article_published_time":"2025-07-26T03:06:00+00:00","article_modified_time":"2025-07-26T04:26:07+00:00","og_image":[{"width":800,"height":448,"url":"https:\/\/waracomunicaciones.com\/wp-content\/uploads\/2025\/07\/gabirela.webp","type":"image\/webp"}],"author":"admin","twitter_card":"summary_large_image","twitter_misc":{"Escrito por":"admin","Tiempo de lectura":"4 minutos"},"schema":{"@context":"https:\/\/schema.org","@graph":[{"@type":"Article","@id":"https:\/\/waracomunicaciones.com\/?p=171#article","isPartOf":{"@id":"https:\/\/waracomunicaciones.com\/?p=171"},"author":{"name":"admin","@id":"https:\/\/waracomunicaciones.com\/#\/schema\/person\/e9db934bc91575cc71fe584c5973244a"},"headline":"Entrevista a Gabriela Guti\u00e9rrez, ex subgobernadora de la provincia Obispo Santistevan: \u00abLos ciudadanos est\u00e1n despertando\u00bb","datePublished":"2025-07-26T03:06:00+00:00","dateModified":"2025-07-26T04:26:07+00:00","mainEntityOfPage":{"@id":"https:\/\/waracomunicaciones.com\/?p=171"},"wordCount":666,"commentCount":0,"publisher":{"@id":"https:\/\/waracomunicaciones.com\/#organization"},"image":{"@id":"https:\/\/waracomunicaciones.com\/?p=171#primaryimage"},"thumbnailUrl":"https:\/\/waracomunicaciones.com\/wp-content\/uploads\/2025\/07\/gabirela.webp","keywords":["Gabriela Guti\u00e9rrez","Montero"],"articleSection":["Pol\u00edtica"],"inLanguage":"es","potentialAction":[{"@type":"CommentAction","name":"Comment","target":["https:\/\/waracomunicaciones.com\/?p=171#respond"]}]},{"@type":"WebPage","@id":"https:\/\/waracomunicaciones.com\/?p=171","url":"https:\/\/waracomunicaciones.com\/?p=171","name":"Entrevista a Gabriela Guti\u00e9rrez, ex subgobernadora de la provincia Obispo Santistevan: \"Los ciudadanos est\u00e1n despertando\" - Wara Comunicaciones","isPartOf":{"@id":"https:\/\/waracomunicaciones.com\/#website"},"primaryImageOfPage":{"@id":"https:\/\/waracomunicaciones.com\/?p=171#primaryimage"},"image":{"@id":"https:\/\/waracomunicaciones.com\/?p=171#primaryimage"},"thumbnailUrl":"https:\/\/waracomunicaciones.com\/wp-content\/uploads\/2025\/07\/gabirela.webp","datePublished":"2025-07-26T03:06:00+00:00","dateModified":"2025-07-26T04:26:07+00:00","breadcrumb":{"@id":"https:\/\/waracomunicaciones.com\/?p=171#breadcrumb"},"inLanguage":"es","potentialAction":[{"@type":"ReadAction","target":["https:\/\/waracomunicaciones.com\/?p=171"]}]},{"@type":"ImageObject","inLanguage":"es","@id":"https:\/\/waracomunicaciones.com\/?p=171#primaryimage","url":"https:\/\/waracomunicaciones.com\/wp-content\/uploads\/2025\/07\/gabirela.webp","contentUrl":"https:\/\/waracomunicaciones.com\/wp-content\/uploads\/2025\/07\/gabirela.webp","width":800,"height":448},{"@type":"BreadcrumbList","@id":"https:\/\/waracomunicaciones.com\/?p=171#breadcrumb","itemListElement":[{"@type":"ListItem","position":1,"name":"Portada","item":"https:\/\/waracomunicaciones.com\/"},{"@type":"ListItem","position":2,"name":"Entrevista a Gabriela Guti\u00e9rrez, ex subgobernadora de la provincia Obispo Santistevan: \u00abLos ciudadanos est\u00e1n despertando\u00bb"}]},{"@type":"WebSite","@id":"https:\/\/waracomunicaciones.com\/#website","url":"https:\/\/waracomunicaciones.com\/","name":"Wara Comunicaciones","description":"","publisher":{"@id":"https:\/\/waracomunicaciones.com\/#organization"},"potentialAction":[{"@type":"SearchAction","target":{"@type":"EntryPoint","urlTemplate":"https:\/\/waracomunicaciones.com\/?s={search_term_string}"},"query-input":{"@type":"PropertyValueSpecification","valueRequired":true,"valueName":"search_term_string"}}],"inLanguage":"es"},{"@type":"Organization","@id":"https:\/\/waracomunicaciones.com\/#organization","name":"Wara Comunicaciones","url":"https:\/\/waracomunicaciones.com\/","logo":{"@type":"ImageObject","inLanguage":"es","@id":"https:\/\/waracomunicaciones.com\/#\/schema\/logo\/image\/","url":"https:\/\/waracomunicaciones.com\/wp-content\/uploads\/2025\/07\/logo.png","contentUrl":"https:\/\/waracomunicaciones.com\/wp-content\/uploads\/2025\/07\/logo.png","width":400,"height":164,"caption":"Wara Comunicaciones"},"image":{"@id":"https:\/\/waracomunicaciones.com\/#\/schema\/logo\/image\/"},"sameAs":["https:\/\/www.facebook.com\/waracomunicaciones2017"]},{"@type":"Person","@id":"https:\/\/waracomunicaciones.com\/#\/schema\/person\/e9db934bc91575cc71fe584c5973244a","name":"admin","image":{"@type":"ImageObject","inLanguage":"es","@id":"https:\/\/waracomunicaciones.com\/#\/schema\/person\/image\/","url":"https:\/\/secure.gravatar.com\/avatar\/bf27e9186df568254093afa216f887fece17605302c6ff12f3980422fffa52e6?s=96&d=mm&r=g","contentUrl":"https:\/\/secure.gravatar.com\/avatar\/bf27e9186df568254093afa216f887fece17605302c6ff12f3980422fffa52e6?s=96&d=mm&r=g","caption":"admin"},"sameAs":["https:\/\/waracomunicaciones.com\/wp"],"url":"https:\/\/waracomunicaciones.com\/?author=1"}]}},"_links":{"self":[{"href":"https:\/\/waracomunicaciones.com\/index.php?rest_route=\/wp\/v2\/posts\/171","targetHints":{"allow":["GET"]}}],"collection":[{"href":"https:\/\/waracomunicaciones.com\/index.php?rest_route=\/wp\/v2\/posts"}],"about":[{"href":"https:\/\/waracomunicaciones.com\/index.php?rest_route=\/wp\/v2\/types\/post"}],"author":[{"embeddable":true,"href":"https:\/\/waracomunicaciones.com\/index.php?rest_route=\/wp\/v2\/users\/1"}],"replies":[{"embeddable":true,"href":"https:\/\/waracomunicaciones.com\/index.php?rest_route=%2Fwp%2Fv2%2Fcomments&post=171"}],"version-history":[{"count":1,"href":"https:\/\/waracomunicaciones.com\/index.php?rest_route=\/wp\/v2\/posts\/171\/revisions"}],"predecessor-version":[{"id":173,"href":"https:\/\/waracomunicaciones.com\/index.php?rest_route=\/wp\/v2\/posts\/171\/revisions\/173"}],"wp:featuredmedia":[{"embeddable":true,"href":"https:\/\/waracomunicaciones.com\/index.php?rest_route=\/wp\/v2\/media\/172"}],"wp:attachment":[{"href":"https:\/\/waracomunicaciones.com\/index.php?rest_route=%2Fwp%2Fv2%2Fmedia&parent=171"}],"wp:term":[{"taxonomy":"category","embeddable":true,"href":"https:\/\/waracomunicaciones.com\/index.php?rest_route=%2Fwp%2Fv2%2Fcategories&post=171"},{"taxonomy":"post_tag","embeddable":true,"href":"https:\/\/waracomunicaciones.com\/index.php?rest_route=%2Fwp%2Fv2%2Ftags&post=171"}],"curies":[{"name":"wp","href":"https:\/\/api.w.org\/{rel}","templated":true}]}}