{"id":165,"date":"2025-07-26T00:03:57","date_gmt":"2025-07-26T04:03:57","guid":{"rendered":"https:\/\/waracomunicaciones.com\/?p=165"},"modified":"2025-07-26T06:12:05","modified_gmt":"2025-07-26T10:12:05","slug":"maico-moreno-y-dolly-carvajal-reciben-el-respaldo-del-mnr-en-historico-acto-politico-en-montero","status":"publish","type":"post","link":"https:\/\/waracomunicaciones.com\/?p=165","title":{"rendered":"Maico Moreno y Dolly Carvajal reciben el respaldo del MNR en hist\u00f3rico acto pol\u00edtico en Montero"},"content":{"rendered":"\n<figure class=\"wp-block-image size-full\"><img loading=\"lazy\" decoding=\"async\" width=\"800\" height=\"533\" src=\"https:\/\/waracomunicaciones.com\/wp-content\/uploads\/2025\/07\/IMG-20250725-WA0087.webp\" alt=\"\" class=\"wp-image-166\" srcset=\"https:\/\/waracomunicaciones.com\/wp-content\/uploads\/2025\/07\/IMG-20250725-WA0087.webp 800w, https:\/\/waracomunicaciones.com\/wp-content\/uploads\/2025\/07\/IMG-20250725-WA0087-300x200.webp 300w, https:\/\/waracomunicaciones.com\/wp-content\/uploads\/2025\/07\/IMG-20250725-WA0087-768x512.webp 768w\" sizes=\"auto, (max-width: 800px) 100vw, 800px\" \/><figcaption class=\"wp-element-caption\"><em>Firma de acuerdo entre MNR y Alianza LIBRE<\/em><\/figcaption><\/figure>\n\n\n<p><em><i>Montero, <\/i><\/em>\u2014 En un acto que fue calificado como \u201chist\u00f3rico\u201d por sus participantes, el Movimiento Nacionalista Revolucionario (MNR), uno de los partidos pol\u00edticos m\u00e1s tradicionales de Bolivia, oficializ\u00f3 su respaldo a la candidatura de <strong><b>Maico Moreno<\/b><\/strong>\u00a0y <strong><b>Dolly Carvajal<\/b><\/strong>\u00a0por la circunscripci\u00f3n C-57, dentro de la alianza opositora <strong><b>LIBRE<\/b><\/strong>, liderada por el expresidente <strong><b>Jorge \u201cTuto\u201d Quiroga<\/b><\/strong>.<!--more--><\/p>\n<p>La adhesi\u00f3n del MNR a la Alianza LIBRE se concret\u00f3 en un evento desarrollado en la plaza principal de Montero, que congreg\u00f3 a militantes, simpatizantes, representantes de juventudes pol\u00edticas y agrupaciones ciudadanas. El momento central fue el apret\u00f3n de manos y el abrazo fraterno entre Maico Moreno y el jefe seccional del MNR en Montero, <strong><b>Ra\u00fal Limpias Ch\u00e1vez<\/b><\/strong>, sellando una unidad pol\u00edtica que apunta a disputar con fuerza las elecciones del 17 de agosto.<\/p>\n<p>\u201cDesde hoy, el Movimiento Nacionalista Revolucionario est\u00e1 con LIBRE, con Maico y con Tuto. Este pa\u00eds necesita unidad, liderazgo y rumbo claro, y es por eso que apoyamos este proyecto pol\u00edtico\u201d, expres\u00f3 Limpias, quien tambi\u00e9n critic\u00f3 duramente al actual gobierno, se\u00f1alando que ha sumido al pueblo boliviano en una \u201ccrisis insostenible\u201d.<\/p>\n<p>Por su parte, <strong><b>Maico Moreno<\/b><\/strong>, candidato a diputado uninominal, agradeci\u00f3 el respaldo del MNR y remarc\u00f3 que la alianza LIBRE representa \u201cla verdadera unidad\u201d que Bolivia necesita para superar la crisis econ\u00f3mica, pol\u00edtica y social que atraviesa el pa\u00eds.<\/p>\n<p>\u201cHoy est\u00e1n aqu\u00ed representadas las fuerzas vivas de Montero. El MNR, los Dem\u00f3cratas, agrupaciones como Unidos, \u00a0j\u00f3venes \u00a0universitarios, adultos mayores y gremios. Esta alianza es el reflejo de lo que pide el pueblo: salir adelante con propuestas serias y con un liderazgo que ya ha demostrado capacidad, como el del ingeniero Tuto Quiroga\u201d, afirm\u00f3 Moreno.<\/p>\n<p>La candidata suplente <strong><b>Dolly Carvajal<\/b><\/strong>\u00a0tambi\u00e9n tom\u00f3 la palabra y destac\u00f3 que la alianza est\u00e1 en contacto permanente con diversos sectores sociales, lo que les ha permitido recoger propuestas y necesidades que ser\u00e1n llevadas al escenario legislativo.<\/p>\n<p>Durante el acto, tambi\u00e9n se dirigieron al p\u00fablico <strong><b>El\u00edas Peredo<\/b><\/strong>, jefe de la Alianza LIBRE en Montero, y <strong><b>Roque Joel Arias<\/b><\/strong>, representante de la Juventud Libre, quienes coincidieron en que la unidad entre fuerzas pol\u00edticas y ciudadanos ser\u00e1 clave para recuperar la democracia y la estabilidad en Bolivia.<\/p>\n<p>La jornada concluy\u00f3 con la promesa de trabajo conjunto entre LIBRE y el MNR, as\u00ed como el compromiso de recorrer barrios y comunidades para consolidar el apoyo popular. El evento tambi\u00e9n sirvi\u00f3 de plataforma para anunciar la firma de un acuerdo formal de adhesi\u00f3n pol\u00edtica entre ambas fuerzas.<\/p>\n<p>Con este respaldo, la alianza que lidera Tuto Quiroga gana peso pol\u00edtico en el norte cruce\u00f1o, especialmente en la estrat\u00e9gica circunscripci\u00f3n 57, donde el MNR ha mantenido hist\u00f3ricamente una presencia significativa.<\/p>\n<p><strong><b>\u201cLa uni\u00f3n es la fuerza\u201d,<\/b><\/strong>\u00a0dijeron los oradores, evocando el lema inscrito en la moneda nacional y que, en esta ocasi\u00f3n, cobra fuerza en un escenario electoral que se vislumbra re\u00f1ido y decisivo para el futuro del pa\u00eds.<\/p>\n\n\n<figure class=\"wp-block-gallery has-nested-images columns-default is-cropped wp-block-gallery-1 is-layout-flex wp-block-gallery-is-layout-flex\">\n<figure class=\"wp-block-image size-large\"><img loading=\"lazy\" decoding=\"async\" width=\"800\" height=\"533\" data-id=\"167\" src=\"https:\/\/waracomunicaciones.com\/wp-content\/uploads\/2025\/07\/IMG-20250725-WA0086.webp\" alt=\"\" class=\"wp-image-167\" srcset=\"https:\/\/waracomunicaciones.com\/wp-content\/uploads\/2025\/07\/IMG-20250725-WA0086.webp 800w, https:\/\/waracomunicaciones.com\/wp-content\/uploads\/2025\/07\/IMG-20250725-WA0086-300x200.webp 300w, https:\/\/waracomunicaciones.com\/wp-content\/uploads\/2025\/07\/IMG-20250725-WA0086-768x512.webp 768w\" sizes=\"auto, (max-width: 800px) 100vw, 800px\" \/><\/figure>\n\n\n\n<figure class=\"wp-block-image size-large\"><img loading=\"lazy\" decoding=\"async\" width=\"800\" height=\"534\" data-id=\"168\" src=\"https:\/\/waracomunicaciones.com\/wp-content\/uploads\/2025\/07\/IMG-20250725-WA0085.webp\" alt=\"\" class=\"wp-image-168\" srcset=\"https:\/\/waracomunicaciones.com\/wp-content\/uploads\/2025\/07\/IMG-20250725-WA0085.webp 800w, https:\/\/waracomunicaciones.com\/wp-content\/uploads\/2025\/07\/IMG-20250725-WA0085-300x200.webp 300w, https:\/\/waracomunicaciones.com\/wp-content\/uploads\/2025\/07\/IMG-20250725-WA0085-768x513.webp 768w\" sizes=\"auto, (max-width: 800px) 100vw, 800px\" \/><\/figure>\n\n\n\n<figure class=\"wp-block-image size-large\"><img loading=\"lazy\" decoding=\"async\" width=\"800\" height=\"533\" data-id=\"169\" src=\"https:\/\/waracomunicaciones.com\/wp-content\/uploads\/2025\/07\/IMG-20250725-WA0084.webp\" alt=\"\" class=\"wp-image-169\" srcset=\"https:\/\/waracomunicaciones.com\/wp-content\/uploads\/2025\/07\/IMG-20250725-WA0084.webp 800w, https:\/\/waracomunicaciones.com\/wp-content\/uploads\/2025\/07\/IMG-20250725-WA0084-300x200.webp 300w, https:\/\/waracomunicaciones.com\/wp-content\/uploads\/2025\/07\/IMG-20250725-WA0084-768x512.webp 768w\" sizes=\"auto, (max-width: 800px) 100vw, 800px\" \/><\/figure>\n<\/figure>\n<div style=\"margin-top: 0px; margin-bottom: 0px;\" class=\"sharethis-inline-reaction-buttons\" ><\/div>","protected":false},"excerpt":{"rendered":"<p>Montero, \u2014 En un acto que fue calificado como \u201chist\u00f3rico\u201d por sus participantes, el Movimiento Nacionalista Revolucionario (MNR), uno de los partidos pol\u00edticos m\u00e1s tradicionales de Bolivia, oficializ\u00f3 su respaldo a la candidatura de Maico Moreno\u00a0y Dolly Carvajal\u00a0por la circunscripci\u00f3n C-57, dentro de la alianza opositora LIBRE, liderada por el expresidente Jorge \u201cTuto\u201d Quiroga.<\/p>\n","protected":false},"author":1,"featured_media":166,"comment_status":"open","ping_status":"open","sticky":false,"template":"","format":"standard","meta":{"footnotes":""},"categories":[42],"tags":[31,62,11,28,61],"class_list":["post-165","post","type-post","status-publish","format-standard","has-post-thumbnail","hentry","category-politica","tag-alianza-libre","tag-dolly-carvajal","tag-elecciones-nacionales-2025","tag-maico-moreno-vaca","tag-mnr"],"yoast_head":"<!-- This site is optimized with the Yoast SEO Premium plugin v25.5 (Yoast SEO v27.1.1) - https:\/\/yoast.com\/product\/yoast-seo-premium-wordpress\/ -->\n<title>Maico Moreno y Dolly Carvajal reciben el respaldo del MNR en hist\u00f3rico acto pol\u00edtico en Montero - Wara Comunicaciones<\/title>\n<meta name=\"description\" content=\"El MNR oficializa su respaldo a Maico Moreno y Dolly Carvajal en un acto hist\u00f3rico en Montero. Descubre todos los detalles.\" \/>\n<meta name=\"robots\" content=\"index, follow, max-snippet:-1, max-image-preview:large, max-video-preview:-1\" \/>\n<link rel=\"canonical\" href=\"https:\/\/waracomunicaciones.com\/?p=165\" \/>\n<meta property=\"og:locale\" content=\"es_ES\" \/>\n<meta property=\"og:type\" content=\"article\" \/>\n<meta property=\"og:title\" content=\"Maico Moreno y Dolly Carvajal reciben el respaldo del MNR en hist\u00f3rico acto pol\u00edtico en Montero\" \/>\n<meta property=\"og:description\" content=\"El MNR oficializa su respaldo a Maico Moreno y Dolly Carvajal en un acto hist\u00f3rico en Montero. Descubre todos los detalles.\" \/>\n<meta property=\"og:url\" content=\"https:\/\/waracomunicaciones.com\/?p=165\" \/>\n<meta property=\"og:site_name\" content=\"Wara Comunicaciones\" \/>\n<meta property=\"article:publisher\" content=\"https:\/\/www.facebook.com\/waracomunicaciones2017\" \/>\n<meta property=\"article:published_time\" content=\"2025-07-26T04:03:57+00:00\" \/>\n<meta property=\"article:modified_time\" content=\"2025-07-26T10:12:05+00:00\" \/>\n<meta property=\"og:image\" content=\"https:\/\/waracomunicaciones.com\/wp-content\/uploads\/2025\/07\/IMG-20250725-WA0087.webp\" \/>\n\t<meta property=\"og:image:width\" content=\"800\" \/>\n\t<meta property=\"og:image:height\" content=\"533\" \/>\n\t<meta property=\"og:image:type\" content=\"image\/webp\" \/>\n<meta name=\"author\" content=\"admin\" \/>\n<meta name=\"twitter:card\" content=\"summary_large_image\" \/>\n<meta name=\"twitter:label1\" content=\"Escrito por\" \/>\n\t<meta name=\"twitter:data1\" content=\"admin\" \/>\n\t<meta name=\"twitter:label2\" content=\"Tiempo de lectura\" \/>\n\t<meta name=\"twitter:data2\" content=\"4 minutos\" \/>\n<script type=\"application\/ld+json\" class=\"yoast-schema-graph\">{\"@context\":\"https:\/\/schema.org\",\"@graph\":[{\"@type\":\"Article\",\"@id\":\"https:\/\/waracomunicaciones.com\/?p=165#article\",\"isPartOf\":{\"@id\":\"https:\/\/waracomunicaciones.com\/?p=165\"},\"author\":{\"name\":\"admin\",\"@id\":\"https:\/\/waracomunicaciones.com\/#\/schema\/person\/e9db934bc91575cc71fe584c5973244a\"},\"headline\":\"Maico Moreno y Dolly Carvajal reciben el respaldo del MNR en hist\u00f3rico acto pol\u00edtico en Montero\",\"datePublished\":\"2025-07-26T04:03:57+00:00\",\"dateModified\":\"2025-07-26T10:12:05+00:00\",\"mainEntityOfPage\":{\"@id\":\"https:\/\/waracomunicaciones.com\/?p=165\"},\"wordCount\":538,\"commentCount\":0,\"publisher\":{\"@id\":\"https:\/\/waracomunicaciones.com\/#organization\"},\"image\":{\"@id\":\"https:\/\/waracomunicaciones.com\/?p=165#primaryimage\"},\"thumbnailUrl\":\"https:\/\/waracomunicaciones.com\/wp-content\/uploads\/2025\/07\/IMG-20250725-WA0087.webp\",\"keywords\":[\"Alianza Libre\",\"Dolly Carvajal\",\"Elecciones Nacionales 2025\",\"Maico Moreno Vaca\",\"MNR\"],\"articleSection\":[\"Pol\u00edtica\"],\"inLanguage\":\"es\",\"potentialAction\":[{\"@type\":\"CommentAction\",\"name\":\"Comment\",\"target\":[\"https:\/\/waracomunicaciones.com\/?p=165#respond\"]}]},{\"@type\":\"WebPage\",\"@id\":\"https:\/\/waracomunicaciones.com\/?p=165\",\"url\":\"https:\/\/waracomunicaciones.com\/?p=165\",\"name\":\"Maico Moreno y Dolly Carvajal reciben el respaldo del MNR en hist\u00f3rico acto pol\u00edtico en Montero - Wara Comunicaciones\",\"isPartOf\":{\"@id\":\"https:\/\/waracomunicaciones.com\/#website\"},\"primaryImageOfPage\":{\"@id\":\"https:\/\/waracomunicaciones.com\/?p=165#primaryimage\"},\"image\":{\"@id\":\"https:\/\/waracomunicaciones.com\/?p=165#primaryimage\"},\"thumbnailUrl\":\"https:\/\/waracomunicaciones.com\/wp-content\/uploads\/2025\/07\/IMG-20250725-WA0087.webp\",\"datePublished\":\"2025-07-26T04:03:57+00:00\",\"dateModified\":\"2025-07-26T10:12:05+00:00\",\"description\":\"El MNR oficializa su respaldo a Maico Moreno y Dolly Carvajal en un acto hist\u00f3rico en Montero. Descubre todos los detalles.\",\"breadcrumb\":{\"@id\":\"https:\/\/waracomunicaciones.com\/?p=165#breadcrumb\"},\"inLanguage\":\"es\",\"potentialAction\":[{\"@type\":\"ReadAction\",\"target\":[\"https:\/\/waracomunicaciones.com\/?p=165\"]}]},{\"@type\":\"ImageObject\",\"inLanguage\":\"es\",\"@id\":\"https:\/\/waracomunicaciones.com\/?p=165#primaryimage\",\"url\":\"https:\/\/waracomunicaciones.com\/wp-content\/uploads\/2025\/07\/IMG-20250725-WA0087.webp\",\"contentUrl\":\"https:\/\/waracomunicaciones.com\/wp-content\/uploads\/2025\/07\/IMG-20250725-WA0087.webp\",\"width\":800,\"height\":533},{\"@type\":\"BreadcrumbList\",\"@id\":\"https:\/\/waracomunicaciones.com\/?p=165#breadcrumb\",\"itemListElement\":[{\"@type\":\"ListItem\",\"position\":1,\"name\":\"Portada\",\"item\":\"https:\/\/waracomunicaciones.com\/\"},{\"@type\":\"ListItem\",\"position\":2,\"name\":\"Maico Moreno y Dolly Carvajal reciben el respaldo del MNR en hist\u00f3rico acto pol\u00edtico en Montero\"}]},{\"@type\":\"WebSite\",\"@id\":\"https:\/\/waracomunicaciones.com\/#website\",\"url\":\"https:\/\/waracomunicaciones.com\/\",\"name\":\"Wara Comunicaciones\",\"description\":\"\",\"publisher\":{\"@id\":\"https:\/\/waracomunicaciones.com\/#organization\"},\"potentialAction\":[{\"@type\":\"SearchAction\",\"target\":{\"@type\":\"EntryPoint\",\"urlTemplate\":\"https:\/\/waracomunicaciones.com\/?s={search_term_string}\"},\"query-input\":{\"@type\":\"PropertyValueSpecification\",\"valueRequired\":true,\"valueName\":\"search_term_string\"}}],\"inLanguage\":\"es\"},{\"@type\":\"Organization\",\"@id\":\"https:\/\/waracomunicaciones.com\/#organization\",\"name\":\"Wara Comunicaciones\",\"url\":\"https:\/\/waracomunicaciones.com\/\",\"logo\":{\"@type\":\"ImageObject\",\"inLanguage\":\"es\",\"@id\":\"https:\/\/waracomunicaciones.com\/#\/schema\/logo\/image\/\",\"url\":\"https:\/\/waracomunicaciones.com\/wp-content\/uploads\/2025\/07\/logo.png\",\"contentUrl\":\"https:\/\/waracomunicaciones.com\/wp-content\/uploads\/2025\/07\/logo.png\",\"width\":400,\"height\":164,\"caption\":\"Wara Comunicaciones\"},\"image\":{\"@id\":\"https:\/\/waracomunicaciones.com\/#\/schema\/logo\/image\/\"},\"sameAs\":[\"https:\/\/www.facebook.com\/waracomunicaciones2017\"]},{\"@type\":\"Person\",\"@id\":\"https:\/\/waracomunicaciones.com\/#\/schema\/person\/e9db934bc91575cc71fe584c5973244a\",\"name\":\"admin\",\"image\":{\"@type\":\"ImageObject\",\"inLanguage\":\"es\",\"@id\":\"https:\/\/waracomunicaciones.com\/#\/schema\/person\/image\/\",\"url\":\"https:\/\/secure.gravatar.com\/avatar\/bf27e9186df568254093afa216f887fece17605302c6ff12f3980422fffa52e6?s=96&d=mm&r=g\",\"contentUrl\":\"https:\/\/secure.gravatar.com\/avatar\/bf27e9186df568254093afa216f887fece17605302c6ff12f3980422fffa52e6?s=96&d=mm&r=g\",\"caption\":\"admin\"},\"sameAs\":[\"https:\/\/waracomunicaciones.com\/wp\"],\"url\":\"https:\/\/waracomunicaciones.com\/?author=1\"}]}<\/script>\n<!-- \/ Yoast SEO Premium plugin. -->","yoast_head_json":{"title":"Maico Moreno y Dolly Carvajal reciben el respaldo del MNR en hist\u00f3rico acto pol\u00edtico en Montero - Wara Comunicaciones","description":"El MNR oficializa su respaldo a Maico Moreno y Dolly Carvajal en un acto hist\u00f3rico en Montero. Descubre todos los detalles.","robots":{"index":"index","follow":"follow","max-snippet":"max-snippet:-1","max-image-preview":"max-image-preview:large","max-video-preview":"max-video-preview:-1"},"canonical":"https:\/\/waracomunicaciones.com\/?p=165","og_locale":"es_ES","og_type":"article","og_title":"Maico Moreno y Dolly Carvajal reciben el respaldo del MNR en hist\u00f3rico acto pol\u00edtico en Montero","og_description":"El MNR oficializa su respaldo a Maico Moreno y Dolly Carvajal en un acto hist\u00f3rico en Montero. Descubre todos los detalles.","og_url":"https:\/\/waracomunicaciones.com\/?p=165","og_site_name":"Wara Comunicaciones","article_publisher":"https:\/\/www.facebook.com\/waracomunicaciones2017","article_published_time":"2025-07-26T04:03:57+00:00","article_modified_time":"2025-07-26T10:12:05+00:00","og_image":[{"width":800,"height":533,"url":"https:\/\/waracomunicaciones.com\/wp-content\/uploads\/2025\/07\/IMG-20250725-WA0087.webp","type":"image\/webp"}],"author":"admin","twitter_card":"summary_large_image","twitter_misc":{"Escrito por":"admin","Tiempo de lectura":"4 minutos"},"schema":{"@context":"https:\/\/schema.org","@graph":[{"@type":"Article","@id":"https:\/\/waracomunicaciones.com\/?p=165#article","isPartOf":{"@id":"https:\/\/waracomunicaciones.com\/?p=165"},"author":{"name":"admin","@id":"https:\/\/waracomunicaciones.com\/#\/schema\/person\/e9db934bc91575cc71fe584c5973244a"},"headline":"Maico Moreno y Dolly Carvajal reciben el respaldo del MNR en hist\u00f3rico acto pol\u00edtico en Montero","datePublished":"2025-07-26T04:03:57+00:00","dateModified":"2025-07-26T10:12:05+00:00","mainEntityOfPage":{"@id":"https:\/\/waracomunicaciones.com\/?p=165"},"wordCount":538,"commentCount":0,"publisher":{"@id":"https:\/\/waracomunicaciones.com\/#organization"},"image":{"@id":"https:\/\/waracomunicaciones.com\/?p=165#primaryimage"},"thumbnailUrl":"https:\/\/waracomunicaciones.com\/wp-content\/uploads\/2025\/07\/IMG-20250725-WA0087.webp","keywords":["Alianza Libre","Dolly Carvajal","Elecciones Nacionales 2025","Maico Moreno Vaca","MNR"],"articleSection":["Pol\u00edtica"],"inLanguage":"es","potentialAction":[{"@type":"CommentAction","name":"Comment","target":["https:\/\/waracomunicaciones.com\/?p=165#respond"]}]},{"@type":"WebPage","@id":"https:\/\/waracomunicaciones.com\/?p=165","url":"https:\/\/waracomunicaciones.com\/?p=165","name":"Maico Moreno y Dolly Carvajal reciben el respaldo del MNR en hist\u00f3rico acto pol\u00edtico en Montero - Wara Comunicaciones","isPartOf":{"@id":"https:\/\/waracomunicaciones.com\/#website"},"primaryImageOfPage":{"@id":"https:\/\/waracomunicaciones.com\/?p=165#primaryimage"},"image":{"@id":"https:\/\/waracomunicaciones.com\/?p=165#primaryimage"},"thumbnailUrl":"https:\/\/waracomunicaciones.com\/wp-content\/uploads\/2025\/07\/IMG-20250725-WA0087.webp","datePublished":"2025-07-26T04:03:57+00:00","dateModified":"2025-07-26T10:12:05+00:00","description":"El MNR oficializa su respaldo a Maico Moreno y Dolly Carvajal en un acto hist\u00f3rico en Montero. Descubre todos los detalles.","breadcrumb":{"@id":"https:\/\/waracomunicaciones.com\/?p=165#breadcrumb"},"inLanguage":"es","potentialAction":[{"@type":"ReadAction","target":["https:\/\/waracomunicaciones.com\/?p=165"]}]},{"@type":"ImageObject","inLanguage":"es","@id":"https:\/\/waracomunicaciones.com\/?p=165#primaryimage","url":"https:\/\/waracomunicaciones.com\/wp-content\/uploads\/2025\/07\/IMG-20250725-WA0087.webp","contentUrl":"https:\/\/waracomunicaciones.com\/wp-content\/uploads\/2025\/07\/IMG-20250725-WA0087.webp","width":800,"height":533},{"@type":"BreadcrumbList","@id":"https:\/\/waracomunicaciones.com\/?p=165#breadcrumb","itemListElement":[{"@type":"ListItem","position":1,"name":"Portada","item":"https:\/\/waracomunicaciones.com\/"},{"@type":"ListItem","position":2,"name":"Maico Moreno y Dolly Carvajal reciben el respaldo del MNR en hist\u00f3rico acto pol\u00edtico en Montero"}]},{"@type":"WebSite","@id":"https:\/\/waracomunicaciones.com\/#website","url":"https:\/\/waracomunicaciones.com\/","name":"Wara Comunicaciones","description":"","publisher":{"@id":"https:\/\/waracomunicaciones.com\/#organization"},"potentialAction":[{"@type":"SearchAction","target":{"@type":"EntryPoint","urlTemplate":"https:\/\/waracomunicaciones.com\/?s={search_term_string}"},"query-input":{"@type":"PropertyValueSpecification","valueRequired":true,"valueName":"search_term_string"}}],"inLanguage":"es"},{"@type":"Organization","@id":"https:\/\/waracomunicaciones.com\/#organization","name":"Wara Comunicaciones","url":"https:\/\/waracomunicaciones.com\/","logo":{"@type":"ImageObject","inLanguage":"es","@id":"https:\/\/waracomunicaciones.com\/#\/schema\/logo\/image\/","url":"https:\/\/waracomunicaciones.com\/wp-content\/uploads\/2025\/07\/logo.png","contentUrl":"https:\/\/waracomunicaciones.com\/wp-content\/uploads\/2025\/07\/logo.png","width":400,"height":164,"caption":"Wara Comunicaciones"},"image":{"@id":"https:\/\/waracomunicaciones.com\/#\/schema\/logo\/image\/"},"sameAs":["https:\/\/www.facebook.com\/waracomunicaciones2017"]},{"@type":"Person","@id":"https:\/\/waracomunicaciones.com\/#\/schema\/person\/e9db934bc91575cc71fe584c5973244a","name":"admin","image":{"@type":"ImageObject","inLanguage":"es","@id":"https:\/\/waracomunicaciones.com\/#\/schema\/person\/image\/","url":"https:\/\/secure.gravatar.com\/avatar\/bf27e9186df568254093afa216f887fece17605302c6ff12f3980422fffa52e6?s=96&d=mm&r=g","contentUrl":"https:\/\/secure.gravatar.com\/avatar\/bf27e9186df568254093afa216f887fece17605302c6ff12f3980422fffa52e6?s=96&d=mm&r=g","caption":"admin"},"sameAs":["https:\/\/waracomunicaciones.com\/wp"],"url":"https:\/\/waracomunicaciones.com\/?author=1"}]}},"_links":{"self":[{"href":"https:\/\/waracomunicaciones.com\/index.php?rest_route=\/wp\/v2\/posts\/165","targetHints":{"allow":["GET"]}}],"collection":[{"href":"https:\/\/waracomunicaciones.com\/index.php?rest_route=\/wp\/v2\/posts"}],"about":[{"href":"https:\/\/waracomunicaciones.com\/index.php?rest_route=\/wp\/v2\/types\/post"}],"author":[{"embeddable":true,"href":"https:\/\/waracomunicaciones.com\/index.php?rest_route=\/wp\/v2\/users\/1"}],"replies":[{"embeddable":true,"href":"https:\/\/waracomunicaciones.com\/index.php?rest_route=%2Fwp%2Fv2%2Fcomments&post=165"}],"version-history":[{"count":1,"href":"https:\/\/waracomunicaciones.com\/index.php?rest_route=\/wp\/v2\/posts\/165\/revisions"}],"predecessor-version":[{"id":170,"href":"https:\/\/waracomunicaciones.com\/index.php?rest_route=\/wp\/v2\/posts\/165\/revisions\/170"}],"wp:featuredmedia":[{"embeddable":true,"href":"https:\/\/waracomunicaciones.com\/index.php?rest_route=\/wp\/v2\/media\/166"}],"wp:attachment":[{"href":"https:\/\/waracomunicaciones.com\/index.php?rest_route=%2Fwp%2Fv2%2Fmedia&parent=165"}],"wp:term":[{"taxonomy":"category","embeddable":true,"href":"https:\/\/waracomunicaciones.com\/index.php?rest_route=%2Fwp%2Fv2%2Fcategories&post=165"},{"taxonomy":"post_tag","embeddable":true,"href":"https:\/\/waracomunicaciones.com\/index.php?rest_route=%2Fwp%2Fv2%2Ftags&post=165"}],"curies":[{"name":"wp","href":"https:\/\/api.w.org\/{rel}","templated":true}]}}