{"id":1602,"date":"2026-03-17T14:41:32","date_gmt":"2026-03-17T18:41:32","guid":{"rendered":"https:\/\/waracomunicaciones.com\/?p=1602"},"modified":"2026-03-17T14:45:34","modified_gmt":"2026-03-17T18:45:34","slug":"montero-basta-de-enganos-es-hora-de-un-cambio-real","status":"publish","type":"post","link":"https:\/\/waracomunicaciones.com\/?p=1602","title":{"rendered":"Montero: basta de enga\u00f1os, es hora de un cambio real"},"content":{"rendered":"<p>Por:\u00a0 \u00a0Yupanqui (Polit\u00f3logo)<br \/>\nMontero no solo necesita un cambio: lo exige. Pero lo que hoy presencia la poblaci\u00f3n no es una disputa democr\u00e1tica transparente, sino un intento deliberado de confundir al electorado con candidaturas que, de antemano, est\u00e1n fuera de carrera.<br \/>\nSeamos claros. Los candidatos de SOL, Karen y Mario Baptista, est\u00e1n inhabilitados. Aun as\u00ed, contin\u00faan llamando a votar, promoviendo una opci\u00f3n que saben perfectamente que no tiene validez legal. \u00bfQu\u00e9 significa esto en la pr\u00e1ctica? Una campa\u00f1a encubierta por el voto nulo. No es un error ni una omisi\u00f3n: es una estrategia. Y esa estrategia termina favoreciendo a quienes hoy detentan el poder municipal.<br \/>\nMientras desde el Tr\u00f3pico se insiste en proclamar candidaturas inviables, en los hechos se tejen alianzas con sectores que hist\u00f3ricamente han representado intereses contrarios al discurso del \u201cproceso de cambio\u201d. Reuniones con actores de la derecha, c\u00edvicos y autoridades vinculadas a espacios como la FINOR evidencian una doble cara: discurso popular hacia afuera, acuerdos de poder hacia adentro.<br \/>\nY no se trata solo de percepciones. Basta observar la continuidad de funcionarios entre gestiones para entender que el cambio nunca fue tal. \u00bfC\u00f3mo se explica que estructuras heredadas sigan intactas? \u00bfC\u00f3mo se justifica que operadores de ayer contin\u00faen hoy? La respuesta es inc\u00f3moda, pero evidente: nunca hubo una ruptura real con las viejas pr\u00e1cticas.<br \/>\nVotar por candidaturas inhabilitadas no es un acto de rebeld\u00eda ni de resistencia. Es, objetivamente, un voto nulo. Y en el contexto actual, eso significa fortalecer a la gesti\u00f3n de Regys y a los intereses pol\u00edticos que representa, pese a una administraci\u00f3n ampliamente cuestionada.<br \/>\nAnte la ca\u00edda de SOL, el escenario se redefine. Y en ese nuevo escenario, emerge una alternativa concreta desde y para la clase popular: \u201cTodos por Montero\u201d, con Santiago Valenzuela como candidato a la alcald\u00eda. No es casual que existan intentos de frenar esta opci\u00f3n. Cuando una propuesta amenaza estructuras de poder, la reacci\u00f3n suele ser inmediata.<br \/>\nAqu\u00ed no hay espacio para ingenuidades. La pol\u00edtica en Montero est\u00e1 en un punto de quiebre. O se opta por un cambio real, con nuevas caras y una representaci\u00f3n genuina de la mayor\u00eda, o se contin\u00faa atrapado en el mismo c\u00edrculo de promesas incumplidas, alianzas contradictorias y postergaci\u00f3n constante.<br \/>\nLa clase popular, que es mayor\u00eda, tiene hoy la responsabilidad hist\u00f3rica de decidir. No se trata solo de votar. Se trata de no dejarse enga\u00f1ar.<br \/>\nMontero merece m\u00e1s. Y ya es hora.<\/p>\n<div style=\"margin-top: 0px; margin-bottom: 0px;\" class=\"sharethis-inline-reaction-buttons\" ><\/div>","protected":false},"excerpt":{"rendered":"<p>Por:\u00a0 \u00a0Yupanqui (Polit\u00f3logo) Montero no solo necesita un cambio: lo exige. Pero lo que hoy presencia la poblaci\u00f3n no es una disputa democr\u00e1tica transparente, sino un intento deliberado de confundir al electorado con candidaturas que, de antemano, est\u00e1n fuera de carrera. Seamos claros. Los candidatos de SOL, Karen y Mario Baptista, est\u00e1n inhabilitados. Aun as\u00ed, [&hellip;]<\/p>\n","protected":false},"author":2,"featured_media":0,"comment_status":"open","ping_status":"open","sticky":false,"template":"","format":"standard","meta":{"footnotes":""},"categories":[5,42],"tags":[],"class_list":["post-1602","post","type-post","status-publish","format-standard","hentry","category-local","category-politica"],"yoast_head":"<!-- This site is optimized with the Yoast SEO Premium plugin v25.5 (Yoast SEO v27.1.1) - https:\/\/yoast.com\/product\/yoast-seo-premium-wordpress\/ -->\n<title>Montero: basta de enga\u00f1os, es hora de un cambio real - Wara Comunicaciones<\/title>\n<meta name=\"robots\" content=\"index, follow, max-snippet:-1, max-image-preview:large, max-video-preview:-1\" \/>\n<link rel=\"canonical\" href=\"https:\/\/waracomunicaciones.com\/?p=1602\" \/>\n<meta property=\"og:locale\" content=\"es_ES\" \/>\n<meta property=\"og:type\" content=\"article\" \/>\n<meta property=\"og:title\" content=\"Montero: basta de enga\u00f1os, es hora de un cambio real\" \/>\n<meta property=\"og:description\" content=\"Por:\u00a0 \u00a0Yupanqui (Polit\u00f3logo) Montero no solo necesita un cambio: lo exige. Pero lo que hoy presencia la poblaci\u00f3n no es una disputa democr\u00e1tica transparente, sino un intento deliberado de confundir al electorado con candidaturas que, de antemano, est\u00e1n fuera de carrera. Seamos claros. Los candidatos de SOL, Karen y Mario Baptista, est\u00e1n inhabilitados. Aun as\u00ed, [&hellip;]\" \/>\n<meta property=\"og:url\" content=\"https:\/\/waracomunicaciones.com\/?p=1602\" \/>\n<meta property=\"og:site_name\" content=\"Wara Comunicaciones\" \/>\n<meta property=\"article:publisher\" content=\"https:\/\/www.facebook.com\/waracomunicaciones2017\" \/>\n<meta property=\"article:published_time\" content=\"2026-03-17T18:41:32+00:00\" \/>\n<meta property=\"article:modified_time\" content=\"2026-03-17T18:45:34+00:00\" \/>\n<meta name=\"author\" content=\"Tom\u00e1s Coca\" \/>\n<meta name=\"twitter:card\" content=\"summary_large_image\" \/>\n<meta name=\"twitter:label1\" content=\"Escrito por\" \/>\n\t<meta name=\"twitter:data1\" content=\"Tom\u00e1s Coca\" \/>\n\t<meta name=\"twitter:label2\" content=\"Tiempo de lectura\" \/>\n\t<meta name=\"twitter:data2\" content=\"2 minutos\" \/>\n<script type=\"application\/ld+json\" class=\"yoast-schema-graph\">{\"@context\":\"https:\/\/schema.org\",\"@graph\":[{\"@type\":\"Article\",\"@id\":\"https:\/\/waracomunicaciones.com\/?p=1602#article\",\"isPartOf\":{\"@id\":\"https:\/\/waracomunicaciones.com\/?p=1602\"},\"author\":{\"name\":\"Tom\u00e1s Coca\",\"@id\":\"https:\/\/waracomunicaciones.com\/#\/schema\/person\/cbfc6e874b874c69982b6f254108e9f0\"},\"headline\":\"Montero: basta de enga\u00f1os, es hora de un cambio real\",\"datePublished\":\"2026-03-17T18:41:32+00:00\",\"dateModified\":\"2026-03-17T18:45:34+00:00\",\"mainEntityOfPage\":{\"@id\":\"https:\/\/waracomunicaciones.com\/?p=1602\"},\"wordCount\":447,\"commentCount\":0,\"publisher\":{\"@id\":\"https:\/\/waracomunicaciones.com\/#organization\"},\"articleSection\":[\"LOCAL\",\"Pol\u00edtica\"],\"inLanguage\":\"es\",\"potentialAction\":[{\"@type\":\"CommentAction\",\"name\":\"Comment\",\"target\":[\"https:\/\/waracomunicaciones.com\/?p=1602#respond\"]}]},{\"@type\":\"WebPage\",\"@id\":\"https:\/\/waracomunicaciones.com\/?p=1602\",\"url\":\"https:\/\/waracomunicaciones.com\/?p=1602\",\"name\":\"Montero: basta de enga\u00f1os, es hora de un cambio real - Wara Comunicaciones\",\"isPartOf\":{\"@id\":\"https:\/\/waracomunicaciones.com\/#website\"},\"datePublished\":\"2026-03-17T18:41:32+00:00\",\"dateModified\":\"2026-03-17T18:45:34+00:00\",\"breadcrumb\":{\"@id\":\"https:\/\/waracomunicaciones.com\/?p=1602#breadcrumb\"},\"inLanguage\":\"es\",\"potentialAction\":[{\"@type\":\"ReadAction\",\"target\":[\"https:\/\/waracomunicaciones.com\/?p=1602\"]}]},{\"@type\":\"BreadcrumbList\",\"@id\":\"https:\/\/waracomunicaciones.com\/?p=1602#breadcrumb\",\"itemListElement\":[{\"@type\":\"ListItem\",\"position\":1,\"name\":\"Portada\",\"item\":\"https:\/\/waracomunicaciones.com\/\"},{\"@type\":\"ListItem\",\"position\":2,\"name\":\"Montero: basta de enga\u00f1os, es hora de un cambio real\"}]},{\"@type\":\"WebSite\",\"@id\":\"https:\/\/waracomunicaciones.com\/#website\",\"url\":\"https:\/\/waracomunicaciones.com\/\",\"name\":\"Wara Comunicaciones\",\"description\":\"\",\"publisher\":{\"@id\":\"https:\/\/waracomunicaciones.com\/#organization\"},\"potentialAction\":[{\"@type\":\"SearchAction\",\"target\":{\"@type\":\"EntryPoint\",\"urlTemplate\":\"https:\/\/waracomunicaciones.com\/?s={search_term_string}\"},\"query-input\":{\"@type\":\"PropertyValueSpecification\",\"valueRequired\":true,\"valueName\":\"search_term_string\"}}],\"inLanguage\":\"es\"},{\"@type\":\"Organization\",\"@id\":\"https:\/\/waracomunicaciones.com\/#organization\",\"name\":\"Wara Comunicaciones\",\"url\":\"https:\/\/waracomunicaciones.com\/\",\"logo\":{\"@type\":\"ImageObject\",\"inLanguage\":\"es\",\"@id\":\"https:\/\/waracomunicaciones.com\/#\/schema\/logo\/image\/\",\"url\":\"https:\/\/waracomunicaciones.com\/wp-content\/uploads\/2025\/07\/logo.png\",\"contentUrl\":\"https:\/\/waracomunicaciones.com\/wp-content\/uploads\/2025\/07\/logo.png\",\"width\":400,\"height\":164,\"caption\":\"Wara Comunicaciones\"},\"image\":{\"@id\":\"https:\/\/waracomunicaciones.com\/#\/schema\/logo\/image\/\"},\"sameAs\":[\"https:\/\/www.facebook.com\/waracomunicaciones2017\"]},{\"@type\":\"Person\",\"@id\":\"https:\/\/waracomunicaciones.com\/#\/schema\/person\/cbfc6e874b874c69982b6f254108e9f0\",\"name\":\"Tom\u00e1s Coca\",\"image\":{\"@type\":\"ImageObject\",\"inLanguage\":\"es\",\"@id\":\"https:\/\/waracomunicaciones.com\/#\/schema\/person\/image\/\",\"url\":\"https:\/\/secure.gravatar.com\/avatar\/482131bd67ce2dac1261229602fd0c47826af81f4ac6608b066b29cac2a6e65d?s=96&d=mm&r=g\",\"contentUrl\":\"https:\/\/secure.gravatar.com\/avatar\/482131bd67ce2dac1261229602fd0c47826af81f4ac6608b066b29cac2a6e65d?s=96&d=mm&r=g\",\"caption\":\"Tom\u00e1s Coca\"},\"sameAs\":[\"https:\/\/waracomunicaciones.com\"],\"url\":\"https:\/\/waracomunicaciones.com\/?author=2\"}]}<\/script>\n<!-- \/ Yoast SEO Premium plugin. -->","yoast_head_json":{"title":"Montero: basta de enga\u00f1os, es hora de un cambio real - Wara Comunicaciones","robots":{"index":"index","follow":"follow","max-snippet":"max-snippet:-1","max-image-preview":"max-image-preview:large","max-video-preview":"max-video-preview:-1"},"canonical":"https:\/\/waracomunicaciones.com\/?p=1602","og_locale":"es_ES","og_type":"article","og_title":"Montero: basta de enga\u00f1os, es hora de un cambio real","og_description":"Por:\u00a0 \u00a0Yupanqui (Polit\u00f3logo) Montero no solo necesita un cambio: lo exige. Pero lo que hoy presencia la poblaci\u00f3n no es una disputa democr\u00e1tica transparente, sino un intento deliberado de confundir al electorado con candidaturas que, de antemano, est\u00e1n fuera de carrera. Seamos claros. Los candidatos de SOL, Karen y Mario Baptista, est\u00e1n inhabilitados. Aun as\u00ed, [&hellip;]","og_url":"https:\/\/waracomunicaciones.com\/?p=1602","og_site_name":"Wara Comunicaciones","article_publisher":"https:\/\/www.facebook.com\/waracomunicaciones2017","article_published_time":"2026-03-17T18:41:32+00:00","article_modified_time":"2026-03-17T18:45:34+00:00","author":"Tom\u00e1s Coca","twitter_card":"summary_large_image","twitter_misc":{"Escrito por":"Tom\u00e1s Coca","Tiempo de lectura":"2 minutos"},"schema":{"@context":"https:\/\/schema.org","@graph":[{"@type":"Article","@id":"https:\/\/waracomunicaciones.com\/?p=1602#article","isPartOf":{"@id":"https:\/\/waracomunicaciones.com\/?p=1602"},"author":{"name":"Tom\u00e1s Coca","@id":"https:\/\/waracomunicaciones.com\/#\/schema\/person\/cbfc6e874b874c69982b6f254108e9f0"},"headline":"Montero: basta de enga\u00f1os, es hora de un cambio real","datePublished":"2026-03-17T18:41:32+00:00","dateModified":"2026-03-17T18:45:34+00:00","mainEntityOfPage":{"@id":"https:\/\/waracomunicaciones.com\/?p=1602"},"wordCount":447,"commentCount":0,"publisher":{"@id":"https:\/\/waracomunicaciones.com\/#organization"},"articleSection":["LOCAL","Pol\u00edtica"],"inLanguage":"es","potentialAction":[{"@type":"CommentAction","name":"Comment","target":["https:\/\/waracomunicaciones.com\/?p=1602#respond"]}]},{"@type":"WebPage","@id":"https:\/\/waracomunicaciones.com\/?p=1602","url":"https:\/\/waracomunicaciones.com\/?p=1602","name":"Montero: basta de enga\u00f1os, es hora de un cambio real - Wara Comunicaciones","isPartOf":{"@id":"https:\/\/waracomunicaciones.com\/#website"},"datePublished":"2026-03-17T18:41:32+00:00","dateModified":"2026-03-17T18:45:34+00:00","breadcrumb":{"@id":"https:\/\/waracomunicaciones.com\/?p=1602#breadcrumb"},"inLanguage":"es","potentialAction":[{"@type":"ReadAction","target":["https:\/\/waracomunicaciones.com\/?p=1602"]}]},{"@type":"BreadcrumbList","@id":"https:\/\/waracomunicaciones.com\/?p=1602#breadcrumb","itemListElement":[{"@type":"ListItem","position":1,"name":"Portada","item":"https:\/\/waracomunicaciones.com\/"},{"@type":"ListItem","position":2,"name":"Montero: basta de enga\u00f1os, es hora de un cambio real"}]},{"@type":"WebSite","@id":"https:\/\/waracomunicaciones.com\/#website","url":"https:\/\/waracomunicaciones.com\/","name":"Wara Comunicaciones","description":"","publisher":{"@id":"https:\/\/waracomunicaciones.com\/#organization"},"potentialAction":[{"@type":"SearchAction","target":{"@type":"EntryPoint","urlTemplate":"https:\/\/waracomunicaciones.com\/?s={search_term_string}"},"query-input":{"@type":"PropertyValueSpecification","valueRequired":true,"valueName":"search_term_string"}}],"inLanguage":"es"},{"@type":"Organization","@id":"https:\/\/waracomunicaciones.com\/#organization","name":"Wara Comunicaciones","url":"https:\/\/waracomunicaciones.com\/","logo":{"@type":"ImageObject","inLanguage":"es","@id":"https:\/\/waracomunicaciones.com\/#\/schema\/logo\/image\/","url":"https:\/\/waracomunicaciones.com\/wp-content\/uploads\/2025\/07\/logo.png","contentUrl":"https:\/\/waracomunicaciones.com\/wp-content\/uploads\/2025\/07\/logo.png","width":400,"height":164,"caption":"Wara Comunicaciones"},"image":{"@id":"https:\/\/waracomunicaciones.com\/#\/schema\/logo\/image\/"},"sameAs":["https:\/\/www.facebook.com\/waracomunicaciones2017"]},{"@type":"Person","@id":"https:\/\/waracomunicaciones.com\/#\/schema\/person\/cbfc6e874b874c69982b6f254108e9f0","name":"Tom\u00e1s Coca","image":{"@type":"ImageObject","inLanguage":"es","@id":"https:\/\/waracomunicaciones.com\/#\/schema\/person\/image\/","url":"https:\/\/secure.gravatar.com\/avatar\/482131bd67ce2dac1261229602fd0c47826af81f4ac6608b066b29cac2a6e65d?s=96&d=mm&r=g","contentUrl":"https:\/\/secure.gravatar.com\/avatar\/482131bd67ce2dac1261229602fd0c47826af81f4ac6608b066b29cac2a6e65d?s=96&d=mm&r=g","caption":"Tom\u00e1s Coca"},"sameAs":["https:\/\/waracomunicaciones.com"],"url":"https:\/\/waracomunicaciones.com\/?author=2"}]}},"_links":{"self":[{"href":"https:\/\/waracomunicaciones.com\/index.php?rest_route=\/wp\/v2\/posts\/1602","targetHints":{"allow":["GET"]}}],"collection":[{"href":"https:\/\/waracomunicaciones.com\/index.php?rest_route=\/wp\/v2\/posts"}],"about":[{"href":"https:\/\/waracomunicaciones.com\/index.php?rest_route=\/wp\/v2\/types\/post"}],"author":[{"embeddable":true,"href":"https:\/\/waracomunicaciones.com\/index.php?rest_route=\/wp\/v2\/users\/2"}],"replies":[{"embeddable":true,"href":"https:\/\/waracomunicaciones.com\/index.php?rest_route=%2Fwp%2Fv2%2Fcomments&post=1602"}],"version-history":[{"count":2,"href":"https:\/\/waracomunicaciones.com\/index.php?rest_route=\/wp\/v2\/posts\/1602\/revisions"}],"predecessor-version":[{"id":1605,"href":"https:\/\/waracomunicaciones.com\/index.php?rest_route=\/wp\/v2\/posts\/1602\/revisions\/1605"}],"wp:attachment":[{"href":"https:\/\/waracomunicaciones.com\/index.php?rest_route=%2Fwp%2Fv2%2Fmedia&parent=1602"}],"wp:term":[{"taxonomy":"category","embeddable":true,"href":"https:\/\/waracomunicaciones.com\/index.php?rest_route=%2Fwp%2Fv2%2Fcategories&post=1602"},{"taxonomy":"post_tag","embeddable":true,"href":"https:\/\/waracomunicaciones.com\/index.php?rest_route=%2Fwp%2Fv2%2Ftags&post=1602"}],"curies":[{"name":"wp","href":"https:\/\/api.w.org\/{rel}","templated":true}]}}