{"id":1599,"date":"2026-03-17T12:51:10","date_gmt":"2026-03-17T16:51:10","guid":{"rendered":"https:\/\/waracomunicaciones.com\/?p=1599"},"modified":"2026-03-17T12:51:11","modified_gmt":"2026-03-17T16:51:11","slug":"montero-ante-una-decision-clave-entre-el-cambio-real-y-la-confusion-politica","status":"publish","type":"post","link":"https:\/\/waracomunicaciones.com\/?p=1599","title":{"rendered":"Montero ante una decisi\u00f3n clave: entre el cambio real y la confusi\u00f3n pol\u00edtica"},"content":{"rendered":"\n\n\n<figure class=\"wp-block-image size-full is-resized\"><img loading=\"lazy\" decoding=\"async\" width=\"745\" height=\"859\" src=\"https:\/\/waracomunicaciones.com\/wp-content\/uploads\/2026\/03\/Agustin-Dos-17-mar-26.jpg\" alt=\"\" class=\"wp-image-1600\" style=\"aspect-ratio:0.8672924993029092;width:277px;height:auto\" srcset=\"https:\/\/waracomunicaciones.com\/wp-content\/uploads\/2026\/03\/Agustin-Dos-17-mar-26.jpg 745w, https:\/\/waracomunicaciones.com\/wp-content\/uploads\/2026\/03\/Agustin-Dos-17-mar-26-260x300.jpg 260w\" sizes=\"auto, (max-width: 745px) 100vw, 745px\" \/><\/figure>\n\n\n\n\n\n<p>Por: Agust\u00edn Vargas (Ingeniero del Agua)<\/p>\n\n\n\n<p>Montero atraviesa un momento decisivo en su historia pol\u00edtica. La necesidad de un cambio estructural es evidente para amplios sectores de la poblaci\u00f3n, especialmente para la clase popular que, durante a\u00f1os, ha sido relegada en el desarrollo del municipio. Sin embargo, en medio de esta coyuntura, surgen estrategias que lejos de aclarar el panorama, buscan generar confusi\u00f3n en el electorado.<\/p>\n\n\n\n<p>La situaci\u00f3n de los candidatos Karen y Mario Baptista es un claro ejemplo de ello. Ambos, pese a estar inhabilitados, contin\u00faan promoviendo la participaci\u00f3n electoral bajo su sigla, lo que en la pr\u00e1ctica se traduce en incentivar el voto nulo. Esta acci\u00f3n no solo desorienta a la poblaci\u00f3n, sino que tambi\u00e9n termina favoreciendo indirectamente a las estructuras de poder ya establecidas.<\/p>\n\n\n\n<p>Resulta contradictorio que, mientras desde el Tr\u00f3pico se proclama una candidatura que carece de viabilidad legal, paralelamente existan v\u00ednculos y acercamientos con sectores de la derecha, c\u00edvicos y actores institucionales cuestionados. Estas alianzas evidencian una incoherencia pol\u00edtica que pone en duda el verdadero compromiso con el denominado \u201cproceso de cambio\u201d.<\/p>\n\n\n\n<p>M\u00e1s preocupante a\u00fan es la persistencia de estructuras administrativas que parecen no haber sido transformadas. La continuidad de funcionarios vinculados a gestiones pasadas refleja que los cambios prometidos nunca se materializaron, consolidando un sistema que ha mantenido a Montero en una posici\u00f3n secundaria dentro del departamento.<\/p>\n\n\n\n<p>En este contexto, la inhabilitaci\u00f3n de la sigla SOL redefine el escenario electoral. Para el electorado popular, surge la necesidad de optar por una alternativa viable que represente verdaderamente sus intereses. La candidatura de \u201cTodos por Montero\u201d, encabezada por Santiago Valenzuela, aparece como una opci\u00f3n que busca canalizar las demandas de los sectores hist\u00f3ricamente postergados.<\/p>\n\n\n\n<p>No obstante, tambi\u00e9n es evidente que existen intereses orientados a impedir el fortalecimiento de esta alternativa, lo que podr\u00eda beneficiar a la actual estructura de poder representada por Regys y sus aliados. De ser as\u00ed, la estrategia de promover candidaturas inviables no ser\u00eda un error pol\u00edtico, sino una acci\u00f3n deliberada.<\/p>\n\n\n\n<p>La decisi\u00f3n final recae en la ciudadan\u00eda. La clase popular, mayoritaria en Montero, enfrenta la disyuntiva entre apostar por un cambio real o continuar en un ciclo de postergaci\u00f3n. En tiempos de incertidumbre, la informaci\u00f3n clara y el an\u00e1lisis cr\u00edtico se vuelven herramientas fundamentales para evitar caer en estrategias que distorsionan la voluntad democr\u00e1tica.<\/p>\n\n\n\n<p>Montero no solo necesita votar; necesita elegir con conciencia.<\/p>\n<div style=\"margin-top: 0px; margin-bottom: 0px;\" class=\"sharethis-inline-reaction-buttons\" ><\/div>","protected":false},"excerpt":{"rendered":"<p>Por: Agust\u00edn Vargas (Ingeniero del Agua) Montero atraviesa un momento decisivo en su historia pol\u00edtica. La necesidad de un cambio estructural es evidente para amplios sectores de la poblaci\u00f3n, especialmente para la clase popular que, durante a\u00f1os, ha sido relegada en el desarrollo del municipio. Sin embargo, en medio de esta coyuntura, surgen estrategias que [&hellip;]<\/p>\n","protected":false},"author":2,"featured_media":0,"comment_status":"open","ping_status":"open","sticky":false,"template":"","format":"standard","meta":{"footnotes":""},"categories":[5,42],"tags":[],"class_list":["post-1599","post","type-post","status-publish","format-standard","hentry","category-local","category-politica"],"yoast_head":"<!-- This site is optimized with the Yoast SEO Premium plugin v25.5 (Yoast SEO v27.1.1) - https:\/\/yoast.com\/product\/yoast-seo-premium-wordpress\/ -->\n<title>Montero ante una decisi\u00f3n clave: entre el cambio real y la confusi\u00f3n pol\u00edtica - Wara Comunicaciones<\/title>\n<meta name=\"robots\" content=\"index, follow, max-snippet:-1, max-image-preview:large, max-video-preview:-1\" \/>\n<link rel=\"canonical\" href=\"https:\/\/waracomunicaciones.com\/?p=1599\" \/>\n<meta property=\"og:locale\" content=\"es_ES\" \/>\n<meta property=\"og:type\" content=\"article\" \/>\n<meta property=\"og:title\" content=\"Montero ante una decisi\u00f3n clave: entre el cambio real y la confusi\u00f3n pol\u00edtica\" \/>\n<meta property=\"og:description\" content=\"Por: Agust\u00edn Vargas (Ingeniero del Agua) Montero atraviesa un momento decisivo en su historia pol\u00edtica. La necesidad de un cambio estructural es evidente para amplios sectores de la poblaci\u00f3n, especialmente para la clase popular que, durante a\u00f1os, ha sido relegada en el desarrollo del municipio. Sin embargo, en medio de esta coyuntura, surgen estrategias que [&hellip;]\" \/>\n<meta property=\"og:url\" content=\"https:\/\/waracomunicaciones.com\/?p=1599\" \/>\n<meta property=\"og:site_name\" content=\"Wara Comunicaciones\" \/>\n<meta property=\"article:publisher\" content=\"https:\/\/www.facebook.com\/waracomunicaciones2017\" \/>\n<meta property=\"article:published_time\" content=\"2026-03-17T16:51:10+00:00\" \/>\n<meta property=\"article:modified_time\" content=\"2026-03-17T16:51:11+00:00\" \/>\n<meta property=\"og:image\" content=\"https:\/\/waracomunicaciones.com\/wp-content\/uploads\/2026\/03\/Agustin-Dos-17-mar-26.jpg\" \/>\n\t<meta property=\"og:image:width\" content=\"745\" \/>\n\t<meta property=\"og:image:height\" content=\"859\" \/>\n\t<meta property=\"og:image:type\" content=\"image\/jpeg\" \/>\n<meta name=\"author\" content=\"Tom\u00e1s Coca\" \/>\n<meta name=\"twitter:card\" content=\"summary_large_image\" \/>\n<meta name=\"twitter:label1\" content=\"Escrito por\" \/>\n\t<meta name=\"twitter:data1\" content=\"Tom\u00e1s Coca\" \/>\n\t<meta name=\"twitter:label2\" content=\"Tiempo de lectura\" \/>\n\t<meta name=\"twitter:data2\" content=\"2 minutos\" \/>\n<script type=\"application\/ld+json\" class=\"yoast-schema-graph\">{\"@context\":\"https:\/\/schema.org\",\"@graph\":[{\"@type\":\"Article\",\"@id\":\"https:\/\/waracomunicaciones.com\/?p=1599#article\",\"isPartOf\":{\"@id\":\"https:\/\/waracomunicaciones.com\/?p=1599\"},\"author\":{\"name\":\"Tom\u00e1s Coca\",\"@id\":\"https:\/\/waracomunicaciones.com\/#\/schema\/person\/cbfc6e874b874c69982b6f254108e9f0\"},\"headline\":\"Montero ante una decisi\u00f3n clave: entre el cambio real y la confusi\u00f3n pol\u00edtica\",\"datePublished\":\"2026-03-17T16:51:10+00:00\",\"dateModified\":\"2026-03-17T16:51:11+00:00\",\"mainEntityOfPage\":{\"@id\":\"https:\/\/waracomunicaciones.com\/?p=1599\"},\"wordCount\":441,\"commentCount\":0,\"publisher\":{\"@id\":\"https:\/\/waracomunicaciones.com\/#organization\"},\"image\":{\"@id\":\"https:\/\/waracomunicaciones.com\/?p=1599#primaryimage\"},\"thumbnailUrl\":\"https:\/\/waracomunicaciones.com\/wp-content\/uploads\/2026\/03\/Agustin-Dos-17-mar-26.jpg\",\"articleSection\":[\"LOCAL\",\"Pol\u00edtica\"],\"inLanguage\":\"es\",\"potentialAction\":[{\"@type\":\"CommentAction\",\"name\":\"Comment\",\"target\":[\"https:\/\/waracomunicaciones.com\/?p=1599#respond\"]}]},{\"@type\":\"WebPage\",\"@id\":\"https:\/\/waracomunicaciones.com\/?p=1599\",\"url\":\"https:\/\/waracomunicaciones.com\/?p=1599\",\"name\":\"Montero ante una decisi\u00f3n clave: entre el cambio real y la confusi\u00f3n pol\u00edtica - Wara Comunicaciones\",\"isPartOf\":{\"@id\":\"https:\/\/waracomunicaciones.com\/#website\"},\"primaryImageOfPage\":{\"@id\":\"https:\/\/waracomunicaciones.com\/?p=1599#primaryimage\"},\"image\":{\"@id\":\"https:\/\/waracomunicaciones.com\/?p=1599#primaryimage\"},\"thumbnailUrl\":\"https:\/\/waracomunicaciones.com\/wp-content\/uploads\/2026\/03\/Agustin-Dos-17-mar-26.jpg\",\"datePublished\":\"2026-03-17T16:51:10+00:00\",\"dateModified\":\"2026-03-17T16:51:11+00:00\",\"breadcrumb\":{\"@id\":\"https:\/\/waracomunicaciones.com\/?p=1599#breadcrumb\"},\"inLanguage\":\"es\",\"potentialAction\":[{\"@type\":\"ReadAction\",\"target\":[\"https:\/\/waracomunicaciones.com\/?p=1599\"]}]},{\"@type\":\"ImageObject\",\"inLanguage\":\"es\",\"@id\":\"https:\/\/waracomunicaciones.com\/?p=1599#primaryimage\",\"url\":\"https:\/\/waracomunicaciones.com\/wp-content\/uploads\/2026\/03\/Agustin-Dos-17-mar-26.jpg\",\"contentUrl\":\"https:\/\/waracomunicaciones.com\/wp-content\/uploads\/2026\/03\/Agustin-Dos-17-mar-26.jpg\",\"width\":745,\"height\":859},{\"@type\":\"BreadcrumbList\",\"@id\":\"https:\/\/waracomunicaciones.com\/?p=1599#breadcrumb\",\"itemListElement\":[{\"@type\":\"ListItem\",\"position\":1,\"name\":\"Portada\",\"item\":\"https:\/\/waracomunicaciones.com\/\"},{\"@type\":\"ListItem\",\"position\":2,\"name\":\"Montero ante una decisi\u00f3n clave: entre el cambio real y la confusi\u00f3n pol\u00edtica\"}]},{\"@type\":\"WebSite\",\"@id\":\"https:\/\/waracomunicaciones.com\/#website\",\"url\":\"https:\/\/waracomunicaciones.com\/\",\"name\":\"Wara Comunicaciones\",\"description\":\"\",\"publisher\":{\"@id\":\"https:\/\/waracomunicaciones.com\/#organization\"},\"potentialAction\":[{\"@type\":\"SearchAction\",\"target\":{\"@type\":\"EntryPoint\",\"urlTemplate\":\"https:\/\/waracomunicaciones.com\/?s={search_term_string}\"},\"query-input\":{\"@type\":\"PropertyValueSpecification\",\"valueRequired\":true,\"valueName\":\"search_term_string\"}}],\"inLanguage\":\"es\"},{\"@type\":\"Organization\",\"@id\":\"https:\/\/waracomunicaciones.com\/#organization\",\"name\":\"Wara Comunicaciones\",\"url\":\"https:\/\/waracomunicaciones.com\/\",\"logo\":{\"@type\":\"ImageObject\",\"inLanguage\":\"es\",\"@id\":\"https:\/\/waracomunicaciones.com\/#\/schema\/logo\/image\/\",\"url\":\"https:\/\/waracomunicaciones.com\/wp-content\/uploads\/2025\/07\/logo.png\",\"contentUrl\":\"https:\/\/waracomunicaciones.com\/wp-content\/uploads\/2025\/07\/logo.png\",\"width\":400,\"height\":164,\"caption\":\"Wara Comunicaciones\"},\"image\":{\"@id\":\"https:\/\/waracomunicaciones.com\/#\/schema\/logo\/image\/\"},\"sameAs\":[\"https:\/\/www.facebook.com\/waracomunicaciones2017\"]},{\"@type\":\"Person\",\"@id\":\"https:\/\/waracomunicaciones.com\/#\/schema\/person\/cbfc6e874b874c69982b6f254108e9f0\",\"name\":\"Tom\u00e1s Coca\",\"image\":{\"@type\":\"ImageObject\",\"inLanguage\":\"es\",\"@id\":\"https:\/\/waracomunicaciones.com\/#\/schema\/person\/image\/\",\"url\":\"https:\/\/secure.gravatar.com\/avatar\/482131bd67ce2dac1261229602fd0c47826af81f4ac6608b066b29cac2a6e65d?s=96&d=mm&r=g\",\"contentUrl\":\"https:\/\/secure.gravatar.com\/avatar\/482131bd67ce2dac1261229602fd0c47826af81f4ac6608b066b29cac2a6e65d?s=96&d=mm&r=g\",\"caption\":\"Tom\u00e1s Coca\"},\"sameAs\":[\"https:\/\/waracomunicaciones.com\"],\"url\":\"https:\/\/waracomunicaciones.com\/?author=2\"}]}<\/script>\n<!-- \/ Yoast SEO Premium plugin. -->","yoast_head_json":{"title":"Montero ante una decisi\u00f3n clave: entre el cambio real y la confusi\u00f3n pol\u00edtica - Wara Comunicaciones","robots":{"index":"index","follow":"follow","max-snippet":"max-snippet:-1","max-image-preview":"max-image-preview:large","max-video-preview":"max-video-preview:-1"},"canonical":"https:\/\/waracomunicaciones.com\/?p=1599","og_locale":"es_ES","og_type":"article","og_title":"Montero ante una decisi\u00f3n clave: entre el cambio real y la confusi\u00f3n pol\u00edtica","og_description":"Por: Agust\u00edn Vargas (Ingeniero del Agua) Montero atraviesa un momento decisivo en su historia pol\u00edtica. La necesidad de un cambio estructural es evidente para amplios sectores de la poblaci\u00f3n, especialmente para la clase popular que, durante a\u00f1os, ha sido relegada en el desarrollo del municipio. Sin embargo, en medio de esta coyuntura, surgen estrategias que [&hellip;]","og_url":"https:\/\/waracomunicaciones.com\/?p=1599","og_site_name":"Wara Comunicaciones","article_publisher":"https:\/\/www.facebook.com\/waracomunicaciones2017","article_published_time":"2026-03-17T16:51:10+00:00","article_modified_time":"2026-03-17T16:51:11+00:00","og_image":[{"width":745,"height":859,"url":"https:\/\/waracomunicaciones.com\/wp-content\/uploads\/2026\/03\/Agustin-Dos-17-mar-26.jpg","type":"image\/jpeg"}],"author":"Tom\u00e1s Coca","twitter_card":"summary_large_image","twitter_misc":{"Escrito por":"Tom\u00e1s Coca","Tiempo de lectura":"2 minutos"},"schema":{"@context":"https:\/\/schema.org","@graph":[{"@type":"Article","@id":"https:\/\/waracomunicaciones.com\/?p=1599#article","isPartOf":{"@id":"https:\/\/waracomunicaciones.com\/?p=1599"},"author":{"name":"Tom\u00e1s Coca","@id":"https:\/\/waracomunicaciones.com\/#\/schema\/person\/cbfc6e874b874c69982b6f254108e9f0"},"headline":"Montero ante una decisi\u00f3n clave: entre el cambio real y la confusi\u00f3n pol\u00edtica","datePublished":"2026-03-17T16:51:10+00:00","dateModified":"2026-03-17T16:51:11+00:00","mainEntityOfPage":{"@id":"https:\/\/waracomunicaciones.com\/?p=1599"},"wordCount":441,"commentCount":0,"publisher":{"@id":"https:\/\/waracomunicaciones.com\/#organization"},"image":{"@id":"https:\/\/waracomunicaciones.com\/?p=1599#primaryimage"},"thumbnailUrl":"https:\/\/waracomunicaciones.com\/wp-content\/uploads\/2026\/03\/Agustin-Dos-17-mar-26.jpg","articleSection":["LOCAL","Pol\u00edtica"],"inLanguage":"es","potentialAction":[{"@type":"CommentAction","name":"Comment","target":["https:\/\/waracomunicaciones.com\/?p=1599#respond"]}]},{"@type":"WebPage","@id":"https:\/\/waracomunicaciones.com\/?p=1599","url":"https:\/\/waracomunicaciones.com\/?p=1599","name":"Montero ante una decisi\u00f3n clave: entre el cambio real y la confusi\u00f3n pol\u00edtica - Wara Comunicaciones","isPartOf":{"@id":"https:\/\/waracomunicaciones.com\/#website"},"primaryImageOfPage":{"@id":"https:\/\/waracomunicaciones.com\/?p=1599#primaryimage"},"image":{"@id":"https:\/\/waracomunicaciones.com\/?p=1599#primaryimage"},"thumbnailUrl":"https:\/\/waracomunicaciones.com\/wp-content\/uploads\/2026\/03\/Agustin-Dos-17-mar-26.jpg","datePublished":"2026-03-17T16:51:10+00:00","dateModified":"2026-03-17T16:51:11+00:00","breadcrumb":{"@id":"https:\/\/waracomunicaciones.com\/?p=1599#breadcrumb"},"inLanguage":"es","potentialAction":[{"@type":"ReadAction","target":["https:\/\/waracomunicaciones.com\/?p=1599"]}]},{"@type":"ImageObject","inLanguage":"es","@id":"https:\/\/waracomunicaciones.com\/?p=1599#primaryimage","url":"https:\/\/waracomunicaciones.com\/wp-content\/uploads\/2026\/03\/Agustin-Dos-17-mar-26.jpg","contentUrl":"https:\/\/waracomunicaciones.com\/wp-content\/uploads\/2026\/03\/Agustin-Dos-17-mar-26.jpg","width":745,"height":859},{"@type":"BreadcrumbList","@id":"https:\/\/waracomunicaciones.com\/?p=1599#breadcrumb","itemListElement":[{"@type":"ListItem","position":1,"name":"Portada","item":"https:\/\/waracomunicaciones.com\/"},{"@type":"ListItem","position":2,"name":"Montero ante una decisi\u00f3n clave: entre el cambio real y la confusi\u00f3n pol\u00edtica"}]},{"@type":"WebSite","@id":"https:\/\/waracomunicaciones.com\/#website","url":"https:\/\/waracomunicaciones.com\/","name":"Wara Comunicaciones","description":"","publisher":{"@id":"https:\/\/waracomunicaciones.com\/#organization"},"potentialAction":[{"@type":"SearchAction","target":{"@type":"EntryPoint","urlTemplate":"https:\/\/waracomunicaciones.com\/?s={search_term_string}"},"query-input":{"@type":"PropertyValueSpecification","valueRequired":true,"valueName":"search_term_string"}}],"inLanguage":"es"},{"@type":"Organization","@id":"https:\/\/waracomunicaciones.com\/#organization","name":"Wara Comunicaciones","url":"https:\/\/waracomunicaciones.com\/","logo":{"@type":"ImageObject","inLanguage":"es","@id":"https:\/\/waracomunicaciones.com\/#\/schema\/logo\/image\/","url":"https:\/\/waracomunicaciones.com\/wp-content\/uploads\/2025\/07\/logo.png","contentUrl":"https:\/\/waracomunicaciones.com\/wp-content\/uploads\/2025\/07\/logo.png","width":400,"height":164,"caption":"Wara Comunicaciones"},"image":{"@id":"https:\/\/waracomunicaciones.com\/#\/schema\/logo\/image\/"},"sameAs":["https:\/\/www.facebook.com\/waracomunicaciones2017"]},{"@type":"Person","@id":"https:\/\/waracomunicaciones.com\/#\/schema\/person\/cbfc6e874b874c69982b6f254108e9f0","name":"Tom\u00e1s Coca","image":{"@type":"ImageObject","inLanguage":"es","@id":"https:\/\/waracomunicaciones.com\/#\/schema\/person\/image\/","url":"https:\/\/secure.gravatar.com\/avatar\/482131bd67ce2dac1261229602fd0c47826af81f4ac6608b066b29cac2a6e65d?s=96&d=mm&r=g","contentUrl":"https:\/\/secure.gravatar.com\/avatar\/482131bd67ce2dac1261229602fd0c47826af81f4ac6608b066b29cac2a6e65d?s=96&d=mm&r=g","caption":"Tom\u00e1s Coca"},"sameAs":["https:\/\/waracomunicaciones.com"],"url":"https:\/\/waracomunicaciones.com\/?author=2"}]}},"_links":{"self":[{"href":"https:\/\/waracomunicaciones.com\/index.php?rest_route=\/wp\/v2\/posts\/1599","targetHints":{"allow":["GET"]}}],"collection":[{"href":"https:\/\/waracomunicaciones.com\/index.php?rest_route=\/wp\/v2\/posts"}],"about":[{"href":"https:\/\/waracomunicaciones.com\/index.php?rest_route=\/wp\/v2\/types\/post"}],"author":[{"embeddable":true,"href":"https:\/\/waracomunicaciones.com\/index.php?rest_route=\/wp\/v2\/users\/2"}],"replies":[{"embeddable":true,"href":"https:\/\/waracomunicaciones.com\/index.php?rest_route=%2Fwp%2Fv2%2Fcomments&post=1599"}],"version-history":[{"count":1,"href":"https:\/\/waracomunicaciones.com\/index.php?rest_route=\/wp\/v2\/posts\/1599\/revisions"}],"predecessor-version":[{"id":1601,"href":"https:\/\/waracomunicaciones.com\/index.php?rest_route=\/wp\/v2\/posts\/1599\/revisions\/1601"}],"wp:attachment":[{"href":"https:\/\/waracomunicaciones.com\/index.php?rest_route=%2Fwp%2Fv2%2Fmedia&parent=1599"}],"wp:term":[{"taxonomy":"category","embeddable":true,"href":"https:\/\/waracomunicaciones.com\/index.php?rest_route=%2Fwp%2Fv2%2Fcategories&post=1599"},{"taxonomy":"post_tag","embeddable":true,"href":"https:\/\/waracomunicaciones.com\/index.php?rest_route=%2Fwp%2Fv2%2Ftags&post=1599"}],"curies":[{"name":"wp","href":"https:\/\/api.w.org\/{rel}","templated":true}]}}