{"id":1588,"date":"2026-03-16T19:41:38","date_gmt":"2026-03-16T23:41:38","guid":{"rendered":"https:\/\/waracomunicaciones.com\/?p=1588"},"modified":"2026-03-16T19:41:40","modified_gmt":"2026-03-16T23:41:40","slug":"nuil-respalda-candidatura-de-santiago-valenzuela-y-critica-abandono-del-parque-industrial-de-montero","status":"publish","type":"post","link":"https:\/\/waracomunicaciones.com\/?p=1588","title":{"rendered":"NUIL respalda candidatura de Santiago Valenzuela y critica abandono del parque industrial de Montero"},"content":{"rendered":"\n<figure class=\"wp-block-image size-full\"><img loading=\"lazy\" decoding=\"async\" width=\"1022\" height=\"789\" src=\"https:\/\/waracomunicaciones.com\/wp-content\/uploads\/2026\/03\/NUIL-16-mar-26.webp\" alt=\"\" class=\"wp-image-1589\" srcset=\"https:\/\/waracomunicaciones.com\/wp-content\/uploads\/2026\/03\/NUIL-16-mar-26.webp 1022w, https:\/\/waracomunicaciones.com\/wp-content\/uploads\/2026\/03\/NUIL-16-mar-26-300x232.webp 300w, https:\/\/waracomunicaciones.com\/wp-content\/uploads\/2026\/03\/NUIL-16-mar-26-768x593.webp 768w\" sizes=\"auto, (max-width: 1022px) 100vw, 1022px\" \/><figcaption class=\"wp-element-caption\">Cristian, Santiago, Representante de los estibadores del parque y Nelson Villaroel<\/figcaption><\/figure>\n\n\n<p><strong>Montero 16 marzo 2026.-<\/strong> El representante regional de la agrupaci\u00f3n <strong>NUIL (Nuevas Ideas con Libertad)<\/strong>, Nelson Villarroel, expres\u00f3 duras cr\u00edticas a la gesti\u00f3n municipal y manifest\u00f3 su respaldo pol\u00edtico a la candidatura del concejal <strong>Santiago Valenzuela<\/strong>, postulante a la Alcald\u00eda de Montero por la alianza <strong>Todos<\/strong>, durante un acto pol\u00edtico realizado con militantes y simpatizantes.<\/p>\n<p>Villarroel cuestion\u00f3 el estado del parque industrial y de las v\u00edas de acceso, se\u00f1alando que el sector productivo se encuentra en abandono pese a su aporte econ\u00f3mico al municipio. \u201cLo que hemos visto aqu\u00ed en el parque industrial, las calles, es un desastre. Solamente los pol\u00edticos se han dedicado a vender terrenos. Hay que decirlo claro, no tenemos miedo\u201d, afirm\u00f3.<\/p>\n<p>El dirigente lament\u00f3 que a diario se registren problemas con el transporte pesado en la zona. \u201cTodos los d\u00edas vemos camiones volcados o plantados. Es una pena porque el parque industrial aporta mucho, genera empleo, pero lamentablemente las autoridades se olvidaron de este sector y se dedicaron a negociar\u201d, sostuvo.<\/p>\n<p>En ese marco, Villarroel anunci\u00f3 que <strong>NUIL<\/strong> se suma a la lucha pol\u00edtica en Montero y expres\u00f3 su respaldo al vicepresidente del pa\u00eds, <strong>Edman Lara<\/strong>, asegurando que no se encuentra solo y que continuar\u00e1 recibiendo apoyo de diferentes sectores.<\/p>\n<p>Asimismo, pidi\u00f3 a las futuras autoridades municipales que no olviden las necesidades del parque industrial ni de los barrios perif\u00e9ricos, donde \u2014seg\u00fan afirm\u00f3\u2014 existen zonas a las que ni siquiera se puede ingresar caminando debido al deterioro de las calles.<\/p>\n<p>Durante su intervenci\u00f3n tambi\u00e9n exhort\u00f3 a los votantes a no dispersar su apoyo electoral y cuestion\u00f3 la continuidad de otras agrupaciones pol\u00edticas como SOL en la contienda. \u201cNo podemos desperdiciar nuestro voto. Un voto es mucho para nosotros\u201d, manifest\u00f3.<\/p>\n<p>Por su parte, el concejal y candidato a la Alcald\u00eda, <strong>Santiago Valenzuela<\/strong>, agradeci\u00f3 el respaldo recibido y ratific\u00f3 su compromiso de trabajar en unidad con diferentes organizaciones pol\u00edticas y sociales para gobernar el municipio.<\/p>\n<p>Valenzuela asegur\u00f3 que su proyecto pol\u00edtico busca combatir la corrupci\u00f3n y promover el desarrollo de Montero. \u201cHay que acabar con la corrupci\u00f3n porque es lo que perjudica el crecimiento de nuestro municipio y de nuestro pa\u00eds\u201d, expres\u00f3.<\/p>\n<p>El candidato tambi\u00e9n reiter\u00f3 su respaldo a la gesti\u00f3n nacional encabezada al vicepresidente <strong>Edman Lara<\/strong>, se\u00f1alando que desde el gobierno municipal se buscar\u00e1 fortalecer las pol\u00edticas impulsadas a nivel nacional.<\/p>\n<p>El acto concluy\u00f3 con mensajes de unidad entre los asistentes y con consignas de apoyo a la alianza pol\u00edtica <strong>Todos por Montero<\/strong>, de cara a las pr\u00f3ximas elecciones subnacionales.<\/p><div style=\"margin-top: 0px; margin-bottom: 0px;\" class=\"sharethis-inline-reaction-buttons\" ><\/div>","protected":false},"excerpt":{"rendered":"<p>Montero 16 marzo 2026.- El representante regional de la agrupaci\u00f3n NUIL (Nuevas Ideas con Libertad), Nelson Villarroel, expres\u00f3 duras cr\u00edticas a la gesti\u00f3n municipal y manifest\u00f3 su respaldo pol\u00edtico a la candidatura del concejal Santiago Valenzuela, postulante a la Alcald\u00eda de Montero por la alianza Todos, durante un acto pol\u00edtico realizado con militantes y simpatizantes. [&hellip;]<\/p>\n","protected":false},"author":2,"featured_media":0,"comment_status":"open","ping_status":"open","sticky":false,"template":"","format":"standard","meta":{"footnotes":""},"categories":[5,42],"tags":[283],"class_list":["post-1588","post","type-post","status-publish","format-standard","hentry","category-local","category-politica","tag-eleccciones-subnacionales"],"yoast_head":"<!-- This site is optimized with the Yoast SEO Premium plugin v25.5 (Yoast SEO v27.1.1) - https:\/\/yoast.com\/product\/yoast-seo-premium-wordpress\/ -->\n<title>NUIL respalda candidatura de Santiago Valenzuela y critica abandono del parque industrial de Montero - Wara Comunicaciones<\/title>\n<meta name=\"robots\" content=\"index, follow, max-snippet:-1, max-image-preview:large, max-video-preview:-1\" \/>\n<link rel=\"canonical\" href=\"https:\/\/waracomunicaciones.com\/?p=1588\" \/>\n<meta property=\"og:locale\" content=\"es_ES\" \/>\n<meta property=\"og:type\" content=\"article\" \/>\n<meta property=\"og:title\" content=\"NUIL respalda candidatura de Santiago Valenzuela y critica abandono del parque industrial de Montero\" \/>\n<meta property=\"og:description\" content=\"Montero 16 marzo 2026.- El representante regional de la agrupaci\u00f3n NUIL (Nuevas Ideas con Libertad), Nelson Villarroel, expres\u00f3 duras cr\u00edticas a la gesti\u00f3n municipal y manifest\u00f3 su respaldo pol\u00edtico a la candidatura del concejal Santiago Valenzuela, postulante a la Alcald\u00eda de Montero por la alianza Todos, durante un acto pol\u00edtico realizado con militantes y simpatizantes. [&hellip;]\" \/>\n<meta property=\"og:url\" content=\"https:\/\/waracomunicaciones.com\/?p=1588\" \/>\n<meta property=\"og:site_name\" content=\"Wara Comunicaciones\" \/>\n<meta property=\"article:publisher\" content=\"https:\/\/www.facebook.com\/waracomunicaciones2017\" \/>\n<meta property=\"article:published_time\" content=\"2026-03-16T23:41:38+00:00\" \/>\n<meta property=\"article:modified_time\" content=\"2026-03-16T23:41:40+00:00\" \/>\n<meta property=\"og:image\" content=\"https:\/\/waracomunicaciones.com\/wp-content\/uploads\/2026\/03\/NUIL-16-mar-26.webp\" \/>\n\t<meta property=\"og:image:width\" content=\"1022\" \/>\n\t<meta property=\"og:image:height\" content=\"789\" \/>\n\t<meta property=\"og:image:type\" content=\"image\/webp\" \/>\n<meta name=\"author\" content=\"Tom\u00e1s Coca\" \/>\n<meta name=\"twitter:card\" content=\"summary_large_image\" \/>\n<meta name=\"twitter:label1\" content=\"Escrito por\" \/>\n\t<meta name=\"twitter:data1\" content=\"Tom\u00e1s Coca\" \/>\n\t<meta name=\"twitter:label2\" content=\"Tiempo de lectura\" \/>\n\t<meta name=\"twitter:data2\" content=\"3 minutos\" \/>\n<script type=\"application\/ld+json\" class=\"yoast-schema-graph\">{\"@context\":\"https:\/\/schema.org\",\"@graph\":[{\"@type\":\"Article\",\"@id\":\"https:\/\/waracomunicaciones.com\/?p=1588#article\",\"isPartOf\":{\"@id\":\"https:\/\/waracomunicaciones.com\/?p=1588\"},\"author\":{\"name\":\"Tom\u00e1s Coca\",\"@id\":\"https:\/\/waracomunicaciones.com\/#\/schema\/person\/cbfc6e874b874c69982b6f254108e9f0\"},\"headline\":\"NUIL respalda candidatura de Santiago Valenzuela y critica abandono del parque industrial de Montero\",\"datePublished\":\"2026-03-16T23:41:38+00:00\",\"dateModified\":\"2026-03-16T23:41:40+00:00\",\"mainEntityOfPage\":{\"@id\":\"https:\/\/waracomunicaciones.com\/?p=1588\"},\"wordCount\":467,\"commentCount\":0,\"publisher\":{\"@id\":\"https:\/\/waracomunicaciones.com\/#organization\"},\"image\":{\"@id\":\"https:\/\/waracomunicaciones.com\/?p=1588#primaryimage\"},\"thumbnailUrl\":\"https:\/\/waracomunicaciones.com\/wp-content\/uploads\/2026\/03\/NUIL-16-mar-26.webp\",\"keywords\":[\"Eleccciones Subnacionales\"],\"articleSection\":[\"LOCAL\",\"Pol\u00edtica\"],\"inLanguage\":\"es\",\"potentialAction\":[{\"@type\":\"CommentAction\",\"name\":\"Comment\",\"target\":[\"https:\/\/waracomunicaciones.com\/?p=1588#respond\"]}]},{\"@type\":\"WebPage\",\"@id\":\"https:\/\/waracomunicaciones.com\/?p=1588\",\"url\":\"https:\/\/waracomunicaciones.com\/?p=1588\",\"name\":\"NUIL respalda candidatura de Santiago Valenzuela y critica abandono del parque industrial de Montero - Wara Comunicaciones\",\"isPartOf\":{\"@id\":\"https:\/\/waracomunicaciones.com\/#website\"},\"primaryImageOfPage\":{\"@id\":\"https:\/\/waracomunicaciones.com\/?p=1588#primaryimage\"},\"image\":{\"@id\":\"https:\/\/waracomunicaciones.com\/?p=1588#primaryimage\"},\"thumbnailUrl\":\"https:\/\/waracomunicaciones.com\/wp-content\/uploads\/2026\/03\/NUIL-16-mar-26.webp\",\"datePublished\":\"2026-03-16T23:41:38+00:00\",\"dateModified\":\"2026-03-16T23:41:40+00:00\",\"breadcrumb\":{\"@id\":\"https:\/\/waracomunicaciones.com\/?p=1588#breadcrumb\"},\"inLanguage\":\"es\",\"potentialAction\":[{\"@type\":\"ReadAction\",\"target\":[\"https:\/\/waracomunicaciones.com\/?p=1588\"]}]},{\"@type\":\"ImageObject\",\"inLanguage\":\"es\",\"@id\":\"https:\/\/waracomunicaciones.com\/?p=1588#primaryimage\",\"url\":\"https:\/\/waracomunicaciones.com\/wp-content\/uploads\/2026\/03\/NUIL-16-mar-26.webp\",\"contentUrl\":\"https:\/\/waracomunicaciones.com\/wp-content\/uploads\/2026\/03\/NUIL-16-mar-26.webp\",\"width\":1022,\"height\":789},{\"@type\":\"BreadcrumbList\",\"@id\":\"https:\/\/waracomunicaciones.com\/?p=1588#breadcrumb\",\"itemListElement\":[{\"@type\":\"ListItem\",\"position\":1,\"name\":\"Portada\",\"item\":\"https:\/\/waracomunicaciones.com\/\"},{\"@type\":\"ListItem\",\"position\":2,\"name\":\"NUIL respalda candidatura de Santiago Valenzuela y critica abandono del parque industrial de Montero\"}]},{\"@type\":\"WebSite\",\"@id\":\"https:\/\/waracomunicaciones.com\/#website\",\"url\":\"https:\/\/waracomunicaciones.com\/\",\"name\":\"Wara Comunicaciones\",\"description\":\"\",\"publisher\":{\"@id\":\"https:\/\/waracomunicaciones.com\/#organization\"},\"potentialAction\":[{\"@type\":\"SearchAction\",\"target\":{\"@type\":\"EntryPoint\",\"urlTemplate\":\"https:\/\/waracomunicaciones.com\/?s={search_term_string}\"},\"query-input\":{\"@type\":\"PropertyValueSpecification\",\"valueRequired\":true,\"valueName\":\"search_term_string\"}}],\"inLanguage\":\"es\"},{\"@type\":\"Organization\",\"@id\":\"https:\/\/waracomunicaciones.com\/#organization\",\"name\":\"Wara Comunicaciones\",\"url\":\"https:\/\/waracomunicaciones.com\/\",\"logo\":{\"@type\":\"ImageObject\",\"inLanguage\":\"es\",\"@id\":\"https:\/\/waracomunicaciones.com\/#\/schema\/logo\/image\/\",\"url\":\"https:\/\/waracomunicaciones.com\/wp-content\/uploads\/2025\/07\/logo.png\",\"contentUrl\":\"https:\/\/waracomunicaciones.com\/wp-content\/uploads\/2025\/07\/logo.png\",\"width\":400,\"height\":164,\"caption\":\"Wara Comunicaciones\"},\"image\":{\"@id\":\"https:\/\/waracomunicaciones.com\/#\/schema\/logo\/image\/\"},\"sameAs\":[\"https:\/\/www.facebook.com\/waracomunicaciones2017\"]},{\"@type\":\"Person\",\"@id\":\"https:\/\/waracomunicaciones.com\/#\/schema\/person\/cbfc6e874b874c69982b6f254108e9f0\",\"name\":\"Tom\u00e1s Coca\",\"image\":{\"@type\":\"ImageObject\",\"inLanguage\":\"es\",\"@id\":\"https:\/\/waracomunicaciones.com\/#\/schema\/person\/image\/\",\"url\":\"https:\/\/secure.gravatar.com\/avatar\/482131bd67ce2dac1261229602fd0c47826af81f4ac6608b066b29cac2a6e65d?s=96&d=mm&r=g\",\"contentUrl\":\"https:\/\/secure.gravatar.com\/avatar\/482131bd67ce2dac1261229602fd0c47826af81f4ac6608b066b29cac2a6e65d?s=96&d=mm&r=g\",\"caption\":\"Tom\u00e1s Coca\"},\"sameAs\":[\"https:\/\/waracomunicaciones.com\"],\"url\":\"https:\/\/waracomunicaciones.com\/?author=2\"}]}<\/script>\n<!-- \/ Yoast SEO Premium plugin. -->","yoast_head_json":{"title":"NUIL respalda candidatura de Santiago Valenzuela y critica abandono del parque industrial de Montero - Wara Comunicaciones","robots":{"index":"index","follow":"follow","max-snippet":"max-snippet:-1","max-image-preview":"max-image-preview:large","max-video-preview":"max-video-preview:-1"},"canonical":"https:\/\/waracomunicaciones.com\/?p=1588","og_locale":"es_ES","og_type":"article","og_title":"NUIL respalda candidatura de Santiago Valenzuela y critica abandono del parque industrial de Montero","og_description":"Montero 16 marzo 2026.- El representante regional de la agrupaci\u00f3n NUIL (Nuevas Ideas con Libertad), Nelson Villarroel, expres\u00f3 duras cr\u00edticas a la gesti\u00f3n municipal y manifest\u00f3 su respaldo pol\u00edtico a la candidatura del concejal Santiago Valenzuela, postulante a la Alcald\u00eda de Montero por la alianza Todos, durante un acto pol\u00edtico realizado con militantes y simpatizantes. [&hellip;]","og_url":"https:\/\/waracomunicaciones.com\/?p=1588","og_site_name":"Wara Comunicaciones","article_publisher":"https:\/\/www.facebook.com\/waracomunicaciones2017","article_published_time":"2026-03-16T23:41:38+00:00","article_modified_time":"2026-03-16T23:41:40+00:00","og_image":[{"width":1022,"height":789,"url":"https:\/\/waracomunicaciones.com\/wp-content\/uploads\/2026\/03\/NUIL-16-mar-26.webp","type":"image\/webp"}],"author":"Tom\u00e1s Coca","twitter_card":"summary_large_image","twitter_misc":{"Escrito por":"Tom\u00e1s Coca","Tiempo de lectura":"3 minutos"},"schema":{"@context":"https:\/\/schema.org","@graph":[{"@type":"Article","@id":"https:\/\/waracomunicaciones.com\/?p=1588#article","isPartOf":{"@id":"https:\/\/waracomunicaciones.com\/?p=1588"},"author":{"name":"Tom\u00e1s Coca","@id":"https:\/\/waracomunicaciones.com\/#\/schema\/person\/cbfc6e874b874c69982b6f254108e9f0"},"headline":"NUIL respalda candidatura de Santiago Valenzuela y critica abandono del parque industrial de Montero","datePublished":"2026-03-16T23:41:38+00:00","dateModified":"2026-03-16T23:41:40+00:00","mainEntityOfPage":{"@id":"https:\/\/waracomunicaciones.com\/?p=1588"},"wordCount":467,"commentCount":0,"publisher":{"@id":"https:\/\/waracomunicaciones.com\/#organization"},"image":{"@id":"https:\/\/waracomunicaciones.com\/?p=1588#primaryimage"},"thumbnailUrl":"https:\/\/waracomunicaciones.com\/wp-content\/uploads\/2026\/03\/NUIL-16-mar-26.webp","keywords":["Eleccciones Subnacionales"],"articleSection":["LOCAL","Pol\u00edtica"],"inLanguage":"es","potentialAction":[{"@type":"CommentAction","name":"Comment","target":["https:\/\/waracomunicaciones.com\/?p=1588#respond"]}]},{"@type":"WebPage","@id":"https:\/\/waracomunicaciones.com\/?p=1588","url":"https:\/\/waracomunicaciones.com\/?p=1588","name":"NUIL respalda candidatura de Santiago Valenzuela y critica abandono del parque industrial de Montero - Wara Comunicaciones","isPartOf":{"@id":"https:\/\/waracomunicaciones.com\/#website"},"primaryImageOfPage":{"@id":"https:\/\/waracomunicaciones.com\/?p=1588#primaryimage"},"image":{"@id":"https:\/\/waracomunicaciones.com\/?p=1588#primaryimage"},"thumbnailUrl":"https:\/\/waracomunicaciones.com\/wp-content\/uploads\/2026\/03\/NUIL-16-mar-26.webp","datePublished":"2026-03-16T23:41:38+00:00","dateModified":"2026-03-16T23:41:40+00:00","breadcrumb":{"@id":"https:\/\/waracomunicaciones.com\/?p=1588#breadcrumb"},"inLanguage":"es","potentialAction":[{"@type":"ReadAction","target":["https:\/\/waracomunicaciones.com\/?p=1588"]}]},{"@type":"ImageObject","inLanguage":"es","@id":"https:\/\/waracomunicaciones.com\/?p=1588#primaryimage","url":"https:\/\/waracomunicaciones.com\/wp-content\/uploads\/2026\/03\/NUIL-16-mar-26.webp","contentUrl":"https:\/\/waracomunicaciones.com\/wp-content\/uploads\/2026\/03\/NUIL-16-mar-26.webp","width":1022,"height":789},{"@type":"BreadcrumbList","@id":"https:\/\/waracomunicaciones.com\/?p=1588#breadcrumb","itemListElement":[{"@type":"ListItem","position":1,"name":"Portada","item":"https:\/\/waracomunicaciones.com\/"},{"@type":"ListItem","position":2,"name":"NUIL respalda candidatura de Santiago Valenzuela y critica abandono del parque industrial de Montero"}]},{"@type":"WebSite","@id":"https:\/\/waracomunicaciones.com\/#website","url":"https:\/\/waracomunicaciones.com\/","name":"Wara Comunicaciones","description":"","publisher":{"@id":"https:\/\/waracomunicaciones.com\/#organization"},"potentialAction":[{"@type":"SearchAction","target":{"@type":"EntryPoint","urlTemplate":"https:\/\/waracomunicaciones.com\/?s={search_term_string}"},"query-input":{"@type":"PropertyValueSpecification","valueRequired":true,"valueName":"search_term_string"}}],"inLanguage":"es"},{"@type":"Organization","@id":"https:\/\/waracomunicaciones.com\/#organization","name":"Wara Comunicaciones","url":"https:\/\/waracomunicaciones.com\/","logo":{"@type":"ImageObject","inLanguage":"es","@id":"https:\/\/waracomunicaciones.com\/#\/schema\/logo\/image\/","url":"https:\/\/waracomunicaciones.com\/wp-content\/uploads\/2025\/07\/logo.png","contentUrl":"https:\/\/waracomunicaciones.com\/wp-content\/uploads\/2025\/07\/logo.png","width":400,"height":164,"caption":"Wara Comunicaciones"},"image":{"@id":"https:\/\/waracomunicaciones.com\/#\/schema\/logo\/image\/"},"sameAs":["https:\/\/www.facebook.com\/waracomunicaciones2017"]},{"@type":"Person","@id":"https:\/\/waracomunicaciones.com\/#\/schema\/person\/cbfc6e874b874c69982b6f254108e9f0","name":"Tom\u00e1s Coca","image":{"@type":"ImageObject","inLanguage":"es","@id":"https:\/\/waracomunicaciones.com\/#\/schema\/person\/image\/","url":"https:\/\/secure.gravatar.com\/avatar\/482131bd67ce2dac1261229602fd0c47826af81f4ac6608b066b29cac2a6e65d?s=96&d=mm&r=g","contentUrl":"https:\/\/secure.gravatar.com\/avatar\/482131bd67ce2dac1261229602fd0c47826af81f4ac6608b066b29cac2a6e65d?s=96&d=mm&r=g","caption":"Tom\u00e1s Coca"},"sameAs":["https:\/\/waracomunicaciones.com"],"url":"https:\/\/waracomunicaciones.com\/?author=2"}]}},"_links":{"self":[{"href":"https:\/\/waracomunicaciones.com\/index.php?rest_route=\/wp\/v2\/posts\/1588","targetHints":{"allow":["GET"]}}],"collection":[{"href":"https:\/\/waracomunicaciones.com\/index.php?rest_route=\/wp\/v2\/posts"}],"about":[{"href":"https:\/\/waracomunicaciones.com\/index.php?rest_route=\/wp\/v2\/types\/post"}],"author":[{"embeddable":true,"href":"https:\/\/waracomunicaciones.com\/index.php?rest_route=\/wp\/v2\/users\/2"}],"replies":[{"embeddable":true,"href":"https:\/\/waracomunicaciones.com\/index.php?rest_route=%2Fwp%2Fv2%2Fcomments&post=1588"}],"version-history":[{"count":1,"href":"https:\/\/waracomunicaciones.com\/index.php?rest_route=\/wp\/v2\/posts\/1588\/revisions"}],"predecessor-version":[{"id":1590,"href":"https:\/\/waracomunicaciones.com\/index.php?rest_route=\/wp\/v2\/posts\/1588\/revisions\/1590"}],"wp:attachment":[{"href":"https:\/\/waracomunicaciones.com\/index.php?rest_route=%2Fwp%2Fv2%2Fmedia&parent=1588"}],"wp:term":[{"taxonomy":"category","embeddable":true,"href":"https:\/\/waracomunicaciones.com\/index.php?rest_route=%2Fwp%2Fv2%2Fcategories&post=1588"},{"taxonomy":"post_tag","embeddable":true,"href":"https:\/\/waracomunicaciones.com\/index.php?rest_route=%2Fwp%2Fv2%2Ftags&post=1588"}],"curies":[{"name":"wp","href":"https:\/\/api.w.org\/{rel}","templated":true}]}}