{"id":1585,"date":"2026-03-14T17:15:01","date_gmt":"2026-03-14T21:15:01","guid":{"rendered":"https:\/\/waracomunicaciones.com\/?p=1585"},"modified":"2026-03-14T17:15:03","modified_gmt":"2026-03-14T21:15:03","slug":"ted-de-santa-cruz-confirma-inhabilitacion-de-asip-y-sol-para-las-elecciones-subnacionales-2026","status":"publish","type":"post","link":"https:\/\/waracomunicaciones.com\/?p=1585","title":{"rendered":"TED de Santa Cruz confirma inhabilitaci\u00f3n de ASIP y SOL para las elecciones subnacionales 2026"},"content":{"rendered":"\n<figure class=\"wp-block-image size-full is-resized\"><img loading=\"lazy\" decoding=\"async\" width=\"426\" height=\"696\" src=\"https:\/\/waracomunicaciones.com\/wp-content\/uploads\/2026\/03\/Presidente-del-TED-14-mar-26.webp\" alt=\"\" class=\"wp-image-1586\" style=\"width:409px;height:auto\" srcset=\"https:\/\/waracomunicaciones.com\/wp-content\/uploads\/2026\/03\/Presidente-del-TED-14-mar-26.webp 426w, https:\/\/waracomunicaciones.com\/wp-content\/uploads\/2026\/03\/Presidente-del-TED-14-mar-26-184x300.webp 184w\" sizes=\"auto, (max-width: 426px) 100vw, 426px\" \/><\/figure>\n\n\n<p><em>Santa Cruz, 14 de marzo de 2026<\/em> \u2014 El Tribunal Supremo Electoral (TSE) confirm\u00f3 este viernes la resoluci\u00f3n del Tribunal Electoral Departamental (TED) de Santa Cruz que inhabilita a las organizaciones pol\u00edticas Alianza Solidaria Popular (ASIP) y Seguridad, Orden y Libertad (SOL) para participar en las elecciones subnacionales de 2026.<!--more--><\/p>\n<p>La decisi\u00f3n, establecida mediante la Resoluci\u00f3n R.S.P. 009-2026 del 27 de febrero de 2026, fue ratificada por la Sala Plena del TSE y comunicada oficialmente por el doctor Luis Fernando Arteaga Fern\u00e1ndez, Secretario de C\u00e1mara del Tribunal Supremo Electoral.<\/p>\n<p>Seg\u00fan el TSE, esta resoluci\u00f3n representa el \u00faltimo recurso administrativo disponible para las agrupaciones mencionadas. \u201cEl recurso extraordinario de revisi\u00f3n est\u00e1 reservado para otros tipos de reclamos, no para cancelaciones de personalidad jur\u00eddica, tal como establece la Ley 1096\u201d, indic\u00f3 la autoridad electoral.<\/p>\n<p>El tribunal aclar\u00f3 que, constitucionalmente, los representantes de ASIP y SOL a\u00fan pueden presentar acciones de amparo dentro del plazo de seis meses. Sin embargo, mientras tanto, los votos que eventualmente reciban estas agrupaciones ser\u00e1n contabilizados como nulos.<\/p>\n<p><strong>Reacciones y an\u00e1lisis pol\u00edtico<\/strong><\/p>\n<p>Agust\u00edn Vargas, analista pol\u00edtico, se\u00f1al\u00f3 que las organizaciones ya no cuentan con alternativas legales efectivas. \u201cCualquier intento de apelaci\u00f3n ser\u00eda simplemente un formalismo; la participaci\u00f3n de SOL y ASIP ya est\u00e1 descartada\u201d, afirm\u00f3. Seg\u00fan Vargas, la inhabilitaci\u00f3n podr\u00eda desviar el voto de los simpatizantes de estas agrupaciones hacia la opci\u00f3n \u201cTODOS por Montero\u201d, liderada por Santiago Valenzuela, que se perfila como representante de la clase popular en la regi\u00f3n.<\/p>\n<p>Por su parte, Edward N\u00fa\u00f1ez, activista pol\u00edtico-social, enfatiz\u00f3 que la anulaci\u00f3n de la personer\u00eda jur\u00eddica de SOL y ASIP est\u00e1 respaldada por la Ley 026, que establece la p\u00e9rdida de derechos pol\u00edticos para organizaciones que no alcanzan un m\u00ednimo del 3% de votaci\u00f3n en procesos electorales previos. \u201cNo existe base legal para que se induzca a votar por candidatos de agrupaciones inhabilitadas; los electores deben buscar opciones v\u00e1lidas y positivas para su voto\u201d, asegur\u00f3 N\u00fa\u00f1ez.<\/p>\n<p>Con esta ratificaci\u00f3n del TSE, el panorama electoral de Montero queda definido, dejando a ASIP y SOL fuera del proceso subnacional de 2026 y obligando a sus simpatizantes a reconsiderar su voto.<\/p><div style=\"margin-top: 0px; margin-bottom: 0px;\" class=\"sharethis-inline-reaction-buttons\" ><\/div>","protected":false},"excerpt":{"rendered":"<p>Santa Cruz, 14 de marzo de 2026 \u2014 El Tribunal Supremo Electoral (TSE) confirm\u00f3 este viernes la resoluci\u00f3n del Tribunal Electoral Departamental (TED) de Santa Cruz que inhabilita a las organizaciones pol\u00edticas Alianza Solidaria Popular (ASIP) y Seguridad, Orden y Libertad (SOL) para participar en las elecciones subnacionales de 2026.<\/p>\n","protected":false},"author":2,"featured_media":0,"comment_status":"open","ping_status":"open","sticky":false,"template":"","format":"standard","meta":{"footnotes":""},"categories":[5,42],"tags":[],"class_list":["post-1585","post","type-post","status-publish","format-standard","hentry","category-local","category-politica"],"yoast_head":"<!-- This site is optimized with the Yoast SEO Premium plugin v25.5 (Yoast SEO v27.1.1) - https:\/\/yoast.com\/product\/yoast-seo-premium-wordpress\/ -->\n<title>TED de Santa Cruz confirma inhabilitaci\u00f3n de ASIP y SOL para las elecciones subnacionales 2026 - Wara Comunicaciones<\/title>\n<meta name=\"robots\" content=\"index, follow, max-snippet:-1, max-image-preview:large, max-video-preview:-1\" \/>\n<link rel=\"canonical\" href=\"https:\/\/waracomunicaciones.com\/?p=1585\" \/>\n<meta property=\"og:locale\" content=\"es_ES\" \/>\n<meta property=\"og:type\" content=\"article\" \/>\n<meta property=\"og:title\" content=\"TED de Santa Cruz confirma inhabilitaci\u00f3n de ASIP y SOL para las elecciones subnacionales 2026\" \/>\n<meta property=\"og:description\" content=\"Santa Cruz, 14 de marzo de 2026 \u2014 El Tribunal Supremo Electoral (TSE) confirm\u00f3 este viernes la resoluci\u00f3n del Tribunal Electoral Departamental (TED) de Santa Cruz que inhabilita a las organizaciones pol\u00edticas Alianza Solidaria Popular (ASIP) y Seguridad, Orden y Libertad (SOL) para participar en las elecciones subnacionales de 2026.\" \/>\n<meta property=\"og:url\" content=\"https:\/\/waracomunicaciones.com\/?p=1585\" \/>\n<meta property=\"og:site_name\" content=\"Wara Comunicaciones\" \/>\n<meta property=\"article:publisher\" content=\"https:\/\/www.facebook.com\/waracomunicaciones2017\" \/>\n<meta property=\"article:published_time\" content=\"2026-03-14T21:15:01+00:00\" \/>\n<meta property=\"article:modified_time\" content=\"2026-03-14T21:15:03+00:00\" \/>\n<meta property=\"og:image\" content=\"https:\/\/waracomunicaciones.com\/wp-content\/uploads\/2026\/03\/Presidente-del-TED-14-mar-26.webp\" \/>\n\t<meta property=\"og:image:width\" content=\"426\" \/>\n\t<meta property=\"og:image:height\" content=\"696\" \/>\n\t<meta property=\"og:image:type\" content=\"image\/webp\" \/>\n<meta name=\"author\" content=\"Tom\u00e1s Coca\" \/>\n<meta name=\"twitter:card\" content=\"summary_large_image\" \/>\n<meta name=\"twitter:label1\" content=\"Escrito por\" \/>\n\t<meta name=\"twitter:data1\" content=\"Tom\u00e1s Coca\" \/>\n\t<meta name=\"twitter:label2\" content=\"Tiempo de lectura\" \/>\n\t<meta name=\"twitter:data2\" content=\"2 minutos\" \/>\n<script type=\"application\/ld+json\" class=\"yoast-schema-graph\">{\"@context\":\"https:\/\/schema.org\",\"@graph\":[{\"@type\":\"Article\",\"@id\":\"https:\/\/waracomunicaciones.com\/?p=1585#article\",\"isPartOf\":{\"@id\":\"https:\/\/waracomunicaciones.com\/?p=1585\"},\"author\":{\"name\":\"Tom\u00e1s Coca\",\"@id\":\"https:\/\/waracomunicaciones.com\/#\/schema\/person\/cbfc6e874b874c69982b6f254108e9f0\"},\"headline\":\"TED de Santa Cruz confirma inhabilitaci\u00f3n de ASIP y SOL para las elecciones subnacionales 2026\",\"datePublished\":\"2026-03-14T21:15:01+00:00\",\"dateModified\":\"2026-03-14T21:15:03+00:00\",\"mainEntityOfPage\":{\"@id\":\"https:\/\/waracomunicaciones.com\/?p=1585\"},\"wordCount\":394,\"commentCount\":0,\"publisher\":{\"@id\":\"https:\/\/waracomunicaciones.com\/#organization\"},\"image\":{\"@id\":\"https:\/\/waracomunicaciones.com\/?p=1585#primaryimage\"},\"thumbnailUrl\":\"https:\/\/waracomunicaciones.com\/wp-content\/uploads\/2026\/03\/Presidente-del-TED-14-mar-26.webp\",\"articleSection\":[\"LOCAL\",\"Pol\u00edtica\"],\"inLanguage\":\"es\",\"potentialAction\":[{\"@type\":\"CommentAction\",\"name\":\"Comment\",\"target\":[\"https:\/\/waracomunicaciones.com\/?p=1585#respond\"]}]},{\"@type\":\"WebPage\",\"@id\":\"https:\/\/waracomunicaciones.com\/?p=1585\",\"url\":\"https:\/\/waracomunicaciones.com\/?p=1585\",\"name\":\"TED de Santa Cruz confirma inhabilitaci\u00f3n de ASIP y SOL para las elecciones subnacionales 2026 - Wara Comunicaciones\",\"isPartOf\":{\"@id\":\"https:\/\/waracomunicaciones.com\/#website\"},\"primaryImageOfPage\":{\"@id\":\"https:\/\/waracomunicaciones.com\/?p=1585#primaryimage\"},\"image\":{\"@id\":\"https:\/\/waracomunicaciones.com\/?p=1585#primaryimage\"},\"thumbnailUrl\":\"https:\/\/waracomunicaciones.com\/wp-content\/uploads\/2026\/03\/Presidente-del-TED-14-mar-26.webp\",\"datePublished\":\"2026-03-14T21:15:01+00:00\",\"dateModified\":\"2026-03-14T21:15:03+00:00\",\"breadcrumb\":{\"@id\":\"https:\/\/waracomunicaciones.com\/?p=1585#breadcrumb\"},\"inLanguage\":\"es\",\"potentialAction\":[{\"@type\":\"ReadAction\",\"target\":[\"https:\/\/waracomunicaciones.com\/?p=1585\"]}]},{\"@type\":\"ImageObject\",\"inLanguage\":\"es\",\"@id\":\"https:\/\/waracomunicaciones.com\/?p=1585#primaryimage\",\"url\":\"https:\/\/waracomunicaciones.com\/wp-content\/uploads\/2026\/03\/Presidente-del-TED-14-mar-26.webp\",\"contentUrl\":\"https:\/\/waracomunicaciones.com\/wp-content\/uploads\/2026\/03\/Presidente-del-TED-14-mar-26.webp\",\"width\":426,\"height\":696},{\"@type\":\"BreadcrumbList\",\"@id\":\"https:\/\/waracomunicaciones.com\/?p=1585#breadcrumb\",\"itemListElement\":[{\"@type\":\"ListItem\",\"position\":1,\"name\":\"Portada\",\"item\":\"https:\/\/waracomunicaciones.com\/\"},{\"@type\":\"ListItem\",\"position\":2,\"name\":\"TED de Santa Cruz confirma inhabilitaci\u00f3n de ASIP y SOL para las elecciones subnacionales 2026\"}]},{\"@type\":\"WebSite\",\"@id\":\"https:\/\/waracomunicaciones.com\/#website\",\"url\":\"https:\/\/waracomunicaciones.com\/\",\"name\":\"Wara Comunicaciones\",\"description\":\"\",\"publisher\":{\"@id\":\"https:\/\/waracomunicaciones.com\/#organization\"},\"potentialAction\":[{\"@type\":\"SearchAction\",\"target\":{\"@type\":\"EntryPoint\",\"urlTemplate\":\"https:\/\/waracomunicaciones.com\/?s={search_term_string}\"},\"query-input\":{\"@type\":\"PropertyValueSpecification\",\"valueRequired\":true,\"valueName\":\"search_term_string\"}}],\"inLanguage\":\"es\"},{\"@type\":\"Organization\",\"@id\":\"https:\/\/waracomunicaciones.com\/#organization\",\"name\":\"Wara Comunicaciones\",\"url\":\"https:\/\/waracomunicaciones.com\/\",\"logo\":{\"@type\":\"ImageObject\",\"inLanguage\":\"es\",\"@id\":\"https:\/\/waracomunicaciones.com\/#\/schema\/logo\/image\/\",\"url\":\"https:\/\/waracomunicaciones.com\/wp-content\/uploads\/2025\/07\/logo.png\",\"contentUrl\":\"https:\/\/waracomunicaciones.com\/wp-content\/uploads\/2025\/07\/logo.png\",\"width\":400,\"height\":164,\"caption\":\"Wara Comunicaciones\"},\"image\":{\"@id\":\"https:\/\/waracomunicaciones.com\/#\/schema\/logo\/image\/\"},\"sameAs\":[\"https:\/\/www.facebook.com\/waracomunicaciones2017\"]},{\"@type\":\"Person\",\"@id\":\"https:\/\/waracomunicaciones.com\/#\/schema\/person\/cbfc6e874b874c69982b6f254108e9f0\",\"name\":\"Tom\u00e1s Coca\",\"image\":{\"@type\":\"ImageObject\",\"inLanguage\":\"es\",\"@id\":\"https:\/\/waracomunicaciones.com\/#\/schema\/person\/image\/\",\"url\":\"https:\/\/secure.gravatar.com\/avatar\/482131bd67ce2dac1261229602fd0c47826af81f4ac6608b066b29cac2a6e65d?s=96&d=mm&r=g\",\"contentUrl\":\"https:\/\/secure.gravatar.com\/avatar\/482131bd67ce2dac1261229602fd0c47826af81f4ac6608b066b29cac2a6e65d?s=96&d=mm&r=g\",\"caption\":\"Tom\u00e1s Coca\"},\"sameAs\":[\"https:\/\/waracomunicaciones.com\"],\"url\":\"https:\/\/waracomunicaciones.com\/?author=2\"}]}<\/script>\n<!-- \/ Yoast SEO Premium plugin. -->","yoast_head_json":{"title":"TED de Santa Cruz confirma inhabilitaci\u00f3n de ASIP y SOL para las elecciones subnacionales 2026 - Wara Comunicaciones","robots":{"index":"index","follow":"follow","max-snippet":"max-snippet:-1","max-image-preview":"max-image-preview:large","max-video-preview":"max-video-preview:-1"},"canonical":"https:\/\/waracomunicaciones.com\/?p=1585","og_locale":"es_ES","og_type":"article","og_title":"TED de Santa Cruz confirma inhabilitaci\u00f3n de ASIP y SOL para las elecciones subnacionales 2026","og_description":"Santa Cruz, 14 de marzo de 2026 \u2014 El Tribunal Supremo Electoral (TSE) confirm\u00f3 este viernes la resoluci\u00f3n del Tribunal Electoral Departamental (TED) de Santa Cruz que inhabilita a las organizaciones pol\u00edticas Alianza Solidaria Popular (ASIP) y Seguridad, Orden y Libertad (SOL) para participar en las elecciones subnacionales de 2026.","og_url":"https:\/\/waracomunicaciones.com\/?p=1585","og_site_name":"Wara Comunicaciones","article_publisher":"https:\/\/www.facebook.com\/waracomunicaciones2017","article_published_time":"2026-03-14T21:15:01+00:00","article_modified_time":"2026-03-14T21:15:03+00:00","og_image":[{"width":426,"height":696,"url":"https:\/\/waracomunicaciones.com\/wp-content\/uploads\/2026\/03\/Presidente-del-TED-14-mar-26.webp","type":"image\/webp"}],"author":"Tom\u00e1s Coca","twitter_card":"summary_large_image","twitter_misc":{"Escrito por":"Tom\u00e1s Coca","Tiempo de lectura":"2 minutos"},"schema":{"@context":"https:\/\/schema.org","@graph":[{"@type":"Article","@id":"https:\/\/waracomunicaciones.com\/?p=1585#article","isPartOf":{"@id":"https:\/\/waracomunicaciones.com\/?p=1585"},"author":{"name":"Tom\u00e1s Coca","@id":"https:\/\/waracomunicaciones.com\/#\/schema\/person\/cbfc6e874b874c69982b6f254108e9f0"},"headline":"TED de Santa Cruz confirma inhabilitaci\u00f3n de ASIP y SOL para las elecciones subnacionales 2026","datePublished":"2026-03-14T21:15:01+00:00","dateModified":"2026-03-14T21:15:03+00:00","mainEntityOfPage":{"@id":"https:\/\/waracomunicaciones.com\/?p=1585"},"wordCount":394,"commentCount":0,"publisher":{"@id":"https:\/\/waracomunicaciones.com\/#organization"},"image":{"@id":"https:\/\/waracomunicaciones.com\/?p=1585#primaryimage"},"thumbnailUrl":"https:\/\/waracomunicaciones.com\/wp-content\/uploads\/2026\/03\/Presidente-del-TED-14-mar-26.webp","articleSection":["LOCAL","Pol\u00edtica"],"inLanguage":"es","potentialAction":[{"@type":"CommentAction","name":"Comment","target":["https:\/\/waracomunicaciones.com\/?p=1585#respond"]}]},{"@type":"WebPage","@id":"https:\/\/waracomunicaciones.com\/?p=1585","url":"https:\/\/waracomunicaciones.com\/?p=1585","name":"TED de Santa Cruz confirma inhabilitaci\u00f3n de ASIP y SOL para las elecciones subnacionales 2026 - Wara Comunicaciones","isPartOf":{"@id":"https:\/\/waracomunicaciones.com\/#website"},"primaryImageOfPage":{"@id":"https:\/\/waracomunicaciones.com\/?p=1585#primaryimage"},"image":{"@id":"https:\/\/waracomunicaciones.com\/?p=1585#primaryimage"},"thumbnailUrl":"https:\/\/waracomunicaciones.com\/wp-content\/uploads\/2026\/03\/Presidente-del-TED-14-mar-26.webp","datePublished":"2026-03-14T21:15:01+00:00","dateModified":"2026-03-14T21:15:03+00:00","breadcrumb":{"@id":"https:\/\/waracomunicaciones.com\/?p=1585#breadcrumb"},"inLanguage":"es","potentialAction":[{"@type":"ReadAction","target":["https:\/\/waracomunicaciones.com\/?p=1585"]}]},{"@type":"ImageObject","inLanguage":"es","@id":"https:\/\/waracomunicaciones.com\/?p=1585#primaryimage","url":"https:\/\/waracomunicaciones.com\/wp-content\/uploads\/2026\/03\/Presidente-del-TED-14-mar-26.webp","contentUrl":"https:\/\/waracomunicaciones.com\/wp-content\/uploads\/2026\/03\/Presidente-del-TED-14-mar-26.webp","width":426,"height":696},{"@type":"BreadcrumbList","@id":"https:\/\/waracomunicaciones.com\/?p=1585#breadcrumb","itemListElement":[{"@type":"ListItem","position":1,"name":"Portada","item":"https:\/\/waracomunicaciones.com\/"},{"@type":"ListItem","position":2,"name":"TED de Santa Cruz confirma inhabilitaci\u00f3n de ASIP y SOL para las elecciones subnacionales 2026"}]},{"@type":"WebSite","@id":"https:\/\/waracomunicaciones.com\/#website","url":"https:\/\/waracomunicaciones.com\/","name":"Wara Comunicaciones","description":"","publisher":{"@id":"https:\/\/waracomunicaciones.com\/#organization"},"potentialAction":[{"@type":"SearchAction","target":{"@type":"EntryPoint","urlTemplate":"https:\/\/waracomunicaciones.com\/?s={search_term_string}"},"query-input":{"@type":"PropertyValueSpecification","valueRequired":true,"valueName":"search_term_string"}}],"inLanguage":"es"},{"@type":"Organization","@id":"https:\/\/waracomunicaciones.com\/#organization","name":"Wara Comunicaciones","url":"https:\/\/waracomunicaciones.com\/","logo":{"@type":"ImageObject","inLanguage":"es","@id":"https:\/\/waracomunicaciones.com\/#\/schema\/logo\/image\/","url":"https:\/\/waracomunicaciones.com\/wp-content\/uploads\/2025\/07\/logo.png","contentUrl":"https:\/\/waracomunicaciones.com\/wp-content\/uploads\/2025\/07\/logo.png","width":400,"height":164,"caption":"Wara Comunicaciones"},"image":{"@id":"https:\/\/waracomunicaciones.com\/#\/schema\/logo\/image\/"},"sameAs":["https:\/\/www.facebook.com\/waracomunicaciones2017"]},{"@type":"Person","@id":"https:\/\/waracomunicaciones.com\/#\/schema\/person\/cbfc6e874b874c69982b6f254108e9f0","name":"Tom\u00e1s Coca","image":{"@type":"ImageObject","inLanguage":"es","@id":"https:\/\/waracomunicaciones.com\/#\/schema\/person\/image\/","url":"https:\/\/secure.gravatar.com\/avatar\/482131bd67ce2dac1261229602fd0c47826af81f4ac6608b066b29cac2a6e65d?s=96&d=mm&r=g","contentUrl":"https:\/\/secure.gravatar.com\/avatar\/482131bd67ce2dac1261229602fd0c47826af81f4ac6608b066b29cac2a6e65d?s=96&d=mm&r=g","caption":"Tom\u00e1s Coca"},"sameAs":["https:\/\/waracomunicaciones.com"],"url":"https:\/\/waracomunicaciones.com\/?author=2"}]}},"_links":{"self":[{"href":"https:\/\/waracomunicaciones.com\/index.php?rest_route=\/wp\/v2\/posts\/1585","targetHints":{"allow":["GET"]}}],"collection":[{"href":"https:\/\/waracomunicaciones.com\/index.php?rest_route=\/wp\/v2\/posts"}],"about":[{"href":"https:\/\/waracomunicaciones.com\/index.php?rest_route=\/wp\/v2\/types\/post"}],"author":[{"embeddable":true,"href":"https:\/\/waracomunicaciones.com\/index.php?rest_route=\/wp\/v2\/users\/2"}],"replies":[{"embeddable":true,"href":"https:\/\/waracomunicaciones.com\/index.php?rest_route=%2Fwp%2Fv2%2Fcomments&post=1585"}],"version-history":[{"count":1,"href":"https:\/\/waracomunicaciones.com\/index.php?rest_route=\/wp\/v2\/posts\/1585\/revisions"}],"predecessor-version":[{"id":1587,"href":"https:\/\/waracomunicaciones.com\/index.php?rest_route=\/wp\/v2\/posts\/1585\/revisions\/1587"}],"wp:attachment":[{"href":"https:\/\/waracomunicaciones.com\/index.php?rest_route=%2Fwp%2Fv2%2Fmedia&parent=1585"}],"wp:term":[{"taxonomy":"category","embeddable":true,"href":"https:\/\/waracomunicaciones.com\/index.php?rest_route=%2Fwp%2Fv2%2Fcategories&post=1585"},{"taxonomy":"post_tag","embeddable":true,"href":"https:\/\/waracomunicaciones.com\/index.php?rest_route=%2Fwp%2Fv2%2Ftags&post=1585"}],"curies":[{"name":"wp","href":"https:\/\/api.w.org\/{rel}","templated":true}]}}