{"id":1582,"date":"2026-03-13T18:16:15","date_gmt":"2026-03-13T22:16:15","guid":{"rendered":"https:\/\/waracomunicaciones.com\/?p=1582"},"modified":"2026-03-13T18:16:16","modified_gmt":"2026-03-13T22:16:16","slug":"montero-mario-baptista-denuncia-intereses-politicos-tras-inhabilitacion-de-la-agrupacion-sol-jurista-y-dirigentes-opositores-piden-aceptar-la-resolucion","status":"publish","type":"post","link":"https:\/\/waracomunicaciones.com\/?p=1582","title":{"rendered":"Montero: Mario Baptista denuncia intereses pol\u00edticos tras inhabilitaci\u00f3n de la agrupaci\u00f3n SOL; jurista y dirigentes opositores piden aceptar la resoluci\u00f3n"},"content":{"rendered":"\n<figure class=\"wp-block-image size-large is-resized\"><img loading=\"lazy\" decoding=\"async\" width=\"746\" height=\"1024\" src=\"https:\/\/waracomunicaciones.com\/wp-content\/uploads\/2026\/03\/TSE-13-mar-26-746x1024.webp\" alt=\"\" class=\"wp-image-1583\" style=\"aspect-ratio:0.7285157222268315;width:740px;height:auto\" srcset=\"https:\/\/waracomunicaciones.com\/wp-content\/uploads\/2026\/03\/TSE-13-mar-26-746x1024.webp 746w, https:\/\/waracomunicaciones.com\/wp-content\/uploads\/2026\/03\/TSE-13-mar-26-219x300.webp 219w, https:\/\/waracomunicaciones.com\/wp-content\/uploads\/2026\/03\/TSE-13-mar-26-768x1054.webp 768w, https:\/\/waracomunicaciones.com\/wp-content\/uploads\/2026\/03\/TSE-13-mar-26.webp 787w\" sizes=\"auto, (max-width: 746px) 100vw, 746px\" \/><\/figure>\n\n\n<p><strong>Montero 12 marzo 2026.<\/strong> El exalcalde de Montero y candidato a concejal por la agrupaci\u00f3n ciudadana SOL, <strong>Mario Baptista<\/strong>, cuestion\u00f3 la decisi\u00f3n del \u00f3rgano electoral que observa la participaci\u00f3n de su organizaci\u00f3n pol\u00edtica y asegur\u00f3 que detr\u00e1s de la medida existir\u00edan intereses pol\u00edticos. Sin embargo, un abogado municipalista y dirigentes de otras agrupaciones consideran que la determinaci\u00f3n responde a la normativa vigente y piden aceptar el fallo.<!--more--><\/p>\n<p>Baptista se\u00f1al\u00f3 que cada organizaci\u00f3n pol\u00edtica tiene su propia identidad y que no corresponde \u201cjuntar dos partidos en uno\u201d bajo una misma causa. A su juicio, la observaci\u00f3n no responde \u00fanicamente al incumplimiento del requisito del 3% de votaci\u00f3n en elecciones anteriores.<\/p>\n<p>\u201cEl problema no es solo el 3%. Hay otros intereses por detr\u00e1s. Sabemos que ha corrido plata desde Montero y conocemos qui\u00e9nes est\u00e1n detr\u00e1s\u201d, afirm\u00f3, al expresar su desconfianza sobre el proceso y se\u00f1alar que su agrupaci\u00f3n a\u00fan cuenta con recursos legales para defender su participaci\u00f3n.<\/p>\n<p>El exalcalde sostuvo que el proceso de depuraci\u00f3n de agrupaciones ya hab\u00eda concluido y que en su momento se emiti\u00f3 una resoluci\u00f3n que habilitaba a SOL a participar en la contienda electoral. Seg\u00fan explic\u00f3, la decisi\u00f3n afecta no solo a Montero, sino tambi\u00e9n a otras agrupaciones que compiten en m\u00e1s de una decena de municipios.<\/p>\n<p>\u201cM\u00e1s de 100 candidatos podr\u00edan verse perjudicados. Con estas medidas se est\u00e1n violando los derechos pol\u00edticos tanto de los candidatos como de los electores\u201d, manifest\u00f3.<\/p>\n<p>Asimismo, denunci\u00f3 presiones durante el proceso de inscripci\u00f3n de candidaturas y afirm\u00f3 que recibi\u00f3 amenazas y ofertas para desistir de su postulaci\u00f3n. Tambi\u00e9n acus\u00f3 al equipo del candidato <strong>Santiago Valenzuela<\/strong> de haber impulsado la denuncia que deriv\u00f3 en el proceso de observaci\u00f3n contra su agrupaci\u00f3n.<\/p>\n<p>De acuerdo con Baptista, uno de los denunciantes ser\u00eda <strong>Vladimir Flores<\/strong>, candidato a concejal en la plancha de Valenzuela, lo que \u2014seg\u00fan dijo\u2014 dificulta cualquier posibilidad de alianza pol\u00edtica.<\/p>\n<p>Pese a ello, el exalcalde reconoci\u00f3 el trabajo de Valenzuela como concejal y asegur\u00f3 que la competencia electoral deber\u00eda centrarse en propuestas y no en ataques entre candidatos. \u201cNosotros vamos a agotar todas las instancias legales para seguir en carrera. El SOL estar\u00e1 de pie, nunca de rodillas\u201d, afirm\u00f3.<\/p>\n<p><strong>Abogado afirma que la resoluci\u00f3n se ajusta a la ley<\/strong><\/p>\n<p>Por su parte, el abogado municipalista <strong>Jaime Uscamayta<\/strong> sostuvo que los recursos presentados por la agrupaci\u00f3n no cambiar\u00e1n el resultado del proceso, ya que el incumplimiento del porcentaje electoral exigido por la normativa es un aspecto determinante.<\/p>\n<p>\u201cQue tengan una certificaci\u00f3n de vigencia no cambia el porcentaje electoral obtenido en la \u00faltima elecci\u00f3n. La resoluci\u00f3n emitida por el Tribunal Departamental Electoral corresponde en derecho\u201d, explic\u00f3.<\/p>\n<p>Uscamayta lament\u00f3 que los dirigentes y asesores de las agrupaciones observadas no hayan advertido con anticipaci\u00f3n sobre la falta de posibilidades legales para mantener su personer\u00eda electoral en este proceso.<\/p>\n<p>En ese sentido, sugiri\u00f3 que las agrupaciones afectadas deber\u00edan asumir la determinaci\u00f3n y sumarse a otras fuerzas pol\u00edticas para consolidar una oposici\u00f3n al actual oficialismo municipal.<\/p>\n<p>\u201cEl municipio enfrenta problemas en ejecuci\u00f3n de obras, educaci\u00f3n, desayuno escolar, salud y seguridad ciudadana. Es momento de consolidar una oposici\u00f3n que impulse cambios en la gesti\u00f3n municipal\u201d, afirm\u00f3.<\/p>\n<p><strong>Dirigente llama a no confundir al electorado<\/strong><\/p>\n<p>En la misma l\u00ednea, <strong>Carlos Herrera<\/strong>, integrante de la alianza Todos por Montero, se\u00f1al\u00f3 que la carrera electoral para Baptista ya habr\u00eda concluido y advirti\u00f3 que insistir en una candidatura podr\u00eda confundir al electorado.<\/p>\n<p>\u201cSeguir diciendo que est\u00e1n en carrera pol\u00edtica es dividir y confundir a la gente. En pol\u00edtica tambi\u00e9n hay que saber perder\u201d, expres\u00f3.<\/p>\n<p>Herrera invit\u00f3 a los simpatizantes de la agrupaci\u00f3n SOL \u2014vecinos, comerciantes y mototaxistas\u2014 a sumarse al proyecto pol\u00edtico encabezado por Santiago Valenzuela, asegurando que las puertas est\u00e1n abiertas para todos los sectores.<\/p>\n<p>\u201cEl \u00fanico proyecto de izquierda en Montero es el que encabeza Santiago Valenzuela. Invitamos a todos a sumarse para lograr un cambio en la gesti\u00f3n municipal\u201d, manifest\u00f3.<\/p>\n<p>El dirigente tambi\u00e9n advirti\u00f3 que, tras la resoluci\u00f3n del \u00f3rgano electoral, votar por la sigla SOL podr\u00eda derivar en votos nulos, por lo que pidi\u00f3 a la poblaci\u00f3n informarse antes de emitir su sufragio.<\/p>\n<p>Mientras tanto, Baptista reiter\u00f3 que su agrupaci\u00f3n continuar\u00e1 agotando los recursos legales disponibles para intentar revertir la decisi\u00f3n y mantenerse en la contienda electoral en el municipio de Montero.<\/p><div style=\"margin-top: 0px; margin-bottom: 0px;\" class=\"sharethis-inline-reaction-buttons\" ><\/div>","protected":false},"excerpt":{"rendered":"<p>Montero 12 marzo 2026. El exalcalde de Montero y candidato a concejal por la agrupaci\u00f3n ciudadana SOL, Mario Baptista, cuestion\u00f3 la decisi\u00f3n del \u00f3rgano electoral que observa la participaci\u00f3n de su organizaci\u00f3n pol\u00edtica y asegur\u00f3 que detr\u00e1s de la medida existir\u00edan intereses pol\u00edticos. Sin embargo, un abogado municipalista y dirigentes de otras agrupaciones consideran que [&hellip;]<\/p>\n","protected":false},"author":2,"featured_media":0,"comment_status":"open","ping_status":"open","sticky":false,"template":"","format":"standard","meta":{"footnotes":""},"categories":[5,42],"tags":[],"class_list":["post-1582","post","type-post","status-publish","format-standard","hentry","category-local","category-politica"],"yoast_head":"<!-- This site is optimized with the Yoast SEO Premium plugin v25.5 (Yoast SEO v27.1.1) - https:\/\/yoast.com\/product\/yoast-seo-premium-wordpress\/ -->\n<title>Montero: Mario Baptista denuncia intereses pol\u00edticos tras inhabilitaci\u00f3n de la agrupaci\u00f3n SOL; jurista y dirigentes opositores piden aceptar la resoluci\u00f3n - Wara Comunicaciones<\/title>\n<meta name=\"robots\" content=\"index, follow, max-snippet:-1, max-image-preview:large, max-video-preview:-1\" \/>\n<link rel=\"canonical\" href=\"https:\/\/waracomunicaciones.com\/?p=1582\" \/>\n<meta property=\"og:locale\" content=\"es_ES\" \/>\n<meta property=\"og:type\" content=\"article\" \/>\n<meta property=\"og:title\" content=\"Montero: Mario Baptista denuncia intereses pol\u00edticos tras inhabilitaci\u00f3n de la agrupaci\u00f3n SOL; jurista y dirigentes opositores piden aceptar la resoluci\u00f3n\" \/>\n<meta property=\"og:description\" content=\"Montero 12 marzo 2026. El exalcalde de Montero y candidato a concejal por la agrupaci\u00f3n ciudadana SOL, Mario Baptista, cuestion\u00f3 la decisi\u00f3n del \u00f3rgano electoral que observa la participaci\u00f3n de su organizaci\u00f3n pol\u00edtica y asegur\u00f3 que detr\u00e1s de la medida existir\u00edan intereses pol\u00edticos. Sin embargo, un abogado municipalista y dirigentes de otras agrupaciones consideran que [&hellip;]\" \/>\n<meta property=\"og:url\" content=\"https:\/\/waracomunicaciones.com\/?p=1582\" \/>\n<meta property=\"og:site_name\" content=\"Wara Comunicaciones\" \/>\n<meta property=\"article:publisher\" content=\"https:\/\/www.facebook.com\/waracomunicaciones2017\" \/>\n<meta property=\"article:published_time\" content=\"2026-03-13T22:16:15+00:00\" \/>\n<meta property=\"article:modified_time\" content=\"2026-03-13T22:16:16+00:00\" \/>\n<meta property=\"og:image\" content=\"https:\/\/waracomunicaciones.com\/wp-content\/uploads\/2026\/03\/TSE-13-mar-26.webp\" \/>\n\t<meta property=\"og:image:width\" content=\"787\" \/>\n\t<meta property=\"og:image:height\" content=\"1080\" \/>\n\t<meta property=\"og:image:type\" content=\"image\/webp\" \/>\n<meta name=\"author\" content=\"Tom\u00e1s Coca\" \/>\n<meta name=\"twitter:card\" content=\"summary_large_image\" \/>\n<meta name=\"twitter:label1\" content=\"Escrito por\" \/>\n\t<meta name=\"twitter:data1\" content=\"Tom\u00e1s Coca\" \/>\n\t<meta name=\"twitter:label2\" content=\"Tiempo de lectura\" \/>\n\t<meta name=\"twitter:data2\" content=\"4 minutos\" \/>\n<script type=\"application\/ld+json\" class=\"yoast-schema-graph\">{\"@context\":\"https:\/\/schema.org\",\"@graph\":[{\"@type\":\"Article\",\"@id\":\"https:\/\/waracomunicaciones.com\/?p=1582#article\",\"isPartOf\":{\"@id\":\"https:\/\/waracomunicaciones.com\/?p=1582\"},\"author\":{\"name\":\"Tom\u00e1s Coca\",\"@id\":\"https:\/\/waracomunicaciones.com\/#\/schema\/person\/cbfc6e874b874c69982b6f254108e9f0\"},\"headline\":\"Montero: Mario Baptista denuncia intereses pol\u00edticos tras inhabilitaci\u00f3n de la agrupaci\u00f3n SOL; jurista y dirigentes opositores piden aceptar la resoluci\u00f3n\",\"datePublished\":\"2026-03-13T22:16:15+00:00\",\"dateModified\":\"2026-03-13T22:16:16+00:00\",\"mainEntityOfPage\":{\"@id\":\"https:\/\/waracomunicaciones.com\/?p=1582\"},\"wordCount\":798,\"commentCount\":0,\"publisher\":{\"@id\":\"https:\/\/waracomunicaciones.com\/#organization\"},\"image\":{\"@id\":\"https:\/\/waracomunicaciones.com\/?p=1582#primaryimage\"},\"thumbnailUrl\":\"https:\/\/waracomunicaciones.com\/wp-content\/uploads\/2026\/03\/TSE-13-mar-26-746x1024.webp\",\"articleSection\":[\"LOCAL\",\"Pol\u00edtica\"],\"inLanguage\":\"es\",\"potentialAction\":[{\"@type\":\"CommentAction\",\"name\":\"Comment\",\"target\":[\"https:\/\/waracomunicaciones.com\/?p=1582#respond\"]}]},{\"@type\":\"WebPage\",\"@id\":\"https:\/\/waracomunicaciones.com\/?p=1582\",\"url\":\"https:\/\/waracomunicaciones.com\/?p=1582\",\"name\":\"Montero: Mario Baptista denuncia intereses pol\u00edticos tras inhabilitaci\u00f3n de la agrupaci\u00f3n SOL; jurista y dirigentes opositores piden aceptar la resoluci\u00f3n - Wara Comunicaciones\",\"isPartOf\":{\"@id\":\"https:\/\/waracomunicaciones.com\/#website\"},\"primaryImageOfPage\":{\"@id\":\"https:\/\/waracomunicaciones.com\/?p=1582#primaryimage\"},\"image\":{\"@id\":\"https:\/\/waracomunicaciones.com\/?p=1582#primaryimage\"},\"thumbnailUrl\":\"https:\/\/waracomunicaciones.com\/wp-content\/uploads\/2026\/03\/TSE-13-mar-26-746x1024.webp\",\"datePublished\":\"2026-03-13T22:16:15+00:00\",\"dateModified\":\"2026-03-13T22:16:16+00:00\",\"breadcrumb\":{\"@id\":\"https:\/\/waracomunicaciones.com\/?p=1582#breadcrumb\"},\"inLanguage\":\"es\",\"potentialAction\":[{\"@type\":\"ReadAction\",\"target\":[\"https:\/\/waracomunicaciones.com\/?p=1582\"]}]},{\"@type\":\"ImageObject\",\"inLanguage\":\"es\",\"@id\":\"https:\/\/waracomunicaciones.com\/?p=1582#primaryimage\",\"url\":\"https:\/\/waracomunicaciones.com\/wp-content\/uploads\/2026\/03\/TSE-13-mar-26.webp\",\"contentUrl\":\"https:\/\/waracomunicaciones.com\/wp-content\/uploads\/2026\/03\/TSE-13-mar-26.webp\",\"width\":787,\"height\":1080},{\"@type\":\"BreadcrumbList\",\"@id\":\"https:\/\/waracomunicaciones.com\/?p=1582#breadcrumb\",\"itemListElement\":[{\"@type\":\"ListItem\",\"position\":1,\"name\":\"Portada\",\"item\":\"https:\/\/waracomunicaciones.com\/\"},{\"@type\":\"ListItem\",\"position\":2,\"name\":\"Montero: Mario Baptista denuncia intereses pol\u00edticos tras inhabilitaci\u00f3n de la agrupaci\u00f3n SOL; jurista y dirigentes opositores piden aceptar la resoluci\u00f3n\"}]},{\"@type\":\"WebSite\",\"@id\":\"https:\/\/waracomunicaciones.com\/#website\",\"url\":\"https:\/\/waracomunicaciones.com\/\",\"name\":\"Wara Comunicaciones\",\"description\":\"\",\"publisher\":{\"@id\":\"https:\/\/waracomunicaciones.com\/#organization\"},\"potentialAction\":[{\"@type\":\"SearchAction\",\"target\":{\"@type\":\"EntryPoint\",\"urlTemplate\":\"https:\/\/waracomunicaciones.com\/?s={search_term_string}\"},\"query-input\":{\"@type\":\"PropertyValueSpecification\",\"valueRequired\":true,\"valueName\":\"search_term_string\"}}],\"inLanguage\":\"es\"},{\"@type\":\"Organization\",\"@id\":\"https:\/\/waracomunicaciones.com\/#organization\",\"name\":\"Wara Comunicaciones\",\"url\":\"https:\/\/waracomunicaciones.com\/\",\"logo\":{\"@type\":\"ImageObject\",\"inLanguage\":\"es\",\"@id\":\"https:\/\/waracomunicaciones.com\/#\/schema\/logo\/image\/\",\"url\":\"https:\/\/waracomunicaciones.com\/wp-content\/uploads\/2025\/07\/logo.png\",\"contentUrl\":\"https:\/\/waracomunicaciones.com\/wp-content\/uploads\/2025\/07\/logo.png\",\"width\":400,\"height\":164,\"caption\":\"Wara Comunicaciones\"},\"image\":{\"@id\":\"https:\/\/waracomunicaciones.com\/#\/schema\/logo\/image\/\"},\"sameAs\":[\"https:\/\/www.facebook.com\/waracomunicaciones2017\"]},{\"@type\":\"Person\",\"@id\":\"https:\/\/waracomunicaciones.com\/#\/schema\/person\/cbfc6e874b874c69982b6f254108e9f0\",\"name\":\"Tom\u00e1s Coca\",\"image\":{\"@type\":\"ImageObject\",\"inLanguage\":\"es\",\"@id\":\"https:\/\/waracomunicaciones.com\/#\/schema\/person\/image\/\",\"url\":\"https:\/\/secure.gravatar.com\/avatar\/482131bd67ce2dac1261229602fd0c47826af81f4ac6608b066b29cac2a6e65d?s=96&d=mm&r=g\",\"contentUrl\":\"https:\/\/secure.gravatar.com\/avatar\/482131bd67ce2dac1261229602fd0c47826af81f4ac6608b066b29cac2a6e65d?s=96&d=mm&r=g\",\"caption\":\"Tom\u00e1s Coca\"},\"sameAs\":[\"https:\/\/waracomunicaciones.com\"],\"url\":\"https:\/\/waracomunicaciones.com\/?author=2\"}]}<\/script>\n<!-- \/ Yoast SEO Premium plugin. -->","yoast_head_json":{"title":"Montero: Mario Baptista denuncia intereses pol\u00edticos tras inhabilitaci\u00f3n de la agrupaci\u00f3n SOL; jurista y dirigentes opositores piden aceptar la resoluci\u00f3n - Wara Comunicaciones","robots":{"index":"index","follow":"follow","max-snippet":"max-snippet:-1","max-image-preview":"max-image-preview:large","max-video-preview":"max-video-preview:-1"},"canonical":"https:\/\/waracomunicaciones.com\/?p=1582","og_locale":"es_ES","og_type":"article","og_title":"Montero: Mario Baptista denuncia intereses pol\u00edticos tras inhabilitaci\u00f3n de la agrupaci\u00f3n SOL; jurista y dirigentes opositores piden aceptar la resoluci\u00f3n","og_description":"Montero 12 marzo 2026. El exalcalde de Montero y candidato a concejal por la agrupaci\u00f3n ciudadana SOL, Mario Baptista, cuestion\u00f3 la decisi\u00f3n del \u00f3rgano electoral que observa la participaci\u00f3n de su organizaci\u00f3n pol\u00edtica y asegur\u00f3 que detr\u00e1s de la medida existir\u00edan intereses pol\u00edticos. Sin embargo, un abogado municipalista y dirigentes de otras agrupaciones consideran que [&hellip;]","og_url":"https:\/\/waracomunicaciones.com\/?p=1582","og_site_name":"Wara Comunicaciones","article_publisher":"https:\/\/www.facebook.com\/waracomunicaciones2017","article_published_time":"2026-03-13T22:16:15+00:00","article_modified_time":"2026-03-13T22:16:16+00:00","og_image":[{"width":787,"height":1080,"url":"https:\/\/waracomunicaciones.com\/wp-content\/uploads\/2026\/03\/TSE-13-mar-26.webp","type":"image\/webp"}],"author":"Tom\u00e1s Coca","twitter_card":"summary_large_image","twitter_misc":{"Escrito por":"Tom\u00e1s Coca","Tiempo de lectura":"4 minutos"},"schema":{"@context":"https:\/\/schema.org","@graph":[{"@type":"Article","@id":"https:\/\/waracomunicaciones.com\/?p=1582#article","isPartOf":{"@id":"https:\/\/waracomunicaciones.com\/?p=1582"},"author":{"name":"Tom\u00e1s Coca","@id":"https:\/\/waracomunicaciones.com\/#\/schema\/person\/cbfc6e874b874c69982b6f254108e9f0"},"headline":"Montero: Mario Baptista denuncia intereses pol\u00edticos tras inhabilitaci\u00f3n de la agrupaci\u00f3n SOL; jurista y dirigentes opositores piden aceptar la resoluci\u00f3n","datePublished":"2026-03-13T22:16:15+00:00","dateModified":"2026-03-13T22:16:16+00:00","mainEntityOfPage":{"@id":"https:\/\/waracomunicaciones.com\/?p=1582"},"wordCount":798,"commentCount":0,"publisher":{"@id":"https:\/\/waracomunicaciones.com\/#organization"},"image":{"@id":"https:\/\/waracomunicaciones.com\/?p=1582#primaryimage"},"thumbnailUrl":"https:\/\/waracomunicaciones.com\/wp-content\/uploads\/2026\/03\/TSE-13-mar-26-746x1024.webp","articleSection":["LOCAL","Pol\u00edtica"],"inLanguage":"es","potentialAction":[{"@type":"CommentAction","name":"Comment","target":["https:\/\/waracomunicaciones.com\/?p=1582#respond"]}]},{"@type":"WebPage","@id":"https:\/\/waracomunicaciones.com\/?p=1582","url":"https:\/\/waracomunicaciones.com\/?p=1582","name":"Montero: Mario Baptista denuncia intereses pol\u00edticos tras inhabilitaci\u00f3n de la agrupaci\u00f3n SOL; jurista y dirigentes opositores piden aceptar la resoluci\u00f3n - Wara Comunicaciones","isPartOf":{"@id":"https:\/\/waracomunicaciones.com\/#website"},"primaryImageOfPage":{"@id":"https:\/\/waracomunicaciones.com\/?p=1582#primaryimage"},"image":{"@id":"https:\/\/waracomunicaciones.com\/?p=1582#primaryimage"},"thumbnailUrl":"https:\/\/waracomunicaciones.com\/wp-content\/uploads\/2026\/03\/TSE-13-mar-26-746x1024.webp","datePublished":"2026-03-13T22:16:15+00:00","dateModified":"2026-03-13T22:16:16+00:00","breadcrumb":{"@id":"https:\/\/waracomunicaciones.com\/?p=1582#breadcrumb"},"inLanguage":"es","potentialAction":[{"@type":"ReadAction","target":["https:\/\/waracomunicaciones.com\/?p=1582"]}]},{"@type":"ImageObject","inLanguage":"es","@id":"https:\/\/waracomunicaciones.com\/?p=1582#primaryimage","url":"https:\/\/waracomunicaciones.com\/wp-content\/uploads\/2026\/03\/TSE-13-mar-26.webp","contentUrl":"https:\/\/waracomunicaciones.com\/wp-content\/uploads\/2026\/03\/TSE-13-mar-26.webp","width":787,"height":1080},{"@type":"BreadcrumbList","@id":"https:\/\/waracomunicaciones.com\/?p=1582#breadcrumb","itemListElement":[{"@type":"ListItem","position":1,"name":"Portada","item":"https:\/\/waracomunicaciones.com\/"},{"@type":"ListItem","position":2,"name":"Montero: Mario Baptista denuncia intereses pol\u00edticos tras inhabilitaci\u00f3n de la agrupaci\u00f3n SOL; jurista y dirigentes opositores piden aceptar la resoluci\u00f3n"}]},{"@type":"WebSite","@id":"https:\/\/waracomunicaciones.com\/#website","url":"https:\/\/waracomunicaciones.com\/","name":"Wara Comunicaciones","description":"","publisher":{"@id":"https:\/\/waracomunicaciones.com\/#organization"},"potentialAction":[{"@type":"SearchAction","target":{"@type":"EntryPoint","urlTemplate":"https:\/\/waracomunicaciones.com\/?s={search_term_string}"},"query-input":{"@type":"PropertyValueSpecification","valueRequired":true,"valueName":"search_term_string"}}],"inLanguage":"es"},{"@type":"Organization","@id":"https:\/\/waracomunicaciones.com\/#organization","name":"Wara Comunicaciones","url":"https:\/\/waracomunicaciones.com\/","logo":{"@type":"ImageObject","inLanguage":"es","@id":"https:\/\/waracomunicaciones.com\/#\/schema\/logo\/image\/","url":"https:\/\/waracomunicaciones.com\/wp-content\/uploads\/2025\/07\/logo.png","contentUrl":"https:\/\/waracomunicaciones.com\/wp-content\/uploads\/2025\/07\/logo.png","width":400,"height":164,"caption":"Wara Comunicaciones"},"image":{"@id":"https:\/\/waracomunicaciones.com\/#\/schema\/logo\/image\/"},"sameAs":["https:\/\/www.facebook.com\/waracomunicaciones2017"]},{"@type":"Person","@id":"https:\/\/waracomunicaciones.com\/#\/schema\/person\/cbfc6e874b874c69982b6f254108e9f0","name":"Tom\u00e1s Coca","image":{"@type":"ImageObject","inLanguage":"es","@id":"https:\/\/waracomunicaciones.com\/#\/schema\/person\/image\/","url":"https:\/\/secure.gravatar.com\/avatar\/482131bd67ce2dac1261229602fd0c47826af81f4ac6608b066b29cac2a6e65d?s=96&d=mm&r=g","contentUrl":"https:\/\/secure.gravatar.com\/avatar\/482131bd67ce2dac1261229602fd0c47826af81f4ac6608b066b29cac2a6e65d?s=96&d=mm&r=g","caption":"Tom\u00e1s Coca"},"sameAs":["https:\/\/waracomunicaciones.com"],"url":"https:\/\/waracomunicaciones.com\/?author=2"}]}},"_links":{"self":[{"href":"https:\/\/waracomunicaciones.com\/index.php?rest_route=\/wp\/v2\/posts\/1582","targetHints":{"allow":["GET"]}}],"collection":[{"href":"https:\/\/waracomunicaciones.com\/index.php?rest_route=\/wp\/v2\/posts"}],"about":[{"href":"https:\/\/waracomunicaciones.com\/index.php?rest_route=\/wp\/v2\/types\/post"}],"author":[{"embeddable":true,"href":"https:\/\/waracomunicaciones.com\/index.php?rest_route=\/wp\/v2\/users\/2"}],"replies":[{"embeddable":true,"href":"https:\/\/waracomunicaciones.com\/index.php?rest_route=%2Fwp%2Fv2%2Fcomments&post=1582"}],"version-history":[{"count":1,"href":"https:\/\/waracomunicaciones.com\/index.php?rest_route=\/wp\/v2\/posts\/1582\/revisions"}],"predecessor-version":[{"id":1584,"href":"https:\/\/waracomunicaciones.com\/index.php?rest_route=\/wp\/v2\/posts\/1582\/revisions\/1584"}],"wp:attachment":[{"href":"https:\/\/waracomunicaciones.com\/index.php?rest_route=%2Fwp%2Fv2%2Fmedia&parent=1582"}],"wp:term":[{"taxonomy":"category","embeddable":true,"href":"https:\/\/waracomunicaciones.com\/index.php?rest_route=%2Fwp%2Fv2%2Fcategories&post=1582"},{"taxonomy":"post_tag","embeddable":true,"href":"https:\/\/waracomunicaciones.com\/index.php?rest_route=%2Fwp%2Fv2%2Ftags&post=1582"}],"curies":[{"name":"wp","href":"https:\/\/api.w.org\/{rel}","templated":true}]}}