{"id":1568,"date":"2026-03-12T09:05:23","date_gmt":"2026-03-12T13:05:23","guid":{"rendered":"https:\/\/waracomunicaciones.com\/?p=1568"},"modified":"2026-03-12T09:38:20","modified_gmt":"2026-03-12T13:38:20","slug":"tomas-coca-analiza-el-escenario-electoral-rumbo-al-22-de-marzo-y-afirma-que-la-maquinaria-de-la-alianza-todos-entra-en-su-fase-final","status":"publish","type":"post","link":"https:\/\/waracomunicaciones.com\/?p=1568","title":{"rendered":"Tomas Coca analiza el escenario electoral rumbo al 22 de marzo y afirma que la maquinaria de la Alianza TODOS entra en su fase final"},"content":{"rendered":"\n<figure class=\"wp-block-image size-large\"><img loading=\"lazy\" decoding=\"async\" width=\"1024\" height=\"610\" src=\"https:\/\/waracomunicaciones.com\/wp-content\/uploads\/2026\/03\/Foto-purinacional-12-mar-26-1024x610.webp\" alt=\"\" class=\"wp-image-1569\" srcset=\"https:\/\/waracomunicaciones.com\/wp-content\/uploads\/2026\/03\/Foto-purinacional-12-mar-26-1024x610.webp 1024w, https:\/\/waracomunicaciones.com\/wp-content\/uploads\/2026\/03\/Foto-purinacional-12-mar-26-300x179.webp 300w, https:\/\/waracomunicaciones.com\/wp-content\/uploads\/2026\/03\/Foto-purinacional-12-mar-26-768x457.webp 768w, https:\/\/waracomunicaciones.com\/wp-content\/uploads\/2026\/03\/Foto-purinacional-12-mar-26.webp 1083w\" sizes=\"auto, (max-width: 1024px) 100vw, 1024px\" \/><figcaption class=\"wp-element-caption\">Montero, la Bolivia chica. La unidad en la diversidad.<\/figcaption><\/figure>\n\n\n<p>En el programa <em>Agenda Matinal<\/em>, el candidato a concejal <strong>Tomas Coca<\/strong>, de la <strong>Alianza TODOS<\/strong>, analiz\u00f3 las proyecciones para las elecciones municipales del pr\u00f3ximo <strong>22 de marzo<\/strong>, destacando que su organizaci\u00f3n se encuentra afinando los \u00faltimos detalles de la campa\u00f1a.<!--more--><\/p>\n<p>Coca se\u00f1al\u00f3 que la etapa final del proceso electoral exige ajustes en la estrategia pol\u00edtica y organizativa. \u201cEstamos ajustando la maquinaria electoral en esta recta final de la campa\u00f1a\u201d, afirm\u00f3, al referirse al trabajo de coordinaci\u00f3n que realiza su alianza de cara a la jornada electoral.<\/p>\n<p>El candidato tambi\u00e9n reflexion\u00f3 sobre los posibles escenarios del denominado \u201cd\u00eda D\u201d. Record\u00f3 que, de acuerdo con el Tribunal Supremo Electoral, alrededor de las <strong>21:00 del domingo 22 de marzo<\/strong> ya podr\u00edan conocerse los primeros resultados oficiales. \u201cA esa hora algunos estar\u00e1n festejando y otros lamentando. Son las reglas de la democracia. Lo importante es que triunfe la voluntad del soberano, la voluntad popular\u201d, sostuvo.<\/p>\n<h3><strong>Un escenario pol\u00edtico cambiante<\/strong><\/h3>\n<p>Durante su an\u00e1lisis, Coca subray\u00f3 que la pol\u00edtica es din\u00e1mica y que distintos factores pueden modificar el tablero electoral en poco tiempo. En ese sentido, record\u00f3 que en las anteriores elecciones subnacionales exist\u00edan seis frentes pol\u00edticos, varios de ellos vinculados al mismo tronco pol\u00edtico del <strong>Movimiento al Socialismo (MAS)<\/strong>.<\/p>\n<p>Entre esos frentes mencion\u00f3 a candidaturas y agrupaciones que, seg\u00fan explic\u00f3, compart\u00edan una misma ra\u00edz pol\u00edtica, lo que termin\u00f3 dividiendo el voto de ese sector. Mientras tanto, fuerzas opositoras lograron articularse en un solo bloque, lo que permiti\u00f3 la victoria del actual alcalde <strong>Regys Medina<\/strong>, apoyado por la alianza que integraban <strong>CREEMOS<\/strong>, el <strong>Movimiento Nacionalista Revolucionario<\/strong> y <strong>Comunidad Ciudadana<\/strong>.<\/p>\n<p>Sin embargo, Coca indic\u00f3 que en el actual proceso el panorama parece haberse invertido. Seg\u00fan explic\u00f3, los bloques pol\u00edticos tradicionales se encuentran ahora m\u00e1s fragmentados, tanto en el sector opositor como en el denominado bloque popular.<\/p>\n<h3><strong>Impacto de la inhabilitaci\u00f3n de SOL<\/strong><\/h3>\n<p>El candidato tambi\u00e9n se refiri\u00f3 a la inhabilitaci\u00f3n del partido <strong>SOL<\/strong>, hecho que dej\u00f3 fuera de la carrera electoral a <strong>Mario Baptista<\/strong> y a toda su lista de concejales. A su criterio, esta situaci\u00f3n podr\u00eda provocar una reconfiguraci\u00f3n del voto dentro del bloque popular.<\/p>\n<p>\u201cEsto supone que ese electorado podr\u00eda rearticularse o concentrarse en otras candidaturas\u201d, se\u00f1al\u00f3.<\/p>\n<p>Entre las figuras que podr\u00edan capitalizar ese respaldo mencion\u00f3 al candidato <strong>Santiago Valenzuela<\/strong>, de la agrupaci\u00f3n <strong>Todos por Montero<\/strong>, quien \u2014seg\u00fan Coca\u2014 podr\u00eda convertirse en una de las sorpresas de la jornada electoral.<\/p>\n<h3><strong>El peso del \u201cvoto duro\u201d<\/strong><\/h3>\n<p>Para explicar sus proyecciones, Coca utiliz\u00f3 el concepto de \u201cvoto duro\u201d, es decir, el electorado que mantiene fidelidad constante hacia un partido o liderazgo pol\u00edtico. Seg\u00fan su an\u00e1lisis, este factor suele ser determinante en contextos de fuerte identificaci\u00f3n partidaria.<\/p>\n<p>Bas\u00e1ndose en resultados de las \u00faltimas elecciones nacionales de agosto, indic\u00f3 que el bloque popular habr\u00eda obtenido aproximadamente <strong>21.180 votos<\/strong>, sumando el respaldo de candidaturas vinculadas al <strong>Movimiento al Socialismo<\/strong>, al liderazgo de <strong>Andr\u00f3nico Rodr\u00edguez<\/strong> y al apoyo recibido por <strong>Rodrigo Paz Pereira<\/strong>.<\/p>\n<p>A esa cifra a\u00f1adi\u00f3 el voto nulo registrado en ese proceso electoral \u2014cerca de <strong>14.797 sufragios<\/strong>, equivalente al <strong>18,64 %<\/strong>\u2014 que, seg\u00fan explic\u00f3, reflejar\u00eda el descontento de parte del electorado con las opciones disponibles y con la inhabilitaci\u00f3n del exmandatario <strong>Evo Morales<\/strong>.<\/p>\n<h3><strong>Posibles escenarios<\/strong><\/h3>\n<p>A partir de estos datos, Coca estim\u00f3 que el bloque social popular podr\u00eda representar alrededor de <strong>35.000 votantes<\/strong> potenciales en el municipio. Si una parte significativa de ese electorado se concentra en una sola candidatura, afirm\u00f3, podr\u00eda definir el resultado de la elecci\u00f3n.<\/p>\n<p>\u201cSi alrededor de 25.000 electores respaldaran a un solo candidato del bloque popular, como Santiago Valenzuela, podr\u00eda consolidarse como representante de ese sector y disputar seriamente la alcald\u00eda\u201d, explic\u00f3.<\/p>\n<p>No obstante, el candidato aclar\u00f3 que sus c\u00e1lculos no pretenden ser una predicci\u00f3n definitiva, sino un ejercicio de an\u00e1lisis pol\u00edtico basado en tendencias electorales recientes.<\/p>\n<p>Finalmente, Coca reiter\u00f3 que el resultado depender\u00e1 de m\u00faltiples factores, entre ellos el comportamiento del electorado indeciso y la identificaci\u00f3n clasista y \u00e9tnica &#8211; cultural<\/p>\n<p>\u201cHay indicadores que pueden orientar el an\u00e1lisis, pero en pol\u00edtica siempre puede haber sorpresas\u201d, concluy\u00f3.<\/p><div style=\"margin-top: 0px; margin-bottom: 0px;\" class=\"sharethis-inline-reaction-buttons\" ><\/div>","protected":false},"excerpt":{"rendered":"<p>En el programa Agenda Matinal, el candidato a concejal Tomas Coca, de la Alianza TODOS, analiz\u00f3 las proyecciones para las elecciones municipales del pr\u00f3ximo 22 de marzo, destacando que su organizaci\u00f3n se encuentra afinando los \u00faltimos detalles de la campa\u00f1a.<\/p>\n","protected":false},"author":2,"featured_media":0,"comment_status":"open","ping_status":"open","sticky":false,"template":"","format":"standard","meta":{"footnotes":""},"categories":[42],"tags":[306,283,305],"class_list":["post-1568","post","type-post","status-publish","format-standard","hentry","category-politica","tag-alianza-todos","tag-eleccciones-subnacionales","tag-tomas-coca"],"yoast_head":"<!-- This site is optimized with the Yoast SEO Premium plugin v25.5 (Yoast SEO v27.1.1) - https:\/\/yoast.com\/product\/yoast-seo-premium-wordpress\/ -->\n<title>Tomas Coca analiza el escenario electoral rumbo al 22 de marzo y afirma que la maquinaria de la Alianza TODOS entra en su fase final - Wara Comunicaciones<\/title>\n<meta name=\"description\" content=\"Elecciones Subnacionales Montero\" \/>\n<meta name=\"robots\" content=\"index, follow, max-snippet:-1, max-image-preview:large, max-video-preview:-1\" \/>\n<link rel=\"canonical\" href=\"https:\/\/waracomunicaciones.com\/?p=1568\" \/>\n<meta property=\"og:locale\" content=\"es_ES\" \/>\n<meta property=\"og:type\" content=\"article\" \/>\n<meta property=\"og:title\" content=\"Tomas Coca analiza el escenario electoral rumbo al 22 de marzo y afirma que la maquinaria de la Alianza TODOS entra en su fase final\" \/>\n<meta property=\"og:description\" content=\"Elecciones Subnacionales Montero\" \/>\n<meta property=\"og:url\" content=\"https:\/\/waracomunicaciones.com\/?p=1568\" \/>\n<meta property=\"og:site_name\" content=\"Wara Comunicaciones\" \/>\n<meta property=\"article:publisher\" content=\"https:\/\/www.facebook.com\/waracomunicaciones2017\" \/>\n<meta property=\"article:published_time\" content=\"2026-03-12T13:05:23+00:00\" \/>\n<meta property=\"article:modified_time\" content=\"2026-03-12T13:38:20+00:00\" \/>\n<meta property=\"og:image\" content=\"https:\/\/waracomunicaciones.com\/wp-content\/uploads\/2026\/03\/Foto-purinacional-12-mar-26.webp\" \/>\n\t<meta property=\"og:image:width\" content=\"1083\" \/>\n\t<meta property=\"og:image:height\" content=\"645\" \/>\n\t<meta property=\"og:image:type\" content=\"image\/webp\" \/>\n<meta name=\"author\" content=\"Tom\u00e1s Coca\" \/>\n<meta name=\"twitter:card\" content=\"summary_large_image\" \/>\n<meta name=\"twitter:label1\" content=\"Escrito por\" \/>\n\t<meta name=\"twitter:data1\" content=\"Tom\u00e1s Coca\" \/>\n\t<meta name=\"twitter:label2\" content=\"Tiempo de lectura\" \/>\n\t<meta name=\"twitter:data2\" content=\"4 minutos\" \/>\n<script type=\"application\/ld+json\" class=\"yoast-schema-graph\">{\"@context\":\"https:\/\/schema.org\",\"@graph\":[{\"@type\":\"Article\",\"@id\":\"https:\/\/waracomunicaciones.com\/?p=1568#article\",\"isPartOf\":{\"@id\":\"https:\/\/waracomunicaciones.com\/?p=1568\"},\"author\":{\"name\":\"Tom\u00e1s Coca\",\"@id\":\"https:\/\/waracomunicaciones.com\/#\/schema\/person\/cbfc6e874b874c69982b6f254108e9f0\"},\"headline\":\"Tomas Coca analiza el escenario electoral rumbo al 22 de marzo y afirma que la maquinaria de la Alianza TODOS entra en su fase final\",\"datePublished\":\"2026-03-12T13:05:23+00:00\",\"dateModified\":\"2026-03-12T13:38:20+00:00\",\"mainEntityOfPage\":{\"@id\":\"https:\/\/waracomunicaciones.com\/?p=1568\"},\"wordCount\":749,\"commentCount\":0,\"publisher\":{\"@id\":\"https:\/\/waracomunicaciones.com\/#organization\"},\"image\":{\"@id\":\"https:\/\/waracomunicaciones.com\/?p=1568#primaryimage\"},\"thumbnailUrl\":\"https:\/\/waracomunicaciones.com\/wp-content\/uploads\/2026\/03\/Foto-purinacional-12-mar-26-1024x610.webp\",\"keywords\":[\"Alianza TODOS\",\"Eleccciones Subnacionales\",\"Tom\u00e1s Coca\"],\"articleSection\":[\"Pol\u00edtica\"],\"inLanguage\":\"es\",\"potentialAction\":[{\"@type\":\"CommentAction\",\"name\":\"Comment\",\"target\":[\"https:\/\/waracomunicaciones.com\/?p=1568#respond\"]}]},{\"@type\":\"WebPage\",\"@id\":\"https:\/\/waracomunicaciones.com\/?p=1568\",\"url\":\"https:\/\/waracomunicaciones.com\/?p=1568\",\"name\":\"Tomas Coca analiza el escenario electoral rumbo al 22 de marzo y afirma que la maquinaria de la Alianza TODOS entra en su fase final - Wara Comunicaciones\",\"isPartOf\":{\"@id\":\"https:\/\/waracomunicaciones.com\/#website\"},\"primaryImageOfPage\":{\"@id\":\"https:\/\/waracomunicaciones.com\/?p=1568#primaryimage\"},\"image\":{\"@id\":\"https:\/\/waracomunicaciones.com\/?p=1568#primaryimage\"},\"thumbnailUrl\":\"https:\/\/waracomunicaciones.com\/wp-content\/uploads\/2026\/03\/Foto-purinacional-12-mar-26-1024x610.webp\",\"datePublished\":\"2026-03-12T13:05:23+00:00\",\"dateModified\":\"2026-03-12T13:38:20+00:00\",\"description\":\"Elecciones Subnacionales Montero\",\"breadcrumb\":{\"@id\":\"https:\/\/waracomunicaciones.com\/?p=1568#breadcrumb\"},\"inLanguage\":\"es\",\"potentialAction\":[{\"@type\":\"ReadAction\",\"target\":[\"https:\/\/waracomunicaciones.com\/?p=1568\"]}]},{\"@type\":\"ImageObject\",\"inLanguage\":\"es\",\"@id\":\"https:\/\/waracomunicaciones.com\/?p=1568#primaryimage\",\"url\":\"https:\/\/waracomunicaciones.com\/wp-content\/uploads\/2026\/03\/Foto-purinacional-12-mar-26.webp\",\"contentUrl\":\"https:\/\/waracomunicaciones.com\/wp-content\/uploads\/2026\/03\/Foto-purinacional-12-mar-26.webp\",\"width\":1083,\"height\":645},{\"@type\":\"BreadcrumbList\",\"@id\":\"https:\/\/waracomunicaciones.com\/?p=1568#breadcrumb\",\"itemListElement\":[{\"@type\":\"ListItem\",\"position\":1,\"name\":\"Portada\",\"item\":\"https:\/\/waracomunicaciones.com\/\"},{\"@type\":\"ListItem\",\"position\":2,\"name\":\"Tomas Coca analiza el escenario electoral rumbo al 22 de marzo y afirma que la maquinaria de la Alianza TODOS entra en su fase final\"}]},{\"@type\":\"WebSite\",\"@id\":\"https:\/\/waracomunicaciones.com\/#website\",\"url\":\"https:\/\/waracomunicaciones.com\/\",\"name\":\"Wara Comunicaciones\",\"description\":\"\",\"publisher\":{\"@id\":\"https:\/\/waracomunicaciones.com\/#organization\"},\"potentialAction\":[{\"@type\":\"SearchAction\",\"target\":{\"@type\":\"EntryPoint\",\"urlTemplate\":\"https:\/\/waracomunicaciones.com\/?s={search_term_string}\"},\"query-input\":{\"@type\":\"PropertyValueSpecification\",\"valueRequired\":true,\"valueName\":\"search_term_string\"}}],\"inLanguage\":\"es\"},{\"@type\":\"Organization\",\"@id\":\"https:\/\/waracomunicaciones.com\/#organization\",\"name\":\"Wara Comunicaciones\",\"url\":\"https:\/\/waracomunicaciones.com\/\",\"logo\":{\"@type\":\"ImageObject\",\"inLanguage\":\"es\",\"@id\":\"https:\/\/waracomunicaciones.com\/#\/schema\/logo\/image\/\",\"url\":\"https:\/\/waracomunicaciones.com\/wp-content\/uploads\/2025\/07\/logo.png\",\"contentUrl\":\"https:\/\/waracomunicaciones.com\/wp-content\/uploads\/2025\/07\/logo.png\",\"width\":400,\"height\":164,\"caption\":\"Wara Comunicaciones\"},\"image\":{\"@id\":\"https:\/\/waracomunicaciones.com\/#\/schema\/logo\/image\/\"},\"sameAs\":[\"https:\/\/www.facebook.com\/waracomunicaciones2017\"]},{\"@type\":\"Person\",\"@id\":\"https:\/\/waracomunicaciones.com\/#\/schema\/person\/cbfc6e874b874c69982b6f254108e9f0\",\"name\":\"Tom\u00e1s Coca\",\"image\":{\"@type\":\"ImageObject\",\"inLanguage\":\"es\",\"@id\":\"https:\/\/waracomunicaciones.com\/#\/schema\/person\/image\/\",\"url\":\"https:\/\/secure.gravatar.com\/avatar\/482131bd67ce2dac1261229602fd0c47826af81f4ac6608b066b29cac2a6e65d?s=96&d=mm&r=g\",\"contentUrl\":\"https:\/\/secure.gravatar.com\/avatar\/482131bd67ce2dac1261229602fd0c47826af81f4ac6608b066b29cac2a6e65d?s=96&d=mm&r=g\",\"caption\":\"Tom\u00e1s Coca\"},\"sameAs\":[\"https:\/\/waracomunicaciones.com\"],\"url\":\"https:\/\/waracomunicaciones.com\/?author=2\"}]}<\/script>\n<!-- \/ Yoast SEO Premium plugin. -->","yoast_head_json":{"title":"Tomas Coca analiza el escenario electoral rumbo al 22 de marzo y afirma que la maquinaria de la Alianza TODOS entra en su fase final - Wara Comunicaciones","description":"Elecciones Subnacionales Montero","robots":{"index":"index","follow":"follow","max-snippet":"max-snippet:-1","max-image-preview":"max-image-preview:large","max-video-preview":"max-video-preview:-1"},"canonical":"https:\/\/waracomunicaciones.com\/?p=1568","og_locale":"es_ES","og_type":"article","og_title":"Tomas Coca analiza el escenario electoral rumbo al 22 de marzo y afirma que la maquinaria de la Alianza TODOS entra en su fase final","og_description":"Elecciones Subnacionales Montero","og_url":"https:\/\/waracomunicaciones.com\/?p=1568","og_site_name":"Wara Comunicaciones","article_publisher":"https:\/\/www.facebook.com\/waracomunicaciones2017","article_published_time":"2026-03-12T13:05:23+00:00","article_modified_time":"2026-03-12T13:38:20+00:00","og_image":[{"width":1083,"height":645,"url":"https:\/\/waracomunicaciones.com\/wp-content\/uploads\/2026\/03\/Foto-purinacional-12-mar-26.webp","type":"image\/webp"}],"author":"Tom\u00e1s Coca","twitter_card":"summary_large_image","twitter_misc":{"Escrito por":"Tom\u00e1s Coca","Tiempo de lectura":"4 minutos"},"schema":{"@context":"https:\/\/schema.org","@graph":[{"@type":"Article","@id":"https:\/\/waracomunicaciones.com\/?p=1568#article","isPartOf":{"@id":"https:\/\/waracomunicaciones.com\/?p=1568"},"author":{"name":"Tom\u00e1s Coca","@id":"https:\/\/waracomunicaciones.com\/#\/schema\/person\/cbfc6e874b874c69982b6f254108e9f0"},"headline":"Tomas Coca analiza el escenario electoral rumbo al 22 de marzo y afirma que la maquinaria de la Alianza TODOS entra en su fase final","datePublished":"2026-03-12T13:05:23+00:00","dateModified":"2026-03-12T13:38:20+00:00","mainEntityOfPage":{"@id":"https:\/\/waracomunicaciones.com\/?p=1568"},"wordCount":749,"commentCount":0,"publisher":{"@id":"https:\/\/waracomunicaciones.com\/#organization"},"image":{"@id":"https:\/\/waracomunicaciones.com\/?p=1568#primaryimage"},"thumbnailUrl":"https:\/\/waracomunicaciones.com\/wp-content\/uploads\/2026\/03\/Foto-purinacional-12-mar-26-1024x610.webp","keywords":["Alianza TODOS","Eleccciones Subnacionales","Tom\u00e1s Coca"],"articleSection":["Pol\u00edtica"],"inLanguage":"es","potentialAction":[{"@type":"CommentAction","name":"Comment","target":["https:\/\/waracomunicaciones.com\/?p=1568#respond"]}]},{"@type":"WebPage","@id":"https:\/\/waracomunicaciones.com\/?p=1568","url":"https:\/\/waracomunicaciones.com\/?p=1568","name":"Tomas Coca analiza el escenario electoral rumbo al 22 de marzo y afirma que la maquinaria de la Alianza TODOS entra en su fase final - Wara Comunicaciones","isPartOf":{"@id":"https:\/\/waracomunicaciones.com\/#website"},"primaryImageOfPage":{"@id":"https:\/\/waracomunicaciones.com\/?p=1568#primaryimage"},"image":{"@id":"https:\/\/waracomunicaciones.com\/?p=1568#primaryimage"},"thumbnailUrl":"https:\/\/waracomunicaciones.com\/wp-content\/uploads\/2026\/03\/Foto-purinacional-12-mar-26-1024x610.webp","datePublished":"2026-03-12T13:05:23+00:00","dateModified":"2026-03-12T13:38:20+00:00","description":"Elecciones Subnacionales Montero","breadcrumb":{"@id":"https:\/\/waracomunicaciones.com\/?p=1568#breadcrumb"},"inLanguage":"es","potentialAction":[{"@type":"ReadAction","target":["https:\/\/waracomunicaciones.com\/?p=1568"]}]},{"@type":"ImageObject","inLanguage":"es","@id":"https:\/\/waracomunicaciones.com\/?p=1568#primaryimage","url":"https:\/\/waracomunicaciones.com\/wp-content\/uploads\/2026\/03\/Foto-purinacional-12-mar-26.webp","contentUrl":"https:\/\/waracomunicaciones.com\/wp-content\/uploads\/2026\/03\/Foto-purinacional-12-mar-26.webp","width":1083,"height":645},{"@type":"BreadcrumbList","@id":"https:\/\/waracomunicaciones.com\/?p=1568#breadcrumb","itemListElement":[{"@type":"ListItem","position":1,"name":"Portada","item":"https:\/\/waracomunicaciones.com\/"},{"@type":"ListItem","position":2,"name":"Tomas Coca analiza el escenario electoral rumbo al 22 de marzo y afirma que la maquinaria de la Alianza TODOS entra en su fase final"}]},{"@type":"WebSite","@id":"https:\/\/waracomunicaciones.com\/#website","url":"https:\/\/waracomunicaciones.com\/","name":"Wara Comunicaciones","description":"","publisher":{"@id":"https:\/\/waracomunicaciones.com\/#organization"},"potentialAction":[{"@type":"SearchAction","target":{"@type":"EntryPoint","urlTemplate":"https:\/\/waracomunicaciones.com\/?s={search_term_string}"},"query-input":{"@type":"PropertyValueSpecification","valueRequired":true,"valueName":"search_term_string"}}],"inLanguage":"es"},{"@type":"Organization","@id":"https:\/\/waracomunicaciones.com\/#organization","name":"Wara Comunicaciones","url":"https:\/\/waracomunicaciones.com\/","logo":{"@type":"ImageObject","inLanguage":"es","@id":"https:\/\/waracomunicaciones.com\/#\/schema\/logo\/image\/","url":"https:\/\/waracomunicaciones.com\/wp-content\/uploads\/2025\/07\/logo.png","contentUrl":"https:\/\/waracomunicaciones.com\/wp-content\/uploads\/2025\/07\/logo.png","width":400,"height":164,"caption":"Wara Comunicaciones"},"image":{"@id":"https:\/\/waracomunicaciones.com\/#\/schema\/logo\/image\/"},"sameAs":["https:\/\/www.facebook.com\/waracomunicaciones2017"]},{"@type":"Person","@id":"https:\/\/waracomunicaciones.com\/#\/schema\/person\/cbfc6e874b874c69982b6f254108e9f0","name":"Tom\u00e1s Coca","image":{"@type":"ImageObject","inLanguage":"es","@id":"https:\/\/waracomunicaciones.com\/#\/schema\/person\/image\/","url":"https:\/\/secure.gravatar.com\/avatar\/482131bd67ce2dac1261229602fd0c47826af81f4ac6608b066b29cac2a6e65d?s=96&d=mm&r=g","contentUrl":"https:\/\/secure.gravatar.com\/avatar\/482131bd67ce2dac1261229602fd0c47826af81f4ac6608b066b29cac2a6e65d?s=96&d=mm&r=g","caption":"Tom\u00e1s Coca"},"sameAs":["https:\/\/waracomunicaciones.com"],"url":"https:\/\/waracomunicaciones.com\/?author=2"}]}},"_links":{"self":[{"href":"https:\/\/waracomunicaciones.com\/index.php?rest_route=\/wp\/v2\/posts\/1568","targetHints":{"allow":["GET"]}}],"collection":[{"href":"https:\/\/waracomunicaciones.com\/index.php?rest_route=\/wp\/v2\/posts"}],"about":[{"href":"https:\/\/waracomunicaciones.com\/index.php?rest_route=\/wp\/v2\/types\/post"}],"author":[{"embeddable":true,"href":"https:\/\/waracomunicaciones.com\/index.php?rest_route=\/wp\/v2\/users\/2"}],"replies":[{"embeddable":true,"href":"https:\/\/waracomunicaciones.com\/index.php?rest_route=%2Fwp%2Fv2%2Fcomments&post=1568"}],"version-history":[{"count":2,"href":"https:\/\/waracomunicaciones.com\/index.php?rest_route=\/wp\/v2\/posts\/1568\/revisions"}],"predecessor-version":[{"id":1573,"href":"https:\/\/waracomunicaciones.com\/index.php?rest_route=\/wp\/v2\/posts\/1568\/revisions\/1573"}],"wp:attachment":[{"href":"https:\/\/waracomunicaciones.com\/index.php?rest_route=%2Fwp%2Fv2%2Fmedia&parent=1568"}],"wp:term":[{"taxonomy":"category","embeddable":true,"href":"https:\/\/waracomunicaciones.com\/index.php?rest_route=%2Fwp%2Fv2%2Fcategories&post=1568"},{"taxonomy":"post_tag","embeddable":true,"href":"https:\/\/waracomunicaciones.com\/index.php?rest_route=%2Fwp%2Fv2%2Ftags&post=1568"}],"curies":[{"name":"wp","href":"https:\/\/api.w.org\/{rel}","templated":true}]}}