{"id":1564,"date":"2026-03-10T15:59:12","date_gmt":"2026-03-10T19:59:12","guid":{"rendered":"https:\/\/waracomunicaciones.com\/?p=1564"},"modified":"2026-03-13T12:18:19","modified_gmt":"2026-03-13T16:18:19","slug":"severino-cafia-anuncia-coalicion-con-alianza-todos-por-montero-rumbo-a-las-elecciones-municipales-2026-2","status":"publish","type":"post","link":"https:\/\/waracomunicaciones.com\/?p=1564","title":{"rendered":"Severino Cafia anuncia coalici\u00f3n \u00a0con \u201cAlianza Todos por Montero\u201d rumbo a las elecciones municipales 2026"},"content":{"rendered":"\n<figure class=\"wp-block-image size-full\"><img loading=\"lazy\" decoding=\"async\" width=\"518\" height=\"290\" src=\"https:\/\/waracomunicaciones.com\/wp-content\/uploads\/2026\/03\/Cafia-10-mar-26-2.webp\" alt=\"\" class=\"wp-image-1565\" srcset=\"https:\/\/waracomunicaciones.com\/wp-content\/uploads\/2026\/03\/Cafia-10-mar-26-2.webp 518w, https:\/\/waracomunicaciones.com\/wp-content\/uploads\/2026\/03\/Cafia-10-mar-26-2-300x168.webp 300w\" sizes=\"auto, (max-width: 518px) 100vw, 518px\" \/><figcaption class=\"wp-element-caption\">Plaza 2 de diciembre de Montero<\/figcaption><\/figure>\n\n\n<p>Montero, 10 de marzo de 2026 \u2014 El ex candidato a la Alcald\u00eda de Montero por el Movimiento Solidario Popular (MSP), Severino Cafia, anunci\u00f3 este martes en conferencia de prensa una alianza pol\u00edtica con la agrupaci\u00f3n \u201cAlianza Todos por Montero\u201d, con miras a las elecciones municipales programadas para el 22 de marzo de 2026.<!--more--><\/p>\n<p>Durante su intervenci\u00f3n, Cafia expres\u00f3 su respaldo al candidato Santiago Valenzuela, destacando que el objetivo principal de la alianza ser\u00e1 trabajar en beneficio de la poblaci\u00f3n, priorizando la gesti\u00f3n p\u00fablica sobre intereses personales o beneficios econ\u00f3micos. \u201cQuiero decir al compa\u00f1ero Valenzuela: apoyarle para que trabaje por la poblaci\u00f3n, no por el beneficio, sino para brindar un servicio real a la ciudadan\u00eda\u201d, se\u00f1al\u00f3.<\/p>\n<p>Entre los principales compromisos planteados por Cafia se encuentra la reducci\u00f3n de los salarios del alcalde y de los concejales, argumentando que \u201cun trabajador no gana como un concejal, y las instituciones no deben superar los ingresos de la poblaci\u00f3n que representan\u201d. Asimismo, hizo \u00e9nfasis en la necesidad de fortalecer los servicios de salud, educaci\u00f3n, seguridad ciudadana y gesti\u00f3n de obras p\u00fablicas, sin distinci\u00f3n del color pol\u00edtico del gobierno central.<\/p>\n<p>Cafia tambi\u00e9n destac\u00f3 la importancia de incentivar la inversi\u00f3n privada en Montero, con el objetivo de generar empleo mediante la instalaci\u00f3n de industrias y f\u00e1bricas en la ciudad. Respecto a proyectos ya aprobados, mencion\u00f3 que el tema del alcantarillado cuenta con los permisos correspondientes, faltando \u00fanicamente los recursos necesarios para su ejecuci\u00f3n.<\/p>\n<p>Por su parte, Santiago Valenzuela, candidato a Alcalde por la alianza TODOS, expres\u00f3 su agradecimiento por las recomendaciones de Cafia y asegur\u00f3 que se compromete a trabajar de manera honesta y transparente, con enfoque en la salud, educaci\u00f3n y las necesidades de los barrios m\u00e1s vulnerables. \u201cVengo de abajo, conozco las realidades humildes y eso nos permite enfrentar estos nuevos desaf\u00edos con compromiso. El pueblo no debe dudar de nosotros: vamos a gobernar con el pueblo y para el pueblo\u201d, afirm\u00f3.<\/p>\n<p>Valenzuela indic\u00f3 que la campa\u00f1a electoral de la alianza se centrar\u00e1 en la unidad del bloque popular y en atender las necesidades reales de la ciudadan\u00eda, destacando que la gesti\u00f3n efectiva y la atenci\u00f3n a los barrios ser\u00e1n prioridades fundamentales de su proyecto pol\u00edtico.<\/p><div style=\"margin-top: 0px; margin-bottom: 0px;\" class=\"sharethis-inline-reaction-buttons\" ><\/div>","protected":false},"excerpt":{"rendered":"<p>Montero, 10 de marzo de 2026 \u2014 El ex candidato a la Alcald\u00eda de Montero por el Movimiento Solidario Popular (MSP), Severino Cafia, anunci\u00f3 este martes en conferencia de prensa una alianza pol\u00edtica con la agrupaci\u00f3n \u201cAlianza Todos por Montero\u201d, con miras a las elecciones municipales programadas para el 22 de marzo de 2026.<\/p>\n","protected":false},"author":2,"featured_media":0,"comment_status":"open","ping_status":"open","sticky":false,"template":"","format":"standard","meta":{"footnotes":""},"categories":[42],"tags":[306,283,19,270],"class_list":["post-1564","post","type-post","status-publish","format-standard","hentry","category-politica","tag-alianza-todos","tag-eleccciones-subnacionales","tag-montero","tag-severino-cafia"],"yoast_head":"<!-- This site is optimized with the Yoast SEO Premium plugin v25.5 (Yoast SEO v27.1.1) - https:\/\/yoast.com\/product\/yoast-seo-premium-wordpress\/ -->\n<title>Severino Cafia anuncia coalici\u00f3n \u00a0con \u201cAlianza Todos por Montero\u201d rumbo a las elecciones municipales 2026 - Wara Comunicaciones<\/title>\n<meta name=\"description\" content=\"Elecciones Subnacionales Montero\" \/>\n<meta name=\"robots\" content=\"index, follow, max-snippet:-1, max-image-preview:large, max-video-preview:-1\" \/>\n<link rel=\"canonical\" href=\"https:\/\/waracomunicaciones.com\/?p=1564\" \/>\n<meta property=\"og:locale\" content=\"es_ES\" \/>\n<meta property=\"og:type\" content=\"article\" \/>\n<meta property=\"og:title\" content=\"Severino Cafia anuncia coalici\u00f3n \u00a0con \u201cAlianza Todos por Montero\u201d rumbo a las elecciones municipales 2026\" \/>\n<meta property=\"og:description\" content=\"Elecciones Subnacionales Montero\" \/>\n<meta property=\"og:url\" content=\"https:\/\/waracomunicaciones.com\/?p=1564\" \/>\n<meta property=\"og:site_name\" content=\"Wara Comunicaciones\" \/>\n<meta property=\"article:publisher\" content=\"https:\/\/www.facebook.com\/waracomunicaciones2017\" \/>\n<meta property=\"article:published_time\" content=\"2026-03-10T19:59:12+00:00\" \/>\n<meta property=\"article:modified_time\" content=\"2026-03-13T16:18:19+00:00\" \/>\n<meta property=\"og:image\" content=\"https:\/\/waracomunicaciones.com\/wp-content\/uploads\/2026\/03\/Cafia-10-mar-26-2.webp\" \/>\n\t<meta property=\"og:image:width\" content=\"518\" \/>\n\t<meta property=\"og:image:height\" content=\"290\" \/>\n\t<meta property=\"og:image:type\" content=\"image\/webp\" \/>\n<meta name=\"author\" content=\"Tom\u00e1s Coca\" \/>\n<meta name=\"twitter:card\" content=\"summary_large_image\" \/>\n<meta name=\"twitter:label1\" content=\"Escrito por\" \/>\n\t<meta name=\"twitter:data1\" content=\"Tom\u00e1s Coca\" \/>\n\t<meta name=\"twitter:label2\" content=\"Tiempo de lectura\" \/>\n\t<meta name=\"twitter:data2\" content=\"2 minutos\" \/>\n<script type=\"application\/ld+json\" class=\"yoast-schema-graph\">{\"@context\":\"https:\/\/schema.org\",\"@graph\":[{\"@type\":\"Article\",\"@id\":\"https:\/\/waracomunicaciones.com\/?p=1564#article\",\"isPartOf\":{\"@id\":\"https:\/\/waracomunicaciones.com\/?p=1564\"},\"author\":{\"name\":\"Tom\u00e1s Coca\",\"@id\":\"https:\/\/waracomunicaciones.com\/#\/schema\/person\/cbfc6e874b874c69982b6f254108e9f0\"},\"headline\":\"Severino Cafia anuncia coalici\u00f3n \u00a0con \u201cAlianza Todos por Montero\u201d rumbo a las elecciones municipales 2026\",\"datePublished\":\"2026-03-10T19:59:12+00:00\",\"dateModified\":\"2026-03-13T16:18:19+00:00\",\"mainEntityOfPage\":{\"@id\":\"https:\/\/waracomunicaciones.com\/?p=1564\"},\"wordCount\":411,\"commentCount\":0,\"publisher\":{\"@id\":\"https:\/\/waracomunicaciones.com\/#organization\"},\"image\":{\"@id\":\"https:\/\/waracomunicaciones.com\/?p=1564#primaryimage\"},\"thumbnailUrl\":\"https:\/\/waracomunicaciones.com\/wp-content\/uploads\/2026\/03\/Cafia-10-mar-26-2.webp\",\"keywords\":[\"Alianza TODOS\",\"Eleccciones Subnacionales\",\"Montero\",\"Severino Cafia\"],\"articleSection\":[\"Pol\u00edtica\"],\"inLanguage\":\"es\",\"potentialAction\":[{\"@type\":\"CommentAction\",\"name\":\"Comment\",\"target\":[\"https:\/\/waracomunicaciones.com\/?p=1564#respond\"]}]},{\"@type\":\"WebPage\",\"@id\":\"https:\/\/waracomunicaciones.com\/?p=1564\",\"url\":\"https:\/\/waracomunicaciones.com\/?p=1564\",\"name\":\"Severino Cafia anuncia coalici\u00f3n \u00a0con \u201cAlianza Todos por Montero\u201d rumbo a las elecciones municipales 2026 - Wara Comunicaciones\",\"isPartOf\":{\"@id\":\"https:\/\/waracomunicaciones.com\/#website\"},\"primaryImageOfPage\":{\"@id\":\"https:\/\/waracomunicaciones.com\/?p=1564#primaryimage\"},\"image\":{\"@id\":\"https:\/\/waracomunicaciones.com\/?p=1564#primaryimage\"},\"thumbnailUrl\":\"https:\/\/waracomunicaciones.com\/wp-content\/uploads\/2026\/03\/Cafia-10-mar-26-2.webp\",\"datePublished\":\"2026-03-10T19:59:12+00:00\",\"dateModified\":\"2026-03-13T16:18:19+00:00\",\"description\":\"Elecciones Subnacionales Montero\",\"breadcrumb\":{\"@id\":\"https:\/\/waracomunicaciones.com\/?p=1564#breadcrumb\"},\"inLanguage\":\"es\",\"potentialAction\":[{\"@type\":\"ReadAction\",\"target\":[\"https:\/\/waracomunicaciones.com\/?p=1564\"]}]},{\"@type\":\"ImageObject\",\"inLanguage\":\"es\",\"@id\":\"https:\/\/waracomunicaciones.com\/?p=1564#primaryimage\",\"url\":\"https:\/\/waracomunicaciones.com\/wp-content\/uploads\/2026\/03\/Cafia-10-mar-26-2.webp\",\"contentUrl\":\"https:\/\/waracomunicaciones.com\/wp-content\/uploads\/2026\/03\/Cafia-10-mar-26-2.webp\",\"width\":518,\"height\":290},{\"@type\":\"BreadcrumbList\",\"@id\":\"https:\/\/waracomunicaciones.com\/?p=1564#breadcrumb\",\"itemListElement\":[{\"@type\":\"ListItem\",\"position\":1,\"name\":\"Portada\",\"item\":\"https:\/\/waracomunicaciones.com\/\"},{\"@type\":\"ListItem\",\"position\":2,\"name\":\"Severino Cafia anuncia coalici\u00f3n \u00a0con \u201cAlianza Todos por Montero\u201d rumbo a las elecciones municipales 2026\"}]},{\"@type\":\"WebSite\",\"@id\":\"https:\/\/waracomunicaciones.com\/#website\",\"url\":\"https:\/\/waracomunicaciones.com\/\",\"name\":\"Wara Comunicaciones\",\"description\":\"\",\"publisher\":{\"@id\":\"https:\/\/waracomunicaciones.com\/#organization\"},\"potentialAction\":[{\"@type\":\"SearchAction\",\"target\":{\"@type\":\"EntryPoint\",\"urlTemplate\":\"https:\/\/waracomunicaciones.com\/?s={search_term_string}\"},\"query-input\":{\"@type\":\"PropertyValueSpecification\",\"valueRequired\":true,\"valueName\":\"search_term_string\"}}],\"inLanguage\":\"es\"},{\"@type\":\"Organization\",\"@id\":\"https:\/\/waracomunicaciones.com\/#organization\",\"name\":\"Wara Comunicaciones\",\"url\":\"https:\/\/waracomunicaciones.com\/\",\"logo\":{\"@type\":\"ImageObject\",\"inLanguage\":\"es\",\"@id\":\"https:\/\/waracomunicaciones.com\/#\/schema\/logo\/image\/\",\"url\":\"https:\/\/waracomunicaciones.com\/wp-content\/uploads\/2025\/07\/logo.png\",\"contentUrl\":\"https:\/\/waracomunicaciones.com\/wp-content\/uploads\/2025\/07\/logo.png\",\"width\":400,\"height\":164,\"caption\":\"Wara Comunicaciones\"},\"image\":{\"@id\":\"https:\/\/waracomunicaciones.com\/#\/schema\/logo\/image\/\"},\"sameAs\":[\"https:\/\/www.facebook.com\/waracomunicaciones2017\"]},{\"@type\":\"Person\",\"@id\":\"https:\/\/waracomunicaciones.com\/#\/schema\/person\/cbfc6e874b874c69982b6f254108e9f0\",\"name\":\"Tom\u00e1s Coca\",\"image\":{\"@type\":\"ImageObject\",\"inLanguage\":\"es\",\"@id\":\"https:\/\/waracomunicaciones.com\/#\/schema\/person\/image\/\",\"url\":\"https:\/\/secure.gravatar.com\/avatar\/482131bd67ce2dac1261229602fd0c47826af81f4ac6608b066b29cac2a6e65d?s=96&d=mm&r=g\",\"contentUrl\":\"https:\/\/secure.gravatar.com\/avatar\/482131bd67ce2dac1261229602fd0c47826af81f4ac6608b066b29cac2a6e65d?s=96&d=mm&r=g\",\"caption\":\"Tom\u00e1s Coca\"},\"sameAs\":[\"https:\/\/waracomunicaciones.com\"],\"url\":\"https:\/\/waracomunicaciones.com\/?author=2\"}]}<\/script>\n<!-- \/ Yoast SEO Premium plugin. -->","yoast_head_json":{"title":"Severino Cafia anuncia coalici\u00f3n \u00a0con \u201cAlianza Todos por Montero\u201d rumbo a las elecciones municipales 2026 - Wara Comunicaciones","description":"Elecciones Subnacionales Montero","robots":{"index":"index","follow":"follow","max-snippet":"max-snippet:-1","max-image-preview":"max-image-preview:large","max-video-preview":"max-video-preview:-1"},"canonical":"https:\/\/waracomunicaciones.com\/?p=1564","og_locale":"es_ES","og_type":"article","og_title":"Severino Cafia anuncia coalici\u00f3n \u00a0con \u201cAlianza Todos por Montero\u201d rumbo a las elecciones municipales 2026","og_description":"Elecciones Subnacionales Montero","og_url":"https:\/\/waracomunicaciones.com\/?p=1564","og_site_name":"Wara Comunicaciones","article_publisher":"https:\/\/www.facebook.com\/waracomunicaciones2017","article_published_time":"2026-03-10T19:59:12+00:00","article_modified_time":"2026-03-13T16:18:19+00:00","og_image":[{"width":518,"height":290,"url":"https:\/\/waracomunicaciones.com\/wp-content\/uploads\/2026\/03\/Cafia-10-mar-26-2.webp","type":"image\/webp"}],"author":"Tom\u00e1s Coca","twitter_card":"summary_large_image","twitter_misc":{"Escrito por":"Tom\u00e1s Coca","Tiempo de lectura":"2 minutos"},"schema":{"@context":"https:\/\/schema.org","@graph":[{"@type":"Article","@id":"https:\/\/waracomunicaciones.com\/?p=1564#article","isPartOf":{"@id":"https:\/\/waracomunicaciones.com\/?p=1564"},"author":{"name":"Tom\u00e1s Coca","@id":"https:\/\/waracomunicaciones.com\/#\/schema\/person\/cbfc6e874b874c69982b6f254108e9f0"},"headline":"Severino Cafia anuncia coalici\u00f3n \u00a0con \u201cAlianza Todos por Montero\u201d rumbo a las elecciones municipales 2026","datePublished":"2026-03-10T19:59:12+00:00","dateModified":"2026-03-13T16:18:19+00:00","mainEntityOfPage":{"@id":"https:\/\/waracomunicaciones.com\/?p=1564"},"wordCount":411,"commentCount":0,"publisher":{"@id":"https:\/\/waracomunicaciones.com\/#organization"},"image":{"@id":"https:\/\/waracomunicaciones.com\/?p=1564#primaryimage"},"thumbnailUrl":"https:\/\/waracomunicaciones.com\/wp-content\/uploads\/2026\/03\/Cafia-10-mar-26-2.webp","keywords":["Alianza TODOS","Eleccciones Subnacionales","Montero","Severino Cafia"],"articleSection":["Pol\u00edtica"],"inLanguage":"es","potentialAction":[{"@type":"CommentAction","name":"Comment","target":["https:\/\/waracomunicaciones.com\/?p=1564#respond"]}]},{"@type":"WebPage","@id":"https:\/\/waracomunicaciones.com\/?p=1564","url":"https:\/\/waracomunicaciones.com\/?p=1564","name":"Severino Cafia anuncia coalici\u00f3n \u00a0con \u201cAlianza Todos por Montero\u201d rumbo a las elecciones municipales 2026 - Wara Comunicaciones","isPartOf":{"@id":"https:\/\/waracomunicaciones.com\/#website"},"primaryImageOfPage":{"@id":"https:\/\/waracomunicaciones.com\/?p=1564#primaryimage"},"image":{"@id":"https:\/\/waracomunicaciones.com\/?p=1564#primaryimage"},"thumbnailUrl":"https:\/\/waracomunicaciones.com\/wp-content\/uploads\/2026\/03\/Cafia-10-mar-26-2.webp","datePublished":"2026-03-10T19:59:12+00:00","dateModified":"2026-03-13T16:18:19+00:00","description":"Elecciones Subnacionales Montero","breadcrumb":{"@id":"https:\/\/waracomunicaciones.com\/?p=1564#breadcrumb"},"inLanguage":"es","potentialAction":[{"@type":"ReadAction","target":["https:\/\/waracomunicaciones.com\/?p=1564"]}]},{"@type":"ImageObject","inLanguage":"es","@id":"https:\/\/waracomunicaciones.com\/?p=1564#primaryimage","url":"https:\/\/waracomunicaciones.com\/wp-content\/uploads\/2026\/03\/Cafia-10-mar-26-2.webp","contentUrl":"https:\/\/waracomunicaciones.com\/wp-content\/uploads\/2026\/03\/Cafia-10-mar-26-2.webp","width":518,"height":290},{"@type":"BreadcrumbList","@id":"https:\/\/waracomunicaciones.com\/?p=1564#breadcrumb","itemListElement":[{"@type":"ListItem","position":1,"name":"Portada","item":"https:\/\/waracomunicaciones.com\/"},{"@type":"ListItem","position":2,"name":"Severino Cafia anuncia coalici\u00f3n \u00a0con \u201cAlianza Todos por Montero\u201d rumbo a las elecciones municipales 2026"}]},{"@type":"WebSite","@id":"https:\/\/waracomunicaciones.com\/#website","url":"https:\/\/waracomunicaciones.com\/","name":"Wara Comunicaciones","description":"","publisher":{"@id":"https:\/\/waracomunicaciones.com\/#organization"},"potentialAction":[{"@type":"SearchAction","target":{"@type":"EntryPoint","urlTemplate":"https:\/\/waracomunicaciones.com\/?s={search_term_string}"},"query-input":{"@type":"PropertyValueSpecification","valueRequired":true,"valueName":"search_term_string"}}],"inLanguage":"es"},{"@type":"Organization","@id":"https:\/\/waracomunicaciones.com\/#organization","name":"Wara Comunicaciones","url":"https:\/\/waracomunicaciones.com\/","logo":{"@type":"ImageObject","inLanguage":"es","@id":"https:\/\/waracomunicaciones.com\/#\/schema\/logo\/image\/","url":"https:\/\/waracomunicaciones.com\/wp-content\/uploads\/2025\/07\/logo.png","contentUrl":"https:\/\/waracomunicaciones.com\/wp-content\/uploads\/2025\/07\/logo.png","width":400,"height":164,"caption":"Wara Comunicaciones"},"image":{"@id":"https:\/\/waracomunicaciones.com\/#\/schema\/logo\/image\/"},"sameAs":["https:\/\/www.facebook.com\/waracomunicaciones2017"]},{"@type":"Person","@id":"https:\/\/waracomunicaciones.com\/#\/schema\/person\/cbfc6e874b874c69982b6f254108e9f0","name":"Tom\u00e1s Coca","image":{"@type":"ImageObject","inLanguage":"es","@id":"https:\/\/waracomunicaciones.com\/#\/schema\/person\/image\/","url":"https:\/\/secure.gravatar.com\/avatar\/482131bd67ce2dac1261229602fd0c47826af81f4ac6608b066b29cac2a6e65d?s=96&d=mm&r=g","contentUrl":"https:\/\/secure.gravatar.com\/avatar\/482131bd67ce2dac1261229602fd0c47826af81f4ac6608b066b29cac2a6e65d?s=96&d=mm&r=g","caption":"Tom\u00e1s Coca"},"sameAs":["https:\/\/waracomunicaciones.com"],"url":"https:\/\/waracomunicaciones.com\/?author=2"}]}},"_links":{"self":[{"href":"https:\/\/waracomunicaciones.com\/index.php?rest_route=\/wp\/v2\/posts\/1564","targetHints":{"allow":["GET"]}}],"collection":[{"href":"https:\/\/waracomunicaciones.com\/index.php?rest_route=\/wp\/v2\/posts"}],"about":[{"href":"https:\/\/waracomunicaciones.com\/index.php?rest_route=\/wp\/v2\/types\/post"}],"author":[{"embeddable":true,"href":"https:\/\/waracomunicaciones.com\/index.php?rest_route=\/wp\/v2\/users\/2"}],"replies":[{"embeddable":true,"href":"https:\/\/waracomunicaciones.com\/index.php?rest_route=%2Fwp%2Fv2%2Fcomments&post=1564"}],"version-history":[{"count":1,"href":"https:\/\/waracomunicaciones.com\/index.php?rest_route=\/wp\/v2\/posts\/1564\/revisions"}],"predecessor-version":[{"id":1566,"href":"https:\/\/waracomunicaciones.com\/index.php?rest_route=\/wp\/v2\/posts\/1564\/revisions\/1566"}],"wp:attachment":[{"href":"https:\/\/waracomunicaciones.com\/index.php?rest_route=%2Fwp%2Fv2%2Fmedia&parent=1564"}],"wp:term":[{"taxonomy":"category","embeddable":true,"href":"https:\/\/waracomunicaciones.com\/index.php?rest_route=%2Fwp%2Fv2%2Fcategories&post=1564"},{"taxonomy":"post_tag","embeddable":true,"href":"https:\/\/waracomunicaciones.com\/index.php?rest_route=%2Fwp%2Fv2%2Ftags&post=1564"}],"curies":[{"name":"wp","href":"https:\/\/api.w.org\/{rel}","templated":true}]}}