{"id":1560,"date":"2026-03-10T15:43:28","date_gmt":"2026-03-10T19:43:28","guid":{"rendered":"https:\/\/waracomunicaciones.com\/?p=1560"},"modified":"2026-03-13T12:22:20","modified_gmt":"2026-03-13T16:22:20","slug":"agustin-vargas-tres-fuerzas-politicas-disputaran-la-alcaldia-de-montero-sol-y-asip-estan-inhabilitados","status":"publish","type":"post","link":"https:\/\/waracomunicaciones.com\/?p=1560","title":{"rendered":"Agust\u00edn Vargas: \u201cTres fuerzas pol\u00edticas disputar\u00e1n la Alcald\u00eda de Montero; SOL y ASIP est\u00e1n inhabilitados\u201d"},"content":{"rendered":"\n<figure class=\"wp-block-image size-full\"><img loading=\"lazy\" decoding=\"async\" width=\"515\" height=\"630\" src=\"https:\/\/waracomunicaciones.com\/wp-content\/uploads\/2026\/03\/Agustin-10-mar-26.webp\" alt=\"\" class=\"wp-image-1561\" srcset=\"https:\/\/waracomunicaciones.com\/wp-content\/uploads\/2026\/03\/Agustin-10-mar-26.webp 515w, https:\/\/waracomunicaciones.com\/wp-content\/uploads\/2026\/03\/Agustin-10-mar-26-245x300.webp 245w\" sizes=\"auto, (max-width: 515px) 100vw, 515px\" \/><figcaption class=\"wp-element-caption\">Santiago, y las candidatas Magdalena Bravo &#8211; Mariela Reyes<\/figcaption><\/figure>\n\n\n<p>Montero, 10 de marzo de 2026 \u2014 El especialista en medio ambiente y recursos h\u00eddricos, Agust\u00edn Vargas, afirm\u00f3 este martes que los movimientos pol\u00edticos SOL y ASIP se encuentran inhabilitados para participar en las elecciones municipales, tras no cumplir los requisitos legales establecidos por el Tribunal Supremo Electoral (TSE).<!--more--><\/p>\n<p>Vargas calific\u00f3 las acciones legales recientes de ambos movimientos como \u201cpatadas de abogado\u201d y asegur\u00f3 que los casos de SOL, liderado por Karen y Mario Baptista, y de ASIP, con Fabricio, est\u00e1n \u201cliquidados\u201d. En su an\u00e1lisis, consider\u00f3 que, pese a que otros partidos contin\u00faan en carrera, solo tres fuerzas pol\u00edticas tienen posibilidades reales de disputar la Alcald\u00eda de Montero en 2026.<\/p>\n<p>Entre estas tres fuerzas mencion\u00f3 al actual alcalde, quien cuenta con estructura pol\u00edtica pero arrastra desventajas por una gesti\u00f3n considerada deficiente y su alianza con la figura de Camacho; al candidato de Unidad por la Patria Pablo Reynoso, afectado por problemas vinculados a la administraci\u00f3n central, como el manejo de la gasolina y decisiones gubernamentales controversiales; y a la agrupaci\u00f3n \u201cTodos\u201d de Santiago Valenzuela, identificada con sectores populares y parte del electorado ligado al Evismo de Montero.<\/p>\n<p>\u201cAnalizando m\u00e1s en profundidad, creo que la clase popular ser\u00e1 la que definir\u00e1 qui\u00e9n ser\u00e1 el pr\u00f3ximo alcalde de Montero, de acuerdo a la capacidad de llegada de las candidaturas actuales\u201d, se\u00f1al\u00f3 Vargas.<\/p>\n<p>Respecto a la insistencia de SOL en manifestar en redes sociales que sus candidatos siguen habilitados, Vargas indic\u00f3 que, seg\u00fan declaraciones recientes del presidente del TSE, estos movimientos est\u00e1n oficialmente inhabilitados y cualquier intento de inducir al voto nulo o de debilitar a la fuerza de Valenzuela carece de efectos legales.<\/p>\n<p>El especialista tambi\u00e9n llam\u00f3 la atenci\u00f3n sobre problemas estructurales en Montero, como la deficiente red de drenaje pluvial y las carencias administrativas y de gesti\u00f3n del municipio, que consider\u00f3 factores determinantes para la decisi\u00f3n de los electores.<\/p><div style=\"margin-top: 0px; margin-bottom: 0px;\" class=\"sharethis-inline-reaction-buttons\" ><\/div>","protected":false},"excerpt":{"rendered":"<p>Montero, 10 de marzo de 2026 \u2014 El especialista en medio ambiente y recursos h\u00eddricos, Agust\u00edn Vargas, afirm\u00f3 este martes que los movimientos pol\u00edticos SOL y ASIP se encuentran inhabilitados para participar en las elecciones municipales, tras no cumplir los requisitos legales establecidos por el Tribunal Supremo Electoral (TSE).<\/p>\n","protected":false},"author":2,"featured_media":0,"comment_status":"open","ping_status":"open","sticky":false,"template":"","format":"standard","meta":{"footnotes":""},"categories":[42],"tags":[306,283],"class_list":["post-1560","post","type-post","status-publish","format-standard","hentry","category-politica","tag-alianza-todos","tag-eleccciones-subnacionales"],"yoast_head":"<!-- This site is optimized with the Yoast SEO Premium plugin v25.5 (Yoast SEO v27.1.1) - https:\/\/yoast.com\/product\/yoast-seo-premium-wordpress\/ -->\n<title>Agust\u00edn Vargas: \u201cTres fuerzas pol\u00edticas disputar\u00e1n la Alcald\u00eda de Montero; SOL y ASIP est\u00e1n inhabilitados\u201d - Wara Comunicaciones<\/title>\n<meta name=\"description\" content=\"Elecciones Subnacionales Montero -\" \/>\n<meta name=\"robots\" content=\"index, follow, max-snippet:-1, max-image-preview:large, max-video-preview:-1\" \/>\n<link rel=\"canonical\" href=\"https:\/\/waracomunicaciones.com\/?p=1560\" \/>\n<meta property=\"og:locale\" content=\"es_ES\" \/>\n<meta property=\"og:type\" content=\"article\" \/>\n<meta property=\"og:title\" content=\"Agust\u00edn Vargas: \u201cTres fuerzas pol\u00edticas disputar\u00e1n la Alcald\u00eda de Montero; SOL y ASIP est\u00e1n inhabilitados\u201d\" \/>\n<meta property=\"og:description\" content=\"Elecciones Subnacionales Montero -\" \/>\n<meta property=\"og:url\" content=\"https:\/\/waracomunicaciones.com\/?p=1560\" \/>\n<meta property=\"og:site_name\" content=\"Wara Comunicaciones\" \/>\n<meta property=\"article:publisher\" content=\"https:\/\/www.facebook.com\/waracomunicaciones2017\" \/>\n<meta property=\"article:published_time\" content=\"2026-03-10T19:43:28+00:00\" \/>\n<meta property=\"article:modified_time\" content=\"2026-03-13T16:22:20+00:00\" \/>\n<meta property=\"og:image\" content=\"https:\/\/waracomunicaciones.com\/wp-content\/uploads\/2026\/03\/Agustin-10-mar-26.webp\" \/>\n\t<meta property=\"og:image:width\" content=\"515\" \/>\n\t<meta property=\"og:image:height\" content=\"630\" \/>\n\t<meta property=\"og:image:type\" content=\"image\/webp\" \/>\n<meta name=\"author\" content=\"Tom\u00e1s Coca\" \/>\n<meta name=\"twitter:card\" content=\"summary_large_image\" \/>\n<meta name=\"twitter:label1\" content=\"Escrito por\" \/>\n\t<meta name=\"twitter:data1\" content=\"Tom\u00e1s Coca\" \/>\n\t<meta name=\"twitter:label2\" content=\"Tiempo de lectura\" \/>\n\t<meta name=\"twitter:data2\" content=\"2 minutos\" \/>\n<script type=\"application\/ld+json\" class=\"yoast-schema-graph\">{\"@context\":\"https:\/\/schema.org\",\"@graph\":[{\"@type\":\"Article\",\"@id\":\"https:\/\/waracomunicaciones.com\/?p=1560#article\",\"isPartOf\":{\"@id\":\"https:\/\/waracomunicaciones.com\/?p=1560\"},\"author\":{\"name\":\"Tom\u00e1s Coca\",\"@id\":\"https:\/\/waracomunicaciones.com\/#\/schema\/person\/cbfc6e874b874c69982b6f254108e9f0\"},\"headline\":\"Agust\u00edn Vargas: \u201cTres fuerzas pol\u00edticas disputar\u00e1n la Alcald\u00eda de Montero; SOL y ASIP est\u00e1n inhabilitados\u201d\",\"datePublished\":\"2026-03-10T19:43:28+00:00\",\"dateModified\":\"2026-03-13T16:22:20+00:00\",\"mainEntityOfPage\":{\"@id\":\"https:\/\/waracomunicaciones.com\/?p=1560\"},\"wordCount\":355,\"commentCount\":0,\"publisher\":{\"@id\":\"https:\/\/waracomunicaciones.com\/#organization\"},\"image\":{\"@id\":\"https:\/\/waracomunicaciones.com\/?p=1560#primaryimage\"},\"thumbnailUrl\":\"https:\/\/waracomunicaciones.com\/wp-content\/uploads\/2026\/03\/Agustin-10-mar-26.webp\",\"keywords\":[\"Alianza TODOS\",\"Eleccciones Subnacionales\"],\"articleSection\":[\"Pol\u00edtica\"],\"inLanguage\":\"es\",\"potentialAction\":[{\"@type\":\"CommentAction\",\"name\":\"Comment\",\"target\":[\"https:\/\/waracomunicaciones.com\/?p=1560#respond\"]}]},{\"@type\":\"WebPage\",\"@id\":\"https:\/\/waracomunicaciones.com\/?p=1560\",\"url\":\"https:\/\/waracomunicaciones.com\/?p=1560\",\"name\":\"Agust\u00edn Vargas: \u201cTres fuerzas pol\u00edticas disputar\u00e1n la Alcald\u00eda de Montero; SOL y ASIP est\u00e1n inhabilitados\u201d - Wara Comunicaciones\",\"isPartOf\":{\"@id\":\"https:\/\/waracomunicaciones.com\/#website\"},\"primaryImageOfPage\":{\"@id\":\"https:\/\/waracomunicaciones.com\/?p=1560#primaryimage\"},\"image\":{\"@id\":\"https:\/\/waracomunicaciones.com\/?p=1560#primaryimage\"},\"thumbnailUrl\":\"https:\/\/waracomunicaciones.com\/wp-content\/uploads\/2026\/03\/Agustin-10-mar-26.webp\",\"datePublished\":\"2026-03-10T19:43:28+00:00\",\"dateModified\":\"2026-03-13T16:22:20+00:00\",\"description\":\"Elecciones Subnacionales Montero -\",\"breadcrumb\":{\"@id\":\"https:\/\/waracomunicaciones.com\/?p=1560#breadcrumb\"},\"inLanguage\":\"es\",\"potentialAction\":[{\"@type\":\"ReadAction\",\"target\":[\"https:\/\/waracomunicaciones.com\/?p=1560\"]}]},{\"@type\":\"ImageObject\",\"inLanguage\":\"es\",\"@id\":\"https:\/\/waracomunicaciones.com\/?p=1560#primaryimage\",\"url\":\"https:\/\/waracomunicaciones.com\/wp-content\/uploads\/2026\/03\/Agustin-10-mar-26.webp\",\"contentUrl\":\"https:\/\/waracomunicaciones.com\/wp-content\/uploads\/2026\/03\/Agustin-10-mar-26.webp\",\"width\":515,\"height\":630},{\"@type\":\"BreadcrumbList\",\"@id\":\"https:\/\/waracomunicaciones.com\/?p=1560#breadcrumb\",\"itemListElement\":[{\"@type\":\"ListItem\",\"position\":1,\"name\":\"Portada\",\"item\":\"https:\/\/waracomunicaciones.com\/\"},{\"@type\":\"ListItem\",\"position\":2,\"name\":\"Agust\u00edn Vargas: \u201cTres fuerzas pol\u00edticas disputar\u00e1n la Alcald\u00eda de Montero; SOL y ASIP est\u00e1n inhabilitados\u201d\"}]},{\"@type\":\"WebSite\",\"@id\":\"https:\/\/waracomunicaciones.com\/#website\",\"url\":\"https:\/\/waracomunicaciones.com\/\",\"name\":\"Wara Comunicaciones\",\"description\":\"\",\"publisher\":{\"@id\":\"https:\/\/waracomunicaciones.com\/#organization\"},\"potentialAction\":[{\"@type\":\"SearchAction\",\"target\":{\"@type\":\"EntryPoint\",\"urlTemplate\":\"https:\/\/waracomunicaciones.com\/?s={search_term_string}\"},\"query-input\":{\"@type\":\"PropertyValueSpecification\",\"valueRequired\":true,\"valueName\":\"search_term_string\"}}],\"inLanguage\":\"es\"},{\"@type\":\"Organization\",\"@id\":\"https:\/\/waracomunicaciones.com\/#organization\",\"name\":\"Wara Comunicaciones\",\"url\":\"https:\/\/waracomunicaciones.com\/\",\"logo\":{\"@type\":\"ImageObject\",\"inLanguage\":\"es\",\"@id\":\"https:\/\/waracomunicaciones.com\/#\/schema\/logo\/image\/\",\"url\":\"https:\/\/waracomunicaciones.com\/wp-content\/uploads\/2025\/07\/logo.png\",\"contentUrl\":\"https:\/\/waracomunicaciones.com\/wp-content\/uploads\/2025\/07\/logo.png\",\"width\":400,\"height\":164,\"caption\":\"Wara Comunicaciones\"},\"image\":{\"@id\":\"https:\/\/waracomunicaciones.com\/#\/schema\/logo\/image\/\"},\"sameAs\":[\"https:\/\/www.facebook.com\/waracomunicaciones2017\"]},{\"@type\":\"Person\",\"@id\":\"https:\/\/waracomunicaciones.com\/#\/schema\/person\/cbfc6e874b874c69982b6f254108e9f0\",\"name\":\"Tom\u00e1s Coca\",\"image\":{\"@type\":\"ImageObject\",\"inLanguage\":\"es\",\"@id\":\"https:\/\/waracomunicaciones.com\/#\/schema\/person\/image\/\",\"url\":\"https:\/\/secure.gravatar.com\/avatar\/482131bd67ce2dac1261229602fd0c47826af81f4ac6608b066b29cac2a6e65d?s=96&d=mm&r=g\",\"contentUrl\":\"https:\/\/secure.gravatar.com\/avatar\/482131bd67ce2dac1261229602fd0c47826af81f4ac6608b066b29cac2a6e65d?s=96&d=mm&r=g\",\"caption\":\"Tom\u00e1s Coca\"},\"sameAs\":[\"https:\/\/waracomunicaciones.com\"],\"url\":\"https:\/\/waracomunicaciones.com\/?author=2\"}]}<\/script>\n<!-- \/ Yoast SEO Premium plugin. -->","yoast_head_json":{"title":"Agust\u00edn Vargas: \u201cTres fuerzas pol\u00edticas disputar\u00e1n la Alcald\u00eda de Montero; SOL y ASIP est\u00e1n inhabilitados\u201d - Wara Comunicaciones","description":"Elecciones Subnacionales Montero -","robots":{"index":"index","follow":"follow","max-snippet":"max-snippet:-1","max-image-preview":"max-image-preview:large","max-video-preview":"max-video-preview:-1"},"canonical":"https:\/\/waracomunicaciones.com\/?p=1560","og_locale":"es_ES","og_type":"article","og_title":"Agust\u00edn Vargas: \u201cTres fuerzas pol\u00edticas disputar\u00e1n la Alcald\u00eda de Montero; SOL y ASIP est\u00e1n inhabilitados\u201d","og_description":"Elecciones Subnacionales Montero -","og_url":"https:\/\/waracomunicaciones.com\/?p=1560","og_site_name":"Wara Comunicaciones","article_publisher":"https:\/\/www.facebook.com\/waracomunicaciones2017","article_published_time":"2026-03-10T19:43:28+00:00","article_modified_time":"2026-03-13T16:22:20+00:00","og_image":[{"width":515,"height":630,"url":"https:\/\/waracomunicaciones.com\/wp-content\/uploads\/2026\/03\/Agustin-10-mar-26.webp","type":"image\/webp"}],"author":"Tom\u00e1s Coca","twitter_card":"summary_large_image","twitter_misc":{"Escrito por":"Tom\u00e1s Coca","Tiempo de lectura":"2 minutos"},"schema":{"@context":"https:\/\/schema.org","@graph":[{"@type":"Article","@id":"https:\/\/waracomunicaciones.com\/?p=1560#article","isPartOf":{"@id":"https:\/\/waracomunicaciones.com\/?p=1560"},"author":{"name":"Tom\u00e1s Coca","@id":"https:\/\/waracomunicaciones.com\/#\/schema\/person\/cbfc6e874b874c69982b6f254108e9f0"},"headline":"Agust\u00edn Vargas: \u201cTres fuerzas pol\u00edticas disputar\u00e1n la Alcald\u00eda de Montero; SOL y ASIP est\u00e1n inhabilitados\u201d","datePublished":"2026-03-10T19:43:28+00:00","dateModified":"2026-03-13T16:22:20+00:00","mainEntityOfPage":{"@id":"https:\/\/waracomunicaciones.com\/?p=1560"},"wordCount":355,"commentCount":0,"publisher":{"@id":"https:\/\/waracomunicaciones.com\/#organization"},"image":{"@id":"https:\/\/waracomunicaciones.com\/?p=1560#primaryimage"},"thumbnailUrl":"https:\/\/waracomunicaciones.com\/wp-content\/uploads\/2026\/03\/Agustin-10-mar-26.webp","keywords":["Alianza TODOS","Eleccciones Subnacionales"],"articleSection":["Pol\u00edtica"],"inLanguage":"es","potentialAction":[{"@type":"CommentAction","name":"Comment","target":["https:\/\/waracomunicaciones.com\/?p=1560#respond"]}]},{"@type":"WebPage","@id":"https:\/\/waracomunicaciones.com\/?p=1560","url":"https:\/\/waracomunicaciones.com\/?p=1560","name":"Agust\u00edn Vargas: \u201cTres fuerzas pol\u00edticas disputar\u00e1n la Alcald\u00eda de Montero; SOL y ASIP est\u00e1n inhabilitados\u201d - Wara Comunicaciones","isPartOf":{"@id":"https:\/\/waracomunicaciones.com\/#website"},"primaryImageOfPage":{"@id":"https:\/\/waracomunicaciones.com\/?p=1560#primaryimage"},"image":{"@id":"https:\/\/waracomunicaciones.com\/?p=1560#primaryimage"},"thumbnailUrl":"https:\/\/waracomunicaciones.com\/wp-content\/uploads\/2026\/03\/Agustin-10-mar-26.webp","datePublished":"2026-03-10T19:43:28+00:00","dateModified":"2026-03-13T16:22:20+00:00","description":"Elecciones Subnacionales Montero -","breadcrumb":{"@id":"https:\/\/waracomunicaciones.com\/?p=1560#breadcrumb"},"inLanguage":"es","potentialAction":[{"@type":"ReadAction","target":["https:\/\/waracomunicaciones.com\/?p=1560"]}]},{"@type":"ImageObject","inLanguage":"es","@id":"https:\/\/waracomunicaciones.com\/?p=1560#primaryimage","url":"https:\/\/waracomunicaciones.com\/wp-content\/uploads\/2026\/03\/Agustin-10-mar-26.webp","contentUrl":"https:\/\/waracomunicaciones.com\/wp-content\/uploads\/2026\/03\/Agustin-10-mar-26.webp","width":515,"height":630},{"@type":"BreadcrumbList","@id":"https:\/\/waracomunicaciones.com\/?p=1560#breadcrumb","itemListElement":[{"@type":"ListItem","position":1,"name":"Portada","item":"https:\/\/waracomunicaciones.com\/"},{"@type":"ListItem","position":2,"name":"Agust\u00edn Vargas: \u201cTres fuerzas pol\u00edticas disputar\u00e1n la Alcald\u00eda de Montero; SOL y ASIP est\u00e1n inhabilitados\u201d"}]},{"@type":"WebSite","@id":"https:\/\/waracomunicaciones.com\/#website","url":"https:\/\/waracomunicaciones.com\/","name":"Wara Comunicaciones","description":"","publisher":{"@id":"https:\/\/waracomunicaciones.com\/#organization"},"potentialAction":[{"@type":"SearchAction","target":{"@type":"EntryPoint","urlTemplate":"https:\/\/waracomunicaciones.com\/?s={search_term_string}"},"query-input":{"@type":"PropertyValueSpecification","valueRequired":true,"valueName":"search_term_string"}}],"inLanguage":"es"},{"@type":"Organization","@id":"https:\/\/waracomunicaciones.com\/#organization","name":"Wara Comunicaciones","url":"https:\/\/waracomunicaciones.com\/","logo":{"@type":"ImageObject","inLanguage":"es","@id":"https:\/\/waracomunicaciones.com\/#\/schema\/logo\/image\/","url":"https:\/\/waracomunicaciones.com\/wp-content\/uploads\/2025\/07\/logo.png","contentUrl":"https:\/\/waracomunicaciones.com\/wp-content\/uploads\/2025\/07\/logo.png","width":400,"height":164,"caption":"Wara Comunicaciones"},"image":{"@id":"https:\/\/waracomunicaciones.com\/#\/schema\/logo\/image\/"},"sameAs":["https:\/\/www.facebook.com\/waracomunicaciones2017"]},{"@type":"Person","@id":"https:\/\/waracomunicaciones.com\/#\/schema\/person\/cbfc6e874b874c69982b6f254108e9f0","name":"Tom\u00e1s Coca","image":{"@type":"ImageObject","inLanguage":"es","@id":"https:\/\/waracomunicaciones.com\/#\/schema\/person\/image\/","url":"https:\/\/secure.gravatar.com\/avatar\/482131bd67ce2dac1261229602fd0c47826af81f4ac6608b066b29cac2a6e65d?s=96&d=mm&r=g","contentUrl":"https:\/\/secure.gravatar.com\/avatar\/482131bd67ce2dac1261229602fd0c47826af81f4ac6608b066b29cac2a6e65d?s=96&d=mm&r=g","caption":"Tom\u00e1s Coca"},"sameAs":["https:\/\/waracomunicaciones.com"],"url":"https:\/\/waracomunicaciones.com\/?author=2"}]}},"_links":{"self":[{"href":"https:\/\/waracomunicaciones.com\/index.php?rest_route=\/wp\/v2\/posts\/1560","targetHints":{"allow":["GET"]}}],"collection":[{"href":"https:\/\/waracomunicaciones.com\/index.php?rest_route=\/wp\/v2\/posts"}],"about":[{"href":"https:\/\/waracomunicaciones.com\/index.php?rest_route=\/wp\/v2\/types\/post"}],"author":[{"embeddable":true,"href":"https:\/\/waracomunicaciones.com\/index.php?rest_route=\/wp\/v2\/users\/2"}],"replies":[{"embeddable":true,"href":"https:\/\/waracomunicaciones.com\/index.php?rest_route=%2Fwp%2Fv2%2Fcomments&post=1560"}],"version-history":[{"count":2,"href":"https:\/\/waracomunicaciones.com\/index.php?rest_route=\/wp\/v2\/posts\/1560\/revisions"}],"predecessor-version":[{"id":1563,"href":"https:\/\/waracomunicaciones.com\/index.php?rest_route=\/wp\/v2\/posts\/1560\/revisions\/1563"}],"wp:attachment":[{"href":"https:\/\/waracomunicaciones.com\/index.php?rest_route=%2Fwp%2Fv2%2Fmedia&parent=1560"}],"wp:term":[{"taxonomy":"category","embeddable":true,"href":"https:\/\/waracomunicaciones.com\/index.php?rest_route=%2Fwp%2Fv2%2Fcategories&post=1560"},{"taxonomy":"post_tag","embeddable":true,"href":"https:\/\/waracomunicaciones.com\/index.php?rest_route=%2Fwp%2Fv2%2Ftags&post=1560"}],"curies":[{"name":"wp","href":"https:\/\/api.w.org\/{rel}","templated":true}]}}