{"id":1552,"date":"2026-03-09T19:14:52","date_gmt":"2026-03-09T23:14:52","guid":{"rendered":"https:\/\/waracomunicaciones.com\/?p=1552"},"modified":"2026-03-13T12:29:40","modified_gmt":"2026-03-13T16:29:40","slug":"activista-politico-afirma-que-inhabilitacion-de-agrupaciones-responde-al-cumplimiento-de-la-ley-de-partidos","status":"publish","type":"post","link":"https:\/\/waracomunicaciones.com\/?p=1552","title":{"rendered":"Activista pol\u00edtico afirma que inhabilitaci\u00f3n de agrupaciones responde al cumplimiento de la Ley de Partidos"},"content":{"rendered":"\n<figure class=\"wp-block-image size-full\"><img loading=\"lazy\" decoding=\"async\" width=\"969\" height=\"659\" src=\"https:\/\/waracomunicaciones.com\/wp-content\/uploads\/2026\/03\/Mario-Dos-9-mar-26.webp\" alt=\"\" class=\"wp-image-1553\" srcset=\"https:\/\/waracomunicaciones.com\/wp-content\/uploads\/2026\/03\/Mario-Dos-9-mar-26.webp 969w, https:\/\/waracomunicaciones.com\/wp-content\/uploads\/2026\/03\/Mario-Dos-9-mar-26-300x204.webp 300w, https:\/\/waracomunicaciones.com\/wp-content\/uploads\/2026\/03\/Mario-Dos-9-mar-26-768x522.webp 768w\" sizes=\"auto, (max-width: 969px) 100vw, 969px\" \/><figcaption class=\"wp-element-caption\">Dia de la mujer Baptista en campa\u00f1a por el mercado. Gentileza de RUA<\/figcaption><\/figure>\n\n\n<p>El activista pol\u00edtico y jefe de campa\u00f1a provincial de <strong>Primero Santa Cruz<\/strong>, <strong>Edward N\u00fa\u00f1ez<\/strong>, afirm\u00f3 que la p\u00e9rdida de personer\u00eda jur\u00eddica de dos agrupaciones ciudadanas responde al cumplimiento de la normativa electoral vigente, establecida en la <strong>Ley 1096 de Organizaciones Pol\u00edticas<\/strong>.<!--more--><\/p>\n<p>Seg\u00fan explic\u00f3, dicha norma establece que las organizaciones pol\u00edticas que no alcancen al menos el 3% de votaci\u00f3n en un proceso electoral quedan sujetas a sanciones que pueden derivar en la anulaci\u00f3n de su personer\u00eda jur\u00eddica y, en consecuencia, la imposibilidad de participar en futuros comicios.<\/p>\n<p>\u201cAl no haber cumplido con el porcentaje m\u00ednimo del 3% en los resultados electorales, estas agrupaciones est\u00e1n sujetas a la sanci\u00f3n que contempla la ley, que es la p\u00e9rdida de su personer\u00eda jur\u00eddica\u201d, se\u00f1al\u00f3 N\u00fa\u00f1ez.<\/p>\n<p>El dirigente sostuvo que el informe t\u00e9cnico y jur\u00eddico que respald\u00f3 esta decisi\u00f3n ya hab\u00eda sido elaborado con anterioridad a la posesi\u00f3n de las nuevas autoridades del <strong>Tribunal Electoral Departamental<\/strong>. Indic\u00f3 que el actual presidente del ente electoral, quien anteriormente se desempe\u00f1aba como secretario de C\u00e1mara, solo procedi\u00f3 a aplicar la normativa y la sentencia correspondiente.<\/p>\n<h3>Alianzas pol\u00edticas<\/h3>\n<p>Respecto a las recientes alianzas entre algunas organizaciones pol\u00edticas, N\u00fa\u00f1ez consider\u00f3 que estas responden principalmente a intereses de grupo y afinidad pol\u00edtica entre dirigentes.<\/p>\n<p>Sin embargo, advirti\u00f3 que la adhesi\u00f3n de dirigentes no necesariamente implica que la militancia o los votantes de esas agrupaciones acompa\u00f1en autom\u00e1ticamente esas decisiones en las urnas.<\/p>\n<p>\u201cGeneralmente quienes se trasladan son los grupos dirigentes que tienen intereses pol\u00edticos, pero eso no significa que toda la base o la militancia vote por la nueva alianza\u201d, manifest\u00f3.<\/p>\n<h3>Cuestionamientos a Mario Baptista<\/h3>\n<p>Durante su intervenci\u00f3n, N\u00fa\u00f1ez tambi\u00e9n cuestion\u00f3 al exalcalde <strong>Mario Baptista<\/strong>, a quien acus\u00f3 de enga\u00f1ar a la poblaci\u00f3n respecto a su situaci\u00f3n electoral y su lugar de residencia.<\/p>\n<p>El activista sostuvo que Baptista actualmente vive en el municipio de <strong>Warnes<\/strong> y afirm\u00f3 que su candidatura ya no tiene viabilidad jur\u00eddica debido a las decisiones adoptadas por el \u00f3rgano electoral.<\/p>\n<p>Asimismo, se\u00f1al\u00f3 que en materia electoral las decisiones de los tribunales electorales son definitivas. \u201cLa Ley 026 establece que en temas electorales la \u00faltima palabra la tiene el Tribunal Electoral; sus decisiones son irrevisables dentro del proceso\u201d, explic\u00f3.<\/p>\n<p>En ese sentido, indic\u00f3 que cualquier intento de revertir la determinaci\u00f3n mediante acciones judiciales no tendr\u00eda efecto dentro del calendario electoral.<\/p>\n<h3>Llamado a la ciudadan\u00eda<\/h3>\n<p>Finalmente, N\u00fa\u00f1ez inst\u00f3 a la poblaci\u00f3n de <strong>Montero<\/strong> a analizar las propuestas de las organizaciones pol\u00edticas que contin\u00faan habilitadas para participar en los comicios municipales y decidir su voto en funci\u00f3n de los intereses del municipio.<\/p>\n<p>Tambi\u00e9n aclar\u00f3 que, hasta el momento, el sector pol\u00edtico al que pertenece no cuenta con candidatura propia para las elecciones municipales. \u201cComo militantes del MNR no llevamos candidatura propia ni postulantes al Concejo en este proceso\u201d, concluy\u00f3.<\/p><div style=\"margin-top: 0px; margin-bottom: 0px;\" class=\"sharethis-inline-reaction-buttons\" ><\/div>","protected":false},"excerpt":{"rendered":"<p>El activista pol\u00edtico y jefe de campa\u00f1a provincial de Primero Santa Cruz, Edward N\u00fa\u00f1ez, afirm\u00f3 que la p\u00e9rdida de personer\u00eda jur\u00eddica de dos agrupaciones ciudadanas responde al cumplimiento de la normativa electoral vigente, establecida en la Ley 1096 de Organizaciones Pol\u00edticas.<\/p>\n","protected":false},"author":2,"featured_media":0,"comment_status":"open","ping_status":"open","sticky":false,"template":"","format":"standard","meta":{"footnotes":""},"categories":[42],"tags":[283,307,279],"class_list":["post-1552","post","type-post","status-publish","format-standard","hentry","category-politica","tag-eleccciones-subnacionales","tag-ley-1096","tag-mario-baptista"],"yoast_head":"<!-- This site is optimized with the Yoast SEO Premium plugin v25.5 (Yoast SEO v27.1.1) - https:\/\/yoast.com\/product\/yoast-seo-premium-wordpress\/ -->\n<title>Activista pol\u00edtico afirma que inhabilitaci\u00f3n de agrupaciones responde al cumplimiento de la Ley de Partidos - Wara Comunicaciones<\/title>\n<meta name=\"robots\" content=\"index, follow, max-snippet:-1, max-image-preview:large, max-video-preview:-1\" \/>\n<link rel=\"canonical\" href=\"https:\/\/waracomunicaciones.com\/?p=1552\" \/>\n<meta property=\"og:locale\" content=\"es_ES\" \/>\n<meta property=\"og:type\" content=\"article\" \/>\n<meta property=\"og:title\" content=\"Activista pol\u00edtico afirma que inhabilitaci\u00f3n de agrupaciones responde al cumplimiento de la Ley de Partidos\" \/>\n<meta property=\"og:description\" content=\"El activista pol\u00edtico y jefe de campa\u00f1a provincial de Primero Santa Cruz, Edward N\u00fa\u00f1ez, afirm\u00f3 que la p\u00e9rdida de personer\u00eda jur\u00eddica de dos agrupaciones ciudadanas responde al cumplimiento de la normativa electoral vigente, establecida en la Ley 1096 de Organizaciones Pol\u00edticas.\" \/>\n<meta property=\"og:url\" content=\"https:\/\/waracomunicaciones.com\/?p=1552\" \/>\n<meta property=\"og:site_name\" content=\"Wara Comunicaciones\" \/>\n<meta property=\"article:publisher\" content=\"https:\/\/www.facebook.com\/waracomunicaciones2017\" \/>\n<meta property=\"article:published_time\" content=\"2026-03-09T23:14:52+00:00\" \/>\n<meta property=\"article:modified_time\" content=\"2026-03-13T16:29:40+00:00\" \/>\n<meta property=\"og:image\" content=\"https:\/\/waracomunicaciones.com\/wp-content\/uploads\/2026\/03\/Mario-Dos-9-mar-26.webp\" \/>\n\t<meta property=\"og:image:width\" content=\"969\" \/>\n\t<meta property=\"og:image:height\" content=\"659\" \/>\n\t<meta property=\"og:image:type\" content=\"image\/webp\" \/>\n<meta name=\"author\" content=\"Tom\u00e1s Coca\" \/>\n<meta name=\"twitter:card\" content=\"summary_large_image\" \/>\n<meta name=\"twitter:label1\" content=\"Escrito por\" \/>\n\t<meta name=\"twitter:data1\" content=\"Tom\u00e1s Coca\" \/>\n\t<meta name=\"twitter:label2\" content=\"Tiempo de lectura\" \/>\n\t<meta name=\"twitter:data2\" content=\"3 minutos\" \/>\n<script type=\"application\/ld+json\" class=\"yoast-schema-graph\">{\"@context\":\"https:\/\/schema.org\",\"@graph\":[{\"@type\":\"Article\",\"@id\":\"https:\/\/waracomunicaciones.com\/?p=1552#article\",\"isPartOf\":{\"@id\":\"https:\/\/waracomunicaciones.com\/?p=1552\"},\"author\":{\"name\":\"Tom\u00e1s Coca\",\"@id\":\"https:\/\/waracomunicaciones.com\/#\/schema\/person\/cbfc6e874b874c69982b6f254108e9f0\"},\"headline\":\"Activista pol\u00edtico afirma que inhabilitaci\u00f3n de agrupaciones responde al cumplimiento de la Ley de Partidos\",\"datePublished\":\"2026-03-09T23:14:52+00:00\",\"dateModified\":\"2026-03-13T16:29:40+00:00\",\"mainEntityOfPage\":{\"@id\":\"https:\/\/waracomunicaciones.com\/?p=1552\"},\"wordCount\":540,\"commentCount\":0,\"publisher\":{\"@id\":\"https:\/\/waracomunicaciones.com\/#organization\"},\"image\":{\"@id\":\"https:\/\/waracomunicaciones.com\/?p=1552#primaryimage\"},\"thumbnailUrl\":\"https:\/\/waracomunicaciones.com\/wp-content\/uploads\/2026\/03\/Mario-Dos-9-mar-26.webp\",\"keywords\":[\"Eleccciones Subnacionales\",\"Ley 1096\",\"Mario Baptista\"],\"articleSection\":[\"Pol\u00edtica\"],\"inLanguage\":\"es\",\"potentialAction\":[{\"@type\":\"CommentAction\",\"name\":\"Comment\",\"target\":[\"https:\/\/waracomunicaciones.com\/?p=1552#respond\"]}]},{\"@type\":\"WebPage\",\"@id\":\"https:\/\/waracomunicaciones.com\/?p=1552\",\"url\":\"https:\/\/waracomunicaciones.com\/?p=1552\",\"name\":\"Activista pol\u00edtico afirma que inhabilitaci\u00f3n de agrupaciones responde al cumplimiento de la Ley de Partidos - Wara Comunicaciones\",\"isPartOf\":{\"@id\":\"https:\/\/waracomunicaciones.com\/#website\"},\"primaryImageOfPage\":{\"@id\":\"https:\/\/waracomunicaciones.com\/?p=1552#primaryimage\"},\"image\":{\"@id\":\"https:\/\/waracomunicaciones.com\/?p=1552#primaryimage\"},\"thumbnailUrl\":\"https:\/\/waracomunicaciones.com\/wp-content\/uploads\/2026\/03\/Mario-Dos-9-mar-26.webp\",\"datePublished\":\"2026-03-09T23:14:52+00:00\",\"dateModified\":\"2026-03-13T16:29:40+00:00\",\"breadcrumb\":{\"@id\":\"https:\/\/waracomunicaciones.com\/?p=1552#breadcrumb\"},\"inLanguage\":\"es\",\"potentialAction\":[{\"@type\":\"ReadAction\",\"target\":[\"https:\/\/waracomunicaciones.com\/?p=1552\"]}]},{\"@type\":\"ImageObject\",\"inLanguage\":\"es\",\"@id\":\"https:\/\/waracomunicaciones.com\/?p=1552#primaryimage\",\"url\":\"https:\/\/waracomunicaciones.com\/wp-content\/uploads\/2026\/03\/Mario-Dos-9-mar-26.webp\",\"contentUrl\":\"https:\/\/waracomunicaciones.com\/wp-content\/uploads\/2026\/03\/Mario-Dos-9-mar-26.webp\",\"width\":969,\"height\":659},{\"@type\":\"BreadcrumbList\",\"@id\":\"https:\/\/waracomunicaciones.com\/?p=1552#breadcrumb\",\"itemListElement\":[{\"@type\":\"ListItem\",\"position\":1,\"name\":\"Portada\",\"item\":\"https:\/\/waracomunicaciones.com\/\"},{\"@type\":\"ListItem\",\"position\":2,\"name\":\"Activista pol\u00edtico afirma que inhabilitaci\u00f3n de agrupaciones responde al cumplimiento de la Ley de Partidos\"}]},{\"@type\":\"WebSite\",\"@id\":\"https:\/\/waracomunicaciones.com\/#website\",\"url\":\"https:\/\/waracomunicaciones.com\/\",\"name\":\"Wara Comunicaciones\",\"description\":\"\",\"publisher\":{\"@id\":\"https:\/\/waracomunicaciones.com\/#organization\"},\"potentialAction\":[{\"@type\":\"SearchAction\",\"target\":{\"@type\":\"EntryPoint\",\"urlTemplate\":\"https:\/\/waracomunicaciones.com\/?s={search_term_string}\"},\"query-input\":{\"@type\":\"PropertyValueSpecification\",\"valueRequired\":true,\"valueName\":\"search_term_string\"}}],\"inLanguage\":\"es\"},{\"@type\":\"Organization\",\"@id\":\"https:\/\/waracomunicaciones.com\/#organization\",\"name\":\"Wara Comunicaciones\",\"url\":\"https:\/\/waracomunicaciones.com\/\",\"logo\":{\"@type\":\"ImageObject\",\"inLanguage\":\"es\",\"@id\":\"https:\/\/waracomunicaciones.com\/#\/schema\/logo\/image\/\",\"url\":\"https:\/\/waracomunicaciones.com\/wp-content\/uploads\/2025\/07\/logo.png\",\"contentUrl\":\"https:\/\/waracomunicaciones.com\/wp-content\/uploads\/2025\/07\/logo.png\",\"width\":400,\"height\":164,\"caption\":\"Wara Comunicaciones\"},\"image\":{\"@id\":\"https:\/\/waracomunicaciones.com\/#\/schema\/logo\/image\/\"},\"sameAs\":[\"https:\/\/www.facebook.com\/waracomunicaciones2017\"]},{\"@type\":\"Person\",\"@id\":\"https:\/\/waracomunicaciones.com\/#\/schema\/person\/cbfc6e874b874c69982b6f254108e9f0\",\"name\":\"Tom\u00e1s Coca\",\"image\":{\"@type\":\"ImageObject\",\"inLanguage\":\"es\",\"@id\":\"https:\/\/waracomunicaciones.com\/#\/schema\/person\/image\/\",\"url\":\"https:\/\/secure.gravatar.com\/avatar\/482131bd67ce2dac1261229602fd0c47826af81f4ac6608b066b29cac2a6e65d?s=96&d=mm&r=g\",\"contentUrl\":\"https:\/\/secure.gravatar.com\/avatar\/482131bd67ce2dac1261229602fd0c47826af81f4ac6608b066b29cac2a6e65d?s=96&d=mm&r=g\",\"caption\":\"Tom\u00e1s Coca\"},\"sameAs\":[\"https:\/\/waracomunicaciones.com\"],\"url\":\"https:\/\/waracomunicaciones.com\/?author=2\"}]}<\/script>\n<!-- \/ Yoast SEO Premium plugin. -->","yoast_head_json":{"title":"Activista pol\u00edtico afirma que inhabilitaci\u00f3n de agrupaciones responde al cumplimiento de la Ley de Partidos - Wara Comunicaciones","robots":{"index":"index","follow":"follow","max-snippet":"max-snippet:-1","max-image-preview":"max-image-preview:large","max-video-preview":"max-video-preview:-1"},"canonical":"https:\/\/waracomunicaciones.com\/?p=1552","og_locale":"es_ES","og_type":"article","og_title":"Activista pol\u00edtico afirma que inhabilitaci\u00f3n de agrupaciones responde al cumplimiento de la Ley de Partidos","og_description":"El activista pol\u00edtico y jefe de campa\u00f1a provincial de Primero Santa Cruz, Edward N\u00fa\u00f1ez, afirm\u00f3 que la p\u00e9rdida de personer\u00eda jur\u00eddica de dos agrupaciones ciudadanas responde al cumplimiento de la normativa electoral vigente, establecida en la Ley 1096 de Organizaciones Pol\u00edticas.","og_url":"https:\/\/waracomunicaciones.com\/?p=1552","og_site_name":"Wara Comunicaciones","article_publisher":"https:\/\/www.facebook.com\/waracomunicaciones2017","article_published_time":"2026-03-09T23:14:52+00:00","article_modified_time":"2026-03-13T16:29:40+00:00","og_image":[{"width":969,"height":659,"url":"https:\/\/waracomunicaciones.com\/wp-content\/uploads\/2026\/03\/Mario-Dos-9-mar-26.webp","type":"image\/webp"}],"author":"Tom\u00e1s Coca","twitter_card":"summary_large_image","twitter_misc":{"Escrito por":"Tom\u00e1s Coca","Tiempo de lectura":"3 minutos"},"schema":{"@context":"https:\/\/schema.org","@graph":[{"@type":"Article","@id":"https:\/\/waracomunicaciones.com\/?p=1552#article","isPartOf":{"@id":"https:\/\/waracomunicaciones.com\/?p=1552"},"author":{"name":"Tom\u00e1s Coca","@id":"https:\/\/waracomunicaciones.com\/#\/schema\/person\/cbfc6e874b874c69982b6f254108e9f0"},"headline":"Activista pol\u00edtico afirma que inhabilitaci\u00f3n de agrupaciones responde al cumplimiento de la Ley de Partidos","datePublished":"2026-03-09T23:14:52+00:00","dateModified":"2026-03-13T16:29:40+00:00","mainEntityOfPage":{"@id":"https:\/\/waracomunicaciones.com\/?p=1552"},"wordCount":540,"commentCount":0,"publisher":{"@id":"https:\/\/waracomunicaciones.com\/#organization"},"image":{"@id":"https:\/\/waracomunicaciones.com\/?p=1552#primaryimage"},"thumbnailUrl":"https:\/\/waracomunicaciones.com\/wp-content\/uploads\/2026\/03\/Mario-Dos-9-mar-26.webp","keywords":["Eleccciones Subnacionales","Ley 1096","Mario Baptista"],"articleSection":["Pol\u00edtica"],"inLanguage":"es","potentialAction":[{"@type":"CommentAction","name":"Comment","target":["https:\/\/waracomunicaciones.com\/?p=1552#respond"]}]},{"@type":"WebPage","@id":"https:\/\/waracomunicaciones.com\/?p=1552","url":"https:\/\/waracomunicaciones.com\/?p=1552","name":"Activista pol\u00edtico afirma que inhabilitaci\u00f3n de agrupaciones responde al cumplimiento de la Ley de Partidos - Wara Comunicaciones","isPartOf":{"@id":"https:\/\/waracomunicaciones.com\/#website"},"primaryImageOfPage":{"@id":"https:\/\/waracomunicaciones.com\/?p=1552#primaryimage"},"image":{"@id":"https:\/\/waracomunicaciones.com\/?p=1552#primaryimage"},"thumbnailUrl":"https:\/\/waracomunicaciones.com\/wp-content\/uploads\/2026\/03\/Mario-Dos-9-mar-26.webp","datePublished":"2026-03-09T23:14:52+00:00","dateModified":"2026-03-13T16:29:40+00:00","breadcrumb":{"@id":"https:\/\/waracomunicaciones.com\/?p=1552#breadcrumb"},"inLanguage":"es","potentialAction":[{"@type":"ReadAction","target":["https:\/\/waracomunicaciones.com\/?p=1552"]}]},{"@type":"ImageObject","inLanguage":"es","@id":"https:\/\/waracomunicaciones.com\/?p=1552#primaryimage","url":"https:\/\/waracomunicaciones.com\/wp-content\/uploads\/2026\/03\/Mario-Dos-9-mar-26.webp","contentUrl":"https:\/\/waracomunicaciones.com\/wp-content\/uploads\/2026\/03\/Mario-Dos-9-mar-26.webp","width":969,"height":659},{"@type":"BreadcrumbList","@id":"https:\/\/waracomunicaciones.com\/?p=1552#breadcrumb","itemListElement":[{"@type":"ListItem","position":1,"name":"Portada","item":"https:\/\/waracomunicaciones.com\/"},{"@type":"ListItem","position":2,"name":"Activista pol\u00edtico afirma que inhabilitaci\u00f3n de agrupaciones responde al cumplimiento de la Ley de Partidos"}]},{"@type":"WebSite","@id":"https:\/\/waracomunicaciones.com\/#website","url":"https:\/\/waracomunicaciones.com\/","name":"Wara Comunicaciones","description":"","publisher":{"@id":"https:\/\/waracomunicaciones.com\/#organization"},"potentialAction":[{"@type":"SearchAction","target":{"@type":"EntryPoint","urlTemplate":"https:\/\/waracomunicaciones.com\/?s={search_term_string}"},"query-input":{"@type":"PropertyValueSpecification","valueRequired":true,"valueName":"search_term_string"}}],"inLanguage":"es"},{"@type":"Organization","@id":"https:\/\/waracomunicaciones.com\/#organization","name":"Wara Comunicaciones","url":"https:\/\/waracomunicaciones.com\/","logo":{"@type":"ImageObject","inLanguage":"es","@id":"https:\/\/waracomunicaciones.com\/#\/schema\/logo\/image\/","url":"https:\/\/waracomunicaciones.com\/wp-content\/uploads\/2025\/07\/logo.png","contentUrl":"https:\/\/waracomunicaciones.com\/wp-content\/uploads\/2025\/07\/logo.png","width":400,"height":164,"caption":"Wara Comunicaciones"},"image":{"@id":"https:\/\/waracomunicaciones.com\/#\/schema\/logo\/image\/"},"sameAs":["https:\/\/www.facebook.com\/waracomunicaciones2017"]},{"@type":"Person","@id":"https:\/\/waracomunicaciones.com\/#\/schema\/person\/cbfc6e874b874c69982b6f254108e9f0","name":"Tom\u00e1s Coca","image":{"@type":"ImageObject","inLanguage":"es","@id":"https:\/\/waracomunicaciones.com\/#\/schema\/person\/image\/","url":"https:\/\/secure.gravatar.com\/avatar\/482131bd67ce2dac1261229602fd0c47826af81f4ac6608b066b29cac2a6e65d?s=96&d=mm&r=g","contentUrl":"https:\/\/secure.gravatar.com\/avatar\/482131bd67ce2dac1261229602fd0c47826af81f4ac6608b066b29cac2a6e65d?s=96&d=mm&r=g","caption":"Tom\u00e1s Coca"},"sameAs":["https:\/\/waracomunicaciones.com"],"url":"https:\/\/waracomunicaciones.com\/?author=2"}]}},"_links":{"self":[{"href":"https:\/\/waracomunicaciones.com\/index.php?rest_route=\/wp\/v2\/posts\/1552","targetHints":{"allow":["GET"]}}],"collection":[{"href":"https:\/\/waracomunicaciones.com\/index.php?rest_route=\/wp\/v2\/posts"}],"about":[{"href":"https:\/\/waracomunicaciones.com\/index.php?rest_route=\/wp\/v2\/types\/post"}],"author":[{"embeddable":true,"href":"https:\/\/waracomunicaciones.com\/index.php?rest_route=\/wp\/v2\/users\/2"}],"replies":[{"embeddable":true,"href":"https:\/\/waracomunicaciones.com\/index.php?rest_route=%2Fwp%2Fv2%2Fcomments&post=1552"}],"version-history":[{"count":1,"href":"https:\/\/waracomunicaciones.com\/index.php?rest_route=\/wp\/v2\/posts\/1552\/revisions"}],"predecessor-version":[{"id":1554,"href":"https:\/\/waracomunicaciones.com\/index.php?rest_route=\/wp\/v2\/posts\/1552\/revisions\/1554"}],"wp:attachment":[{"href":"https:\/\/waracomunicaciones.com\/index.php?rest_route=%2Fwp%2Fv2%2Fmedia&parent=1552"}],"wp:term":[{"taxonomy":"category","embeddable":true,"href":"https:\/\/waracomunicaciones.com\/index.php?rest_route=%2Fwp%2Fv2%2Fcategories&post=1552"},{"taxonomy":"post_tag","embeddable":true,"href":"https:\/\/waracomunicaciones.com\/index.php?rest_route=%2Fwp%2Fv2%2Ftags&post=1552"}],"curies":[{"name":"wp","href":"https:\/\/api.w.org\/{rel}","templated":true}]}}