{"id":1549,"date":"2026-03-09T19:08:08","date_gmt":"2026-03-09T23:08:08","guid":{"rendered":"https:\/\/waracomunicaciones.com\/?p=1549"},"modified":"2026-03-09T19:08:10","modified_gmt":"2026-03-09T23:08:10","slug":"abogado-constitucionalista-analiza-el-escenario-politico-y-posibles-alianzas-tras-inhabilitacion-electoral","status":"publish","type":"post","link":"https:\/\/waracomunicaciones.com\/?p=1549","title":{"rendered":"Abogado constitucionalista analiza el escenario pol\u00edtico y posibles alianzas tras inhabilitaci\u00f3n electoral"},"content":{"rendered":"\n<figure class=\"wp-block-image size-full\"><img loading=\"lazy\" decoding=\"async\" width=\"832\" height=\"654\" src=\"https:\/\/waracomunicaciones.com\/wp-content\/uploads\/2026\/03\/Mario-9-mar-26.webp\" alt=\"\" class=\"wp-image-1550\" srcset=\"https:\/\/waracomunicaciones.com\/wp-content\/uploads\/2026\/03\/Mario-9-mar-26.webp 832w, https:\/\/waracomunicaciones.com\/wp-content\/uploads\/2026\/03\/Mario-9-mar-26-300x236.webp 300w, https:\/\/waracomunicaciones.com\/wp-content\/uploads\/2026\/03\/Mario-9-mar-26-768x604.webp 768w\" sizes=\"auto, (max-width: 832px) 100vw, 832px\" \/><figcaption class=\"wp-element-caption\">Karen y Mario siguen en campa\u00f1a. Gentileza de RUA<\/figcaption><\/figure>\n\n\n<p>El abogado constitucionalista y estratega pol\u00edtico <strong>Franz Galler<\/strong> afirm\u00f3 que la resoluci\u00f3n emitida por el \u00f3rgano electoral departamental responde al cumplimiento de lo dispuesto por el Tribunal Constitucional, por lo que \u2014seg\u00fan explic\u00f3\u2014 ya no existen instancias adicionales de apelaci\u00f3n.<!--more--><\/p>\n<p>Galler se\u00f1al\u00f3 que algunos sectores de la organizaci\u00f3n pol\u00edtica <strong>SOL<\/strong> se resisten a aceptar la determinaci\u00f3n, pese a que jur\u00eddicamente el proceso estar\u00eda concluido. \u201cNo hay m\u00e1s apelaci\u00f3n que el Tribunal Constitucional; no hay otra instancia a la cual acudir. Por lo tanto, el tema ya est\u00e1 definido\u201d, sostuvo.<\/p>\n<p>En este contexto, el analista observ\u00f3 que algunas agrupaciones pol\u00edticas han comenzado a reacomodarse mediante alianzas. Cit\u00f3 el caso de la agrupaci\u00f3n <strong>ASIP<\/strong>, que decidi\u00f3 conformar un bloque pol\u00edtico con otra fuerza, aunque consider\u00f3 que esa alianza tendr\u00eda un impacto limitado en la disputa por la alcald\u00eda.<\/p>\n<p><strong>Capital pol\u00edtico en disputa<\/strong><\/p>\n<p>Galler indic\u00f3 que el escenario cambia en relaci\u00f3n con el frente vinculado a <strong>Mario Baptista<\/strong>, cuya candidatura qued\u00f3 fuera de competencia. Seg\u00fan explic\u00f3, el exalcalde contar\u00eda con un importante capital pol\u00edtico que ahora podr\u00eda ser determinante para inclinar la balanza electoral.<\/p>\n<p>\u201cEllos saben que ya no podr\u00e1n habilitar su frente ni participar como candidatos, pero tampoco pueden retirarse simplemente porque poseen un caudal electoral significativo\u201d, se\u00f1al\u00f3.<\/p>\n<p>De acuerdo con su an\u00e1lisis, ese respaldo electoral podr\u00eda convertirse en un factor clave si se concreta una alianza con otra organizaci\u00f3n pol\u00edtica. El estratega sostuvo que el grupo pol\u00edtico de Baptista eval\u00faa cuidadosamente sus opciones debido a intereses de supervivencia pol\u00edtica y de proyecci\u00f3n hacia futuras elecciones.<\/p>\n<p><strong>Posibles alianzas<\/strong><\/p>\n<p>Galler mencion\u00f3 que las alternativas de alianza ser\u00edan limitadas y se concentrar\u00edan principalmente en dos frentes pol\u00edticos: el liderado por el concejal <strong>Valenzuela<\/strong> y la organizaci\u00f3n <strong>Tercer Sistema<\/strong>.<\/p>\n<p>Seg\u00fan explic\u00f3, una eventual alianza podr\u00eda influir directamente en el resultado electoral debido a que en las elecciones municipales no existe segunda vuelta. \u201cUna votaci\u00f3n se gana por un voto. Por eso, un capital pol\u00edtico como el que ten\u00eda ese frente puede ser determinante\u201d, afirm\u00f3.<\/p>\n<p>El analista tambi\u00e9n plante\u00f3 que cualquier acuerdo pol\u00edtico podr\u00eda implicar compromisos para mantener presencia dentro de la gesti\u00f3n municipal o proyectar liderazgo para la pr\u00f3xima elecci\u00f3n.<\/p>\n<p><strong>Escenario si no hay acuerdos<\/strong><\/p>\n<p>En caso de que no se concrete ninguna alianza, Galler estim\u00f3 que el voto que inicialmente respaldaba a Baptista podr\u00eda fragmentarse entre las distintas candidaturas. Sin embargo, considera m\u00e1s probable que una parte importante de ese electorado se incline hacia alguno de los dos frentes con mayor afinidad pol\u00edtica.<\/p>\n<p>\u201cEl capital pol\u00edtico dif\u00edcilmente se dejar\u00e1 perder. Lo m\u00e1s probable es que busquen obtener alg\u00fan r\u00e9dito pol\u00edtico o posicionamiento para el futuro\u201d, concluy\u00f3.<\/p>\n<p>El escenario electoral en el municipio contin\u00faa en evoluci\u00f3n, mientras las distintas fuerzas pol\u00edticas eval\u00faan alianzas y estrategias de cara a la elecci\u00f3n municipal.<\/p><div style=\"margin-top: 0px; margin-bottom: 0px;\" class=\"sharethis-inline-reaction-buttons\" ><\/div>","protected":false},"excerpt":{"rendered":"<p>El abogado constitucionalista y estratega pol\u00edtico Franz Galler afirm\u00f3 que la resoluci\u00f3n emitida por el \u00f3rgano electoral departamental responde al cumplimiento de lo dispuesto por el Tribunal Constitucional, por lo que \u2014seg\u00fan explic\u00f3\u2014 ya no existen instancias adicionales de apelaci\u00f3n.<\/p>\n","protected":false},"author":2,"featured_media":0,"comment_status":"open","ping_status":"open","sticky":false,"template":"","format":"standard","meta":{"footnotes":""},"categories":[5,42],"tags":[],"class_list":["post-1549","post","type-post","status-publish","format-standard","hentry","category-local","category-politica"],"yoast_head":"<!-- This site is optimized with the Yoast SEO Premium plugin v25.5 (Yoast SEO v27.1.1) - https:\/\/yoast.com\/product\/yoast-seo-premium-wordpress\/ -->\n<title>Abogado constitucionalista analiza el escenario pol\u00edtico y posibles alianzas tras inhabilitaci\u00f3n electoral - Wara Comunicaciones<\/title>\n<meta name=\"robots\" content=\"index, follow, max-snippet:-1, max-image-preview:large, max-video-preview:-1\" \/>\n<link rel=\"canonical\" href=\"https:\/\/waracomunicaciones.com\/?p=1549\" \/>\n<meta property=\"og:locale\" content=\"es_ES\" \/>\n<meta property=\"og:type\" content=\"article\" \/>\n<meta property=\"og:title\" content=\"Abogado constitucionalista analiza el escenario pol\u00edtico y posibles alianzas tras inhabilitaci\u00f3n electoral\" \/>\n<meta property=\"og:description\" content=\"El abogado constitucionalista y estratega pol\u00edtico Franz Galler afirm\u00f3 que la resoluci\u00f3n emitida por el \u00f3rgano electoral departamental responde al cumplimiento de lo dispuesto por el Tribunal Constitucional, por lo que \u2014seg\u00fan explic\u00f3\u2014 ya no existen instancias adicionales de apelaci\u00f3n.\" \/>\n<meta property=\"og:url\" content=\"https:\/\/waracomunicaciones.com\/?p=1549\" \/>\n<meta property=\"og:site_name\" content=\"Wara Comunicaciones\" \/>\n<meta property=\"article:publisher\" content=\"https:\/\/www.facebook.com\/waracomunicaciones2017\" \/>\n<meta property=\"article:published_time\" content=\"2026-03-09T23:08:08+00:00\" \/>\n<meta property=\"article:modified_time\" content=\"2026-03-09T23:08:10+00:00\" \/>\n<meta property=\"og:image\" content=\"https:\/\/waracomunicaciones.com\/wp-content\/uploads\/2026\/03\/Mario-9-mar-26.webp\" \/>\n\t<meta property=\"og:image:width\" content=\"832\" \/>\n\t<meta property=\"og:image:height\" content=\"654\" \/>\n\t<meta property=\"og:image:type\" content=\"image\/webp\" \/>\n<meta name=\"author\" content=\"Tom\u00e1s Coca\" \/>\n<meta name=\"twitter:card\" content=\"summary_large_image\" \/>\n<meta name=\"twitter:label1\" content=\"Escrito por\" \/>\n\t<meta name=\"twitter:data1\" content=\"Tom\u00e1s Coca\" \/>\n\t<meta name=\"twitter:label2\" content=\"Tiempo de lectura\" \/>\n\t<meta name=\"twitter:data2\" content=\"3 minutos\" \/>\n<script type=\"application\/ld+json\" class=\"yoast-schema-graph\">{\"@context\":\"https:\/\/schema.org\",\"@graph\":[{\"@type\":\"Article\",\"@id\":\"https:\/\/waracomunicaciones.com\/?p=1549#article\",\"isPartOf\":{\"@id\":\"https:\/\/waracomunicaciones.com\/?p=1549\"},\"author\":{\"name\":\"Tom\u00e1s Coca\",\"@id\":\"https:\/\/waracomunicaciones.com\/#\/schema\/person\/cbfc6e874b874c69982b6f254108e9f0\"},\"headline\":\"Abogado constitucionalista analiza el escenario pol\u00edtico y posibles alianzas tras inhabilitaci\u00f3n electoral\",\"datePublished\":\"2026-03-09T23:08:08+00:00\",\"dateModified\":\"2026-03-09T23:08:10+00:00\",\"mainEntityOfPage\":{\"@id\":\"https:\/\/waracomunicaciones.com\/?p=1549\"},\"wordCount\":542,\"commentCount\":0,\"publisher\":{\"@id\":\"https:\/\/waracomunicaciones.com\/#organization\"},\"image\":{\"@id\":\"https:\/\/waracomunicaciones.com\/?p=1549#primaryimage\"},\"thumbnailUrl\":\"https:\/\/waracomunicaciones.com\/wp-content\/uploads\/2026\/03\/Mario-9-mar-26.webp\",\"articleSection\":[\"LOCAL\",\"Pol\u00edtica\"],\"inLanguage\":\"es\",\"potentialAction\":[{\"@type\":\"CommentAction\",\"name\":\"Comment\",\"target\":[\"https:\/\/waracomunicaciones.com\/?p=1549#respond\"]}]},{\"@type\":\"WebPage\",\"@id\":\"https:\/\/waracomunicaciones.com\/?p=1549\",\"url\":\"https:\/\/waracomunicaciones.com\/?p=1549\",\"name\":\"Abogado constitucionalista analiza el escenario pol\u00edtico y posibles alianzas tras inhabilitaci\u00f3n electoral - Wara Comunicaciones\",\"isPartOf\":{\"@id\":\"https:\/\/waracomunicaciones.com\/#website\"},\"primaryImageOfPage\":{\"@id\":\"https:\/\/waracomunicaciones.com\/?p=1549#primaryimage\"},\"image\":{\"@id\":\"https:\/\/waracomunicaciones.com\/?p=1549#primaryimage\"},\"thumbnailUrl\":\"https:\/\/waracomunicaciones.com\/wp-content\/uploads\/2026\/03\/Mario-9-mar-26.webp\",\"datePublished\":\"2026-03-09T23:08:08+00:00\",\"dateModified\":\"2026-03-09T23:08:10+00:00\",\"breadcrumb\":{\"@id\":\"https:\/\/waracomunicaciones.com\/?p=1549#breadcrumb\"},\"inLanguage\":\"es\",\"potentialAction\":[{\"@type\":\"ReadAction\",\"target\":[\"https:\/\/waracomunicaciones.com\/?p=1549\"]}]},{\"@type\":\"ImageObject\",\"inLanguage\":\"es\",\"@id\":\"https:\/\/waracomunicaciones.com\/?p=1549#primaryimage\",\"url\":\"https:\/\/waracomunicaciones.com\/wp-content\/uploads\/2026\/03\/Mario-9-mar-26.webp\",\"contentUrl\":\"https:\/\/waracomunicaciones.com\/wp-content\/uploads\/2026\/03\/Mario-9-mar-26.webp\",\"width\":832,\"height\":654},{\"@type\":\"BreadcrumbList\",\"@id\":\"https:\/\/waracomunicaciones.com\/?p=1549#breadcrumb\",\"itemListElement\":[{\"@type\":\"ListItem\",\"position\":1,\"name\":\"Portada\",\"item\":\"https:\/\/waracomunicaciones.com\/\"},{\"@type\":\"ListItem\",\"position\":2,\"name\":\"Abogado constitucionalista analiza el escenario pol\u00edtico y posibles alianzas tras inhabilitaci\u00f3n electoral\"}]},{\"@type\":\"WebSite\",\"@id\":\"https:\/\/waracomunicaciones.com\/#website\",\"url\":\"https:\/\/waracomunicaciones.com\/\",\"name\":\"Wara Comunicaciones\",\"description\":\"\",\"publisher\":{\"@id\":\"https:\/\/waracomunicaciones.com\/#organization\"},\"potentialAction\":[{\"@type\":\"SearchAction\",\"target\":{\"@type\":\"EntryPoint\",\"urlTemplate\":\"https:\/\/waracomunicaciones.com\/?s={search_term_string}\"},\"query-input\":{\"@type\":\"PropertyValueSpecification\",\"valueRequired\":true,\"valueName\":\"search_term_string\"}}],\"inLanguage\":\"es\"},{\"@type\":\"Organization\",\"@id\":\"https:\/\/waracomunicaciones.com\/#organization\",\"name\":\"Wara Comunicaciones\",\"url\":\"https:\/\/waracomunicaciones.com\/\",\"logo\":{\"@type\":\"ImageObject\",\"inLanguage\":\"es\",\"@id\":\"https:\/\/waracomunicaciones.com\/#\/schema\/logo\/image\/\",\"url\":\"https:\/\/waracomunicaciones.com\/wp-content\/uploads\/2025\/07\/logo.png\",\"contentUrl\":\"https:\/\/waracomunicaciones.com\/wp-content\/uploads\/2025\/07\/logo.png\",\"width\":400,\"height\":164,\"caption\":\"Wara Comunicaciones\"},\"image\":{\"@id\":\"https:\/\/waracomunicaciones.com\/#\/schema\/logo\/image\/\"},\"sameAs\":[\"https:\/\/www.facebook.com\/waracomunicaciones2017\"]},{\"@type\":\"Person\",\"@id\":\"https:\/\/waracomunicaciones.com\/#\/schema\/person\/cbfc6e874b874c69982b6f254108e9f0\",\"name\":\"Tom\u00e1s Coca\",\"image\":{\"@type\":\"ImageObject\",\"inLanguage\":\"es\",\"@id\":\"https:\/\/waracomunicaciones.com\/#\/schema\/person\/image\/\",\"url\":\"https:\/\/secure.gravatar.com\/avatar\/482131bd67ce2dac1261229602fd0c47826af81f4ac6608b066b29cac2a6e65d?s=96&d=mm&r=g\",\"contentUrl\":\"https:\/\/secure.gravatar.com\/avatar\/482131bd67ce2dac1261229602fd0c47826af81f4ac6608b066b29cac2a6e65d?s=96&d=mm&r=g\",\"caption\":\"Tom\u00e1s Coca\"},\"sameAs\":[\"https:\/\/waracomunicaciones.com\"],\"url\":\"https:\/\/waracomunicaciones.com\/?author=2\"}]}<\/script>\n<!-- \/ Yoast SEO Premium plugin. -->","yoast_head_json":{"title":"Abogado constitucionalista analiza el escenario pol\u00edtico y posibles alianzas tras inhabilitaci\u00f3n electoral - Wara Comunicaciones","robots":{"index":"index","follow":"follow","max-snippet":"max-snippet:-1","max-image-preview":"max-image-preview:large","max-video-preview":"max-video-preview:-1"},"canonical":"https:\/\/waracomunicaciones.com\/?p=1549","og_locale":"es_ES","og_type":"article","og_title":"Abogado constitucionalista analiza el escenario pol\u00edtico y posibles alianzas tras inhabilitaci\u00f3n electoral","og_description":"El abogado constitucionalista y estratega pol\u00edtico Franz Galler afirm\u00f3 que la resoluci\u00f3n emitida por el \u00f3rgano electoral departamental responde al cumplimiento de lo dispuesto por el Tribunal Constitucional, por lo que \u2014seg\u00fan explic\u00f3\u2014 ya no existen instancias adicionales de apelaci\u00f3n.","og_url":"https:\/\/waracomunicaciones.com\/?p=1549","og_site_name":"Wara Comunicaciones","article_publisher":"https:\/\/www.facebook.com\/waracomunicaciones2017","article_published_time":"2026-03-09T23:08:08+00:00","article_modified_time":"2026-03-09T23:08:10+00:00","og_image":[{"width":832,"height":654,"url":"https:\/\/waracomunicaciones.com\/wp-content\/uploads\/2026\/03\/Mario-9-mar-26.webp","type":"image\/webp"}],"author":"Tom\u00e1s Coca","twitter_card":"summary_large_image","twitter_misc":{"Escrito por":"Tom\u00e1s Coca","Tiempo de lectura":"3 minutos"},"schema":{"@context":"https:\/\/schema.org","@graph":[{"@type":"Article","@id":"https:\/\/waracomunicaciones.com\/?p=1549#article","isPartOf":{"@id":"https:\/\/waracomunicaciones.com\/?p=1549"},"author":{"name":"Tom\u00e1s Coca","@id":"https:\/\/waracomunicaciones.com\/#\/schema\/person\/cbfc6e874b874c69982b6f254108e9f0"},"headline":"Abogado constitucionalista analiza el escenario pol\u00edtico y posibles alianzas tras inhabilitaci\u00f3n electoral","datePublished":"2026-03-09T23:08:08+00:00","dateModified":"2026-03-09T23:08:10+00:00","mainEntityOfPage":{"@id":"https:\/\/waracomunicaciones.com\/?p=1549"},"wordCount":542,"commentCount":0,"publisher":{"@id":"https:\/\/waracomunicaciones.com\/#organization"},"image":{"@id":"https:\/\/waracomunicaciones.com\/?p=1549#primaryimage"},"thumbnailUrl":"https:\/\/waracomunicaciones.com\/wp-content\/uploads\/2026\/03\/Mario-9-mar-26.webp","articleSection":["LOCAL","Pol\u00edtica"],"inLanguage":"es","potentialAction":[{"@type":"CommentAction","name":"Comment","target":["https:\/\/waracomunicaciones.com\/?p=1549#respond"]}]},{"@type":"WebPage","@id":"https:\/\/waracomunicaciones.com\/?p=1549","url":"https:\/\/waracomunicaciones.com\/?p=1549","name":"Abogado constitucionalista analiza el escenario pol\u00edtico y posibles alianzas tras inhabilitaci\u00f3n electoral - Wara Comunicaciones","isPartOf":{"@id":"https:\/\/waracomunicaciones.com\/#website"},"primaryImageOfPage":{"@id":"https:\/\/waracomunicaciones.com\/?p=1549#primaryimage"},"image":{"@id":"https:\/\/waracomunicaciones.com\/?p=1549#primaryimage"},"thumbnailUrl":"https:\/\/waracomunicaciones.com\/wp-content\/uploads\/2026\/03\/Mario-9-mar-26.webp","datePublished":"2026-03-09T23:08:08+00:00","dateModified":"2026-03-09T23:08:10+00:00","breadcrumb":{"@id":"https:\/\/waracomunicaciones.com\/?p=1549#breadcrumb"},"inLanguage":"es","potentialAction":[{"@type":"ReadAction","target":["https:\/\/waracomunicaciones.com\/?p=1549"]}]},{"@type":"ImageObject","inLanguage":"es","@id":"https:\/\/waracomunicaciones.com\/?p=1549#primaryimage","url":"https:\/\/waracomunicaciones.com\/wp-content\/uploads\/2026\/03\/Mario-9-mar-26.webp","contentUrl":"https:\/\/waracomunicaciones.com\/wp-content\/uploads\/2026\/03\/Mario-9-mar-26.webp","width":832,"height":654},{"@type":"BreadcrumbList","@id":"https:\/\/waracomunicaciones.com\/?p=1549#breadcrumb","itemListElement":[{"@type":"ListItem","position":1,"name":"Portada","item":"https:\/\/waracomunicaciones.com\/"},{"@type":"ListItem","position":2,"name":"Abogado constitucionalista analiza el escenario pol\u00edtico y posibles alianzas tras inhabilitaci\u00f3n electoral"}]},{"@type":"WebSite","@id":"https:\/\/waracomunicaciones.com\/#website","url":"https:\/\/waracomunicaciones.com\/","name":"Wara Comunicaciones","description":"","publisher":{"@id":"https:\/\/waracomunicaciones.com\/#organization"},"potentialAction":[{"@type":"SearchAction","target":{"@type":"EntryPoint","urlTemplate":"https:\/\/waracomunicaciones.com\/?s={search_term_string}"},"query-input":{"@type":"PropertyValueSpecification","valueRequired":true,"valueName":"search_term_string"}}],"inLanguage":"es"},{"@type":"Organization","@id":"https:\/\/waracomunicaciones.com\/#organization","name":"Wara Comunicaciones","url":"https:\/\/waracomunicaciones.com\/","logo":{"@type":"ImageObject","inLanguage":"es","@id":"https:\/\/waracomunicaciones.com\/#\/schema\/logo\/image\/","url":"https:\/\/waracomunicaciones.com\/wp-content\/uploads\/2025\/07\/logo.png","contentUrl":"https:\/\/waracomunicaciones.com\/wp-content\/uploads\/2025\/07\/logo.png","width":400,"height":164,"caption":"Wara Comunicaciones"},"image":{"@id":"https:\/\/waracomunicaciones.com\/#\/schema\/logo\/image\/"},"sameAs":["https:\/\/www.facebook.com\/waracomunicaciones2017"]},{"@type":"Person","@id":"https:\/\/waracomunicaciones.com\/#\/schema\/person\/cbfc6e874b874c69982b6f254108e9f0","name":"Tom\u00e1s Coca","image":{"@type":"ImageObject","inLanguage":"es","@id":"https:\/\/waracomunicaciones.com\/#\/schema\/person\/image\/","url":"https:\/\/secure.gravatar.com\/avatar\/482131bd67ce2dac1261229602fd0c47826af81f4ac6608b066b29cac2a6e65d?s=96&d=mm&r=g","contentUrl":"https:\/\/secure.gravatar.com\/avatar\/482131bd67ce2dac1261229602fd0c47826af81f4ac6608b066b29cac2a6e65d?s=96&d=mm&r=g","caption":"Tom\u00e1s Coca"},"sameAs":["https:\/\/waracomunicaciones.com"],"url":"https:\/\/waracomunicaciones.com\/?author=2"}]}},"_links":{"self":[{"href":"https:\/\/waracomunicaciones.com\/index.php?rest_route=\/wp\/v2\/posts\/1549","targetHints":{"allow":["GET"]}}],"collection":[{"href":"https:\/\/waracomunicaciones.com\/index.php?rest_route=\/wp\/v2\/posts"}],"about":[{"href":"https:\/\/waracomunicaciones.com\/index.php?rest_route=\/wp\/v2\/types\/post"}],"author":[{"embeddable":true,"href":"https:\/\/waracomunicaciones.com\/index.php?rest_route=\/wp\/v2\/users\/2"}],"replies":[{"embeddable":true,"href":"https:\/\/waracomunicaciones.com\/index.php?rest_route=%2Fwp%2Fv2%2Fcomments&post=1549"}],"version-history":[{"count":1,"href":"https:\/\/waracomunicaciones.com\/index.php?rest_route=\/wp\/v2\/posts\/1549\/revisions"}],"predecessor-version":[{"id":1551,"href":"https:\/\/waracomunicaciones.com\/index.php?rest_route=\/wp\/v2\/posts\/1549\/revisions\/1551"}],"wp:attachment":[{"href":"https:\/\/waracomunicaciones.com\/index.php?rest_route=%2Fwp%2Fv2%2Fmedia&parent=1549"}],"wp:term":[{"taxonomy":"category","embeddable":true,"href":"https:\/\/waracomunicaciones.com\/index.php?rest_route=%2Fwp%2Fv2%2Fcategories&post=1549"},{"taxonomy":"post_tag","embeddable":true,"href":"https:\/\/waracomunicaciones.com\/index.php?rest_route=%2Fwp%2Fv2%2Ftags&post=1549"}],"curies":[{"name":"wp","href":"https:\/\/api.w.org\/{rel}","templated":true}]}}