{"id":1546,"date":"2026-03-08T10:03:49","date_gmt":"2026-03-08T14:03:49","guid":{"rendered":"https:\/\/waracomunicaciones.com\/?p=1546"},"modified":"2026-03-08T10:03:50","modified_gmt":"2026-03-08T14:03:50","slug":"tomas-coca-plantea-escenario-de-polarizacion-politica-en-las-elecciones-municipales-de-montero","status":"publish","type":"post","link":"https:\/\/waracomunicaciones.com\/?p=1546","title":{"rendered":"Tom\u00e1s Coca plantea escenario de polarizaci\u00f3n pol\u00edtica en las elecciones municipales de Montero"},"content":{"rendered":"<div class=\"wp-block-image\">\n<figure class=\"aligncenter size-full\"><img loading=\"lazy\" decoding=\"async\" width=\"510\" height=\"561\" src=\"https:\/\/waracomunicaciones.com\/wp-content\/uploads\/2026\/03\/Santiago-8-mar-26.webp\" alt=\"\" class=\"wp-image-1547\" srcset=\"https:\/\/waracomunicaciones.com\/wp-content\/uploads\/2026\/03\/Santiago-8-mar-26.webp 510w, https:\/\/waracomunicaciones.com\/wp-content\/uploads\/2026\/03\/Santiago-8-mar-26-273x300.webp 273w\" sizes=\"auto, (max-width: 510px) 100vw, 510px\" \/><figcaption class=\"wp-element-caption\">Santiago Valenzuela candidato a Alcalde de TODOS<\/figcaption><\/figure>\n<\/div>\n\n<p>El periodista y candidato a concejal por la <strong>Alianza Todos<\/strong>, <strong>Tom\u00e1s Coca<\/strong>, se\u00f1al\u00f3 que el escenario pol\u00edtico en Montero podr\u00eda encaminarse nuevamente hacia una polarizaci\u00f3n electoral, similar a la observada en procesos anteriores.<!--more--><\/p>\n<p>Coca explic\u00f3 que, siguiendo el an\u00e1lisis del asesor de ASIP y analista pol\u00edtico <strong>Bladimir Medina<\/strong>, actualmente se pueden identificar distintos bloques pol\u00edticos en la contienda electoral.<\/p>\n<p>Seg\u00fan indic\u00f3, por un lado se ubicar\u00edan las fuerzas que representan al oficialismo, a las \u00e9lites y a la cultura dominante, entre las que mencion\u00f3 a <strong>Creemos<\/strong>, <strong>Unidad por la Patria<\/strong> y el <strong>Partido Dem\u00f3crata Cristiano (PDC)<\/strong>. Por otro lado, se\u00f1al\u00f3 que existe un bloque vinculado a sectores populares, movimientos sociales y pueblos originarios, donde situ\u00f3 a la <strong>Alianza Todos<\/strong>, el <strong>Movimiento Tercer Sistema (MTS)<\/strong> y la agrupaci\u00f3n <strong>SOL<\/strong>, esta \u00faltima actualmente fuera de la contienda electoral.<\/p>\n<p>Asimismo, indic\u00f3 que tambi\u00e9n existe un tercer componente integrado por candidaturas emergentes, como las de <strong>Julio Quiroga<\/strong> y <strong>Juan de Dios<\/strong>, que \u2014seg\u00fan su an\u00e1lisis\u2014 buscan posicionarse como alternativas dentro del escenario pol\u00edtico local.<\/p>\n<p>Coca sostuvo que este tipo de divisiones no es algo nuevo en la pol\u00edtica de Montero, sino que ya se observ\u00f3 en anteriores elecciones municipales, cuando distintas organizaciones vinculadas al llamado bloque social popular se presentaron de manera fragmentada.<\/p>\n<p>\u201cEn la elecci\u00f3n anterior el bloque que proven\u00eda del MAS estaba dividido en varias agrupaciones como Unir, Movimiento Solidario Popular, el propio MAS y el Movimiento Tercer Sistema\u201d, explic\u00f3.<\/p>\n<p>El candidato tambi\u00e9n record\u00f3 que en ese proceso electoral las fuerzas pol\u00edticas m\u00e1s fuertes concentraron la mayor parte del voto. Seg\u00fan sus datos, <strong>Creemos<\/strong> alcanz\u00f3 cerca del 46% de los votos, mientras que el <strong>MAS<\/strong> obtuvo alrededor del 39%, sumando entre ambos cerca del 85% de los votos v\u00e1lidos.<\/p>\n<p>En ese contexto, se\u00f1al\u00f3 que el resto de las fuerzas pol\u00edticas qued\u00f3 reducido a disputar aproximadamente el 15% del electorado.<\/p>\n<p>El candidato tambi\u00e9n analiz\u00f3 el comportamiento del voto en las \u00faltimas elecciones nacionales en Montero, donde \u2014seg\u00fan indic\u00f3\u2014 se registr\u00f3 un alto porcentaje de votos nulos. De los 91.404 electores habilitados, afirm\u00f3 que se contabilizaron cerca de 14.700 votos nulos, equivalentes a aproximadamente el 18%.<\/p>\n<p>A su criterio, este fen\u00f3meno refleja el desencanto de un sector del electorado que anteriormente apoyaba al Movimiento al Socialismo (MAS), pero que actualmente no se siente representado por otras fuerzas pol\u00edticas.<\/p>\n<p>\u201cEse voto no desaparece; est\u00e1 ah\u00ed y sigue buscando una representaci\u00f3n pol\u00edtica\u201d, afirm\u00f3.<\/p>\n<p>Coca se\u00f1al\u00f3 que una parte de ese electorado se inclin\u00f3 en las elecciones nacionales por el <strong>PDC<\/strong>, mientras que otro segmento opt\u00f3 por el voto nulo como forma de protesta.<\/p>\n<p>Finalmente, indic\u00f3 que en los pr\u00f3ximos d\u00edas de campa\u00f1a ser\u00e1 clave definir si el proceso electoral vuelve a polarizarse entre dos grandes bloques o si las fuerzas emergentes logran consolidar una tercera alternativa pol\u00edtica.<\/p>\n<p>\u201cLo que est\u00e1 en juego es qu\u00e9 visi\u00f3n de sociedad y de Estado se impondr\u00e1 en Montero en los pr\u00f3ximos a\u00f1os\u201d, concluy\u00f3.<\/p><div style=\"margin-top: 0px; margin-bottom: 0px;\" class=\"sharethis-inline-reaction-buttons\" ><\/div>","protected":false},"excerpt":{"rendered":"<p>El periodista y candidato a concejal por la Alianza Todos, Tom\u00e1s Coca, se\u00f1al\u00f3 que el escenario pol\u00edtico en Montero podr\u00eda encaminarse nuevamente hacia una polarizaci\u00f3n electoral, similar a la observada en procesos anteriores.<\/p>\n","protected":false},"author":2,"featured_media":0,"comment_status":"open","ping_status":"open","sticky":false,"template":"","format":"standard","meta":{"footnotes":""},"categories":[5,42],"tags":[],"class_list":["post-1546","post","type-post","status-publish","format-standard","hentry","category-local","category-politica"],"yoast_head":"<!-- This site is optimized with the Yoast SEO Premium plugin v25.5 (Yoast SEO v27.1.1) - https:\/\/yoast.com\/product\/yoast-seo-premium-wordpress\/ -->\n<title>Tom\u00e1s Coca plantea escenario de polarizaci\u00f3n pol\u00edtica en las elecciones municipales de Montero - Wara Comunicaciones<\/title>\n<meta name=\"robots\" content=\"index, follow, max-snippet:-1, max-image-preview:large, max-video-preview:-1\" \/>\n<link rel=\"canonical\" href=\"https:\/\/waracomunicaciones.com\/?p=1546\" \/>\n<meta property=\"og:locale\" content=\"es_ES\" \/>\n<meta property=\"og:type\" content=\"article\" \/>\n<meta property=\"og:title\" content=\"Tom\u00e1s Coca plantea escenario de polarizaci\u00f3n pol\u00edtica en las elecciones municipales de Montero\" \/>\n<meta property=\"og:description\" content=\"El periodista y candidato a concejal por la Alianza Todos, Tom\u00e1s Coca, se\u00f1al\u00f3 que el escenario pol\u00edtico en Montero podr\u00eda encaminarse nuevamente hacia una polarizaci\u00f3n electoral, similar a la observada en procesos anteriores.\" \/>\n<meta property=\"og:url\" content=\"https:\/\/waracomunicaciones.com\/?p=1546\" \/>\n<meta property=\"og:site_name\" content=\"Wara Comunicaciones\" \/>\n<meta property=\"article:publisher\" content=\"https:\/\/www.facebook.com\/waracomunicaciones2017\" \/>\n<meta property=\"article:published_time\" content=\"2026-03-08T14:03:49+00:00\" \/>\n<meta property=\"article:modified_time\" content=\"2026-03-08T14:03:50+00:00\" \/>\n<meta property=\"og:image\" content=\"https:\/\/waracomunicaciones.com\/wp-content\/uploads\/2026\/03\/Santiago-8-mar-26.webp\" \/>\n\t<meta property=\"og:image:width\" content=\"510\" \/>\n\t<meta property=\"og:image:height\" content=\"561\" \/>\n\t<meta property=\"og:image:type\" content=\"image\/webp\" \/>\n<meta name=\"author\" content=\"Tom\u00e1s Coca\" \/>\n<meta name=\"twitter:card\" content=\"summary_large_image\" \/>\n<meta name=\"twitter:label1\" content=\"Escrito por\" \/>\n\t<meta name=\"twitter:data1\" content=\"Tom\u00e1s Coca\" \/>\n\t<meta name=\"twitter:label2\" content=\"Tiempo de lectura\" \/>\n\t<meta name=\"twitter:data2\" content=\"3 minutos\" \/>\n<script type=\"application\/ld+json\" class=\"yoast-schema-graph\">{\"@context\":\"https:\/\/schema.org\",\"@graph\":[{\"@type\":\"Article\",\"@id\":\"https:\/\/waracomunicaciones.com\/?p=1546#article\",\"isPartOf\":{\"@id\":\"https:\/\/waracomunicaciones.com\/?p=1546\"},\"author\":{\"name\":\"Tom\u00e1s Coca\",\"@id\":\"https:\/\/waracomunicaciones.com\/#\/schema\/person\/cbfc6e874b874c69982b6f254108e9f0\"},\"headline\":\"Tom\u00e1s Coca plantea escenario de polarizaci\u00f3n pol\u00edtica en las elecciones municipales de Montero\",\"datePublished\":\"2026-03-08T14:03:49+00:00\",\"dateModified\":\"2026-03-08T14:03:50+00:00\",\"mainEntityOfPage\":{\"@id\":\"https:\/\/waracomunicaciones.com\/?p=1546\"},\"wordCount\":540,\"commentCount\":0,\"publisher\":{\"@id\":\"https:\/\/waracomunicaciones.com\/#organization\"},\"image\":{\"@id\":\"https:\/\/waracomunicaciones.com\/?p=1546#primaryimage\"},\"thumbnailUrl\":\"https:\/\/waracomunicaciones.com\/wp-content\/uploads\/2026\/03\/Santiago-8-mar-26.webp\",\"articleSection\":[\"LOCAL\",\"Pol\u00edtica\"],\"inLanguage\":\"es\",\"potentialAction\":[{\"@type\":\"CommentAction\",\"name\":\"Comment\",\"target\":[\"https:\/\/waracomunicaciones.com\/?p=1546#respond\"]}]},{\"@type\":\"WebPage\",\"@id\":\"https:\/\/waracomunicaciones.com\/?p=1546\",\"url\":\"https:\/\/waracomunicaciones.com\/?p=1546\",\"name\":\"Tom\u00e1s Coca plantea escenario de polarizaci\u00f3n pol\u00edtica en las elecciones municipales de Montero - Wara Comunicaciones\",\"isPartOf\":{\"@id\":\"https:\/\/waracomunicaciones.com\/#website\"},\"primaryImageOfPage\":{\"@id\":\"https:\/\/waracomunicaciones.com\/?p=1546#primaryimage\"},\"image\":{\"@id\":\"https:\/\/waracomunicaciones.com\/?p=1546#primaryimage\"},\"thumbnailUrl\":\"https:\/\/waracomunicaciones.com\/wp-content\/uploads\/2026\/03\/Santiago-8-mar-26.webp\",\"datePublished\":\"2026-03-08T14:03:49+00:00\",\"dateModified\":\"2026-03-08T14:03:50+00:00\",\"breadcrumb\":{\"@id\":\"https:\/\/waracomunicaciones.com\/?p=1546#breadcrumb\"},\"inLanguage\":\"es\",\"potentialAction\":[{\"@type\":\"ReadAction\",\"target\":[\"https:\/\/waracomunicaciones.com\/?p=1546\"]}]},{\"@type\":\"ImageObject\",\"inLanguage\":\"es\",\"@id\":\"https:\/\/waracomunicaciones.com\/?p=1546#primaryimage\",\"url\":\"https:\/\/waracomunicaciones.com\/wp-content\/uploads\/2026\/03\/Santiago-8-mar-26.webp\",\"contentUrl\":\"https:\/\/waracomunicaciones.com\/wp-content\/uploads\/2026\/03\/Santiago-8-mar-26.webp\",\"width\":510,\"height\":561},{\"@type\":\"BreadcrumbList\",\"@id\":\"https:\/\/waracomunicaciones.com\/?p=1546#breadcrumb\",\"itemListElement\":[{\"@type\":\"ListItem\",\"position\":1,\"name\":\"Portada\",\"item\":\"https:\/\/waracomunicaciones.com\/\"},{\"@type\":\"ListItem\",\"position\":2,\"name\":\"Tom\u00e1s Coca plantea escenario de polarizaci\u00f3n pol\u00edtica en las elecciones municipales de Montero\"}]},{\"@type\":\"WebSite\",\"@id\":\"https:\/\/waracomunicaciones.com\/#website\",\"url\":\"https:\/\/waracomunicaciones.com\/\",\"name\":\"Wara Comunicaciones\",\"description\":\"\",\"publisher\":{\"@id\":\"https:\/\/waracomunicaciones.com\/#organization\"},\"potentialAction\":[{\"@type\":\"SearchAction\",\"target\":{\"@type\":\"EntryPoint\",\"urlTemplate\":\"https:\/\/waracomunicaciones.com\/?s={search_term_string}\"},\"query-input\":{\"@type\":\"PropertyValueSpecification\",\"valueRequired\":true,\"valueName\":\"search_term_string\"}}],\"inLanguage\":\"es\"},{\"@type\":\"Organization\",\"@id\":\"https:\/\/waracomunicaciones.com\/#organization\",\"name\":\"Wara Comunicaciones\",\"url\":\"https:\/\/waracomunicaciones.com\/\",\"logo\":{\"@type\":\"ImageObject\",\"inLanguage\":\"es\",\"@id\":\"https:\/\/waracomunicaciones.com\/#\/schema\/logo\/image\/\",\"url\":\"https:\/\/waracomunicaciones.com\/wp-content\/uploads\/2025\/07\/logo.png\",\"contentUrl\":\"https:\/\/waracomunicaciones.com\/wp-content\/uploads\/2025\/07\/logo.png\",\"width\":400,\"height\":164,\"caption\":\"Wara Comunicaciones\"},\"image\":{\"@id\":\"https:\/\/waracomunicaciones.com\/#\/schema\/logo\/image\/\"},\"sameAs\":[\"https:\/\/www.facebook.com\/waracomunicaciones2017\"]},{\"@type\":\"Person\",\"@id\":\"https:\/\/waracomunicaciones.com\/#\/schema\/person\/cbfc6e874b874c69982b6f254108e9f0\",\"name\":\"Tom\u00e1s Coca\",\"image\":{\"@type\":\"ImageObject\",\"inLanguage\":\"es\",\"@id\":\"https:\/\/waracomunicaciones.com\/#\/schema\/person\/image\/\",\"url\":\"https:\/\/secure.gravatar.com\/avatar\/482131bd67ce2dac1261229602fd0c47826af81f4ac6608b066b29cac2a6e65d?s=96&d=mm&r=g\",\"contentUrl\":\"https:\/\/secure.gravatar.com\/avatar\/482131bd67ce2dac1261229602fd0c47826af81f4ac6608b066b29cac2a6e65d?s=96&d=mm&r=g\",\"caption\":\"Tom\u00e1s Coca\"},\"sameAs\":[\"https:\/\/waracomunicaciones.com\"],\"url\":\"https:\/\/waracomunicaciones.com\/?author=2\"}]}<\/script>\n<!-- \/ Yoast SEO Premium plugin. -->","yoast_head_json":{"title":"Tom\u00e1s Coca plantea escenario de polarizaci\u00f3n pol\u00edtica en las elecciones municipales de Montero - Wara Comunicaciones","robots":{"index":"index","follow":"follow","max-snippet":"max-snippet:-1","max-image-preview":"max-image-preview:large","max-video-preview":"max-video-preview:-1"},"canonical":"https:\/\/waracomunicaciones.com\/?p=1546","og_locale":"es_ES","og_type":"article","og_title":"Tom\u00e1s Coca plantea escenario de polarizaci\u00f3n pol\u00edtica en las elecciones municipales de Montero","og_description":"El periodista y candidato a concejal por la Alianza Todos, Tom\u00e1s Coca, se\u00f1al\u00f3 que el escenario pol\u00edtico en Montero podr\u00eda encaminarse nuevamente hacia una polarizaci\u00f3n electoral, similar a la observada en procesos anteriores.","og_url":"https:\/\/waracomunicaciones.com\/?p=1546","og_site_name":"Wara Comunicaciones","article_publisher":"https:\/\/www.facebook.com\/waracomunicaciones2017","article_published_time":"2026-03-08T14:03:49+00:00","article_modified_time":"2026-03-08T14:03:50+00:00","og_image":[{"width":510,"height":561,"url":"https:\/\/waracomunicaciones.com\/wp-content\/uploads\/2026\/03\/Santiago-8-mar-26.webp","type":"image\/webp"}],"author":"Tom\u00e1s Coca","twitter_card":"summary_large_image","twitter_misc":{"Escrito por":"Tom\u00e1s Coca","Tiempo de lectura":"3 minutos"},"schema":{"@context":"https:\/\/schema.org","@graph":[{"@type":"Article","@id":"https:\/\/waracomunicaciones.com\/?p=1546#article","isPartOf":{"@id":"https:\/\/waracomunicaciones.com\/?p=1546"},"author":{"name":"Tom\u00e1s Coca","@id":"https:\/\/waracomunicaciones.com\/#\/schema\/person\/cbfc6e874b874c69982b6f254108e9f0"},"headline":"Tom\u00e1s Coca plantea escenario de polarizaci\u00f3n pol\u00edtica en las elecciones municipales de Montero","datePublished":"2026-03-08T14:03:49+00:00","dateModified":"2026-03-08T14:03:50+00:00","mainEntityOfPage":{"@id":"https:\/\/waracomunicaciones.com\/?p=1546"},"wordCount":540,"commentCount":0,"publisher":{"@id":"https:\/\/waracomunicaciones.com\/#organization"},"image":{"@id":"https:\/\/waracomunicaciones.com\/?p=1546#primaryimage"},"thumbnailUrl":"https:\/\/waracomunicaciones.com\/wp-content\/uploads\/2026\/03\/Santiago-8-mar-26.webp","articleSection":["LOCAL","Pol\u00edtica"],"inLanguage":"es","potentialAction":[{"@type":"CommentAction","name":"Comment","target":["https:\/\/waracomunicaciones.com\/?p=1546#respond"]}]},{"@type":"WebPage","@id":"https:\/\/waracomunicaciones.com\/?p=1546","url":"https:\/\/waracomunicaciones.com\/?p=1546","name":"Tom\u00e1s Coca plantea escenario de polarizaci\u00f3n pol\u00edtica en las elecciones municipales de Montero - Wara Comunicaciones","isPartOf":{"@id":"https:\/\/waracomunicaciones.com\/#website"},"primaryImageOfPage":{"@id":"https:\/\/waracomunicaciones.com\/?p=1546#primaryimage"},"image":{"@id":"https:\/\/waracomunicaciones.com\/?p=1546#primaryimage"},"thumbnailUrl":"https:\/\/waracomunicaciones.com\/wp-content\/uploads\/2026\/03\/Santiago-8-mar-26.webp","datePublished":"2026-03-08T14:03:49+00:00","dateModified":"2026-03-08T14:03:50+00:00","breadcrumb":{"@id":"https:\/\/waracomunicaciones.com\/?p=1546#breadcrumb"},"inLanguage":"es","potentialAction":[{"@type":"ReadAction","target":["https:\/\/waracomunicaciones.com\/?p=1546"]}]},{"@type":"ImageObject","inLanguage":"es","@id":"https:\/\/waracomunicaciones.com\/?p=1546#primaryimage","url":"https:\/\/waracomunicaciones.com\/wp-content\/uploads\/2026\/03\/Santiago-8-mar-26.webp","contentUrl":"https:\/\/waracomunicaciones.com\/wp-content\/uploads\/2026\/03\/Santiago-8-mar-26.webp","width":510,"height":561},{"@type":"BreadcrumbList","@id":"https:\/\/waracomunicaciones.com\/?p=1546#breadcrumb","itemListElement":[{"@type":"ListItem","position":1,"name":"Portada","item":"https:\/\/waracomunicaciones.com\/"},{"@type":"ListItem","position":2,"name":"Tom\u00e1s Coca plantea escenario de polarizaci\u00f3n pol\u00edtica en las elecciones municipales de Montero"}]},{"@type":"WebSite","@id":"https:\/\/waracomunicaciones.com\/#website","url":"https:\/\/waracomunicaciones.com\/","name":"Wara Comunicaciones","description":"","publisher":{"@id":"https:\/\/waracomunicaciones.com\/#organization"},"potentialAction":[{"@type":"SearchAction","target":{"@type":"EntryPoint","urlTemplate":"https:\/\/waracomunicaciones.com\/?s={search_term_string}"},"query-input":{"@type":"PropertyValueSpecification","valueRequired":true,"valueName":"search_term_string"}}],"inLanguage":"es"},{"@type":"Organization","@id":"https:\/\/waracomunicaciones.com\/#organization","name":"Wara Comunicaciones","url":"https:\/\/waracomunicaciones.com\/","logo":{"@type":"ImageObject","inLanguage":"es","@id":"https:\/\/waracomunicaciones.com\/#\/schema\/logo\/image\/","url":"https:\/\/waracomunicaciones.com\/wp-content\/uploads\/2025\/07\/logo.png","contentUrl":"https:\/\/waracomunicaciones.com\/wp-content\/uploads\/2025\/07\/logo.png","width":400,"height":164,"caption":"Wara Comunicaciones"},"image":{"@id":"https:\/\/waracomunicaciones.com\/#\/schema\/logo\/image\/"},"sameAs":["https:\/\/www.facebook.com\/waracomunicaciones2017"]},{"@type":"Person","@id":"https:\/\/waracomunicaciones.com\/#\/schema\/person\/cbfc6e874b874c69982b6f254108e9f0","name":"Tom\u00e1s Coca","image":{"@type":"ImageObject","inLanguage":"es","@id":"https:\/\/waracomunicaciones.com\/#\/schema\/person\/image\/","url":"https:\/\/secure.gravatar.com\/avatar\/482131bd67ce2dac1261229602fd0c47826af81f4ac6608b066b29cac2a6e65d?s=96&d=mm&r=g","contentUrl":"https:\/\/secure.gravatar.com\/avatar\/482131bd67ce2dac1261229602fd0c47826af81f4ac6608b066b29cac2a6e65d?s=96&d=mm&r=g","caption":"Tom\u00e1s Coca"},"sameAs":["https:\/\/waracomunicaciones.com"],"url":"https:\/\/waracomunicaciones.com\/?author=2"}]}},"_links":{"self":[{"href":"https:\/\/waracomunicaciones.com\/index.php?rest_route=\/wp\/v2\/posts\/1546","targetHints":{"allow":["GET"]}}],"collection":[{"href":"https:\/\/waracomunicaciones.com\/index.php?rest_route=\/wp\/v2\/posts"}],"about":[{"href":"https:\/\/waracomunicaciones.com\/index.php?rest_route=\/wp\/v2\/types\/post"}],"author":[{"embeddable":true,"href":"https:\/\/waracomunicaciones.com\/index.php?rest_route=\/wp\/v2\/users\/2"}],"replies":[{"embeddable":true,"href":"https:\/\/waracomunicaciones.com\/index.php?rest_route=%2Fwp%2Fv2%2Fcomments&post=1546"}],"version-history":[{"count":1,"href":"https:\/\/waracomunicaciones.com\/index.php?rest_route=\/wp\/v2\/posts\/1546\/revisions"}],"predecessor-version":[{"id":1548,"href":"https:\/\/waracomunicaciones.com\/index.php?rest_route=\/wp\/v2\/posts\/1546\/revisions\/1548"}],"wp:attachment":[{"href":"https:\/\/waracomunicaciones.com\/index.php?rest_route=%2Fwp%2Fv2%2Fmedia&parent=1546"}],"wp:term":[{"taxonomy":"category","embeddable":true,"href":"https:\/\/waracomunicaciones.com\/index.php?rest_route=%2Fwp%2Fv2%2Fcategories&post=1546"},{"taxonomy":"post_tag","embeddable":true,"href":"https:\/\/waracomunicaciones.com\/index.php?rest_route=%2Fwp%2Fv2%2Ftags&post=1546"}],"curies":[{"name":"wp","href":"https:\/\/api.w.org\/{rel}","templated":true}]}}