{"id":1543,"date":"2026-03-08T10:00:24","date_gmt":"2026-03-08T14:00:24","guid":{"rendered":"https:\/\/waracomunicaciones.com\/?p=1543"},"modified":"2026-03-08T10:00:25","modified_gmt":"2026-03-08T14:00:25","slug":"abogado-municipalista-senala-que-agrupacion-sol-perdio-personeria-juridica-y-pide-asumir-decision-responsable","status":"publish","type":"post","link":"https:\/\/waracomunicaciones.com\/?p=1543","title":{"rendered":"Abogado municipalista se\u00f1ala que agrupaci\u00f3n SOL perdi\u00f3 personer\u00eda jur\u00eddica y pide asumir decisi\u00f3n responsable"},"content":{"rendered":"\n<figure class=\"wp-block-image size-large\"><img loading=\"lazy\" decoding=\"async\" width=\"1024\" height=\"455\" src=\"https:\/\/waracomunicaciones.com\/wp-content\/uploads\/2026\/03\/Mario-8-mar-26-1024x455.webp\" alt=\"\" class=\"wp-image-1544\" srcset=\"https:\/\/waracomunicaciones.com\/wp-content\/uploads\/2026\/03\/Mario-8-mar-26-1024x455.webp 1024w, https:\/\/waracomunicaciones.com\/wp-content\/uploads\/2026\/03\/Mario-8-mar-26-300x133.webp 300w, https:\/\/waracomunicaciones.com\/wp-content\/uploads\/2026\/03\/Mario-8-mar-26-768x341.webp 768w, https:\/\/waracomunicaciones.com\/wp-content\/uploads\/2026\/03\/Mario-8-mar-26.webp 1267w\" sizes=\"auto, (max-width: 1024px) 100vw, 1024px\" \/><figcaption class=\"wp-element-caption\">Conferencia de prensa SOL, gentileza de RUA<\/figcaption><\/figure>\n\n\n<p>El abogado municipalista <strong>Jaime Uscamayta<\/strong> se refiri\u00f3 al proceso electoral que involucra a la agrupaci\u00f3n pol\u00edtica SOL y explic\u00f3 que, de acuerdo con la normativa electoral vigente, la organizaci\u00f3n perdi\u00f3 su personer\u00eda jur\u00eddica por no haber alcanzado el m\u00ednimo del 3% de votaci\u00f3n en la anterior elecci\u00f3n.<!--more--><\/p>\n<p>Uscamayta aclar\u00f3 que el Tribunal Departamental Electoral (TDE) de Santa Cruz emiti\u00f3 en su momento una certificaci\u00f3n que indicaba que la agrupaci\u00f3n estaba habilitada; sin embargo, precis\u00f3 que dicho documento corresponde a una fecha anterior a la etapa actual del proceso electoral.<\/p>\n<p>Posteriormente \u2014explic\u00f3\u2014 se present\u00f3 una demanda relacionada con la personer\u00eda jur\u00eddica de la organizaci\u00f3n pol\u00edtica. Aunque inicialmente el TDE no se pronunci\u00f3 sobre el fondo del asunto, una acci\u00f3n constitucional oblig\u00f3 a la instituci\u00f3n a analizar el informe de Secretar\u00eda de C\u00e1mara, el cual se\u00f1alaba que varias agrupaciones no alcanzaron el 3% requerido en la \u00faltima elecci\u00f3n.<\/p>\n<p>\u201cEn cumplimiento de la normativa electoral y de la ley de agrupaciones pol\u00edticas, el Tribunal Departamental Electoral determin\u00f3 dejar sin personer\u00eda jur\u00eddica a ciertas organizaciones pol\u00edticas. Ya tenemos como antecedentes casos como ADN y ahora SAO\u201d, sostuvo.<\/p>\n<p>Seg\u00fan el jurista, la decisi\u00f3n no responde a intereses pol\u00edticos, sino al cumplimiento de la ley. En ese sentido, se\u00f1al\u00f3 que los argumentos de la agrupaci\u00f3n para sostener que siguen habilitados carecen de consistencia legal.<\/p>\n<p>\u201cEl argumento de que tienen una certificaci\u00f3n es vac\u00edo, porque esa certificaci\u00f3n es anterior al proceso de inhabilitaci\u00f3n. Lo que deber\u00edan demostrar es que alcanzaron m\u00e1s del 3% de votaci\u00f3n en la \u00faltima elecci\u00f3n, y eso no ha ocurrido\u201d, afirm\u00f3.<\/p>\n<p>Uscamayta tambi\u00e9n indic\u00f3 que, si bien el proceso a\u00fan no tiene calidad de cosa juzgada debido a que existen recursos en tr\u00e1mite, es poco probable que cambie el resultado, ya que dichos recursos no modificar\u00e1n el porcentaje de votaci\u00f3n obtenido en la anterior elecci\u00f3n.<\/p>\n<p>Ante esta situaci\u00f3n, recomend\u00f3 a los candidatos vinculados a esta agrupaci\u00f3n tomar una decisi\u00f3n responsable y buscar integrarse a otra organizaci\u00f3n pol\u00edtica que s\u00ed cuente con personer\u00eda jur\u00eddica vigente.<\/p>\n<p>\u201cEn vez de generar falsas ilusiones a su militancia, deber\u00edan fortalecer otra agrupaci\u00f3n y construir una oposici\u00f3n al oficialismo\u201d, manifest\u00f3.<\/p>\n<p>Asimismo, advirti\u00f3 que, aunque el nombre de la agrupaci\u00f3n pueda aparecer en la papeleta electoral debido a los tiempos del cronograma electoral, los votos que reciba no ser\u00edan v\u00e1lidos.<\/p>\n<p>\u201cPueden aparecer en la papeleta, pero no ser\u00e1n considerados dentro de la elecci\u00f3n porque ya no tienen personer\u00eda jur\u00eddica. Esos votos, en la pr\u00e1ctica, no se tomar\u00e1n en cuenta\u201d, explic\u00f3.<\/p>\n<p>Finalmente, el abogado se\u00f1al\u00f3 que la situaci\u00f3n pol\u00edtica debe resolverse con responsabilidad, tomando en cuenta que en las pr\u00f3ximas elecciones se definir\u00e1 el rumbo del municipio de Montero para los siguientes cinco a\u00f1os.<\/p><div style=\"margin-top: 0px; margin-bottom: 0px;\" class=\"sharethis-inline-reaction-buttons\" ><\/div>","protected":false},"excerpt":{"rendered":"<p>El abogado municipalista Jaime Uscamayta se refiri\u00f3 al proceso electoral que involucra a la agrupaci\u00f3n pol\u00edtica SOL y explic\u00f3 que, de acuerdo con la normativa electoral vigente, la organizaci\u00f3n perdi\u00f3 su personer\u00eda jur\u00eddica por no haber alcanzado el m\u00ednimo del 3% de votaci\u00f3n en la anterior elecci\u00f3n.<\/p>\n","protected":false},"author":2,"featured_media":0,"comment_status":"open","ping_status":"open","sticky":false,"template":"","format":"standard","meta":{"footnotes":""},"categories":[5,42],"tags":[],"class_list":["post-1543","post","type-post","status-publish","format-standard","hentry","category-local","category-politica"],"yoast_head":"<!-- This site is optimized with the Yoast SEO Premium plugin v25.5 (Yoast SEO v27.1.1) - https:\/\/yoast.com\/product\/yoast-seo-premium-wordpress\/ -->\n<title>Abogado municipalista se\u00f1ala que agrupaci\u00f3n SOL perdi\u00f3 personer\u00eda jur\u00eddica y pide asumir decisi\u00f3n responsable - Wara Comunicaciones<\/title>\n<meta name=\"robots\" content=\"index, follow, max-snippet:-1, max-image-preview:large, max-video-preview:-1\" \/>\n<link rel=\"canonical\" href=\"https:\/\/waracomunicaciones.com\/?p=1543\" \/>\n<meta property=\"og:locale\" content=\"es_ES\" \/>\n<meta property=\"og:type\" content=\"article\" \/>\n<meta property=\"og:title\" content=\"Abogado municipalista se\u00f1ala que agrupaci\u00f3n SOL perdi\u00f3 personer\u00eda jur\u00eddica y pide asumir decisi\u00f3n responsable\" \/>\n<meta property=\"og:description\" content=\"El abogado municipalista Jaime Uscamayta se refiri\u00f3 al proceso electoral que involucra a la agrupaci\u00f3n pol\u00edtica SOL y explic\u00f3 que, de acuerdo con la normativa electoral vigente, la organizaci\u00f3n perdi\u00f3 su personer\u00eda jur\u00eddica por no haber alcanzado el m\u00ednimo del 3% de votaci\u00f3n en la anterior elecci\u00f3n.\" \/>\n<meta property=\"og:url\" content=\"https:\/\/waracomunicaciones.com\/?p=1543\" \/>\n<meta property=\"og:site_name\" content=\"Wara Comunicaciones\" \/>\n<meta property=\"article:publisher\" content=\"https:\/\/www.facebook.com\/waracomunicaciones2017\" \/>\n<meta property=\"article:published_time\" content=\"2026-03-08T14:00:24+00:00\" \/>\n<meta property=\"article:modified_time\" content=\"2026-03-08T14:00:25+00:00\" \/>\n<meta property=\"og:image\" content=\"https:\/\/waracomunicaciones.com\/wp-content\/uploads\/2026\/03\/Mario-8-mar-26.webp\" \/>\n\t<meta property=\"og:image:width\" content=\"1267\" \/>\n\t<meta property=\"og:image:height\" content=\"563\" \/>\n\t<meta property=\"og:image:type\" content=\"image\/webp\" \/>\n<meta name=\"author\" content=\"Tom\u00e1s Coca\" \/>\n<meta name=\"twitter:card\" content=\"summary_large_image\" \/>\n<meta name=\"twitter:label1\" content=\"Escrito por\" \/>\n\t<meta name=\"twitter:data1\" content=\"Tom\u00e1s Coca\" \/>\n\t<meta name=\"twitter:label2\" content=\"Tiempo de lectura\" \/>\n\t<meta name=\"twitter:data2\" content=\"3 minutos\" \/>\n<script type=\"application\/ld+json\" class=\"yoast-schema-graph\">{\"@context\":\"https:\/\/schema.org\",\"@graph\":[{\"@type\":\"Article\",\"@id\":\"https:\/\/waracomunicaciones.com\/?p=1543#article\",\"isPartOf\":{\"@id\":\"https:\/\/waracomunicaciones.com\/?p=1543\"},\"author\":{\"name\":\"Tom\u00e1s Coca\",\"@id\":\"https:\/\/waracomunicaciones.com\/#\/schema\/person\/cbfc6e874b874c69982b6f254108e9f0\"},\"headline\":\"Abogado municipalista se\u00f1ala que agrupaci\u00f3n SOL perdi\u00f3 personer\u00eda jur\u00eddica y pide asumir decisi\u00f3n responsable\",\"datePublished\":\"2026-03-08T14:00:24+00:00\",\"dateModified\":\"2026-03-08T14:00:25+00:00\",\"mainEntityOfPage\":{\"@id\":\"https:\/\/waracomunicaciones.com\/?p=1543\"},\"wordCount\":533,\"commentCount\":0,\"publisher\":{\"@id\":\"https:\/\/waracomunicaciones.com\/#organization\"},\"image\":{\"@id\":\"https:\/\/waracomunicaciones.com\/?p=1543#primaryimage\"},\"thumbnailUrl\":\"https:\/\/waracomunicaciones.com\/wp-content\/uploads\/2026\/03\/Mario-8-mar-26-1024x455.webp\",\"articleSection\":[\"LOCAL\",\"Pol\u00edtica\"],\"inLanguage\":\"es\",\"potentialAction\":[{\"@type\":\"CommentAction\",\"name\":\"Comment\",\"target\":[\"https:\/\/waracomunicaciones.com\/?p=1543#respond\"]}]},{\"@type\":\"WebPage\",\"@id\":\"https:\/\/waracomunicaciones.com\/?p=1543\",\"url\":\"https:\/\/waracomunicaciones.com\/?p=1543\",\"name\":\"Abogado municipalista se\u00f1ala que agrupaci\u00f3n SOL perdi\u00f3 personer\u00eda jur\u00eddica y pide asumir decisi\u00f3n responsable - Wara Comunicaciones\",\"isPartOf\":{\"@id\":\"https:\/\/waracomunicaciones.com\/#website\"},\"primaryImageOfPage\":{\"@id\":\"https:\/\/waracomunicaciones.com\/?p=1543#primaryimage\"},\"image\":{\"@id\":\"https:\/\/waracomunicaciones.com\/?p=1543#primaryimage\"},\"thumbnailUrl\":\"https:\/\/waracomunicaciones.com\/wp-content\/uploads\/2026\/03\/Mario-8-mar-26-1024x455.webp\",\"datePublished\":\"2026-03-08T14:00:24+00:00\",\"dateModified\":\"2026-03-08T14:00:25+00:00\",\"breadcrumb\":{\"@id\":\"https:\/\/waracomunicaciones.com\/?p=1543#breadcrumb\"},\"inLanguage\":\"es\",\"potentialAction\":[{\"@type\":\"ReadAction\",\"target\":[\"https:\/\/waracomunicaciones.com\/?p=1543\"]}]},{\"@type\":\"ImageObject\",\"inLanguage\":\"es\",\"@id\":\"https:\/\/waracomunicaciones.com\/?p=1543#primaryimage\",\"url\":\"https:\/\/waracomunicaciones.com\/wp-content\/uploads\/2026\/03\/Mario-8-mar-26.webp\",\"contentUrl\":\"https:\/\/waracomunicaciones.com\/wp-content\/uploads\/2026\/03\/Mario-8-mar-26.webp\",\"width\":1267,\"height\":563},{\"@type\":\"BreadcrumbList\",\"@id\":\"https:\/\/waracomunicaciones.com\/?p=1543#breadcrumb\",\"itemListElement\":[{\"@type\":\"ListItem\",\"position\":1,\"name\":\"Portada\",\"item\":\"https:\/\/waracomunicaciones.com\/\"},{\"@type\":\"ListItem\",\"position\":2,\"name\":\"Abogado municipalista se\u00f1ala que agrupaci\u00f3n SOL perdi\u00f3 personer\u00eda jur\u00eddica y pide asumir decisi\u00f3n responsable\"}]},{\"@type\":\"WebSite\",\"@id\":\"https:\/\/waracomunicaciones.com\/#website\",\"url\":\"https:\/\/waracomunicaciones.com\/\",\"name\":\"Wara Comunicaciones\",\"description\":\"\",\"publisher\":{\"@id\":\"https:\/\/waracomunicaciones.com\/#organization\"},\"potentialAction\":[{\"@type\":\"SearchAction\",\"target\":{\"@type\":\"EntryPoint\",\"urlTemplate\":\"https:\/\/waracomunicaciones.com\/?s={search_term_string}\"},\"query-input\":{\"@type\":\"PropertyValueSpecification\",\"valueRequired\":true,\"valueName\":\"search_term_string\"}}],\"inLanguage\":\"es\"},{\"@type\":\"Organization\",\"@id\":\"https:\/\/waracomunicaciones.com\/#organization\",\"name\":\"Wara Comunicaciones\",\"url\":\"https:\/\/waracomunicaciones.com\/\",\"logo\":{\"@type\":\"ImageObject\",\"inLanguage\":\"es\",\"@id\":\"https:\/\/waracomunicaciones.com\/#\/schema\/logo\/image\/\",\"url\":\"https:\/\/waracomunicaciones.com\/wp-content\/uploads\/2025\/07\/logo.png\",\"contentUrl\":\"https:\/\/waracomunicaciones.com\/wp-content\/uploads\/2025\/07\/logo.png\",\"width\":400,\"height\":164,\"caption\":\"Wara Comunicaciones\"},\"image\":{\"@id\":\"https:\/\/waracomunicaciones.com\/#\/schema\/logo\/image\/\"},\"sameAs\":[\"https:\/\/www.facebook.com\/waracomunicaciones2017\"]},{\"@type\":\"Person\",\"@id\":\"https:\/\/waracomunicaciones.com\/#\/schema\/person\/cbfc6e874b874c69982b6f254108e9f0\",\"name\":\"Tom\u00e1s Coca\",\"image\":{\"@type\":\"ImageObject\",\"inLanguage\":\"es\",\"@id\":\"https:\/\/waracomunicaciones.com\/#\/schema\/person\/image\/\",\"url\":\"https:\/\/secure.gravatar.com\/avatar\/482131bd67ce2dac1261229602fd0c47826af81f4ac6608b066b29cac2a6e65d?s=96&d=mm&r=g\",\"contentUrl\":\"https:\/\/secure.gravatar.com\/avatar\/482131bd67ce2dac1261229602fd0c47826af81f4ac6608b066b29cac2a6e65d?s=96&d=mm&r=g\",\"caption\":\"Tom\u00e1s Coca\"},\"sameAs\":[\"https:\/\/waracomunicaciones.com\"],\"url\":\"https:\/\/waracomunicaciones.com\/?author=2\"}]}<\/script>\n<!-- \/ Yoast SEO Premium plugin. -->","yoast_head_json":{"title":"Abogado municipalista se\u00f1ala que agrupaci\u00f3n SOL perdi\u00f3 personer\u00eda jur\u00eddica y pide asumir decisi\u00f3n responsable - Wara Comunicaciones","robots":{"index":"index","follow":"follow","max-snippet":"max-snippet:-1","max-image-preview":"max-image-preview:large","max-video-preview":"max-video-preview:-1"},"canonical":"https:\/\/waracomunicaciones.com\/?p=1543","og_locale":"es_ES","og_type":"article","og_title":"Abogado municipalista se\u00f1ala que agrupaci\u00f3n SOL perdi\u00f3 personer\u00eda jur\u00eddica y pide asumir decisi\u00f3n responsable","og_description":"El abogado municipalista Jaime Uscamayta se refiri\u00f3 al proceso electoral que involucra a la agrupaci\u00f3n pol\u00edtica SOL y explic\u00f3 que, de acuerdo con la normativa electoral vigente, la organizaci\u00f3n perdi\u00f3 su personer\u00eda jur\u00eddica por no haber alcanzado el m\u00ednimo del 3% de votaci\u00f3n en la anterior elecci\u00f3n.","og_url":"https:\/\/waracomunicaciones.com\/?p=1543","og_site_name":"Wara Comunicaciones","article_publisher":"https:\/\/www.facebook.com\/waracomunicaciones2017","article_published_time":"2026-03-08T14:00:24+00:00","article_modified_time":"2026-03-08T14:00:25+00:00","og_image":[{"width":1267,"height":563,"url":"https:\/\/waracomunicaciones.com\/wp-content\/uploads\/2026\/03\/Mario-8-mar-26.webp","type":"image\/webp"}],"author":"Tom\u00e1s Coca","twitter_card":"summary_large_image","twitter_misc":{"Escrito por":"Tom\u00e1s Coca","Tiempo de lectura":"3 minutos"},"schema":{"@context":"https:\/\/schema.org","@graph":[{"@type":"Article","@id":"https:\/\/waracomunicaciones.com\/?p=1543#article","isPartOf":{"@id":"https:\/\/waracomunicaciones.com\/?p=1543"},"author":{"name":"Tom\u00e1s Coca","@id":"https:\/\/waracomunicaciones.com\/#\/schema\/person\/cbfc6e874b874c69982b6f254108e9f0"},"headline":"Abogado municipalista se\u00f1ala que agrupaci\u00f3n SOL perdi\u00f3 personer\u00eda jur\u00eddica y pide asumir decisi\u00f3n responsable","datePublished":"2026-03-08T14:00:24+00:00","dateModified":"2026-03-08T14:00:25+00:00","mainEntityOfPage":{"@id":"https:\/\/waracomunicaciones.com\/?p=1543"},"wordCount":533,"commentCount":0,"publisher":{"@id":"https:\/\/waracomunicaciones.com\/#organization"},"image":{"@id":"https:\/\/waracomunicaciones.com\/?p=1543#primaryimage"},"thumbnailUrl":"https:\/\/waracomunicaciones.com\/wp-content\/uploads\/2026\/03\/Mario-8-mar-26-1024x455.webp","articleSection":["LOCAL","Pol\u00edtica"],"inLanguage":"es","potentialAction":[{"@type":"CommentAction","name":"Comment","target":["https:\/\/waracomunicaciones.com\/?p=1543#respond"]}]},{"@type":"WebPage","@id":"https:\/\/waracomunicaciones.com\/?p=1543","url":"https:\/\/waracomunicaciones.com\/?p=1543","name":"Abogado municipalista se\u00f1ala que agrupaci\u00f3n SOL perdi\u00f3 personer\u00eda jur\u00eddica y pide asumir decisi\u00f3n responsable - Wara Comunicaciones","isPartOf":{"@id":"https:\/\/waracomunicaciones.com\/#website"},"primaryImageOfPage":{"@id":"https:\/\/waracomunicaciones.com\/?p=1543#primaryimage"},"image":{"@id":"https:\/\/waracomunicaciones.com\/?p=1543#primaryimage"},"thumbnailUrl":"https:\/\/waracomunicaciones.com\/wp-content\/uploads\/2026\/03\/Mario-8-mar-26-1024x455.webp","datePublished":"2026-03-08T14:00:24+00:00","dateModified":"2026-03-08T14:00:25+00:00","breadcrumb":{"@id":"https:\/\/waracomunicaciones.com\/?p=1543#breadcrumb"},"inLanguage":"es","potentialAction":[{"@type":"ReadAction","target":["https:\/\/waracomunicaciones.com\/?p=1543"]}]},{"@type":"ImageObject","inLanguage":"es","@id":"https:\/\/waracomunicaciones.com\/?p=1543#primaryimage","url":"https:\/\/waracomunicaciones.com\/wp-content\/uploads\/2026\/03\/Mario-8-mar-26.webp","contentUrl":"https:\/\/waracomunicaciones.com\/wp-content\/uploads\/2026\/03\/Mario-8-mar-26.webp","width":1267,"height":563},{"@type":"BreadcrumbList","@id":"https:\/\/waracomunicaciones.com\/?p=1543#breadcrumb","itemListElement":[{"@type":"ListItem","position":1,"name":"Portada","item":"https:\/\/waracomunicaciones.com\/"},{"@type":"ListItem","position":2,"name":"Abogado municipalista se\u00f1ala que agrupaci\u00f3n SOL perdi\u00f3 personer\u00eda jur\u00eddica y pide asumir decisi\u00f3n responsable"}]},{"@type":"WebSite","@id":"https:\/\/waracomunicaciones.com\/#website","url":"https:\/\/waracomunicaciones.com\/","name":"Wara Comunicaciones","description":"","publisher":{"@id":"https:\/\/waracomunicaciones.com\/#organization"},"potentialAction":[{"@type":"SearchAction","target":{"@type":"EntryPoint","urlTemplate":"https:\/\/waracomunicaciones.com\/?s={search_term_string}"},"query-input":{"@type":"PropertyValueSpecification","valueRequired":true,"valueName":"search_term_string"}}],"inLanguage":"es"},{"@type":"Organization","@id":"https:\/\/waracomunicaciones.com\/#organization","name":"Wara Comunicaciones","url":"https:\/\/waracomunicaciones.com\/","logo":{"@type":"ImageObject","inLanguage":"es","@id":"https:\/\/waracomunicaciones.com\/#\/schema\/logo\/image\/","url":"https:\/\/waracomunicaciones.com\/wp-content\/uploads\/2025\/07\/logo.png","contentUrl":"https:\/\/waracomunicaciones.com\/wp-content\/uploads\/2025\/07\/logo.png","width":400,"height":164,"caption":"Wara Comunicaciones"},"image":{"@id":"https:\/\/waracomunicaciones.com\/#\/schema\/logo\/image\/"},"sameAs":["https:\/\/www.facebook.com\/waracomunicaciones2017"]},{"@type":"Person","@id":"https:\/\/waracomunicaciones.com\/#\/schema\/person\/cbfc6e874b874c69982b6f254108e9f0","name":"Tom\u00e1s Coca","image":{"@type":"ImageObject","inLanguage":"es","@id":"https:\/\/waracomunicaciones.com\/#\/schema\/person\/image\/","url":"https:\/\/secure.gravatar.com\/avatar\/482131bd67ce2dac1261229602fd0c47826af81f4ac6608b066b29cac2a6e65d?s=96&d=mm&r=g","contentUrl":"https:\/\/secure.gravatar.com\/avatar\/482131bd67ce2dac1261229602fd0c47826af81f4ac6608b066b29cac2a6e65d?s=96&d=mm&r=g","caption":"Tom\u00e1s Coca"},"sameAs":["https:\/\/waracomunicaciones.com"],"url":"https:\/\/waracomunicaciones.com\/?author=2"}]}},"_links":{"self":[{"href":"https:\/\/waracomunicaciones.com\/index.php?rest_route=\/wp\/v2\/posts\/1543","targetHints":{"allow":["GET"]}}],"collection":[{"href":"https:\/\/waracomunicaciones.com\/index.php?rest_route=\/wp\/v2\/posts"}],"about":[{"href":"https:\/\/waracomunicaciones.com\/index.php?rest_route=\/wp\/v2\/types\/post"}],"author":[{"embeddable":true,"href":"https:\/\/waracomunicaciones.com\/index.php?rest_route=\/wp\/v2\/users\/2"}],"replies":[{"embeddable":true,"href":"https:\/\/waracomunicaciones.com\/index.php?rest_route=%2Fwp%2Fv2%2Fcomments&post=1543"}],"version-history":[{"count":1,"href":"https:\/\/waracomunicaciones.com\/index.php?rest_route=\/wp\/v2\/posts\/1543\/revisions"}],"predecessor-version":[{"id":1545,"href":"https:\/\/waracomunicaciones.com\/index.php?rest_route=\/wp\/v2\/posts\/1543\/revisions\/1545"}],"wp:attachment":[{"href":"https:\/\/waracomunicaciones.com\/index.php?rest_route=%2Fwp%2Fv2%2Fmedia&parent=1543"}],"wp:term":[{"taxonomy":"category","embeddable":true,"href":"https:\/\/waracomunicaciones.com\/index.php?rest_route=%2Fwp%2Fv2%2Fcategories&post=1543"},{"taxonomy":"post_tag","embeddable":true,"href":"https:\/\/waracomunicaciones.com\/index.php?rest_route=%2Fwp%2Fv2%2Ftags&post=1543"}],"curies":[{"name":"wp","href":"https:\/\/api.w.org\/{rel}","templated":true}]}}