{"id":1540,"date":"2026-03-07T09:00:21","date_gmt":"2026-03-07T13:00:21","guid":{"rendered":"https:\/\/waracomunicaciones.com\/?p=1540"},"modified":"2026-03-07T09:00:24","modified_gmt":"2026-03-07T13:00:24","slug":"jaime-uscamayta-cancelacion-de-personeria-juridica-de-sol-no-se-suspende-pese-a-impugnacion-2","status":"publish","type":"post","link":"https:\/\/waracomunicaciones.com\/?p=1540","title":{"rendered":"Jaime Uscamayta: cancelaci\u00f3n de personer\u00eda jur\u00eddica de SOL no se suspende pese a impugnaci\u00f3n"},"content":{"rendered":"\n<figure class=\"wp-block-image size-full\"><img loading=\"lazy\" decoding=\"async\" width=\"953\" height=\"632\" src=\"https:\/\/waracomunicaciones.com\/wp-content\/uploads\/2026\/03\/Karen-6-mar-26-1.webp\" alt=\"\" class=\"wp-image-1541\" srcset=\"https:\/\/waracomunicaciones.com\/wp-content\/uploads\/2026\/03\/Karen-6-mar-26-1.webp 953w, https:\/\/waracomunicaciones.com\/wp-content\/uploads\/2026\/03\/Karen-6-mar-26-1-300x199.webp 300w, https:\/\/waracomunicaciones.com\/wp-content\/uploads\/2026\/03\/Karen-6-mar-26-1-768x509.webp 768w\" sizes=\"auto, (max-width: 953px) 100vw, 953px\" \/><figcaption class=\"wp-element-caption\">Karen Claros candidata a Alcaldesa<\/figcaption><\/figure>\n\n\n<p>El abogado municipalista <strong>Jaime Uscamayta<\/strong> se\u00f1al\u00f3 que la resoluci\u00f3n que cancela la personer\u00eda jur\u00eddica de la agrupaci\u00f3n pol\u00edtica SOL contin\u00faa vigente y debe ejecutarse, aun cuando la organizaci\u00f3n decida presentar un recurso de impugnaci\u00f3n ante el Tribunal Supremo Electoral (TSE).<!--more--><\/p>\n<p>Seg\u00fan explic\u00f3 el jurista, actualmente existen dos elementos jur\u00eddicos que se deben considerar en este caso. Por un lado, el procedimiento establecido por el \u00f3rgano electoral que permite presentar recursos informativos o de impugnaci\u00f3n. Por otro, el marco normativo de la <strong>Ley de Procedimiento Administrativo N. \u00ba 2341<\/strong> y su reglamento, que regula las actuaciones y decisiones de la administraci\u00f3n p\u00fablica en todas las instituciones del Estado.<\/p>\n<p>Uscamayta indic\u00f3 que, conforme a esta normativa, las resoluciones emitidas por una autoridad administrativa no se suspenden autom\u00e1ticamente cuando son impugnadas. En ese sentido, sostuvo que la determinaci\u00f3n de cancelar la personer\u00eda jur\u00eddica de SOL contin\u00faa vigente mientras se tramitan los recursos correspondientes.<\/p>\n<p>\u201c<strong>La resoluci\u00f3n no se paraliza por la impugnaci\u00f3n. Puede ejecutarse y, paralelamente, puede tramitarse el recurso<\/strong>, pero eso no implica que quede suspendida\u201d, explic\u00f3.<\/p>\n<p>El abogado afirm\u00f3 que, si bien la agrupaci\u00f3n SOL contaba anteriormente con una certificaci\u00f3n que la habilitaba para participar en las elecciones, dicha condici\u00f3n estaba vinculada a la vigencia de su personer\u00eda jur\u00eddica. Sin embargo, remarc\u00f3 que esa situaci\u00f3n cambi\u00f3 tras la decisi\u00f3n de cancelaci\u00f3n emitida por el \u00f3rgano electoral.<\/p>\n<p>\u201cEllos estaban habilitados mientras su personer\u00eda estaba vigente, pero hoy esa situaci\u00f3n ha cambiado y ya no forman parte de las organizaciones habilitadas para participar en las elecciones\u201d, sostuvo.<\/p>\n<p>En ese contexto, Uscamayta expres\u00f3 dudas sobre el \u00e9xito de un eventual recurso de impugnaci\u00f3n ante el Tribunal Supremo Electoral y compar\u00f3 el caso con el de la agrupaci\u00f3n ADN, que tambi\u00e9n perdi\u00f3 su personer\u00eda jur\u00eddica.<\/p>\n<p>Asimismo, mencion\u00f3 que, ante este escenario, la agrupaci\u00f3n ASIP en Montero habr\u00eda optado por sumarse a otra organizaci\u00f3n pol\u00edtica para continuar en la contienda electoral. No obstante, aclar\u00f3 que la decisi\u00f3n del candidato principal de respaldar a otra candidatura no implica necesariamente que todos los militantes adopten la misma postura.<\/p>\n<p>El jurista consider\u00f3 que esta situaci\u00f3n podr\u00eda generar una dispersi\u00f3n del voto entre los sectores que inicialmente respaldaban la candidatura de Fabricio, lo que beneficiar\u00eda a otras agrupaciones pol\u00edticas.<\/p>\n<p>Finalmente, Uscamayta se\u00f1al\u00f3 que, en su criterio, la agrupaci\u00f3n SOL deber\u00eda evaluar la posibilidad de integrarse a un frente pol\u00edtico en lugar de insistir en una v\u00eda jur\u00eddica que considera poco viable.<\/p>\n<p>\u201c<strong>Es momento de que las agrupaciones busquen un frente \u00fanico para disputar la alcald\u00eda y no perder tiempo en una insistencia que jur\u00eddicamente parece inviable<\/strong>\u201d, concluy\u00f3.<\/p><div style=\"margin-top: 0px; margin-bottom: 0px;\" class=\"sharethis-inline-reaction-buttons\" ><\/div>","protected":false},"excerpt":{"rendered":"<p>El abogado municipalista Jaime Uscamayta se\u00f1al\u00f3 que la resoluci\u00f3n que cancela la personer\u00eda jur\u00eddica de la agrupaci\u00f3n pol\u00edtica SOL contin\u00faa vigente y debe ejecutarse, aun cuando la organizaci\u00f3n decida presentar un recurso de impugnaci\u00f3n ante el Tribunal Supremo Electoral (TSE).<\/p>\n","protected":false},"author":2,"featured_media":0,"comment_status":"open","ping_status":"open","sticky":false,"template":"","format":"standard","meta":{"footnotes":""},"categories":[5,42],"tags":[],"class_list":["post-1540","post","type-post","status-publish","format-standard","hentry","category-local","category-politica"],"yoast_head":"<!-- This site is optimized with the Yoast SEO Premium plugin v25.5 (Yoast SEO v27.1.1) - https:\/\/yoast.com\/product\/yoast-seo-premium-wordpress\/ -->\n<title>Jaime Uscamayta: cancelaci\u00f3n de personer\u00eda jur\u00eddica de SOL no se suspende pese a impugnaci\u00f3n - Wara Comunicaciones<\/title>\n<meta name=\"robots\" content=\"index, follow, max-snippet:-1, max-image-preview:large, max-video-preview:-1\" \/>\n<link rel=\"canonical\" href=\"https:\/\/waracomunicaciones.com\/?p=1540\" \/>\n<meta property=\"og:locale\" content=\"es_ES\" \/>\n<meta property=\"og:type\" content=\"article\" \/>\n<meta property=\"og:title\" content=\"Jaime Uscamayta: cancelaci\u00f3n de personer\u00eda jur\u00eddica de SOL no se suspende pese a impugnaci\u00f3n\" \/>\n<meta property=\"og:description\" content=\"El abogado municipalista Jaime Uscamayta se\u00f1al\u00f3 que la resoluci\u00f3n que cancela la personer\u00eda jur\u00eddica de la agrupaci\u00f3n pol\u00edtica SOL contin\u00faa vigente y debe ejecutarse, aun cuando la organizaci\u00f3n decida presentar un recurso de impugnaci\u00f3n ante el Tribunal Supremo Electoral (TSE).\" \/>\n<meta property=\"og:url\" content=\"https:\/\/waracomunicaciones.com\/?p=1540\" \/>\n<meta property=\"og:site_name\" content=\"Wara Comunicaciones\" \/>\n<meta property=\"article:publisher\" content=\"https:\/\/www.facebook.com\/waracomunicaciones2017\" \/>\n<meta property=\"article:published_time\" content=\"2026-03-07T13:00:21+00:00\" \/>\n<meta property=\"article:modified_time\" content=\"2026-03-07T13:00:24+00:00\" \/>\n<meta property=\"og:image\" content=\"https:\/\/waracomunicaciones.com\/wp-content\/uploads\/2026\/03\/Karen-6-mar-26-1.webp\" \/>\n\t<meta property=\"og:image:width\" content=\"953\" \/>\n\t<meta property=\"og:image:height\" content=\"632\" \/>\n\t<meta property=\"og:image:type\" content=\"image\/webp\" \/>\n<meta name=\"author\" content=\"Tom\u00e1s Coca\" \/>\n<meta name=\"twitter:card\" content=\"summary_large_image\" \/>\n<meta name=\"twitter:label1\" content=\"Escrito por\" \/>\n\t<meta name=\"twitter:data1\" content=\"Tom\u00e1s Coca\" \/>\n\t<meta name=\"twitter:label2\" content=\"Tiempo de lectura\" \/>\n\t<meta name=\"twitter:data2\" content=\"3 minutos\" \/>\n<script type=\"application\/ld+json\" class=\"yoast-schema-graph\">{\"@context\":\"https:\/\/schema.org\",\"@graph\":[{\"@type\":\"Article\",\"@id\":\"https:\/\/waracomunicaciones.com\/?p=1540#article\",\"isPartOf\":{\"@id\":\"https:\/\/waracomunicaciones.com\/?p=1540\"},\"author\":{\"name\":\"Tom\u00e1s Coca\",\"@id\":\"https:\/\/waracomunicaciones.com\/#\/schema\/person\/cbfc6e874b874c69982b6f254108e9f0\"},\"headline\":\"Jaime Uscamayta: cancelaci\u00f3n de personer\u00eda jur\u00eddica de SOL no se suspende pese a impugnaci\u00f3n\",\"datePublished\":\"2026-03-07T13:00:21+00:00\",\"dateModified\":\"2026-03-07T13:00:24+00:00\",\"mainEntityOfPage\":{\"@id\":\"https:\/\/waracomunicaciones.com\/?p=1540\"},\"wordCount\":501,\"commentCount\":0,\"publisher\":{\"@id\":\"https:\/\/waracomunicaciones.com\/#organization\"},\"image\":{\"@id\":\"https:\/\/waracomunicaciones.com\/?p=1540#primaryimage\"},\"thumbnailUrl\":\"https:\/\/waracomunicaciones.com\/wp-content\/uploads\/2026\/03\/Karen-6-mar-26-1.webp\",\"articleSection\":[\"LOCAL\",\"Pol\u00edtica\"],\"inLanguage\":\"es\",\"potentialAction\":[{\"@type\":\"CommentAction\",\"name\":\"Comment\",\"target\":[\"https:\/\/waracomunicaciones.com\/?p=1540#respond\"]}]},{\"@type\":\"WebPage\",\"@id\":\"https:\/\/waracomunicaciones.com\/?p=1540\",\"url\":\"https:\/\/waracomunicaciones.com\/?p=1540\",\"name\":\"Jaime Uscamayta: cancelaci\u00f3n de personer\u00eda jur\u00eddica de SOL no se suspende pese a impugnaci\u00f3n - Wara Comunicaciones\",\"isPartOf\":{\"@id\":\"https:\/\/waracomunicaciones.com\/#website\"},\"primaryImageOfPage\":{\"@id\":\"https:\/\/waracomunicaciones.com\/?p=1540#primaryimage\"},\"image\":{\"@id\":\"https:\/\/waracomunicaciones.com\/?p=1540#primaryimage\"},\"thumbnailUrl\":\"https:\/\/waracomunicaciones.com\/wp-content\/uploads\/2026\/03\/Karen-6-mar-26-1.webp\",\"datePublished\":\"2026-03-07T13:00:21+00:00\",\"dateModified\":\"2026-03-07T13:00:24+00:00\",\"breadcrumb\":{\"@id\":\"https:\/\/waracomunicaciones.com\/?p=1540#breadcrumb\"},\"inLanguage\":\"es\",\"potentialAction\":[{\"@type\":\"ReadAction\",\"target\":[\"https:\/\/waracomunicaciones.com\/?p=1540\"]}]},{\"@type\":\"ImageObject\",\"inLanguage\":\"es\",\"@id\":\"https:\/\/waracomunicaciones.com\/?p=1540#primaryimage\",\"url\":\"https:\/\/waracomunicaciones.com\/wp-content\/uploads\/2026\/03\/Karen-6-mar-26-1.webp\",\"contentUrl\":\"https:\/\/waracomunicaciones.com\/wp-content\/uploads\/2026\/03\/Karen-6-mar-26-1.webp\",\"width\":953,\"height\":632},{\"@type\":\"BreadcrumbList\",\"@id\":\"https:\/\/waracomunicaciones.com\/?p=1540#breadcrumb\",\"itemListElement\":[{\"@type\":\"ListItem\",\"position\":1,\"name\":\"Portada\",\"item\":\"https:\/\/waracomunicaciones.com\/\"},{\"@type\":\"ListItem\",\"position\":2,\"name\":\"Jaime Uscamayta: cancelaci\u00f3n de personer\u00eda jur\u00eddica de SOL no se suspende pese a impugnaci\u00f3n\"}]},{\"@type\":\"WebSite\",\"@id\":\"https:\/\/waracomunicaciones.com\/#website\",\"url\":\"https:\/\/waracomunicaciones.com\/\",\"name\":\"Wara Comunicaciones\",\"description\":\"\",\"publisher\":{\"@id\":\"https:\/\/waracomunicaciones.com\/#organization\"},\"potentialAction\":[{\"@type\":\"SearchAction\",\"target\":{\"@type\":\"EntryPoint\",\"urlTemplate\":\"https:\/\/waracomunicaciones.com\/?s={search_term_string}\"},\"query-input\":{\"@type\":\"PropertyValueSpecification\",\"valueRequired\":true,\"valueName\":\"search_term_string\"}}],\"inLanguage\":\"es\"},{\"@type\":\"Organization\",\"@id\":\"https:\/\/waracomunicaciones.com\/#organization\",\"name\":\"Wara Comunicaciones\",\"url\":\"https:\/\/waracomunicaciones.com\/\",\"logo\":{\"@type\":\"ImageObject\",\"inLanguage\":\"es\",\"@id\":\"https:\/\/waracomunicaciones.com\/#\/schema\/logo\/image\/\",\"url\":\"https:\/\/waracomunicaciones.com\/wp-content\/uploads\/2025\/07\/logo.png\",\"contentUrl\":\"https:\/\/waracomunicaciones.com\/wp-content\/uploads\/2025\/07\/logo.png\",\"width\":400,\"height\":164,\"caption\":\"Wara Comunicaciones\"},\"image\":{\"@id\":\"https:\/\/waracomunicaciones.com\/#\/schema\/logo\/image\/\"},\"sameAs\":[\"https:\/\/www.facebook.com\/waracomunicaciones2017\"]},{\"@type\":\"Person\",\"@id\":\"https:\/\/waracomunicaciones.com\/#\/schema\/person\/cbfc6e874b874c69982b6f254108e9f0\",\"name\":\"Tom\u00e1s Coca\",\"image\":{\"@type\":\"ImageObject\",\"inLanguage\":\"es\",\"@id\":\"https:\/\/waracomunicaciones.com\/#\/schema\/person\/image\/\",\"url\":\"https:\/\/secure.gravatar.com\/avatar\/482131bd67ce2dac1261229602fd0c47826af81f4ac6608b066b29cac2a6e65d?s=96&d=mm&r=g\",\"contentUrl\":\"https:\/\/secure.gravatar.com\/avatar\/482131bd67ce2dac1261229602fd0c47826af81f4ac6608b066b29cac2a6e65d?s=96&d=mm&r=g\",\"caption\":\"Tom\u00e1s Coca\"},\"sameAs\":[\"https:\/\/waracomunicaciones.com\"],\"url\":\"https:\/\/waracomunicaciones.com\/?author=2\"}]}<\/script>\n<!-- \/ Yoast SEO Premium plugin. -->","yoast_head_json":{"title":"Jaime Uscamayta: cancelaci\u00f3n de personer\u00eda jur\u00eddica de SOL no se suspende pese a impugnaci\u00f3n - Wara Comunicaciones","robots":{"index":"index","follow":"follow","max-snippet":"max-snippet:-1","max-image-preview":"max-image-preview:large","max-video-preview":"max-video-preview:-1"},"canonical":"https:\/\/waracomunicaciones.com\/?p=1540","og_locale":"es_ES","og_type":"article","og_title":"Jaime Uscamayta: cancelaci\u00f3n de personer\u00eda jur\u00eddica de SOL no se suspende pese a impugnaci\u00f3n","og_description":"El abogado municipalista Jaime Uscamayta se\u00f1al\u00f3 que la resoluci\u00f3n que cancela la personer\u00eda jur\u00eddica de la agrupaci\u00f3n pol\u00edtica SOL contin\u00faa vigente y debe ejecutarse, aun cuando la organizaci\u00f3n decida presentar un recurso de impugnaci\u00f3n ante el Tribunal Supremo Electoral (TSE).","og_url":"https:\/\/waracomunicaciones.com\/?p=1540","og_site_name":"Wara Comunicaciones","article_publisher":"https:\/\/www.facebook.com\/waracomunicaciones2017","article_published_time":"2026-03-07T13:00:21+00:00","article_modified_time":"2026-03-07T13:00:24+00:00","og_image":[{"width":953,"height":632,"url":"https:\/\/waracomunicaciones.com\/wp-content\/uploads\/2026\/03\/Karen-6-mar-26-1.webp","type":"image\/webp"}],"author":"Tom\u00e1s Coca","twitter_card":"summary_large_image","twitter_misc":{"Escrito por":"Tom\u00e1s Coca","Tiempo de lectura":"3 minutos"},"schema":{"@context":"https:\/\/schema.org","@graph":[{"@type":"Article","@id":"https:\/\/waracomunicaciones.com\/?p=1540#article","isPartOf":{"@id":"https:\/\/waracomunicaciones.com\/?p=1540"},"author":{"name":"Tom\u00e1s Coca","@id":"https:\/\/waracomunicaciones.com\/#\/schema\/person\/cbfc6e874b874c69982b6f254108e9f0"},"headline":"Jaime Uscamayta: cancelaci\u00f3n de personer\u00eda jur\u00eddica de SOL no se suspende pese a impugnaci\u00f3n","datePublished":"2026-03-07T13:00:21+00:00","dateModified":"2026-03-07T13:00:24+00:00","mainEntityOfPage":{"@id":"https:\/\/waracomunicaciones.com\/?p=1540"},"wordCount":501,"commentCount":0,"publisher":{"@id":"https:\/\/waracomunicaciones.com\/#organization"},"image":{"@id":"https:\/\/waracomunicaciones.com\/?p=1540#primaryimage"},"thumbnailUrl":"https:\/\/waracomunicaciones.com\/wp-content\/uploads\/2026\/03\/Karen-6-mar-26-1.webp","articleSection":["LOCAL","Pol\u00edtica"],"inLanguage":"es","potentialAction":[{"@type":"CommentAction","name":"Comment","target":["https:\/\/waracomunicaciones.com\/?p=1540#respond"]}]},{"@type":"WebPage","@id":"https:\/\/waracomunicaciones.com\/?p=1540","url":"https:\/\/waracomunicaciones.com\/?p=1540","name":"Jaime Uscamayta: cancelaci\u00f3n de personer\u00eda jur\u00eddica de SOL no se suspende pese a impugnaci\u00f3n - Wara Comunicaciones","isPartOf":{"@id":"https:\/\/waracomunicaciones.com\/#website"},"primaryImageOfPage":{"@id":"https:\/\/waracomunicaciones.com\/?p=1540#primaryimage"},"image":{"@id":"https:\/\/waracomunicaciones.com\/?p=1540#primaryimage"},"thumbnailUrl":"https:\/\/waracomunicaciones.com\/wp-content\/uploads\/2026\/03\/Karen-6-mar-26-1.webp","datePublished":"2026-03-07T13:00:21+00:00","dateModified":"2026-03-07T13:00:24+00:00","breadcrumb":{"@id":"https:\/\/waracomunicaciones.com\/?p=1540#breadcrumb"},"inLanguage":"es","potentialAction":[{"@type":"ReadAction","target":["https:\/\/waracomunicaciones.com\/?p=1540"]}]},{"@type":"ImageObject","inLanguage":"es","@id":"https:\/\/waracomunicaciones.com\/?p=1540#primaryimage","url":"https:\/\/waracomunicaciones.com\/wp-content\/uploads\/2026\/03\/Karen-6-mar-26-1.webp","contentUrl":"https:\/\/waracomunicaciones.com\/wp-content\/uploads\/2026\/03\/Karen-6-mar-26-1.webp","width":953,"height":632},{"@type":"BreadcrumbList","@id":"https:\/\/waracomunicaciones.com\/?p=1540#breadcrumb","itemListElement":[{"@type":"ListItem","position":1,"name":"Portada","item":"https:\/\/waracomunicaciones.com\/"},{"@type":"ListItem","position":2,"name":"Jaime Uscamayta: cancelaci\u00f3n de personer\u00eda jur\u00eddica de SOL no se suspende pese a impugnaci\u00f3n"}]},{"@type":"WebSite","@id":"https:\/\/waracomunicaciones.com\/#website","url":"https:\/\/waracomunicaciones.com\/","name":"Wara Comunicaciones","description":"","publisher":{"@id":"https:\/\/waracomunicaciones.com\/#organization"},"potentialAction":[{"@type":"SearchAction","target":{"@type":"EntryPoint","urlTemplate":"https:\/\/waracomunicaciones.com\/?s={search_term_string}"},"query-input":{"@type":"PropertyValueSpecification","valueRequired":true,"valueName":"search_term_string"}}],"inLanguage":"es"},{"@type":"Organization","@id":"https:\/\/waracomunicaciones.com\/#organization","name":"Wara Comunicaciones","url":"https:\/\/waracomunicaciones.com\/","logo":{"@type":"ImageObject","inLanguage":"es","@id":"https:\/\/waracomunicaciones.com\/#\/schema\/logo\/image\/","url":"https:\/\/waracomunicaciones.com\/wp-content\/uploads\/2025\/07\/logo.png","contentUrl":"https:\/\/waracomunicaciones.com\/wp-content\/uploads\/2025\/07\/logo.png","width":400,"height":164,"caption":"Wara Comunicaciones"},"image":{"@id":"https:\/\/waracomunicaciones.com\/#\/schema\/logo\/image\/"},"sameAs":["https:\/\/www.facebook.com\/waracomunicaciones2017"]},{"@type":"Person","@id":"https:\/\/waracomunicaciones.com\/#\/schema\/person\/cbfc6e874b874c69982b6f254108e9f0","name":"Tom\u00e1s Coca","image":{"@type":"ImageObject","inLanguage":"es","@id":"https:\/\/waracomunicaciones.com\/#\/schema\/person\/image\/","url":"https:\/\/secure.gravatar.com\/avatar\/482131bd67ce2dac1261229602fd0c47826af81f4ac6608b066b29cac2a6e65d?s=96&d=mm&r=g","contentUrl":"https:\/\/secure.gravatar.com\/avatar\/482131bd67ce2dac1261229602fd0c47826af81f4ac6608b066b29cac2a6e65d?s=96&d=mm&r=g","caption":"Tom\u00e1s Coca"},"sameAs":["https:\/\/waracomunicaciones.com"],"url":"https:\/\/waracomunicaciones.com\/?author=2"}]}},"_links":{"self":[{"href":"https:\/\/waracomunicaciones.com\/index.php?rest_route=\/wp\/v2\/posts\/1540","targetHints":{"allow":["GET"]}}],"collection":[{"href":"https:\/\/waracomunicaciones.com\/index.php?rest_route=\/wp\/v2\/posts"}],"about":[{"href":"https:\/\/waracomunicaciones.com\/index.php?rest_route=\/wp\/v2\/types\/post"}],"author":[{"embeddable":true,"href":"https:\/\/waracomunicaciones.com\/index.php?rest_route=\/wp\/v2\/users\/2"}],"replies":[{"embeddable":true,"href":"https:\/\/waracomunicaciones.com\/index.php?rest_route=%2Fwp%2Fv2%2Fcomments&post=1540"}],"version-history":[{"count":1,"href":"https:\/\/waracomunicaciones.com\/index.php?rest_route=\/wp\/v2\/posts\/1540\/revisions"}],"predecessor-version":[{"id":1542,"href":"https:\/\/waracomunicaciones.com\/index.php?rest_route=\/wp\/v2\/posts\/1540\/revisions\/1542"}],"wp:attachment":[{"href":"https:\/\/waracomunicaciones.com\/index.php?rest_route=%2Fwp%2Fv2%2Fmedia&parent=1540"}],"wp:term":[{"taxonomy":"category","embeddable":true,"href":"https:\/\/waracomunicaciones.com\/index.php?rest_route=%2Fwp%2Fv2%2Fcategories&post=1540"},{"taxonomy":"post_tag","embeddable":true,"href":"https:\/\/waracomunicaciones.com\/index.php?rest_route=%2Fwp%2Fv2%2Ftags&post=1540"}],"curies":[{"name":"wp","href":"https:\/\/api.w.org\/{rel}","templated":true}]}}