{"id":1537,"date":"2026-03-07T07:32:31","date_gmt":"2026-03-07T11:32:31","guid":{"rendered":"https:\/\/waracomunicaciones.com\/?p=1537"},"modified":"2026-03-07T07:32:33","modified_gmt":"2026-03-07T11:32:33","slug":"santiago-valenzuela-convoca-a-la-unidad-del-bloque-popular-rumbo-a-las-elecciones-municipales-en-montero","status":"publish","type":"post","link":"https:\/\/waracomunicaciones.com\/?p=1537","title":{"rendered":"Santiago Valenzuela convoca a la unidad del bloque popular rumbo a las elecciones municipales en Montero"},"content":{"rendered":"<div class=\"wp-block-image\">\n<figure class=\"aligncenter size-full\"><img loading=\"lazy\" decoding=\"async\" width=\"521\" height=\"680\" src=\"https:\/\/waracomunicaciones.com\/wp-content\/uploads\/2026\/03\/Santiago-7-mar-26.webp\" alt=\"\" class=\"wp-image-1538\" srcset=\"https:\/\/waracomunicaciones.com\/wp-content\/uploads\/2026\/03\/Santiago-7-mar-26.webp 521w, https:\/\/waracomunicaciones.com\/wp-content\/uploads\/2026\/03\/Santiago-7-mar-26-230x300.webp 230w\" sizes=\"auto, (max-width: 521px) 100vw, 521px\" \/><figcaption class=\"wp-element-caption\">Santiago junto a su gente.<\/figcaption><\/figure>\n<\/div>\n\n<p>Montero 6 marzo 2026.\u2013 El candidato a alcalde de la Alianza TODOS, Santiago Valenzuela, convoc\u00f3 a la unidad del bloque popular y de todos los montere\u00f1os para encarar las pr\u00f3ximas elecciones municipales, asegurando que su proyecto pol\u00edtico busca transformar el municipio con honestidad, transparencia y una lucha frontal contra la corrupci\u00f3n.<!--more--><\/p>\n<p>Durante una conferencia de prensa dirigida a la poblaci\u00f3n de Montero, Valenzuela afirm\u00f3 que su candidatura representa una alternativa dentro del bloque popular y pidi\u00f3 el respaldo ciudadano para lograr el cambio que, seg\u00fan indic\u00f3, el municipio necesita con urgencia.<\/p>\n<p>\u201cNosotros hemos hecho esta conferencia para convocar a la unidad del bloque popular y a todos los montere\u00f1os. Creemos que somos la alternativa y que es nuestro turno de gobernar nuestro municipio\u201d, se\u00f1al\u00f3.<\/p>\n<p>El candidato sostuvo que su objetivo es gobernar \u201cpara todos y con todos los montere\u00f1os\u201d, con el prop\u00f3sito de transformar la realidad del municipio. En ese sentido, expres\u00f3 su preocupaci\u00f3n por la situaci\u00f3n actual de servicios esenciales.<\/p>\n<p>\u201cHoy en d\u00eda Montero est\u00e1 agonizando. Nuestra salud y nuestra educaci\u00f3n est\u00e1n agonizando. Nosotros queremos sacar adelante nuestro municipio y cumplir todo lo que estamos prometiendo a nuestro pueblo\u201d, afirm\u00f3.<\/p>\n<p><strong>Lucha contra la corrupci\u00f3n<\/strong><\/p>\n<p>Consultado sobre cu\u00e1l ser\u00e1 el eje central de su gesti\u00f3n en caso de ganar la alcald\u00eda, Valenzuela enfatiz\u00f3 que la lucha contra la corrupci\u00f3n ser\u00e1 una prioridad absoluta. Record\u00f3 que durante sus cinco a\u00f1os como concejal municipal se caracteriz\u00f3 por denunciar irregularidades en la gesti\u00f3n p\u00fablica.<\/p>\n<p>\u201cMi objetivo principal es combatir la corrupci\u00f3n. Cero corrupci\u00f3n. No tiene que haber tolerancia para la corrupci\u00f3n porque perjudica a todo un pueblo\u201d, manifest\u00f3.<\/p>\n<p>Asimismo, asegur\u00f3 que una administraci\u00f3n municipal basada en la honestidad y la transparencia permitir\u00e1n recuperar la confianza de la poblaci\u00f3n y encaminar el desarrollo del municipio.<\/p>\n<p><strong>Prioridad en salud y educaci\u00f3n<\/strong><\/p>\n<p>Valenzuela tambi\u00e9n destac\u00f3 que su gesti\u00f3n priorizar\u00e1 \u00e1reas clave como la salud y la educaci\u00f3n, pilares fundamentales para el desarrollo de la poblaci\u00f3n.<\/p>\n<p>\u201cComo siempre, nuestra prioridad va a ser la salud y la educaci\u00f3n, porque sin salud no hay educaci\u00f3n y sin educaci\u00f3n no hay salud\u201d, sostuvo.<\/p>\n<p><strong>Unidad del bloque popular<\/strong><\/p>\n<p>Por su parte, el candidato a concejal Cristian Rodr\u00edguez asegur\u00f3 que, en la recta final de la campa\u00f1a, la Alianza TODOS se ha consolidado como la principal candidatura de unidad del bloque popular en el municipio.<\/p>\n<p>Rodr\u00edguez afirm\u00f3 que el proyecto pol\u00edtico encabezado por Valenzuela abre sus puertas a militantes y simpatizantes de distintas corrientes vinculadas al proceso pol\u00edtico del Movimiento al Socialismo.<\/p>\n<p>\u201cAhora abrimos los brazos a militantes de Evo Pueblo, de Andr\u00f3nico y de la representaci\u00f3n del gobierno de Arce, porque todos nacemos del instrumento por la soberan\u00eda de los pueblos\u201d, indic\u00f3, asegurando que esa unidad permitir\u00e1 lograr la victoria electoral el pr\u00f3ximo 22 de marzo.<\/p>\n<p><strong>Reconducir la gesti\u00f3n municipal<\/strong><\/p>\n<p>A su turno, el candidato a concejal Tom\u00e1s Coca explic\u00f3 que el llamado a la unidad est\u00e1 dirigido principalmente al denominado bloque social popular, integrado por sectores que hist\u00f3ricamente apoyaron al proceso pol\u00edtico impulsado por el MAS.<\/p>\n<p>Seg\u00fan se\u00f1al\u00f3, a pesar de las divisiones que surgieron con el tiempo entre distintas corrientes pol\u00edticas, existe a\u00fan una base social que mantiene la esperanza de lograr un municipio con mayores oportunidades y desarrollo.<\/p>\n<p>Coca destac\u00f3 que el proyecto de la Alianza TODOS busca reconducir la gesti\u00f3n municipal con ejes claros, entre ellos la lucha frontal contra la corrupci\u00f3n y la ejecuci\u00f3n de obras de impacto que mejoren la calidad de vida de los habitantes de Montero.<\/p>\n<p>Entre los temas prioritarios mencion\u00f3 proyectos de infraestructura como el sistema de alcantarillado y un plan de drenaje, adem\u00e1s de fortalecer \u00e1reas como la salud y la educaci\u00f3n. En este \u00faltimo \u00e1mbito, remarc\u00f3 la necesidad de incorporar nuevas tecnolog\u00edas y herramientas digitales en el proceso educativo.<\/p>\n<p>\u201cHoy la tecnolog\u00eda y la inteligencia artificial est\u00e1n cambiando los procesos de ense\u00f1anza-aprendizaje. Tenemos que preparar a nuestros ni\u00f1os y j\u00f3venes para el siglo XXI y no para el siglo XX\u201d, concluy\u00f3.<\/p>\n<p>\u00a0<\/p><div style=\"margin-top: 0px; margin-bottom: 0px;\" class=\"sharethis-inline-reaction-buttons\" ><\/div>","protected":false},"excerpt":{"rendered":"<p>Montero 6 marzo 2026.\u2013 El candidato a alcalde de la Alianza TODOS, Santiago Valenzuela, convoc\u00f3 a la unidad del bloque popular y de todos los montere\u00f1os para encarar las pr\u00f3ximas elecciones municipales, asegurando que su proyecto pol\u00edtico busca transformar el municipio con honestidad, transparencia y una lucha frontal contra la corrupci\u00f3n.<\/p>\n","protected":false},"author":2,"featured_media":0,"comment_status":"open","ping_status":"open","sticky":false,"template":"","format":"standard","meta":{"footnotes":""},"categories":[5,42],"tags":[],"class_list":["post-1537","post","type-post","status-publish","format-standard","hentry","category-local","category-politica"],"yoast_head":"<!-- This site is optimized with the Yoast SEO Premium plugin v25.5 (Yoast SEO v27.1.1) - https:\/\/yoast.com\/product\/yoast-seo-premium-wordpress\/ -->\n<title>Santiago Valenzuela convoca a la unidad del bloque popular rumbo a las elecciones municipales en Montero - Wara Comunicaciones<\/title>\n<meta name=\"robots\" content=\"index, follow, max-snippet:-1, max-image-preview:large, max-video-preview:-1\" \/>\n<link rel=\"canonical\" href=\"https:\/\/waracomunicaciones.com\/?p=1537\" \/>\n<meta property=\"og:locale\" content=\"es_ES\" \/>\n<meta property=\"og:type\" content=\"article\" \/>\n<meta property=\"og:title\" content=\"Santiago Valenzuela convoca a la unidad del bloque popular rumbo a las elecciones municipales en Montero\" \/>\n<meta property=\"og:description\" content=\"Montero 6 marzo 2026.\u2013 El candidato a alcalde de la Alianza TODOS, Santiago Valenzuela, convoc\u00f3 a la unidad del bloque popular y de todos los montere\u00f1os para encarar las pr\u00f3ximas elecciones municipales, asegurando que su proyecto pol\u00edtico busca transformar el municipio con honestidad, transparencia y una lucha frontal contra la corrupci\u00f3n.\" \/>\n<meta property=\"og:url\" content=\"https:\/\/waracomunicaciones.com\/?p=1537\" \/>\n<meta property=\"og:site_name\" content=\"Wara Comunicaciones\" \/>\n<meta property=\"article:publisher\" content=\"https:\/\/www.facebook.com\/waracomunicaciones2017\" \/>\n<meta property=\"article:published_time\" content=\"2026-03-07T11:32:31+00:00\" \/>\n<meta property=\"article:modified_time\" content=\"2026-03-07T11:32:33+00:00\" \/>\n<meta property=\"og:image\" content=\"https:\/\/waracomunicaciones.com\/wp-content\/uploads\/2026\/03\/Santiago-7-mar-26.webp\" \/>\n\t<meta property=\"og:image:width\" content=\"521\" \/>\n\t<meta property=\"og:image:height\" content=\"680\" \/>\n\t<meta property=\"og:image:type\" content=\"image\/webp\" \/>\n<meta name=\"author\" content=\"Tom\u00e1s Coca\" \/>\n<meta name=\"twitter:card\" content=\"summary_large_image\" \/>\n<meta name=\"twitter:label1\" content=\"Escrito por\" \/>\n\t<meta name=\"twitter:data1\" content=\"Tom\u00e1s Coca\" \/>\n\t<meta name=\"twitter:label2\" content=\"Tiempo de lectura\" \/>\n\t<meta name=\"twitter:data2\" content=\"4 minutos\" \/>\n<script type=\"application\/ld+json\" class=\"yoast-schema-graph\">{\"@context\":\"https:\/\/schema.org\",\"@graph\":[{\"@type\":\"Article\",\"@id\":\"https:\/\/waracomunicaciones.com\/?p=1537#article\",\"isPartOf\":{\"@id\":\"https:\/\/waracomunicaciones.com\/?p=1537\"},\"author\":{\"name\":\"Tom\u00e1s Coca\",\"@id\":\"https:\/\/waracomunicaciones.com\/#\/schema\/person\/cbfc6e874b874c69982b6f254108e9f0\"},\"headline\":\"Santiago Valenzuela convoca a la unidad del bloque popular rumbo a las elecciones municipales en Montero\",\"datePublished\":\"2026-03-07T11:32:31+00:00\",\"dateModified\":\"2026-03-07T11:32:33+00:00\",\"mainEntityOfPage\":{\"@id\":\"https:\/\/waracomunicaciones.com\/?p=1537\"},\"wordCount\":735,\"commentCount\":0,\"publisher\":{\"@id\":\"https:\/\/waracomunicaciones.com\/#organization\"},\"image\":{\"@id\":\"https:\/\/waracomunicaciones.com\/?p=1537#primaryimage\"},\"thumbnailUrl\":\"https:\/\/waracomunicaciones.com\/wp-content\/uploads\/2026\/03\/Santiago-7-mar-26.webp\",\"articleSection\":[\"LOCAL\",\"Pol\u00edtica\"],\"inLanguage\":\"es\",\"potentialAction\":[{\"@type\":\"CommentAction\",\"name\":\"Comment\",\"target\":[\"https:\/\/waracomunicaciones.com\/?p=1537#respond\"]}]},{\"@type\":\"WebPage\",\"@id\":\"https:\/\/waracomunicaciones.com\/?p=1537\",\"url\":\"https:\/\/waracomunicaciones.com\/?p=1537\",\"name\":\"Santiago Valenzuela convoca a la unidad del bloque popular rumbo a las elecciones municipales en Montero - Wara Comunicaciones\",\"isPartOf\":{\"@id\":\"https:\/\/waracomunicaciones.com\/#website\"},\"primaryImageOfPage\":{\"@id\":\"https:\/\/waracomunicaciones.com\/?p=1537#primaryimage\"},\"image\":{\"@id\":\"https:\/\/waracomunicaciones.com\/?p=1537#primaryimage\"},\"thumbnailUrl\":\"https:\/\/waracomunicaciones.com\/wp-content\/uploads\/2026\/03\/Santiago-7-mar-26.webp\",\"datePublished\":\"2026-03-07T11:32:31+00:00\",\"dateModified\":\"2026-03-07T11:32:33+00:00\",\"breadcrumb\":{\"@id\":\"https:\/\/waracomunicaciones.com\/?p=1537#breadcrumb\"},\"inLanguage\":\"es\",\"potentialAction\":[{\"@type\":\"ReadAction\",\"target\":[\"https:\/\/waracomunicaciones.com\/?p=1537\"]}]},{\"@type\":\"ImageObject\",\"inLanguage\":\"es\",\"@id\":\"https:\/\/waracomunicaciones.com\/?p=1537#primaryimage\",\"url\":\"https:\/\/waracomunicaciones.com\/wp-content\/uploads\/2026\/03\/Santiago-7-mar-26.webp\",\"contentUrl\":\"https:\/\/waracomunicaciones.com\/wp-content\/uploads\/2026\/03\/Santiago-7-mar-26.webp\",\"width\":521,\"height\":680},{\"@type\":\"BreadcrumbList\",\"@id\":\"https:\/\/waracomunicaciones.com\/?p=1537#breadcrumb\",\"itemListElement\":[{\"@type\":\"ListItem\",\"position\":1,\"name\":\"Portada\",\"item\":\"https:\/\/waracomunicaciones.com\/\"},{\"@type\":\"ListItem\",\"position\":2,\"name\":\"Santiago Valenzuela convoca a la unidad del bloque popular rumbo a las elecciones municipales en Montero\"}]},{\"@type\":\"WebSite\",\"@id\":\"https:\/\/waracomunicaciones.com\/#website\",\"url\":\"https:\/\/waracomunicaciones.com\/\",\"name\":\"Wara Comunicaciones\",\"description\":\"\",\"publisher\":{\"@id\":\"https:\/\/waracomunicaciones.com\/#organization\"},\"potentialAction\":[{\"@type\":\"SearchAction\",\"target\":{\"@type\":\"EntryPoint\",\"urlTemplate\":\"https:\/\/waracomunicaciones.com\/?s={search_term_string}\"},\"query-input\":{\"@type\":\"PropertyValueSpecification\",\"valueRequired\":true,\"valueName\":\"search_term_string\"}}],\"inLanguage\":\"es\"},{\"@type\":\"Organization\",\"@id\":\"https:\/\/waracomunicaciones.com\/#organization\",\"name\":\"Wara Comunicaciones\",\"url\":\"https:\/\/waracomunicaciones.com\/\",\"logo\":{\"@type\":\"ImageObject\",\"inLanguage\":\"es\",\"@id\":\"https:\/\/waracomunicaciones.com\/#\/schema\/logo\/image\/\",\"url\":\"https:\/\/waracomunicaciones.com\/wp-content\/uploads\/2025\/07\/logo.png\",\"contentUrl\":\"https:\/\/waracomunicaciones.com\/wp-content\/uploads\/2025\/07\/logo.png\",\"width\":400,\"height\":164,\"caption\":\"Wara Comunicaciones\"},\"image\":{\"@id\":\"https:\/\/waracomunicaciones.com\/#\/schema\/logo\/image\/\"},\"sameAs\":[\"https:\/\/www.facebook.com\/waracomunicaciones2017\"]},{\"@type\":\"Person\",\"@id\":\"https:\/\/waracomunicaciones.com\/#\/schema\/person\/cbfc6e874b874c69982b6f254108e9f0\",\"name\":\"Tom\u00e1s Coca\",\"image\":{\"@type\":\"ImageObject\",\"inLanguage\":\"es\",\"@id\":\"https:\/\/waracomunicaciones.com\/#\/schema\/person\/image\/\",\"url\":\"https:\/\/secure.gravatar.com\/avatar\/482131bd67ce2dac1261229602fd0c47826af81f4ac6608b066b29cac2a6e65d?s=96&d=mm&r=g\",\"contentUrl\":\"https:\/\/secure.gravatar.com\/avatar\/482131bd67ce2dac1261229602fd0c47826af81f4ac6608b066b29cac2a6e65d?s=96&d=mm&r=g\",\"caption\":\"Tom\u00e1s Coca\"},\"sameAs\":[\"https:\/\/waracomunicaciones.com\"],\"url\":\"https:\/\/waracomunicaciones.com\/?author=2\"}]}<\/script>\n<!-- \/ Yoast SEO Premium plugin. -->","yoast_head_json":{"title":"Santiago Valenzuela convoca a la unidad del bloque popular rumbo a las elecciones municipales en Montero - Wara Comunicaciones","robots":{"index":"index","follow":"follow","max-snippet":"max-snippet:-1","max-image-preview":"max-image-preview:large","max-video-preview":"max-video-preview:-1"},"canonical":"https:\/\/waracomunicaciones.com\/?p=1537","og_locale":"es_ES","og_type":"article","og_title":"Santiago Valenzuela convoca a la unidad del bloque popular rumbo a las elecciones municipales en Montero","og_description":"Montero 6 marzo 2026.\u2013 El candidato a alcalde de la Alianza TODOS, Santiago Valenzuela, convoc\u00f3 a la unidad del bloque popular y de todos los montere\u00f1os para encarar las pr\u00f3ximas elecciones municipales, asegurando que su proyecto pol\u00edtico busca transformar el municipio con honestidad, transparencia y una lucha frontal contra la corrupci\u00f3n.","og_url":"https:\/\/waracomunicaciones.com\/?p=1537","og_site_name":"Wara Comunicaciones","article_publisher":"https:\/\/www.facebook.com\/waracomunicaciones2017","article_published_time":"2026-03-07T11:32:31+00:00","article_modified_time":"2026-03-07T11:32:33+00:00","og_image":[{"width":521,"height":680,"url":"https:\/\/waracomunicaciones.com\/wp-content\/uploads\/2026\/03\/Santiago-7-mar-26.webp","type":"image\/webp"}],"author":"Tom\u00e1s Coca","twitter_card":"summary_large_image","twitter_misc":{"Escrito por":"Tom\u00e1s Coca","Tiempo de lectura":"4 minutos"},"schema":{"@context":"https:\/\/schema.org","@graph":[{"@type":"Article","@id":"https:\/\/waracomunicaciones.com\/?p=1537#article","isPartOf":{"@id":"https:\/\/waracomunicaciones.com\/?p=1537"},"author":{"name":"Tom\u00e1s Coca","@id":"https:\/\/waracomunicaciones.com\/#\/schema\/person\/cbfc6e874b874c69982b6f254108e9f0"},"headline":"Santiago Valenzuela convoca a la unidad del bloque popular rumbo a las elecciones municipales en Montero","datePublished":"2026-03-07T11:32:31+00:00","dateModified":"2026-03-07T11:32:33+00:00","mainEntityOfPage":{"@id":"https:\/\/waracomunicaciones.com\/?p=1537"},"wordCount":735,"commentCount":0,"publisher":{"@id":"https:\/\/waracomunicaciones.com\/#organization"},"image":{"@id":"https:\/\/waracomunicaciones.com\/?p=1537#primaryimage"},"thumbnailUrl":"https:\/\/waracomunicaciones.com\/wp-content\/uploads\/2026\/03\/Santiago-7-mar-26.webp","articleSection":["LOCAL","Pol\u00edtica"],"inLanguage":"es","potentialAction":[{"@type":"CommentAction","name":"Comment","target":["https:\/\/waracomunicaciones.com\/?p=1537#respond"]}]},{"@type":"WebPage","@id":"https:\/\/waracomunicaciones.com\/?p=1537","url":"https:\/\/waracomunicaciones.com\/?p=1537","name":"Santiago Valenzuela convoca a la unidad del bloque popular rumbo a las elecciones municipales en Montero - Wara Comunicaciones","isPartOf":{"@id":"https:\/\/waracomunicaciones.com\/#website"},"primaryImageOfPage":{"@id":"https:\/\/waracomunicaciones.com\/?p=1537#primaryimage"},"image":{"@id":"https:\/\/waracomunicaciones.com\/?p=1537#primaryimage"},"thumbnailUrl":"https:\/\/waracomunicaciones.com\/wp-content\/uploads\/2026\/03\/Santiago-7-mar-26.webp","datePublished":"2026-03-07T11:32:31+00:00","dateModified":"2026-03-07T11:32:33+00:00","breadcrumb":{"@id":"https:\/\/waracomunicaciones.com\/?p=1537#breadcrumb"},"inLanguage":"es","potentialAction":[{"@type":"ReadAction","target":["https:\/\/waracomunicaciones.com\/?p=1537"]}]},{"@type":"ImageObject","inLanguage":"es","@id":"https:\/\/waracomunicaciones.com\/?p=1537#primaryimage","url":"https:\/\/waracomunicaciones.com\/wp-content\/uploads\/2026\/03\/Santiago-7-mar-26.webp","contentUrl":"https:\/\/waracomunicaciones.com\/wp-content\/uploads\/2026\/03\/Santiago-7-mar-26.webp","width":521,"height":680},{"@type":"BreadcrumbList","@id":"https:\/\/waracomunicaciones.com\/?p=1537#breadcrumb","itemListElement":[{"@type":"ListItem","position":1,"name":"Portada","item":"https:\/\/waracomunicaciones.com\/"},{"@type":"ListItem","position":2,"name":"Santiago Valenzuela convoca a la unidad del bloque popular rumbo a las elecciones municipales en Montero"}]},{"@type":"WebSite","@id":"https:\/\/waracomunicaciones.com\/#website","url":"https:\/\/waracomunicaciones.com\/","name":"Wara Comunicaciones","description":"","publisher":{"@id":"https:\/\/waracomunicaciones.com\/#organization"},"potentialAction":[{"@type":"SearchAction","target":{"@type":"EntryPoint","urlTemplate":"https:\/\/waracomunicaciones.com\/?s={search_term_string}"},"query-input":{"@type":"PropertyValueSpecification","valueRequired":true,"valueName":"search_term_string"}}],"inLanguage":"es"},{"@type":"Organization","@id":"https:\/\/waracomunicaciones.com\/#organization","name":"Wara Comunicaciones","url":"https:\/\/waracomunicaciones.com\/","logo":{"@type":"ImageObject","inLanguage":"es","@id":"https:\/\/waracomunicaciones.com\/#\/schema\/logo\/image\/","url":"https:\/\/waracomunicaciones.com\/wp-content\/uploads\/2025\/07\/logo.png","contentUrl":"https:\/\/waracomunicaciones.com\/wp-content\/uploads\/2025\/07\/logo.png","width":400,"height":164,"caption":"Wara Comunicaciones"},"image":{"@id":"https:\/\/waracomunicaciones.com\/#\/schema\/logo\/image\/"},"sameAs":["https:\/\/www.facebook.com\/waracomunicaciones2017"]},{"@type":"Person","@id":"https:\/\/waracomunicaciones.com\/#\/schema\/person\/cbfc6e874b874c69982b6f254108e9f0","name":"Tom\u00e1s Coca","image":{"@type":"ImageObject","inLanguage":"es","@id":"https:\/\/waracomunicaciones.com\/#\/schema\/person\/image\/","url":"https:\/\/secure.gravatar.com\/avatar\/482131bd67ce2dac1261229602fd0c47826af81f4ac6608b066b29cac2a6e65d?s=96&d=mm&r=g","contentUrl":"https:\/\/secure.gravatar.com\/avatar\/482131bd67ce2dac1261229602fd0c47826af81f4ac6608b066b29cac2a6e65d?s=96&d=mm&r=g","caption":"Tom\u00e1s Coca"},"sameAs":["https:\/\/waracomunicaciones.com"],"url":"https:\/\/waracomunicaciones.com\/?author=2"}]}},"_links":{"self":[{"href":"https:\/\/waracomunicaciones.com\/index.php?rest_route=\/wp\/v2\/posts\/1537","targetHints":{"allow":["GET"]}}],"collection":[{"href":"https:\/\/waracomunicaciones.com\/index.php?rest_route=\/wp\/v2\/posts"}],"about":[{"href":"https:\/\/waracomunicaciones.com\/index.php?rest_route=\/wp\/v2\/types\/post"}],"author":[{"embeddable":true,"href":"https:\/\/waracomunicaciones.com\/index.php?rest_route=\/wp\/v2\/users\/2"}],"replies":[{"embeddable":true,"href":"https:\/\/waracomunicaciones.com\/index.php?rest_route=%2Fwp%2Fv2%2Fcomments&post=1537"}],"version-history":[{"count":1,"href":"https:\/\/waracomunicaciones.com\/index.php?rest_route=\/wp\/v2\/posts\/1537\/revisions"}],"predecessor-version":[{"id":1539,"href":"https:\/\/waracomunicaciones.com\/index.php?rest_route=\/wp\/v2\/posts\/1537\/revisions\/1539"}],"wp:attachment":[{"href":"https:\/\/waracomunicaciones.com\/index.php?rest_route=%2Fwp%2Fv2%2Fmedia&parent=1537"}],"wp:term":[{"taxonomy":"category","embeddable":true,"href":"https:\/\/waracomunicaciones.com\/index.php?rest_route=%2Fwp%2Fv2%2Fcategories&post=1537"},{"taxonomy":"post_tag","embeddable":true,"href":"https:\/\/waracomunicaciones.com\/index.php?rest_route=%2Fwp%2Fv2%2Ftags&post=1537"}],"curies":[{"name":"wp","href":"https:\/\/api.w.org\/{rel}","templated":true}]}}