{"id":1534,"date":"2026-03-06T15:16:02","date_gmt":"2026-03-06T19:16:02","guid":{"rendered":"https:\/\/waracomunicaciones.com\/?p=1534"},"modified":"2026-03-06T15:16:03","modified_gmt":"2026-03-06T19:16:03","slug":"analista-franz-galler-afirma-que-grupo-politico-busca-sostenerse-hasta-el-final-por-intereses-economicos-y-de-poder","status":"publish","type":"post","link":"https:\/\/waracomunicaciones.com\/?p=1534","title":{"rendered":"Analista Franz Galler afirma que grupo pol\u00edtico busca sostenerse hasta el final por intereses econ\u00f3micos y de poder"},"content":{"rendered":"\n<figure class=\"wp-block-image size-full\"><img loading=\"lazy\" decoding=\"async\" width=\"787\" height=\"652\" src=\"https:\/\/waracomunicaciones.com\/wp-content\/uploads\/2026\/03\/Baptista-6-mar-26.webp\" alt=\"\" class=\"wp-image-1535\" srcset=\"https:\/\/waracomunicaciones.com\/wp-content\/uploads\/2026\/03\/Baptista-6-mar-26.webp 787w, https:\/\/waracomunicaciones.com\/wp-content\/uploads\/2026\/03\/Baptista-6-mar-26-300x249.webp 300w, https:\/\/waracomunicaciones.com\/wp-content\/uploads\/2026\/03\/Baptista-6-mar-26-768x636.webp 768w\" sizes=\"auto, (max-width: 787px) 100vw, 787px\" \/><figcaption class=\"wp-element-caption\">Mario Baptista, candidato a la primera Concejal\u00eda. <\/figcaption><\/figure>\n\n\n<p>El abogado constitucionalista y analista pol\u00edtico <strong>Franz Galler<\/strong> sostuvo que la reacci\u00f3n del grupo pol\u00edtico vinculado a Mario Baptista frente a las recientes decisiones electorales responde a una l\u00f3gica de supervivencia pol\u00edtica, intereses econ\u00f3micos y la necesidad de mantener cohesionada a su base de seguidores.<!--more--><\/p>\n<p>Seg\u00fan el analista, cualquier actor pol\u00edtico que se encuentre en una situaci\u00f3n similar actuar\u00e1 de la misma manera: \u201cluchar hasta el final\u201d, debido a las responsabilidades adquiridas con quienes apoyan su proyecto y con los compromisos pol\u00edticos y econ\u00f3micos que se generan alrededor de una campa\u00f1a.<\/p>\n<p>Galler afirm\u00f3 que el grupo que lidera Baptista no es \u00fanicamente pol\u00edtico, sino que tambi\u00e9n responde a intereses econ\u00f3micos y de poder. \u201cEs un grupo organizado que tiene sus propios intereses de tomar el poder para vivir de la pol\u00edtica, por lo tanto van a hacer lo que sea para estar en el poder\u201d, se\u00f1al\u00f3.<\/p>\n<p>Asimismo, indic\u00f3 que se trata de una estructura interna consolidada, donde los espacios ya est\u00e1n ocupados y resulta dif\u00edcil para nuevos actores integrarse. \u201cEs un grupo sumamente bien estructurado de intereses grupales y personales que no necesita de nadie m\u00e1s en su organizaci\u00f3n sino del voto de la gente\u201d, afirm\u00f3.<\/p>\n<p><strong>Sin posibilidad de apelaci\u00f3n<\/strong><\/p>\n<p>En el plano jur\u00eddico, Galler explic\u00f3 que el proceso lleg\u00f3 a su \u00faltima instancia con la intervenci\u00f3n del Tribunal Constitucional, por lo que no existir\u00eda una v\u00eda real para revertir la decisi\u00f3n.<\/p>\n<p>Record\u00f3 que, en el sistema boliviano, el Tribunal Constitucional es la \u00faltima instancia cuando se trata de temas de car\u00e1cter constitucional. \u201cCuando el Tribunal Constitucional se pronuncia, ya no hay otra instancia a la que se pueda acudir\u201d, explic\u00f3.<\/p>\n<p>En ese contexto, cuestion\u00f3 algunos procedimientos del sistema legal que permiten presentar recursos aun cuando no existe una instancia superior para revisarlos. \u201cEl \u00f3rgano electoral da cinco d\u00edas para apelar, pero en realidad ya no hay d\u00f3nde apelar. Son incoherencias del derecho\u201d, sostuvo.<\/p>\n<p>A pesar de ello, indic\u00f3 que dichos plazos existen porque la legislaci\u00f3n garantiza el derecho a la defensa de todos los ciudadanos.<\/p>\n<p><strong>Impacto electoral<\/strong><\/p>\n<p>El analista tambi\u00e9n se refiri\u00f3 a las consecuencias pol\u00edticas de esta situaci\u00f3n en el escenario electoral local. Explic\u00f3 que el electorado real es menor al padr\u00f3n inscrito debido a la abstenci\u00f3n y al voto blanco o nulo.<\/p>\n<p>Seg\u00fan su estimaci\u00f3n, de un padr\u00f3n cercano a 90 mil votantes, el universo efectivo podr\u00eda reducirse a aproximadamente 70 mil votos v\u00e1lidos. En ese escenario, el grupo de Batista podr\u00eda haber aspirado a cerca de 24 mil votos.<\/p>\n<p>Galler consider\u00f3 que una parte importante de ese electorado podr\u00eda trasladarse hacia otros candidatos, especialmente hacia el concejal <strong>Valenzuela<\/strong>, del MAS, debido a factores de identidad, representaci\u00f3n social y afinidad pol\u00edtica.<\/p>\n<p>\u201cPor factores sociol\u00f3gicos, antropol\u00f3gicos y pol\u00edticos, una gran parte de esos votantes podr\u00eda irse con Valenzuela\u201d, explic\u00f3.<\/p>\n<p><strong>Elecci\u00f3n fragmentada<\/strong><\/p>\n<p>Finalmente, advirti\u00f3 que la actual contienda electoral podr\u00eda caracterizarse por una fuerte fragmentaci\u00f3n del voto, lo que dificultar\u00eda que una fuerza pol\u00edtica obtenga una mayor\u00eda clara en el Concejo Municipal.<\/p>\n<p>\u201cEn esta elecci\u00f3n ser\u00e1 dif\u00edcil que un alcalde tenga m\u00e1s de tres concejales, porque hay muchos candidatos y los votantes se han reducido\u201d, concluy\u00f3.<\/p><div style=\"margin-top: 0px; margin-bottom: 0px;\" class=\"sharethis-inline-reaction-buttons\" ><\/div>","protected":false},"excerpt":{"rendered":"<p>El abogado constitucionalista y analista pol\u00edtico Franz Galler sostuvo que la reacci\u00f3n del grupo pol\u00edtico vinculado a Mario Baptista frente a las recientes decisiones electorales responde a una l\u00f3gica de supervivencia pol\u00edtica, intereses econ\u00f3micos y la necesidad de mantener cohesionada a su base de seguidores.<\/p>\n","protected":false},"author":2,"featured_media":0,"comment_status":"open","ping_status":"open","sticky":false,"template":"","format":"standard","meta":{"footnotes":""},"categories":[42],"tags":[],"class_list":["post-1534","post","type-post","status-publish","format-standard","hentry","category-politica"],"yoast_head":"<!-- This site is optimized with the Yoast SEO Premium plugin v25.5 (Yoast SEO v27.1.1) - https:\/\/yoast.com\/product\/yoast-seo-premium-wordpress\/ -->\n<title>Analista Franz Galler afirma que grupo pol\u00edtico busca sostenerse hasta el final por intereses econ\u00f3micos y de poder - Wara Comunicaciones<\/title>\n<meta name=\"robots\" content=\"index, follow, max-snippet:-1, max-image-preview:large, max-video-preview:-1\" \/>\n<link rel=\"canonical\" href=\"https:\/\/waracomunicaciones.com\/?p=1534\" \/>\n<meta property=\"og:locale\" content=\"es_ES\" \/>\n<meta property=\"og:type\" content=\"article\" \/>\n<meta property=\"og:title\" content=\"Analista Franz Galler afirma que grupo pol\u00edtico busca sostenerse hasta el final por intereses econ\u00f3micos y de poder\" \/>\n<meta property=\"og:description\" content=\"El abogado constitucionalista y analista pol\u00edtico Franz Galler sostuvo que la reacci\u00f3n del grupo pol\u00edtico vinculado a Mario Baptista frente a las recientes decisiones electorales responde a una l\u00f3gica de supervivencia pol\u00edtica, intereses econ\u00f3micos y la necesidad de mantener cohesionada a su base de seguidores.\" \/>\n<meta property=\"og:url\" content=\"https:\/\/waracomunicaciones.com\/?p=1534\" \/>\n<meta property=\"og:site_name\" content=\"Wara Comunicaciones\" \/>\n<meta property=\"article:publisher\" content=\"https:\/\/www.facebook.com\/waracomunicaciones2017\" \/>\n<meta property=\"article:published_time\" content=\"2026-03-06T19:16:02+00:00\" \/>\n<meta property=\"article:modified_time\" content=\"2026-03-06T19:16:03+00:00\" \/>\n<meta property=\"og:image\" content=\"https:\/\/waracomunicaciones.com\/wp-content\/uploads\/2026\/03\/Baptista-6-mar-26.webp\" \/>\n\t<meta property=\"og:image:width\" content=\"787\" \/>\n\t<meta property=\"og:image:height\" content=\"652\" \/>\n\t<meta property=\"og:image:type\" content=\"image\/webp\" \/>\n<meta name=\"author\" content=\"Tom\u00e1s Coca\" \/>\n<meta name=\"twitter:card\" content=\"summary_large_image\" \/>\n<meta name=\"twitter:label1\" content=\"Escrito por\" \/>\n\t<meta name=\"twitter:data1\" content=\"Tom\u00e1s Coca\" \/>\n\t<meta name=\"twitter:label2\" content=\"Tiempo de lectura\" \/>\n\t<meta name=\"twitter:data2\" content=\"3 minutos\" \/>\n<script type=\"application\/ld+json\" class=\"yoast-schema-graph\">{\"@context\":\"https:\/\/schema.org\",\"@graph\":[{\"@type\":\"Article\",\"@id\":\"https:\/\/waracomunicaciones.com\/?p=1534#article\",\"isPartOf\":{\"@id\":\"https:\/\/waracomunicaciones.com\/?p=1534\"},\"author\":{\"name\":\"Tom\u00e1s Coca\",\"@id\":\"https:\/\/waracomunicaciones.com\/#\/schema\/person\/cbfc6e874b874c69982b6f254108e9f0\"},\"headline\":\"Analista Franz Galler afirma que grupo pol\u00edtico busca sostenerse hasta el final por intereses econ\u00f3micos y de poder\",\"datePublished\":\"2026-03-06T19:16:02+00:00\",\"dateModified\":\"2026-03-06T19:16:03+00:00\",\"mainEntityOfPage\":{\"@id\":\"https:\/\/waracomunicaciones.com\/?p=1534\"},\"wordCount\":600,\"commentCount\":0,\"publisher\":{\"@id\":\"https:\/\/waracomunicaciones.com\/#organization\"},\"image\":{\"@id\":\"https:\/\/waracomunicaciones.com\/?p=1534#primaryimage\"},\"thumbnailUrl\":\"https:\/\/waracomunicaciones.com\/wp-content\/uploads\/2026\/03\/Baptista-6-mar-26.webp\",\"articleSection\":[\"Pol\u00edtica\"],\"inLanguage\":\"es\",\"potentialAction\":[{\"@type\":\"CommentAction\",\"name\":\"Comment\",\"target\":[\"https:\/\/waracomunicaciones.com\/?p=1534#respond\"]}]},{\"@type\":\"WebPage\",\"@id\":\"https:\/\/waracomunicaciones.com\/?p=1534\",\"url\":\"https:\/\/waracomunicaciones.com\/?p=1534\",\"name\":\"Analista Franz Galler afirma que grupo pol\u00edtico busca sostenerse hasta el final por intereses econ\u00f3micos y de poder - Wara Comunicaciones\",\"isPartOf\":{\"@id\":\"https:\/\/waracomunicaciones.com\/#website\"},\"primaryImageOfPage\":{\"@id\":\"https:\/\/waracomunicaciones.com\/?p=1534#primaryimage\"},\"image\":{\"@id\":\"https:\/\/waracomunicaciones.com\/?p=1534#primaryimage\"},\"thumbnailUrl\":\"https:\/\/waracomunicaciones.com\/wp-content\/uploads\/2026\/03\/Baptista-6-mar-26.webp\",\"datePublished\":\"2026-03-06T19:16:02+00:00\",\"dateModified\":\"2026-03-06T19:16:03+00:00\",\"breadcrumb\":{\"@id\":\"https:\/\/waracomunicaciones.com\/?p=1534#breadcrumb\"},\"inLanguage\":\"es\",\"potentialAction\":[{\"@type\":\"ReadAction\",\"target\":[\"https:\/\/waracomunicaciones.com\/?p=1534\"]}]},{\"@type\":\"ImageObject\",\"inLanguage\":\"es\",\"@id\":\"https:\/\/waracomunicaciones.com\/?p=1534#primaryimage\",\"url\":\"https:\/\/waracomunicaciones.com\/wp-content\/uploads\/2026\/03\/Baptista-6-mar-26.webp\",\"contentUrl\":\"https:\/\/waracomunicaciones.com\/wp-content\/uploads\/2026\/03\/Baptista-6-mar-26.webp\",\"width\":787,\"height\":652},{\"@type\":\"BreadcrumbList\",\"@id\":\"https:\/\/waracomunicaciones.com\/?p=1534#breadcrumb\",\"itemListElement\":[{\"@type\":\"ListItem\",\"position\":1,\"name\":\"Portada\",\"item\":\"https:\/\/waracomunicaciones.com\/\"},{\"@type\":\"ListItem\",\"position\":2,\"name\":\"Analista Franz Galler afirma que grupo pol\u00edtico busca sostenerse hasta el final por intereses econ\u00f3micos y de poder\"}]},{\"@type\":\"WebSite\",\"@id\":\"https:\/\/waracomunicaciones.com\/#website\",\"url\":\"https:\/\/waracomunicaciones.com\/\",\"name\":\"Wara Comunicaciones\",\"description\":\"\",\"publisher\":{\"@id\":\"https:\/\/waracomunicaciones.com\/#organization\"},\"potentialAction\":[{\"@type\":\"SearchAction\",\"target\":{\"@type\":\"EntryPoint\",\"urlTemplate\":\"https:\/\/waracomunicaciones.com\/?s={search_term_string}\"},\"query-input\":{\"@type\":\"PropertyValueSpecification\",\"valueRequired\":true,\"valueName\":\"search_term_string\"}}],\"inLanguage\":\"es\"},{\"@type\":\"Organization\",\"@id\":\"https:\/\/waracomunicaciones.com\/#organization\",\"name\":\"Wara Comunicaciones\",\"url\":\"https:\/\/waracomunicaciones.com\/\",\"logo\":{\"@type\":\"ImageObject\",\"inLanguage\":\"es\",\"@id\":\"https:\/\/waracomunicaciones.com\/#\/schema\/logo\/image\/\",\"url\":\"https:\/\/waracomunicaciones.com\/wp-content\/uploads\/2025\/07\/logo.png\",\"contentUrl\":\"https:\/\/waracomunicaciones.com\/wp-content\/uploads\/2025\/07\/logo.png\",\"width\":400,\"height\":164,\"caption\":\"Wara Comunicaciones\"},\"image\":{\"@id\":\"https:\/\/waracomunicaciones.com\/#\/schema\/logo\/image\/\"},\"sameAs\":[\"https:\/\/www.facebook.com\/waracomunicaciones2017\"]},{\"@type\":\"Person\",\"@id\":\"https:\/\/waracomunicaciones.com\/#\/schema\/person\/cbfc6e874b874c69982b6f254108e9f0\",\"name\":\"Tom\u00e1s Coca\",\"image\":{\"@type\":\"ImageObject\",\"inLanguage\":\"es\",\"@id\":\"https:\/\/waracomunicaciones.com\/#\/schema\/person\/image\/\",\"url\":\"https:\/\/secure.gravatar.com\/avatar\/482131bd67ce2dac1261229602fd0c47826af81f4ac6608b066b29cac2a6e65d?s=96&d=mm&r=g\",\"contentUrl\":\"https:\/\/secure.gravatar.com\/avatar\/482131bd67ce2dac1261229602fd0c47826af81f4ac6608b066b29cac2a6e65d?s=96&d=mm&r=g\",\"caption\":\"Tom\u00e1s Coca\"},\"sameAs\":[\"https:\/\/waracomunicaciones.com\"],\"url\":\"https:\/\/waracomunicaciones.com\/?author=2\"}]}<\/script>\n<!-- \/ Yoast SEO Premium plugin. -->","yoast_head_json":{"title":"Analista Franz Galler afirma que grupo pol\u00edtico busca sostenerse hasta el final por intereses econ\u00f3micos y de poder - Wara Comunicaciones","robots":{"index":"index","follow":"follow","max-snippet":"max-snippet:-1","max-image-preview":"max-image-preview:large","max-video-preview":"max-video-preview:-1"},"canonical":"https:\/\/waracomunicaciones.com\/?p=1534","og_locale":"es_ES","og_type":"article","og_title":"Analista Franz Galler afirma que grupo pol\u00edtico busca sostenerse hasta el final por intereses econ\u00f3micos y de poder","og_description":"El abogado constitucionalista y analista pol\u00edtico Franz Galler sostuvo que la reacci\u00f3n del grupo pol\u00edtico vinculado a Mario Baptista frente a las recientes decisiones electorales responde a una l\u00f3gica de supervivencia pol\u00edtica, intereses econ\u00f3micos y la necesidad de mantener cohesionada a su base de seguidores.","og_url":"https:\/\/waracomunicaciones.com\/?p=1534","og_site_name":"Wara Comunicaciones","article_publisher":"https:\/\/www.facebook.com\/waracomunicaciones2017","article_published_time":"2026-03-06T19:16:02+00:00","article_modified_time":"2026-03-06T19:16:03+00:00","og_image":[{"width":787,"height":652,"url":"https:\/\/waracomunicaciones.com\/wp-content\/uploads\/2026\/03\/Baptista-6-mar-26.webp","type":"image\/webp"}],"author":"Tom\u00e1s Coca","twitter_card":"summary_large_image","twitter_misc":{"Escrito por":"Tom\u00e1s Coca","Tiempo de lectura":"3 minutos"},"schema":{"@context":"https:\/\/schema.org","@graph":[{"@type":"Article","@id":"https:\/\/waracomunicaciones.com\/?p=1534#article","isPartOf":{"@id":"https:\/\/waracomunicaciones.com\/?p=1534"},"author":{"name":"Tom\u00e1s Coca","@id":"https:\/\/waracomunicaciones.com\/#\/schema\/person\/cbfc6e874b874c69982b6f254108e9f0"},"headline":"Analista Franz Galler afirma que grupo pol\u00edtico busca sostenerse hasta el final por intereses econ\u00f3micos y de poder","datePublished":"2026-03-06T19:16:02+00:00","dateModified":"2026-03-06T19:16:03+00:00","mainEntityOfPage":{"@id":"https:\/\/waracomunicaciones.com\/?p=1534"},"wordCount":600,"commentCount":0,"publisher":{"@id":"https:\/\/waracomunicaciones.com\/#organization"},"image":{"@id":"https:\/\/waracomunicaciones.com\/?p=1534#primaryimage"},"thumbnailUrl":"https:\/\/waracomunicaciones.com\/wp-content\/uploads\/2026\/03\/Baptista-6-mar-26.webp","articleSection":["Pol\u00edtica"],"inLanguage":"es","potentialAction":[{"@type":"CommentAction","name":"Comment","target":["https:\/\/waracomunicaciones.com\/?p=1534#respond"]}]},{"@type":"WebPage","@id":"https:\/\/waracomunicaciones.com\/?p=1534","url":"https:\/\/waracomunicaciones.com\/?p=1534","name":"Analista Franz Galler afirma que grupo pol\u00edtico busca sostenerse hasta el final por intereses econ\u00f3micos y de poder - Wara Comunicaciones","isPartOf":{"@id":"https:\/\/waracomunicaciones.com\/#website"},"primaryImageOfPage":{"@id":"https:\/\/waracomunicaciones.com\/?p=1534#primaryimage"},"image":{"@id":"https:\/\/waracomunicaciones.com\/?p=1534#primaryimage"},"thumbnailUrl":"https:\/\/waracomunicaciones.com\/wp-content\/uploads\/2026\/03\/Baptista-6-mar-26.webp","datePublished":"2026-03-06T19:16:02+00:00","dateModified":"2026-03-06T19:16:03+00:00","breadcrumb":{"@id":"https:\/\/waracomunicaciones.com\/?p=1534#breadcrumb"},"inLanguage":"es","potentialAction":[{"@type":"ReadAction","target":["https:\/\/waracomunicaciones.com\/?p=1534"]}]},{"@type":"ImageObject","inLanguage":"es","@id":"https:\/\/waracomunicaciones.com\/?p=1534#primaryimage","url":"https:\/\/waracomunicaciones.com\/wp-content\/uploads\/2026\/03\/Baptista-6-mar-26.webp","contentUrl":"https:\/\/waracomunicaciones.com\/wp-content\/uploads\/2026\/03\/Baptista-6-mar-26.webp","width":787,"height":652},{"@type":"BreadcrumbList","@id":"https:\/\/waracomunicaciones.com\/?p=1534#breadcrumb","itemListElement":[{"@type":"ListItem","position":1,"name":"Portada","item":"https:\/\/waracomunicaciones.com\/"},{"@type":"ListItem","position":2,"name":"Analista Franz Galler afirma que grupo pol\u00edtico busca sostenerse hasta el final por intereses econ\u00f3micos y de poder"}]},{"@type":"WebSite","@id":"https:\/\/waracomunicaciones.com\/#website","url":"https:\/\/waracomunicaciones.com\/","name":"Wara Comunicaciones","description":"","publisher":{"@id":"https:\/\/waracomunicaciones.com\/#organization"},"potentialAction":[{"@type":"SearchAction","target":{"@type":"EntryPoint","urlTemplate":"https:\/\/waracomunicaciones.com\/?s={search_term_string}"},"query-input":{"@type":"PropertyValueSpecification","valueRequired":true,"valueName":"search_term_string"}}],"inLanguage":"es"},{"@type":"Organization","@id":"https:\/\/waracomunicaciones.com\/#organization","name":"Wara Comunicaciones","url":"https:\/\/waracomunicaciones.com\/","logo":{"@type":"ImageObject","inLanguage":"es","@id":"https:\/\/waracomunicaciones.com\/#\/schema\/logo\/image\/","url":"https:\/\/waracomunicaciones.com\/wp-content\/uploads\/2025\/07\/logo.png","contentUrl":"https:\/\/waracomunicaciones.com\/wp-content\/uploads\/2025\/07\/logo.png","width":400,"height":164,"caption":"Wara Comunicaciones"},"image":{"@id":"https:\/\/waracomunicaciones.com\/#\/schema\/logo\/image\/"},"sameAs":["https:\/\/www.facebook.com\/waracomunicaciones2017"]},{"@type":"Person","@id":"https:\/\/waracomunicaciones.com\/#\/schema\/person\/cbfc6e874b874c69982b6f254108e9f0","name":"Tom\u00e1s Coca","image":{"@type":"ImageObject","inLanguage":"es","@id":"https:\/\/waracomunicaciones.com\/#\/schema\/person\/image\/","url":"https:\/\/secure.gravatar.com\/avatar\/482131bd67ce2dac1261229602fd0c47826af81f4ac6608b066b29cac2a6e65d?s=96&d=mm&r=g","contentUrl":"https:\/\/secure.gravatar.com\/avatar\/482131bd67ce2dac1261229602fd0c47826af81f4ac6608b066b29cac2a6e65d?s=96&d=mm&r=g","caption":"Tom\u00e1s Coca"},"sameAs":["https:\/\/waracomunicaciones.com"],"url":"https:\/\/waracomunicaciones.com\/?author=2"}]}},"_links":{"self":[{"href":"https:\/\/waracomunicaciones.com\/index.php?rest_route=\/wp\/v2\/posts\/1534","targetHints":{"allow":["GET"]}}],"collection":[{"href":"https:\/\/waracomunicaciones.com\/index.php?rest_route=\/wp\/v2\/posts"}],"about":[{"href":"https:\/\/waracomunicaciones.com\/index.php?rest_route=\/wp\/v2\/types\/post"}],"author":[{"embeddable":true,"href":"https:\/\/waracomunicaciones.com\/index.php?rest_route=\/wp\/v2\/users\/2"}],"replies":[{"embeddable":true,"href":"https:\/\/waracomunicaciones.com\/index.php?rest_route=%2Fwp%2Fv2%2Fcomments&post=1534"}],"version-history":[{"count":1,"href":"https:\/\/waracomunicaciones.com\/index.php?rest_route=\/wp\/v2\/posts\/1534\/revisions"}],"predecessor-version":[{"id":1536,"href":"https:\/\/waracomunicaciones.com\/index.php?rest_route=\/wp\/v2\/posts\/1534\/revisions\/1536"}],"wp:attachment":[{"href":"https:\/\/waracomunicaciones.com\/index.php?rest_route=%2Fwp%2Fv2%2Fmedia&parent=1534"}],"wp:term":[{"taxonomy":"category","embeddable":true,"href":"https:\/\/waracomunicaciones.com\/index.php?rest_route=%2Fwp%2Fv2%2Fcategories&post=1534"},{"taxonomy":"post_tag","embeddable":true,"href":"https:\/\/waracomunicaciones.com\/index.php?rest_route=%2Fwp%2Fv2%2Ftags&post=1534"}],"curies":[{"name":"wp","href":"https:\/\/api.w.org\/{rel}","templated":true}]}}