{"id":1525,"date":"2026-03-06T08:46:00","date_gmt":"2026-03-06T12:46:00","guid":{"rendered":"https:\/\/waracomunicaciones.com\/?p=1525"},"modified":"2026-03-06T09:51:54","modified_gmt":"2026-03-06T13:51:54","slug":"tomas-coca-cuestiona-la-estrategia-de-campana-de-los-principales-candidatos-a-la-alcaldia","status":"publish","type":"post","link":"https:\/\/waracomunicaciones.com\/?p=1525","title":{"rendered":"Tom\u00e1s Coca cuestiona la estrategia de campa\u00f1a de los principales candidatos a la alcald\u00eda"},"content":{"rendered":"<div class=\"wp-block-image\">\n<figure class=\"aligncenter size-full\"><img loading=\"lazy\" decoding=\"async\" width=\"251\" height=\"519\" src=\"https:\/\/waracomunicaciones.com\/wp-content\/uploads\/2026\/03\/Tomas-6-mar-26.webp\" alt=\"\" class=\"wp-image-1526\" srcset=\"https:\/\/waracomunicaciones.com\/wp-content\/uploads\/2026\/03\/Tomas-6-mar-26.webp 251w, https:\/\/waracomunicaciones.com\/wp-content\/uploads\/2026\/03\/Tomas-6-mar-26-145x300.webp 145w\" sizes=\"auto, (max-width: 251px) 100vw, 251px\" \/><\/figure>\n<\/div>\n\n<p>El periodista y candidato a concejal por la Alianza TODOS <strong>Tom\u00e1s Coca<\/strong> expres\u00f3 cuestionamientos sobre la forma en que se est\u00e1n desarrollando las campa\u00f1as electorales rumbo a las elecciones municipales en Montero, se\u00f1alando la necesidad de evaluar con mayor rigurosidad t\u00e9cnica el desempe\u00f1o de los candidatos y sus estrategias pol\u00edticas.<!--more--><\/p>\n<p>Coca manifest\u00f3 que ha seguido de cerca las exposiciones de distintos jefes de campa\u00f1a, entre ellos <strong>Julio L\u00f3pez<\/strong>, de la agrupaci\u00f3n <strong>Creemos<\/strong>, y <strong>William Vaca<\/strong>, del frente <strong>Unidad por la Patria<\/strong>, destacando que ambos sectores cuentan con recursos econ\u00f3micos y log\u00edsticos importantes para el desarrollo de sus campa\u00f1as.<\/p>\n<p>Seg\u00fan indic\u00f3, estas condiciones permiten que dichas organizaciones puedan implementar campa\u00f1as m\u00e1s t\u00e9cnicas y cient\u00edficas. Sin embargo, cuestion\u00f3 que no se haya explicado con claridad cu\u00e1les son los indicadores cualitativos y cuantitativos que utilizan para medir el impacto real de sus estrategias, como la intenci\u00f3n de voto, el posicionamiento del candidato o la eficiencia de la campa\u00f1a.<\/p>\n<p>Coca explic\u00f3 que, desde el punto de vista metodol\u00f3gico, una campa\u00f1a electoral deber\u00eda iniciar con una encuesta de base para conocer el punto de partida del candidato, realizar una segunda medici\u00f3n a mitad de campa\u00f1a y una \u00faltima antes de la jornada electoral para ajustar la estrategia en la recta final.<\/p>\n<p>Record\u00f3 adem\u00e1s un caso de las elecciones municipales de 2010 en Montero, cuando \u2014seg\u00fan relat\u00f3\u2014 una encuesta inicial mostraba a <strong>Nene Roca<\/strong> con m\u00e1s del 30% de intenci\u00f3n de voto, mientras <strong>Mario Baptista<\/strong> apenas alcanzaba el 3%. Sin embargo, durante el proceso de campa\u00f1a Baptista logr\u00f3 crecer hasta cerca del 30%, mientras que Roca termin\u00f3 con alrededor del 20%, evidenciando c\u00f3mo puede cambiar el comportamiento del electorado.<\/p>\n<p>En ese contexto, Coca consider\u00f3 fundamental conocer actualmente datos sobre la intenci\u00f3n de voto de los principales candidatos, entre ellos <strong>Regys Medina<\/strong> y <strong>Pablo Reynoso<\/strong>, as\u00ed como el porcentaje de ciudadanos que a\u00fan se mantienen indecisos a pocas semanas de las elecciones.<\/p>\n<p>Asimismo, se\u00f1al\u00f3 que otro elemento clave es la segmentaci\u00f3n del electorado por territorio, edad, g\u00e9nero, nivel socioecon\u00f3mico y factores \u00e9tnico-culturales, aspectos que \u2014seg\u00fan dijo\u2014 tienen especial relevancia en una ciudad como Montero, donde existe una importante poblaci\u00f3n migrante.<\/p>\n<p>Coca tambi\u00e9n cuestion\u00f3 el posicionamiento de la imagen de los candidatos ante la poblaci\u00f3n. Mencion\u00f3 que en el caso de Medina se intenta consolidar el atributo de \u201calcalde cercano a la gente\u201d, aunque asegur\u00f3 que algunos dirigentes vecinales se\u00f1alan lo contrario.<\/p>\n<p>En relaci\u00f3n con Reynoso, indic\u00f3 que a\u00fan no se percibe con claridad un atributo pol\u00edtico definido que identifique su candidatura ante el electorado.<\/p>\n<p>Finalmente, el candidato a concejal sostuvo que una campa\u00f1a debe dejar claro el mensaje central y las propuestas concretas que cada aspirante plantea para el municipio. En ese sentido, se\u00f1al\u00f3 que la ciudadan\u00eda deber\u00eda conocer con claridad qu\u00e9 propone cada candidato para el futuro de Montero y cu\u00e1l ser\u00eda la diferencia entre una gesti\u00f3n y otra.<\/p>\n<p>Coca concluy\u00f3 se\u00f1alando que, independientemente del resultado electoral, continuar\u00e1 ejerciendo un rol cr\u00edtico frente a la gesti\u00f3n p\u00fablica municipal y, en caso de llegar al Concejo, asegur\u00f3 que mantendr\u00e1 una postura firme en la fiscalizaci\u00f3n y la lucha contra la corrupci\u00f3n.<\/p><div style=\"margin-top: 0px; margin-bottom: 0px;\" class=\"sharethis-inline-reaction-buttons\" ><\/div>","protected":false},"excerpt":{"rendered":"<p>El periodista y candidato a concejal por la Alianza TODOS Tom\u00e1s Coca expres\u00f3 cuestionamientos sobre la forma en que se est\u00e1n desarrollando las campa\u00f1as electorales rumbo a las elecciones municipales en Montero, se\u00f1alando la necesidad de evaluar con mayor rigurosidad t\u00e9cnica el desempe\u00f1o de los candidatos y sus estrategias pol\u00edticas.<\/p>\n","protected":false},"author":2,"featured_media":0,"comment_status":"open","ping_status":"open","sticky":false,"template":"","format":"standard","meta":{"footnotes":""},"categories":[42],"tags":[283,19],"class_list":["post-1525","post","type-post","status-publish","format-standard","hentry","category-politica","tag-eleccciones-subnacionales","tag-montero"],"yoast_head":"<!-- This site is optimized with the Yoast SEO Premium plugin v25.5 (Yoast SEO v27.1.1) - https:\/\/yoast.com\/product\/yoast-seo-premium-wordpress\/ -->\n<title>Tom\u00e1s Coca cuestiona la estrategia de campa\u00f1a de los principales candidatos a la alcald\u00eda - Wara Comunicaciones<\/title>\n<meta name=\"robots\" content=\"index, follow, max-snippet:-1, max-image-preview:large, max-video-preview:-1\" \/>\n<link rel=\"canonical\" href=\"https:\/\/waracomunicaciones.com\/?p=1525\" \/>\n<meta property=\"og:locale\" content=\"es_ES\" \/>\n<meta property=\"og:type\" content=\"article\" \/>\n<meta property=\"og:title\" content=\"Tom\u00e1s Coca cuestiona la estrategia de campa\u00f1a de los principales candidatos a la alcald\u00eda\" \/>\n<meta property=\"og:description\" content=\"El periodista y candidato a concejal por la Alianza TODOS Tom\u00e1s Coca expres\u00f3 cuestionamientos sobre la forma en que se est\u00e1n desarrollando las campa\u00f1as electorales rumbo a las elecciones municipales en Montero, se\u00f1alando la necesidad de evaluar con mayor rigurosidad t\u00e9cnica el desempe\u00f1o de los candidatos y sus estrategias pol\u00edticas.\" \/>\n<meta property=\"og:url\" content=\"https:\/\/waracomunicaciones.com\/?p=1525\" \/>\n<meta property=\"og:site_name\" content=\"Wara Comunicaciones\" \/>\n<meta property=\"article:publisher\" content=\"https:\/\/www.facebook.com\/waracomunicaciones2017\" \/>\n<meta property=\"article:published_time\" content=\"2026-03-06T12:46:00+00:00\" \/>\n<meta property=\"article:modified_time\" content=\"2026-03-06T13:51:54+00:00\" \/>\n<meta property=\"og:image\" content=\"https:\/\/waracomunicaciones.com\/wp-content\/uploads\/2026\/03\/Tomas-6-mar-26.webp\" \/>\n\t<meta property=\"og:image:width\" content=\"251\" \/>\n\t<meta property=\"og:image:height\" content=\"519\" \/>\n\t<meta property=\"og:image:type\" content=\"image\/webp\" \/>\n<meta name=\"author\" content=\"Tom\u00e1s Coca\" \/>\n<meta name=\"twitter:card\" content=\"summary_large_image\" \/>\n<meta name=\"twitter:label1\" content=\"Escrito por\" \/>\n\t<meta name=\"twitter:data1\" content=\"Tom\u00e1s Coca\" \/>\n\t<meta name=\"twitter:label2\" content=\"Tiempo de lectura\" \/>\n\t<meta name=\"twitter:data2\" content=\"3 minutos\" \/>\n<script type=\"application\/ld+json\" class=\"yoast-schema-graph\">{\"@context\":\"https:\/\/schema.org\",\"@graph\":[{\"@type\":\"Article\",\"@id\":\"https:\/\/waracomunicaciones.com\/?p=1525#article\",\"isPartOf\":{\"@id\":\"https:\/\/waracomunicaciones.com\/?p=1525\"},\"author\":{\"name\":\"Tom\u00e1s Coca\",\"@id\":\"https:\/\/waracomunicaciones.com\/#\/schema\/person\/cbfc6e874b874c69982b6f254108e9f0\"},\"headline\":\"Tom\u00e1s Coca cuestiona la estrategia de campa\u00f1a de los principales candidatos a la alcald\u00eda\",\"datePublished\":\"2026-03-06T12:46:00+00:00\",\"dateModified\":\"2026-03-06T13:51:54+00:00\",\"mainEntityOfPage\":{\"@id\":\"https:\/\/waracomunicaciones.com\/?p=1525\"},\"wordCount\":585,\"commentCount\":0,\"publisher\":{\"@id\":\"https:\/\/waracomunicaciones.com\/#organization\"},\"image\":{\"@id\":\"https:\/\/waracomunicaciones.com\/?p=1525#primaryimage\"},\"thumbnailUrl\":\"https:\/\/waracomunicaciones.com\/wp-content\/uploads\/2026\/03\/Tomas-6-mar-26.webp\",\"keywords\":[\"Eleccciones Subnacionales\",\"Montero\"],\"articleSection\":[\"Pol\u00edtica\"],\"inLanguage\":\"es\",\"potentialAction\":[{\"@type\":\"CommentAction\",\"name\":\"Comment\",\"target\":[\"https:\/\/waracomunicaciones.com\/?p=1525#respond\"]}]},{\"@type\":\"WebPage\",\"@id\":\"https:\/\/waracomunicaciones.com\/?p=1525\",\"url\":\"https:\/\/waracomunicaciones.com\/?p=1525\",\"name\":\"Tom\u00e1s Coca cuestiona la estrategia de campa\u00f1a de los principales candidatos a la alcald\u00eda - Wara Comunicaciones\",\"isPartOf\":{\"@id\":\"https:\/\/waracomunicaciones.com\/#website\"},\"primaryImageOfPage\":{\"@id\":\"https:\/\/waracomunicaciones.com\/?p=1525#primaryimage\"},\"image\":{\"@id\":\"https:\/\/waracomunicaciones.com\/?p=1525#primaryimage\"},\"thumbnailUrl\":\"https:\/\/waracomunicaciones.com\/wp-content\/uploads\/2026\/03\/Tomas-6-mar-26.webp\",\"datePublished\":\"2026-03-06T12:46:00+00:00\",\"dateModified\":\"2026-03-06T13:51:54+00:00\",\"breadcrumb\":{\"@id\":\"https:\/\/waracomunicaciones.com\/?p=1525#breadcrumb\"},\"inLanguage\":\"es\",\"potentialAction\":[{\"@type\":\"ReadAction\",\"target\":[\"https:\/\/waracomunicaciones.com\/?p=1525\"]}]},{\"@type\":\"ImageObject\",\"inLanguage\":\"es\",\"@id\":\"https:\/\/waracomunicaciones.com\/?p=1525#primaryimage\",\"url\":\"https:\/\/waracomunicaciones.com\/wp-content\/uploads\/2026\/03\/Tomas-6-mar-26.webp\",\"contentUrl\":\"https:\/\/waracomunicaciones.com\/wp-content\/uploads\/2026\/03\/Tomas-6-mar-26.webp\",\"width\":251,\"height\":519},{\"@type\":\"BreadcrumbList\",\"@id\":\"https:\/\/waracomunicaciones.com\/?p=1525#breadcrumb\",\"itemListElement\":[{\"@type\":\"ListItem\",\"position\":1,\"name\":\"Portada\",\"item\":\"https:\/\/waracomunicaciones.com\/\"},{\"@type\":\"ListItem\",\"position\":2,\"name\":\"Tom\u00e1s Coca cuestiona la estrategia de campa\u00f1a de los principales candidatos a la alcald\u00eda\"}]},{\"@type\":\"WebSite\",\"@id\":\"https:\/\/waracomunicaciones.com\/#website\",\"url\":\"https:\/\/waracomunicaciones.com\/\",\"name\":\"Wara Comunicaciones\",\"description\":\"\",\"publisher\":{\"@id\":\"https:\/\/waracomunicaciones.com\/#organization\"},\"potentialAction\":[{\"@type\":\"SearchAction\",\"target\":{\"@type\":\"EntryPoint\",\"urlTemplate\":\"https:\/\/waracomunicaciones.com\/?s={search_term_string}\"},\"query-input\":{\"@type\":\"PropertyValueSpecification\",\"valueRequired\":true,\"valueName\":\"search_term_string\"}}],\"inLanguage\":\"es\"},{\"@type\":\"Organization\",\"@id\":\"https:\/\/waracomunicaciones.com\/#organization\",\"name\":\"Wara Comunicaciones\",\"url\":\"https:\/\/waracomunicaciones.com\/\",\"logo\":{\"@type\":\"ImageObject\",\"inLanguage\":\"es\",\"@id\":\"https:\/\/waracomunicaciones.com\/#\/schema\/logo\/image\/\",\"url\":\"https:\/\/waracomunicaciones.com\/wp-content\/uploads\/2025\/07\/logo.png\",\"contentUrl\":\"https:\/\/waracomunicaciones.com\/wp-content\/uploads\/2025\/07\/logo.png\",\"width\":400,\"height\":164,\"caption\":\"Wara Comunicaciones\"},\"image\":{\"@id\":\"https:\/\/waracomunicaciones.com\/#\/schema\/logo\/image\/\"},\"sameAs\":[\"https:\/\/www.facebook.com\/waracomunicaciones2017\"]},{\"@type\":\"Person\",\"@id\":\"https:\/\/waracomunicaciones.com\/#\/schema\/person\/cbfc6e874b874c69982b6f254108e9f0\",\"name\":\"Tom\u00e1s Coca\",\"image\":{\"@type\":\"ImageObject\",\"inLanguage\":\"es\",\"@id\":\"https:\/\/waracomunicaciones.com\/#\/schema\/person\/image\/\",\"url\":\"https:\/\/secure.gravatar.com\/avatar\/482131bd67ce2dac1261229602fd0c47826af81f4ac6608b066b29cac2a6e65d?s=96&d=mm&r=g\",\"contentUrl\":\"https:\/\/secure.gravatar.com\/avatar\/482131bd67ce2dac1261229602fd0c47826af81f4ac6608b066b29cac2a6e65d?s=96&d=mm&r=g\",\"caption\":\"Tom\u00e1s Coca\"},\"sameAs\":[\"https:\/\/waracomunicaciones.com\"],\"url\":\"https:\/\/waracomunicaciones.com\/?author=2\"}]}<\/script>\n<!-- \/ Yoast SEO Premium plugin. -->","yoast_head_json":{"title":"Tom\u00e1s Coca cuestiona la estrategia de campa\u00f1a de los principales candidatos a la alcald\u00eda - Wara Comunicaciones","robots":{"index":"index","follow":"follow","max-snippet":"max-snippet:-1","max-image-preview":"max-image-preview:large","max-video-preview":"max-video-preview:-1"},"canonical":"https:\/\/waracomunicaciones.com\/?p=1525","og_locale":"es_ES","og_type":"article","og_title":"Tom\u00e1s Coca cuestiona la estrategia de campa\u00f1a de los principales candidatos a la alcald\u00eda","og_description":"El periodista y candidato a concejal por la Alianza TODOS Tom\u00e1s Coca expres\u00f3 cuestionamientos sobre la forma en que se est\u00e1n desarrollando las campa\u00f1as electorales rumbo a las elecciones municipales en Montero, se\u00f1alando la necesidad de evaluar con mayor rigurosidad t\u00e9cnica el desempe\u00f1o de los candidatos y sus estrategias pol\u00edticas.","og_url":"https:\/\/waracomunicaciones.com\/?p=1525","og_site_name":"Wara Comunicaciones","article_publisher":"https:\/\/www.facebook.com\/waracomunicaciones2017","article_published_time":"2026-03-06T12:46:00+00:00","article_modified_time":"2026-03-06T13:51:54+00:00","og_image":[{"width":251,"height":519,"url":"https:\/\/waracomunicaciones.com\/wp-content\/uploads\/2026\/03\/Tomas-6-mar-26.webp","type":"image\/webp"}],"author":"Tom\u00e1s Coca","twitter_card":"summary_large_image","twitter_misc":{"Escrito por":"Tom\u00e1s Coca","Tiempo de lectura":"3 minutos"},"schema":{"@context":"https:\/\/schema.org","@graph":[{"@type":"Article","@id":"https:\/\/waracomunicaciones.com\/?p=1525#article","isPartOf":{"@id":"https:\/\/waracomunicaciones.com\/?p=1525"},"author":{"name":"Tom\u00e1s Coca","@id":"https:\/\/waracomunicaciones.com\/#\/schema\/person\/cbfc6e874b874c69982b6f254108e9f0"},"headline":"Tom\u00e1s Coca cuestiona la estrategia de campa\u00f1a de los principales candidatos a la alcald\u00eda","datePublished":"2026-03-06T12:46:00+00:00","dateModified":"2026-03-06T13:51:54+00:00","mainEntityOfPage":{"@id":"https:\/\/waracomunicaciones.com\/?p=1525"},"wordCount":585,"commentCount":0,"publisher":{"@id":"https:\/\/waracomunicaciones.com\/#organization"},"image":{"@id":"https:\/\/waracomunicaciones.com\/?p=1525#primaryimage"},"thumbnailUrl":"https:\/\/waracomunicaciones.com\/wp-content\/uploads\/2026\/03\/Tomas-6-mar-26.webp","keywords":["Eleccciones Subnacionales","Montero"],"articleSection":["Pol\u00edtica"],"inLanguage":"es","potentialAction":[{"@type":"CommentAction","name":"Comment","target":["https:\/\/waracomunicaciones.com\/?p=1525#respond"]}]},{"@type":"WebPage","@id":"https:\/\/waracomunicaciones.com\/?p=1525","url":"https:\/\/waracomunicaciones.com\/?p=1525","name":"Tom\u00e1s Coca cuestiona la estrategia de campa\u00f1a de los principales candidatos a la alcald\u00eda - Wara Comunicaciones","isPartOf":{"@id":"https:\/\/waracomunicaciones.com\/#website"},"primaryImageOfPage":{"@id":"https:\/\/waracomunicaciones.com\/?p=1525#primaryimage"},"image":{"@id":"https:\/\/waracomunicaciones.com\/?p=1525#primaryimage"},"thumbnailUrl":"https:\/\/waracomunicaciones.com\/wp-content\/uploads\/2026\/03\/Tomas-6-mar-26.webp","datePublished":"2026-03-06T12:46:00+00:00","dateModified":"2026-03-06T13:51:54+00:00","breadcrumb":{"@id":"https:\/\/waracomunicaciones.com\/?p=1525#breadcrumb"},"inLanguage":"es","potentialAction":[{"@type":"ReadAction","target":["https:\/\/waracomunicaciones.com\/?p=1525"]}]},{"@type":"ImageObject","inLanguage":"es","@id":"https:\/\/waracomunicaciones.com\/?p=1525#primaryimage","url":"https:\/\/waracomunicaciones.com\/wp-content\/uploads\/2026\/03\/Tomas-6-mar-26.webp","contentUrl":"https:\/\/waracomunicaciones.com\/wp-content\/uploads\/2026\/03\/Tomas-6-mar-26.webp","width":251,"height":519},{"@type":"BreadcrumbList","@id":"https:\/\/waracomunicaciones.com\/?p=1525#breadcrumb","itemListElement":[{"@type":"ListItem","position":1,"name":"Portada","item":"https:\/\/waracomunicaciones.com\/"},{"@type":"ListItem","position":2,"name":"Tom\u00e1s Coca cuestiona la estrategia de campa\u00f1a de los principales candidatos a la alcald\u00eda"}]},{"@type":"WebSite","@id":"https:\/\/waracomunicaciones.com\/#website","url":"https:\/\/waracomunicaciones.com\/","name":"Wara Comunicaciones","description":"","publisher":{"@id":"https:\/\/waracomunicaciones.com\/#organization"},"potentialAction":[{"@type":"SearchAction","target":{"@type":"EntryPoint","urlTemplate":"https:\/\/waracomunicaciones.com\/?s={search_term_string}"},"query-input":{"@type":"PropertyValueSpecification","valueRequired":true,"valueName":"search_term_string"}}],"inLanguage":"es"},{"@type":"Organization","@id":"https:\/\/waracomunicaciones.com\/#organization","name":"Wara Comunicaciones","url":"https:\/\/waracomunicaciones.com\/","logo":{"@type":"ImageObject","inLanguage":"es","@id":"https:\/\/waracomunicaciones.com\/#\/schema\/logo\/image\/","url":"https:\/\/waracomunicaciones.com\/wp-content\/uploads\/2025\/07\/logo.png","contentUrl":"https:\/\/waracomunicaciones.com\/wp-content\/uploads\/2025\/07\/logo.png","width":400,"height":164,"caption":"Wara Comunicaciones"},"image":{"@id":"https:\/\/waracomunicaciones.com\/#\/schema\/logo\/image\/"},"sameAs":["https:\/\/www.facebook.com\/waracomunicaciones2017"]},{"@type":"Person","@id":"https:\/\/waracomunicaciones.com\/#\/schema\/person\/cbfc6e874b874c69982b6f254108e9f0","name":"Tom\u00e1s Coca","image":{"@type":"ImageObject","inLanguage":"es","@id":"https:\/\/waracomunicaciones.com\/#\/schema\/person\/image\/","url":"https:\/\/secure.gravatar.com\/avatar\/482131bd67ce2dac1261229602fd0c47826af81f4ac6608b066b29cac2a6e65d?s=96&d=mm&r=g","contentUrl":"https:\/\/secure.gravatar.com\/avatar\/482131bd67ce2dac1261229602fd0c47826af81f4ac6608b066b29cac2a6e65d?s=96&d=mm&r=g","caption":"Tom\u00e1s Coca"},"sameAs":["https:\/\/waracomunicaciones.com"],"url":"https:\/\/waracomunicaciones.com\/?author=2"}]}},"_links":{"self":[{"href":"https:\/\/waracomunicaciones.com\/index.php?rest_route=\/wp\/v2\/posts\/1525","targetHints":{"allow":["GET"]}}],"collection":[{"href":"https:\/\/waracomunicaciones.com\/index.php?rest_route=\/wp\/v2\/posts"}],"about":[{"href":"https:\/\/waracomunicaciones.com\/index.php?rest_route=\/wp\/v2\/types\/post"}],"author":[{"embeddable":true,"href":"https:\/\/waracomunicaciones.com\/index.php?rest_route=\/wp\/v2\/users\/2"}],"replies":[{"embeddable":true,"href":"https:\/\/waracomunicaciones.com\/index.php?rest_route=%2Fwp%2Fv2%2Fcomments&post=1525"}],"version-history":[{"count":2,"href":"https:\/\/waracomunicaciones.com\/index.php?rest_route=\/wp\/v2\/posts\/1525\/revisions"}],"predecessor-version":[{"id":1530,"href":"https:\/\/waracomunicaciones.com\/index.php?rest_route=\/wp\/v2\/posts\/1525\/revisions\/1530"}],"wp:attachment":[{"href":"https:\/\/waracomunicaciones.com\/index.php?rest_route=%2Fwp%2Fv2%2Fmedia&parent=1525"}],"wp:term":[{"taxonomy":"category","embeddable":true,"href":"https:\/\/waracomunicaciones.com\/index.php?rest_route=%2Fwp%2Fv2%2Fcategories&post=1525"},{"taxonomy":"post_tag","embeddable":true,"href":"https:\/\/waracomunicaciones.com\/index.php?rest_route=%2Fwp%2Fv2%2Ftags&post=1525"}],"curies":[{"name":"wp","href":"https:\/\/api.w.org\/{rel}","templated":true}]}}