{"id":1522,"date":"2026-03-05T10:05:28","date_gmt":"2026-03-05T14:05:28","guid":{"rendered":"https:\/\/waracomunicaciones.com\/?p=1522"},"modified":"2026-03-05T10:05:29","modified_gmt":"2026-03-05T14:05:29","slug":"jefe-de-campana-de-unidad-por-la-patria-afirma-que-pablo-reynoso-tiene-altas-posibilidades-de-ganar-la-alcaldia","status":"publish","type":"post","link":"https:\/\/waracomunicaciones.com\/?p=1522","title":{"rendered":"Jefe de campa\u00f1a de Unidad por la Patria afirma que Pablo Reynoso tiene altas posibilidades de ganar la alcald\u00eda"},"content":{"rendered":"\n<figure class=\"wp-block-image size-large\"><img loading=\"lazy\" decoding=\"async\" width=\"1024\" height=\"589\" src=\"https:\/\/waracomunicaciones.com\/wp-content\/uploads\/2026\/03\/Vaca-5-mar-26-1024x589.webp\" alt=\"\" class=\"wp-image-1523\" srcset=\"https:\/\/waracomunicaciones.com\/wp-content\/uploads\/2026\/03\/Vaca-5-mar-26-1024x589.webp 1024w, https:\/\/waracomunicaciones.com\/wp-content\/uploads\/2026\/03\/Vaca-5-mar-26-300x173.webp 300w, https:\/\/waracomunicaciones.com\/wp-content\/uploads\/2026\/03\/Vaca-5-mar-26-768x442.webp 768w, https:\/\/waracomunicaciones.com\/wp-content\/uploads\/2026\/03\/Vaca-5-mar-26.webp 1238w\" sizes=\"auto, (max-width: 1024px) 100vw, 1024px\" \/><figcaption class=\"wp-element-caption\">Foto gentileza RUA<\/figcaption><\/figure>\n\n\n<p><strong>Montero, 5 de marzo de 2026.\u2013<\/strong> El jefe de campa\u00f1a de la agrupaci\u00f3n <strong>Unidad por la Patria<\/strong>, <strong>William Vaca<\/strong>, afirm\u00f3 que su organizaci\u00f3n pol\u00edtica se encuentra en una posici\u00f3n favorable de cara a las elecciones municipales y asegur\u00f3 que el candidato a la alcald\u00eda, <strong>Pablo Reynoso<\/strong>, cuenta con altas probabilidades de triunfo.<!--more--><\/p>\n<p>Vaca explic\u00f3 que el equipo pol\u00edtico realiz\u00f3 un muestreo interno con el objetivo de evaluar el posicionamiento del candidato y definir las zonas donde se intensificar\u00e1 el trabajo de campa\u00f1a.<\/p>\n<p>\u201cNosotros hemos hecho un muestreo, no es una encuesta, sino un an\u00e1lisis para determinar la potencialidad y las \u00e1reas en las que podemos entrar con mayor intervenci\u00f3n. Estamos bien y tenemos la certeza de que vamos a ganar\u201d, se\u00f1al\u00f3.<\/p>\n<h3>Perfil del candidato<\/h3>\n<p>El jefe de campa\u00f1a destac\u00f3 que Reynoso es un profesional que hasta ahora no hab\u00eda participado activamente en pol\u00edtica, ya que su trayectoria se ha desarrollado principalmente en el \u00e1mbito empresarial y educativo.<\/p>\n<p>El candidato es <strong>ingeniero comercial con maestr\u00eda en Econom\u00eda<\/strong>, adem\u00e1s de empresario y promotor educativo a trav\u00e9s del <strong>colegio Ren\u00e9 Moreno<\/strong>, instituci\u00f3n que dirige en la ciudad.<\/p>\n<p>Seg\u00fan Vaca, Reynoso tambi\u00e9n participa junto a su familia en actividades empresariales y agr\u00edcolas, con inversiones que \u2014seg\u00fan afirm\u00f3\u2014 se mantienen dentro del municipio.<\/p>\n<p>\u201cSon personas que reinvierten sus recursos en Montero y generan fuentes de trabajo aqu\u00ed. Pablo no necesita entrar en pol\u00edtica para mejorar su econom\u00eda; lo que busca es demostrar que se puede administrar con austeridad y cambiar el rumbo del municipio\u201d, sostuvo.<\/p>\n<h3>Pol\u00e9mica por denuncias<\/h3>\n<p>Consultado sobre denuncias difundidas en redes sociales por una mujer que asegur\u00f3 haber sido considerada para una candidatura a concejal, Vaca neg\u00f3 que exista alg\u00fan compromiso previo con esa persona.<\/p>\n<p>El jefe de campa\u00f1a afirm\u00f3 que Reynoso no asumi\u00f3 acuerdos para otorgar candidaturas y rechaz\u00f3 las acusaciones de discriminaci\u00f3n o incumplimiento.<\/p>\n<p>\u201cPablo no ten\u00eda ning\u00fan compromiso con nadie. Si alguien dice lo contrario, que muestre los documentos. Ni siquiera yo, como jefe de campa\u00f1a, conozco a esa persona\u201d, manifest\u00f3.<\/p>\n<h3>Prioridades del plan de gobierno<\/h3>\n<p>Finalmente, Vaca adelant\u00f3 que uno de los principales ejes del programa municipal de Reynoso ser\u00e1 enfrentar el <strong>desempleo<\/strong> y la <strong>informalidad laboral<\/strong> en el municipio de Montero.<\/p>\n<p>No obstante, indic\u00f3 que los detalles del plan de gobierno ser\u00e1n presentados oficialmente por el propio candidato en un acto p\u00fablico programado para la jornada.<\/p>\n<p>\u00a0<\/p><div style=\"margin-top: 0px; margin-bottom: 0px;\" class=\"sharethis-inline-reaction-buttons\" ><\/div>","protected":false},"excerpt":{"rendered":"<p>Montero, 5 de marzo de 2026.\u2013 El jefe de campa\u00f1a de la agrupaci\u00f3n Unidad por la Patria, William Vaca, afirm\u00f3 que su organizaci\u00f3n pol\u00edtica se encuentra en una posici\u00f3n favorable de cara a las elecciones municipales y asegur\u00f3 que el candidato a la alcald\u00eda, Pablo Reynoso, cuenta con altas probabilidades de triunfo.<\/p>\n","protected":false},"author":2,"featured_media":0,"comment_status":"open","ping_status":"open","sticky":false,"template":"","format":"standard","meta":{"footnotes":""},"categories":[42],"tags":[],"class_list":["post-1522","post","type-post","status-publish","format-standard","hentry","category-politica"],"yoast_head":"<!-- This site is optimized with the Yoast SEO Premium plugin v25.5 (Yoast SEO v27.1.1) - https:\/\/yoast.com\/product\/yoast-seo-premium-wordpress\/ -->\n<title>Jefe de campa\u00f1a de Unidad por la Patria afirma que Pablo Reynoso tiene altas posibilidades de ganar la alcald\u00eda - Wara Comunicaciones<\/title>\n<meta name=\"robots\" content=\"index, follow, max-snippet:-1, max-image-preview:large, max-video-preview:-1\" \/>\n<link rel=\"canonical\" href=\"https:\/\/waracomunicaciones.com\/?p=1522\" \/>\n<meta property=\"og:locale\" content=\"es_ES\" \/>\n<meta property=\"og:type\" content=\"article\" \/>\n<meta property=\"og:title\" content=\"Jefe de campa\u00f1a de Unidad por la Patria afirma que Pablo Reynoso tiene altas posibilidades de ganar la alcald\u00eda\" \/>\n<meta property=\"og:description\" content=\"Montero, 5 de marzo de 2026.\u2013 El jefe de campa\u00f1a de la agrupaci\u00f3n Unidad por la Patria, William Vaca, afirm\u00f3 que su organizaci\u00f3n pol\u00edtica se encuentra en una posici\u00f3n favorable de cara a las elecciones municipales y asegur\u00f3 que el candidato a la alcald\u00eda, Pablo Reynoso, cuenta con altas probabilidades de triunfo.\" \/>\n<meta property=\"og:url\" content=\"https:\/\/waracomunicaciones.com\/?p=1522\" \/>\n<meta property=\"og:site_name\" content=\"Wara Comunicaciones\" \/>\n<meta property=\"article:publisher\" content=\"https:\/\/www.facebook.com\/waracomunicaciones2017\" \/>\n<meta property=\"article:published_time\" content=\"2026-03-05T14:05:28+00:00\" \/>\n<meta property=\"article:modified_time\" content=\"2026-03-05T14:05:29+00:00\" \/>\n<meta property=\"og:image\" content=\"https:\/\/waracomunicaciones.com\/wp-content\/uploads\/2026\/03\/Vaca-5-mar-26.webp\" \/>\n\t<meta property=\"og:image:width\" content=\"1238\" \/>\n\t<meta property=\"og:image:height\" content=\"712\" \/>\n\t<meta property=\"og:image:type\" content=\"image\/webp\" \/>\n<meta name=\"author\" content=\"Tom\u00e1s Coca\" \/>\n<meta name=\"twitter:card\" content=\"summary_large_image\" \/>\n<meta name=\"twitter:label1\" content=\"Escrito por\" \/>\n\t<meta name=\"twitter:data1\" content=\"Tom\u00e1s Coca\" \/>\n\t<meta name=\"twitter:label2\" content=\"Tiempo de lectura\" \/>\n\t<meta name=\"twitter:data2\" content=\"2 minutos\" \/>\n<script type=\"application\/ld+json\" class=\"yoast-schema-graph\">{\"@context\":\"https:\/\/schema.org\",\"@graph\":[{\"@type\":\"Article\",\"@id\":\"https:\/\/waracomunicaciones.com\/?p=1522#article\",\"isPartOf\":{\"@id\":\"https:\/\/waracomunicaciones.com\/?p=1522\"},\"author\":{\"name\":\"Tom\u00e1s Coca\",\"@id\":\"https:\/\/waracomunicaciones.com\/#\/schema\/person\/cbfc6e874b874c69982b6f254108e9f0\"},\"headline\":\"Jefe de campa\u00f1a de Unidad por la Patria afirma que Pablo Reynoso tiene altas posibilidades de ganar la alcald\u00eda\",\"datePublished\":\"2026-03-05T14:05:28+00:00\",\"dateModified\":\"2026-03-05T14:05:29+00:00\",\"mainEntityOfPage\":{\"@id\":\"https:\/\/waracomunicaciones.com\/?p=1522\"},\"wordCount\":445,\"commentCount\":0,\"publisher\":{\"@id\":\"https:\/\/waracomunicaciones.com\/#organization\"},\"image\":{\"@id\":\"https:\/\/waracomunicaciones.com\/?p=1522#primaryimage\"},\"thumbnailUrl\":\"https:\/\/waracomunicaciones.com\/wp-content\/uploads\/2026\/03\/Vaca-5-mar-26-1024x589.webp\",\"articleSection\":[\"Pol\u00edtica\"],\"inLanguage\":\"es\",\"potentialAction\":[{\"@type\":\"CommentAction\",\"name\":\"Comment\",\"target\":[\"https:\/\/waracomunicaciones.com\/?p=1522#respond\"]}]},{\"@type\":\"WebPage\",\"@id\":\"https:\/\/waracomunicaciones.com\/?p=1522\",\"url\":\"https:\/\/waracomunicaciones.com\/?p=1522\",\"name\":\"Jefe de campa\u00f1a de Unidad por la Patria afirma que Pablo Reynoso tiene altas posibilidades de ganar la alcald\u00eda - Wara Comunicaciones\",\"isPartOf\":{\"@id\":\"https:\/\/waracomunicaciones.com\/#website\"},\"primaryImageOfPage\":{\"@id\":\"https:\/\/waracomunicaciones.com\/?p=1522#primaryimage\"},\"image\":{\"@id\":\"https:\/\/waracomunicaciones.com\/?p=1522#primaryimage\"},\"thumbnailUrl\":\"https:\/\/waracomunicaciones.com\/wp-content\/uploads\/2026\/03\/Vaca-5-mar-26-1024x589.webp\",\"datePublished\":\"2026-03-05T14:05:28+00:00\",\"dateModified\":\"2026-03-05T14:05:29+00:00\",\"breadcrumb\":{\"@id\":\"https:\/\/waracomunicaciones.com\/?p=1522#breadcrumb\"},\"inLanguage\":\"es\",\"potentialAction\":[{\"@type\":\"ReadAction\",\"target\":[\"https:\/\/waracomunicaciones.com\/?p=1522\"]}]},{\"@type\":\"ImageObject\",\"inLanguage\":\"es\",\"@id\":\"https:\/\/waracomunicaciones.com\/?p=1522#primaryimage\",\"url\":\"https:\/\/waracomunicaciones.com\/wp-content\/uploads\/2026\/03\/Vaca-5-mar-26.webp\",\"contentUrl\":\"https:\/\/waracomunicaciones.com\/wp-content\/uploads\/2026\/03\/Vaca-5-mar-26.webp\",\"width\":1238,\"height\":712},{\"@type\":\"BreadcrumbList\",\"@id\":\"https:\/\/waracomunicaciones.com\/?p=1522#breadcrumb\",\"itemListElement\":[{\"@type\":\"ListItem\",\"position\":1,\"name\":\"Portada\",\"item\":\"https:\/\/waracomunicaciones.com\/\"},{\"@type\":\"ListItem\",\"position\":2,\"name\":\"Jefe de campa\u00f1a de Unidad por la Patria afirma que Pablo Reynoso tiene altas posibilidades de ganar la alcald\u00eda\"}]},{\"@type\":\"WebSite\",\"@id\":\"https:\/\/waracomunicaciones.com\/#website\",\"url\":\"https:\/\/waracomunicaciones.com\/\",\"name\":\"Wara Comunicaciones\",\"description\":\"\",\"publisher\":{\"@id\":\"https:\/\/waracomunicaciones.com\/#organization\"},\"potentialAction\":[{\"@type\":\"SearchAction\",\"target\":{\"@type\":\"EntryPoint\",\"urlTemplate\":\"https:\/\/waracomunicaciones.com\/?s={search_term_string}\"},\"query-input\":{\"@type\":\"PropertyValueSpecification\",\"valueRequired\":true,\"valueName\":\"search_term_string\"}}],\"inLanguage\":\"es\"},{\"@type\":\"Organization\",\"@id\":\"https:\/\/waracomunicaciones.com\/#organization\",\"name\":\"Wara Comunicaciones\",\"url\":\"https:\/\/waracomunicaciones.com\/\",\"logo\":{\"@type\":\"ImageObject\",\"inLanguage\":\"es\",\"@id\":\"https:\/\/waracomunicaciones.com\/#\/schema\/logo\/image\/\",\"url\":\"https:\/\/waracomunicaciones.com\/wp-content\/uploads\/2025\/07\/logo.png\",\"contentUrl\":\"https:\/\/waracomunicaciones.com\/wp-content\/uploads\/2025\/07\/logo.png\",\"width\":400,\"height\":164,\"caption\":\"Wara Comunicaciones\"},\"image\":{\"@id\":\"https:\/\/waracomunicaciones.com\/#\/schema\/logo\/image\/\"},\"sameAs\":[\"https:\/\/www.facebook.com\/waracomunicaciones2017\"]},{\"@type\":\"Person\",\"@id\":\"https:\/\/waracomunicaciones.com\/#\/schema\/person\/cbfc6e874b874c69982b6f254108e9f0\",\"name\":\"Tom\u00e1s Coca\",\"image\":{\"@type\":\"ImageObject\",\"inLanguage\":\"es\",\"@id\":\"https:\/\/waracomunicaciones.com\/#\/schema\/person\/image\/\",\"url\":\"https:\/\/secure.gravatar.com\/avatar\/482131bd67ce2dac1261229602fd0c47826af81f4ac6608b066b29cac2a6e65d?s=96&d=mm&r=g\",\"contentUrl\":\"https:\/\/secure.gravatar.com\/avatar\/482131bd67ce2dac1261229602fd0c47826af81f4ac6608b066b29cac2a6e65d?s=96&d=mm&r=g\",\"caption\":\"Tom\u00e1s Coca\"},\"sameAs\":[\"https:\/\/waracomunicaciones.com\"],\"url\":\"https:\/\/waracomunicaciones.com\/?author=2\"}]}<\/script>\n<!-- \/ Yoast SEO Premium plugin. -->","yoast_head_json":{"title":"Jefe de campa\u00f1a de Unidad por la Patria afirma que Pablo Reynoso tiene altas posibilidades de ganar la alcald\u00eda - Wara Comunicaciones","robots":{"index":"index","follow":"follow","max-snippet":"max-snippet:-1","max-image-preview":"max-image-preview:large","max-video-preview":"max-video-preview:-1"},"canonical":"https:\/\/waracomunicaciones.com\/?p=1522","og_locale":"es_ES","og_type":"article","og_title":"Jefe de campa\u00f1a de Unidad por la Patria afirma que Pablo Reynoso tiene altas posibilidades de ganar la alcald\u00eda","og_description":"Montero, 5 de marzo de 2026.\u2013 El jefe de campa\u00f1a de la agrupaci\u00f3n Unidad por la Patria, William Vaca, afirm\u00f3 que su organizaci\u00f3n pol\u00edtica se encuentra en una posici\u00f3n favorable de cara a las elecciones municipales y asegur\u00f3 que el candidato a la alcald\u00eda, Pablo Reynoso, cuenta con altas probabilidades de triunfo.","og_url":"https:\/\/waracomunicaciones.com\/?p=1522","og_site_name":"Wara Comunicaciones","article_publisher":"https:\/\/www.facebook.com\/waracomunicaciones2017","article_published_time":"2026-03-05T14:05:28+00:00","article_modified_time":"2026-03-05T14:05:29+00:00","og_image":[{"width":1238,"height":712,"url":"https:\/\/waracomunicaciones.com\/wp-content\/uploads\/2026\/03\/Vaca-5-mar-26.webp","type":"image\/webp"}],"author":"Tom\u00e1s Coca","twitter_card":"summary_large_image","twitter_misc":{"Escrito por":"Tom\u00e1s Coca","Tiempo de lectura":"2 minutos"},"schema":{"@context":"https:\/\/schema.org","@graph":[{"@type":"Article","@id":"https:\/\/waracomunicaciones.com\/?p=1522#article","isPartOf":{"@id":"https:\/\/waracomunicaciones.com\/?p=1522"},"author":{"name":"Tom\u00e1s Coca","@id":"https:\/\/waracomunicaciones.com\/#\/schema\/person\/cbfc6e874b874c69982b6f254108e9f0"},"headline":"Jefe de campa\u00f1a de Unidad por la Patria afirma que Pablo Reynoso tiene altas posibilidades de ganar la alcald\u00eda","datePublished":"2026-03-05T14:05:28+00:00","dateModified":"2026-03-05T14:05:29+00:00","mainEntityOfPage":{"@id":"https:\/\/waracomunicaciones.com\/?p=1522"},"wordCount":445,"commentCount":0,"publisher":{"@id":"https:\/\/waracomunicaciones.com\/#organization"},"image":{"@id":"https:\/\/waracomunicaciones.com\/?p=1522#primaryimage"},"thumbnailUrl":"https:\/\/waracomunicaciones.com\/wp-content\/uploads\/2026\/03\/Vaca-5-mar-26-1024x589.webp","articleSection":["Pol\u00edtica"],"inLanguage":"es","potentialAction":[{"@type":"CommentAction","name":"Comment","target":["https:\/\/waracomunicaciones.com\/?p=1522#respond"]}]},{"@type":"WebPage","@id":"https:\/\/waracomunicaciones.com\/?p=1522","url":"https:\/\/waracomunicaciones.com\/?p=1522","name":"Jefe de campa\u00f1a de Unidad por la Patria afirma que Pablo Reynoso tiene altas posibilidades de ganar la alcald\u00eda - Wara Comunicaciones","isPartOf":{"@id":"https:\/\/waracomunicaciones.com\/#website"},"primaryImageOfPage":{"@id":"https:\/\/waracomunicaciones.com\/?p=1522#primaryimage"},"image":{"@id":"https:\/\/waracomunicaciones.com\/?p=1522#primaryimage"},"thumbnailUrl":"https:\/\/waracomunicaciones.com\/wp-content\/uploads\/2026\/03\/Vaca-5-mar-26-1024x589.webp","datePublished":"2026-03-05T14:05:28+00:00","dateModified":"2026-03-05T14:05:29+00:00","breadcrumb":{"@id":"https:\/\/waracomunicaciones.com\/?p=1522#breadcrumb"},"inLanguage":"es","potentialAction":[{"@type":"ReadAction","target":["https:\/\/waracomunicaciones.com\/?p=1522"]}]},{"@type":"ImageObject","inLanguage":"es","@id":"https:\/\/waracomunicaciones.com\/?p=1522#primaryimage","url":"https:\/\/waracomunicaciones.com\/wp-content\/uploads\/2026\/03\/Vaca-5-mar-26.webp","contentUrl":"https:\/\/waracomunicaciones.com\/wp-content\/uploads\/2026\/03\/Vaca-5-mar-26.webp","width":1238,"height":712},{"@type":"BreadcrumbList","@id":"https:\/\/waracomunicaciones.com\/?p=1522#breadcrumb","itemListElement":[{"@type":"ListItem","position":1,"name":"Portada","item":"https:\/\/waracomunicaciones.com\/"},{"@type":"ListItem","position":2,"name":"Jefe de campa\u00f1a de Unidad por la Patria afirma que Pablo Reynoso tiene altas posibilidades de ganar la alcald\u00eda"}]},{"@type":"WebSite","@id":"https:\/\/waracomunicaciones.com\/#website","url":"https:\/\/waracomunicaciones.com\/","name":"Wara Comunicaciones","description":"","publisher":{"@id":"https:\/\/waracomunicaciones.com\/#organization"},"potentialAction":[{"@type":"SearchAction","target":{"@type":"EntryPoint","urlTemplate":"https:\/\/waracomunicaciones.com\/?s={search_term_string}"},"query-input":{"@type":"PropertyValueSpecification","valueRequired":true,"valueName":"search_term_string"}}],"inLanguage":"es"},{"@type":"Organization","@id":"https:\/\/waracomunicaciones.com\/#organization","name":"Wara Comunicaciones","url":"https:\/\/waracomunicaciones.com\/","logo":{"@type":"ImageObject","inLanguage":"es","@id":"https:\/\/waracomunicaciones.com\/#\/schema\/logo\/image\/","url":"https:\/\/waracomunicaciones.com\/wp-content\/uploads\/2025\/07\/logo.png","contentUrl":"https:\/\/waracomunicaciones.com\/wp-content\/uploads\/2025\/07\/logo.png","width":400,"height":164,"caption":"Wara Comunicaciones"},"image":{"@id":"https:\/\/waracomunicaciones.com\/#\/schema\/logo\/image\/"},"sameAs":["https:\/\/www.facebook.com\/waracomunicaciones2017"]},{"@type":"Person","@id":"https:\/\/waracomunicaciones.com\/#\/schema\/person\/cbfc6e874b874c69982b6f254108e9f0","name":"Tom\u00e1s Coca","image":{"@type":"ImageObject","inLanguage":"es","@id":"https:\/\/waracomunicaciones.com\/#\/schema\/person\/image\/","url":"https:\/\/secure.gravatar.com\/avatar\/482131bd67ce2dac1261229602fd0c47826af81f4ac6608b066b29cac2a6e65d?s=96&d=mm&r=g","contentUrl":"https:\/\/secure.gravatar.com\/avatar\/482131bd67ce2dac1261229602fd0c47826af81f4ac6608b066b29cac2a6e65d?s=96&d=mm&r=g","caption":"Tom\u00e1s Coca"},"sameAs":["https:\/\/waracomunicaciones.com"],"url":"https:\/\/waracomunicaciones.com\/?author=2"}]}},"_links":{"self":[{"href":"https:\/\/waracomunicaciones.com\/index.php?rest_route=\/wp\/v2\/posts\/1522","targetHints":{"allow":["GET"]}}],"collection":[{"href":"https:\/\/waracomunicaciones.com\/index.php?rest_route=\/wp\/v2\/posts"}],"about":[{"href":"https:\/\/waracomunicaciones.com\/index.php?rest_route=\/wp\/v2\/types\/post"}],"author":[{"embeddable":true,"href":"https:\/\/waracomunicaciones.com\/index.php?rest_route=\/wp\/v2\/users\/2"}],"replies":[{"embeddable":true,"href":"https:\/\/waracomunicaciones.com\/index.php?rest_route=%2Fwp%2Fv2%2Fcomments&post=1522"}],"version-history":[{"count":1,"href":"https:\/\/waracomunicaciones.com\/index.php?rest_route=\/wp\/v2\/posts\/1522\/revisions"}],"predecessor-version":[{"id":1524,"href":"https:\/\/waracomunicaciones.com\/index.php?rest_route=\/wp\/v2\/posts\/1522\/revisions\/1524"}],"wp:attachment":[{"href":"https:\/\/waracomunicaciones.com\/index.php?rest_route=%2Fwp%2Fv2%2Fmedia&parent=1522"}],"wp:term":[{"taxonomy":"category","embeddable":true,"href":"https:\/\/waracomunicaciones.com\/index.php?rest_route=%2Fwp%2Fv2%2Fcategories&post=1522"},{"taxonomy":"post_tag","embeddable":true,"href":"https:\/\/waracomunicaciones.com\/index.php?rest_route=%2Fwp%2Fv2%2Ftags&post=1522"}],"curies":[{"name":"wp","href":"https:\/\/api.w.org\/{rel}","templated":true}]}}