{"id":1519,"date":"2026-03-05T09:43:43","date_gmt":"2026-03-05T13:43:43","guid":{"rendered":"https:\/\/waracomunicaciones.com\/?p=1519"},"modified":"2026-03-05T09:43:44","modified_gmt":"2026-03-05T13:43:44","slug":"alexander-quinones-abogado-y-candidato-a-concejal-por-la-alianza-todos-analiza-el-nuevo-escenario-electoral-en-montero","status":"publish","type":"post","link":"https:\/\/waracomunicaciones.com\/?p=1519","title":{"rendered":"Alexander Qui\u00f1ones, abogado y candidato a concejal por la Alianza Todos, analiza el nuevo escenario electoral en Montero"},"content":{"rendered":"\n<figure class=\"wp-block-image size-full\"><img loading=\"lazy\" decoding=\"async\" width=\"652\" height=\"652\" src=\"https:\/\/waracomunicaciones.com\/wp-content\/uploads\/2026\/03\/Quinones-5-mar-26.webp\" alt=\"\" class=\"wp-image-1520\" srcset=\"https:\/\/waracomunicaciones.com\/wp-content\/uploads\/2026\/03\/Quinones-5-mar-26.webp 652w, https:\/\/waracomunicaciones.com\/wp-content\/uploads\/2026\/03\/Quinones-5-mar-26-300x300.webp 300w, https:\/\/waracomunicaciones.com\/wp-content\/uploads\/2026\/03\/Quinones-5-mar-26-150x150.webp 150w\" sizes=\"auto, (max-width: 652px) 100vw, 652px\" \/><\/figure>\n\n\n<p>Montero 5 marzo 2026.\u2013 El abogado <strong>Alexander Qui\u00f1ones<\/strong>, candidato a concejal por la <strong>Alianza \u00a0TODOS<\/strong>, que acompa\u00f1a la candidatura a la alcald\u00eda de <strong>Santiago Valenzuela<\/strong>, se refiri\u00f3 al nuevo escenario pol\u00edtico tras la cancelaci\u00f3n de la personer\u00eda jur\u00eddica de las agrupaciones <strong>SOL<\/strong> y <strong>ASIP<\/strong>, asegurando que esta situaci\u00f3n reconfigura el panorama electoral en el municipio.<!--more--><\/p>\n<p>Durante una entrevista en <strong>Radio Wara Comunicaciones<\/strong>, Qui\u00f1ones aclar\u00f3 que la salida de estas agrupaciones del proceso electoral no es responsabilidad de otros candidatos ni de la poblaci\u00f3n, sino de los dirigentes de dichas organizaciones.<\/p>\n<p>\u201cEl pueblo tiene que saber que la cancelaci\u00f3n de la personer\u00eda jur\u00eddica de SOL y ASIP no es culpa de la Alianza Todos ni de los candidatos. Es exclusivamente responsabilidad de los due\u00f1os de esas siglas, porque la ley se hace para cumplirla, no para evadirla\u201d, afirm\u00f3.<\/p>\n<p>Seg\u00fan explic\u00f3, las agrupaciones conoc\u00edan previamente que la normativa electoral establece la p\u00e9rdida de la personer\u00eda jur\u00eddica cuando no se alcanza el <strong>3% de votaci\u00f3n en elecciones<\/strong>, por lo que consider\u00f3 que los candidatos que participaban bajo esas siglas fueron \u201cenga\u00f1ados\u201d.<\/p>\n<p>Qui\u00f1ones manifest\u00f3 adem\u00e1s su solidaridad con los postulantes que quedaron fuera de la contienda electoral. \u201cLa democracia significa que participen todos. Es uno de los hechos m\u00e1s trascendentales de cualquier Estado, porque a trav\u00e9s de ella nos gobernamos\u201d, se\u00f1al\u00f3.<\/p>\n<p><strong>Reconfiguraci\u00f3n del escenario pol\u00edtico<\/strong><\/p>\n<p>El candidato indic\u00f3 que la salida de una de las alianzas que representaban al llamado \u201cbloque popular\u201d podr\u00eda modificar la correlaci\u00f3n de fuerzas en la elecci\u00f3n municipal.<\/p>\n<p>\u201cHasta ayer hab\u00eda dos candidaturas que representaban al bloque popular: la alianza SOL y la alianza TODOS. Ahora, al no estar SOL, creemos que ese caudal de votaci\u00f3n se va a sumar al \u00fanico representante de ese sector, que es Santiago Valenzuela\u201d, sostuvo.<\/p>\n<p>En ese sentido, afirm\u00f3 que durante las recientes visitas a barrios de Montero perciben una mayor adhesi\u00f3n a su candidatura.<\/p>\n<p><strong>Campa\u00f1a en los barrios<\/strong><\/p>\n<p>Qui\u00f1ones explic\u00f3 que la campa\u00f1a electoral se est\u00e1 desarrollando principalmente en los barrios perif\u00e9ricos de la ciudad, priorizando el contacto directo con los vecinos.<\/p>\n<p>\u201cHemos empezado por los barrios populares de Montero, por aquellos lugares donde muchas veces las autoridades municipales ni siquiera llegan\u201d, indic\u00f3.<\/p>\n<p>Entre las propuestas centrales de la candidatura de Valenzuela, el aspirante a concejal destac\u00f3 la <strong>descentralizaci\u00f3n del gobierno municipal<\/strong>, mediante el fortalecimiento de las subalcald\u00edas distritales.<\/p>\n<p>La propuesta plantea trasladar personal administrativo hacia los distritos para mejorar la atenci\u00f3n directa a la poblaci\u00f3n y dotar de maquinaria a cada subalcald\u00eda para el mantenimiento de calles, \u00e1reas p\u00fablicas y servicios b\u00e1sicos.<\/p>\n<p>\u201cQueremos que la alcald\u00eda se sienta en cada barrio. La idea es que en cada distrito haya funcionarios trabajando directamente con la gente, resolviendo problemas de manera inmediata\u201d, explic\u00f3.<\/p>\n<p><strong>Impulso a la econom\u00eda local<\/strong><\/p>\n<p>Otro eje de la propuesta municipal es el apoyo a los peque\u00f1os emprendimientos y oficios del municipio.<\/p>\n<p>Seg\u00fan Qui\u00f1ones, se busca impulsar a trabajadores independientes como zapateros, torneros, llanteros, comerciantes de barrio y peque\u00f1os negocios mediante capacitaci\u00f3n y acceso a financiamiento para modernizar sus actividades.<\/p>\n<p>\u201cEl objetivo es fortalecer la econom\u00eda local y generar empleo para que los montere\u00f1os no tengan que migrar a otros pa\u00edses por falta de oportunidades\u201d, indic\u00f3.<\/p>\n<p>Finalmente, el candidato asegur\u00f3 que el proyecto pol\u00edtico que impulsa la Alianza TODOS busca recuperar el crecimiento econ\u00f3mico del municipio, se\u00f1alando que Montero pas\u00f3 en los \u00faltimos a\u00f1os de ser una de las principales ciudades del departamento a perder posiciones en desarrollo y crecimiento.<\/p>\n<p>\u201cQueremos que Santiago Valenzuela sea el alcalde de la gente durante los pr\u00f3ximos cinco a\u00f1os\u201d, concluy\u00f3.<\/p><div style=\"margin-top: 0px; margin-bottom: 0px;\" class=\"sharethis-inline-reaction-buttons\" ><\/div>","protected":false},"excerpt":{"rendered":"<p>Montero 5 marzo 2026.\u2013 El abogado Alexander Qui\u00f1ones, candidato a concejal por la Alianza \u00a0TODOS, que acompa\u00f1a la candidatura a la alcald\u00eda de Santiago Valenzuela, se refiri\u00f3 al nuevo escenario pol\u00edtico tras la cancelaci\u00f3n de la personer\u00eda jur\u00eddica de las agrupaciones SOL y ASIP, asegurando que esta situaci\u00f3n reconfigura el panorama electoral en el municipio.<\/p>\n","protected":false},"author":2,"featured_media":0,"comment_status":"open","ping_status":"open","sticky":false,"template":"","format":"standard","meta":{"footnotes":""},"categories":[42],"tags":[],"class_list":["post-1519","post","type-post","status-publish","format-standard","hentry","category-politica"],"yoast_head":"<!-- This site is optimized with the Yoast SEO Premium plugin v25.5 (Yoast SEO v27.1.1) - https:\/\/yoast.com\/product\/yoast-seo-premium-wordpress\/ -->\n<title>Alexander Qui\u00f1ones, abogado y candidato a concejal por la Alianza Todos, analiza el nuevo escenario electoral en Montero - Wara Comunicaciones<\/title>\n<meta name=\"robots\" content=\"index, follow, max-snippet:-1, max-image-preview:large, max-video-preview:-1\" \/>\n<link rel=\"canonical\" href=\"https:\/\/waracomunicaciones.com\/?p=1519\" \/>\n<meta property=\"og:locale\" content=\"es_ES\" \/>\n<meta property=\"og:type\" content=\"article\" \/>\n<meta property=\"og:title\" content=\"Alexander Qui\u00f1ones, abogado y candidato a concejal por la Alianza Todos, analiza el nuevo escenario electoral en Montero\" \/>\n<meta property=\"og:description\" content=\"Montero 5 marzo 2026.\u2013 El abogado Alexander Qui\u00f1ones, candidato a concejal por la Alianza \u00a0TODOS, que acompa\u00f1a la candidatura a la alcald\u00eda de Santiago Valenzuela, se refiri\u00f3 al nuevo escenario pol\u00edtico tras la cancelaci\u00f3n de la personer\u00eda jur\u00eddica de las agrupaciones SOL y ASIP, asegurando que esta situaci\u00f3n reconfigura el panorama electoral en el municipio.\" \/>\n<meta property=\"og:url\" content=\"https:\/\/waracomunicaciones.com\/?p=1519\" \/>\n<meta property=\"og:site_name\" content=\"Wara Comunicaciones\" \/>\n<meta property=\"article:publisher\" content=\"https:\/\/www.facebook.com\/waracomunicaciones2017\" \/>\n<meta property=\"article:published_time\" content=\"2026-03-05T13:43:43+00:00\" \/>\n<meta property=\"article:modified_time\" content=\"2026-03-05T13:43:44+00:00\" \/>\n<meta property=\"og:image\" content=\"https:\/\/waracomunicaciones.com\/wp-content\/uploads\/2026\/03\/Quinones-5-mar-26.webp\" \/>\n\t<meta property=\"og:image:width\" content=\"652\" \/>\n\t<meta property=\"og:image:height\" content=\"652\" \/>\n\t<meta property=\"og:image:type\" content=\"image\/webp\" \/>\n<meta name=\"author\" content=\"Tom\u00e1s Coca\" \/>\n<meta name=\"twitter:card\" content=\"summary_large_image\" \/>\n<meta name=\"twitter:label1\" content=\"Escrito por\" \/>\n\t<meta name=\"twitter:data1\" content=\"Tom\u00e1s Coca\" \/>\n\t<meta name=\"twitter:label2\" content=\"Tiempo de lectura\" \/>\n\t<meta name=\"twitter:data2\" content=\"3 minutos\" \/>\n<script type=\"application\/ld+json\" class=\"yoast-schema-graph\">{\"@context\":\"https:\/\/schema.org\",\"@graph\":[{\"@type\":\"Article\",\"@id\":\"https:\/\/waracomunicaciones.com\/?p=1519#article\",\"isPartOf\":{\"@id\":\"https:\/\/waracomunicaciones.com\/?p=1519\"},\"author\":{\"name\":\"Tom\u00e1s Coca\",\"@id\":\"https:\/\/waracomunicaciones.com\/#\/schema\/person\/cbfc6e874b874c69982b6f254108e9f0\"},\"headline\":\"Alexander Qui\u00f1ones, abogado y candidato a concejal por la Alianza Todos, analiza el nuevo escenario electoral en Montero\",\"datePublished\":\"2026-03-05T13:43:43+00:00\",\"dateModified\":\"2026-03-05T13:43:44+00:00\",\"mainEntityOfPage\":{\"@id\":\"https:\/\/waracomunicaciones.com\/?p=1519\"},\"wordCount\":662,\"commentCount\":0,\"publisher\":{\"@id\":\"https:\/\/waracomunicaciones.com\/#organization\"},\"image\":{\"@id\":\"https:\/\/waracomunicaciones.com\/?p=1519#primaryimage\"},\"thumbnailUrl\":\"https:\/\/waracomunicaciones.com\/wp-content\/uploads\/2026\/03\/Quinones-5-mar-26.webp\",\"articleSection\":[\"Pol\u00edtica\"],\"inLanguage\":\"es\",\"potentialAction\":[{\"@type\":\"CommentAction\",\"name\":\"Comment\",\"target\":[\"https:\/\/waracomunicaciones.com\/?p=1519#respond\"]}]},{\"@type\":\"WebPage\",\"@id\":\"https:\/\/waracomunicaciones.com\/?p=1519\",\"url\":\"https:\/\/waracomunicaciones.com\/?p=1519\",\"name\":\"Alexander Qui\u00f1ones, abogado y candidato a concejal por la Alianza Todos, analiza el nuevo escenario electoral en Montero - Wara Comunicaciones\",\"isPartOf\":{\"@id\":\"https:\/\/waracomunicaciones.com\/#website\"},\"primaryImageOfPage\":{\"@id\":\"https:\/\/waracomunicaciones.com\/?p=1519#primaryimage\"},\"image\":{\"@id\":\"https:\/\/waracomunicaciones.com\/?p=1519#primaryimage\"},\"thumbnailUrl\":\"https:\/\/waracomunicaciones.com\/wp-content\/uploads\/2026\/03\/Quinones-5-mar-26.webp\",\"datePublished\":\"2026-03-05T13:43:43+00:00\",\"dateModified\":\"2026-03-05T13:43:44+00:00\",\"breadcrumb\":{\"@id\":\"https:\/\/waracomunicaciones.com\/?p=1519#breadcrumb\"},\"inLanguage\":\"es\",\"potentialAction\":[{\"@type\":\"ReadAction\",\"target\":[\"https:\/\/waracomunicaciones.com\/?p=1519\"]}]},{\"@type\":\"ImageObject\",\"inLanguage\":\"es\",\"@id\":\"https:\/\/waracomunicaciones.com\/?p=1519#primaryimage\",\"url\":\"https:\/\/waracomunicaciones.com\/wp-content\/uploads\/2026\/03\/Quinones-5-mar-26.webp\",\"contentUrl\":\"https:\/\/waracomunicaciones.com\/wp-content\/uploads\/2026\/03\/Quinones-5-mar-26.webp\",\"width\":652,\"height\":652},{\"@type\":\"BreadcrumbList\",\"@id\":\"https:\/\/waracomunicaciones.com\/?p=1519#breadcrumb\",\"itemListElement\":[{\"@type\":\"ListItem\",\"position\":1,\"name\":\"Portada\",\"item\":\"https:\/\/waracomunicaciones.com\/\"},{\"@type\":\"ListItem\",\"position\":2,\"name\":\"Alexander Qui\u00f1ones, abogado y candidato a concejal por la Alianza Todos, analiza el nuevo escenario electoral en Montero\"}]},{\"@type\":\"WebSite\",\"@id\":\"https:\/\/waracomunicaciones.com\/#website\",\"url\":\"https:\/\/waracomunicaciones.com\/\",\"name\":\"Wara Comunicaciones\",\"description\":\"\",\"publisher\":{\"@id\":\"https:\/\/waracomunicaciones.com\/#organization\"},\"potentialAction\":[{\"@type\":\"SearchAction\",\"target\":{\"@type\":\"EntryPoint\",\"urlTemplate\":\"https:\/\/waracomunicaciones.com\/?s={search_term_string}\"},\"query-input\":{\"@type\":\"PropertyValueSpecification\",\"valueRequired\":true,\"valueName\":\"search_term_string\"}}],\"inLanguage\":\"es\"},{\"@type\":\"Organization\",\"@id\":\"https:\/\/waracomunicaciones.com\/#organization\",\"name\":\"Wara Comunicaciones\",\"url\":\"https:\/\/waracomunicaciones.com\/\",\"logo\":{\"@type\":\"ImageObject\",\"inLanguage\":\"es\",\"@id\":\"https:\/\/waracomunicaciones.com\/#\/schema\/logo\/image\/\",\"url\":\"https:\/\/waracomunicaciones.com\/wp-content\/uploads\/2025\/07\/logo.png\",\"contentUrl\":\"https:\/\/waracomunicaciones.com\/wp-content\/uploads\/2025\/07\/logo.png\",\"width\":400,\"height\":164,\"caption\":\"Wara Comunicaciones\"},\"image\":{\"@id\":\"https:\/\/waracomunicaciones.com\/#\/schema\/logo\/image\/\"},\"sameAs\":[\"https:\/\/www.facebook.com\/waracomunicaciones2017\"]},{\"@type\":\"Person\",\"@id\":\"https:\/\/waracomunicaciones.com\/#\/schema\/person\/cbfc6e874b874c69982b6f254108e9f0\",\"name\":\"Tom\u00e1s Coca\",\"image\":{\"@type\":\"ImageObject\",\"inLanguage\":\"es\",\"@id\":\"https:\/\/waracomunicaciones.com\/#\/schema\/person\/image\/\",\"url\":\"https:\/\/secure.gravatar.com\/avatar\/482131bd67ce2dac1261229602fd0c47826af81f4ac6608b066b29cac2a6e65d?s=96&d=mm&r=g\",\"contentUrl\":\"https:\/\/secure.gravatar.com\/avatar\/482131bd67ce2dac1261229602fd0c47826af81f4ac6608b066b29cac2a6e65d?s=96&d=mm&r=g\",\"caption\":\"Tom\u00e1s Coca\"},\"sameAs\":[\"https:\/\/waracomunicaciones.com\"],\"url\":\"https:\/\/waracomunicaciones.com\/?author=2\"}]}<\/script>\n<!-- \/ Yoast SEO Premium plugin. -->","yoast_head_json":{"title":"Alexander Qui\u00f1ones, abogado y candidato a concejal por la Alianza Todos, analiza el nuevo escenario electoral en Montero - Wara Comunicaciones","robots":{"index":"index","follow":"follow","max-snippet":"max-snippet:-1","max-image-preview":"max-image-preview:large","max-video-preview":"max-video-preview:-1"},"canonical":"https:\/\/waracomunicaciones.com\/?p=1519","og_locale":"es_ES","og_type":"article","og_title":"Alexander Qui\u00f1ones, abogado y candidato a concejal por la Alianza Todos, analiza el nuevo escenario electoral en Montero","og_description":"Montero 5 marzo 2026.\u2013 El abogado Alexander Qui\u00f1ones, candidato a concejal por la Alianza \u00a0TODOS, que acompa\u00f1a la candidatura a la alcald\u00eda de Santiago Valenzuela, se refiri\u00f3 al nuevo escenario pol\u00edtico tras la cancelaci\u00f3n de la personer\u00eda jur\u00eddica de las agrupaciones SOL y ASIP, asegurando que esta situaci\u00f3n reconfigura el panorama electoral en el municipio.","og_url":"https:\/\/waracomunicaciones.com\/?p=1519","og_site_name":"Wara Comunicaciones","article_publisher":"https:\/\/www.facebook.com\/waracomunicaciones2017","article_published_time":"2026-03-05T13:43:43+00:00","article_modified_time":"2026-03-05T13:43:44+00:00","og_image":[{"width":652,"height":652,"url":"https:\/\/waracomunicaciones.com\/wp-content\/uploads\/2026\/03\/Quinones-5-mar-26.webp","type":"image\/webp"}],"author":"Tom\u00e1s Coca","twitter_card":"summary_large_image","twitter_misc":{"Escrito por":"Tom\u00e1s Coca","Tiempo de lectura":"3 minutos"},"schema":{"@context":"https:\/\/schema.org","@graph":[{"@type":"Article","@id":"https:\/\/waracomunicaciones.com\/?p=1519#article","isPartOf":{"@id":"https:\/\/waracomunicaciones.com\/?p=1519"},"author":{"name":"Tom\u00e1s Coca","@id":"https:\/\/waracomunicaciones.com\/#\/schema\/person\/cbfc6e874b874c69982b6f254108e9f0"},"headline":"Alexander Qui\u00f1ones, abogado y candidato a concejal por la Alianza Todos, analiza el nuevo escenario electoral en Montero","datePublished":"2026-03-05T13:43:43+00:00","dateModified":"2026-03-05T13:43:44+00:00","mainEntityOfPage":{"@id":"https:\/\/waracomunicaciones.com\/?p=1519"},"wordCount":662,"commentCount":0,"publisher":{"@id":"https:\/\/waracomunicaciones.com\/#organization"},"image":{"@id":"https:\/\/waracomunicaciones.com\/?p=1519#primaryimage"},"thumbnailUrl":"https:\/\/waracomunicaciones.com\/wp-content\/uploads\/2026\/03\/Quinones-5-mar-26.webp","articleSection":["Pol\u00edtica"],"inLanguage":"es","potentialAction":[{"@type":"CommentAction","name":"Comment","target":["https:\/\/waracomunicaciones.com\/?p=1519#respond"]}]},{"@type":"WebPage","@id":"https:\/\/waracomunicaciones.com\/?p=1519","url":"https:\/\/waracomunicaciones.com\/?p=1519","name":"Alexander Qui\u00f1ones, abogado y candidato a concejal por la Alianza Todos, analiza el nuevo escenario electoral en Montero - Wara Comunicaciones","isPartOf":{"@id":"https:\/\/waracomunicaciones.com\/#website"},"primaryImageOfPage":{"@id":"https:\/\/waracomunicaciones.com\/?p=1519#primaryimage"},"image":{"@id":"https:\/\/waracomunicaciones.com\/?p=1519#primaryimage"},"thumbnailUrl":"https:\/\/waracomunicaciones.com\/wp-content\/uploads\/2026\/03\/Quinones-5-mar-26.webp","datePublished":"2026-03-05T13:43:43+00:00","dateModified":"2026-03-05T13:43:44+00:00","breadcrumb":{"@id":"https:\/\/waracomunicaciones.com\/?p=1519#breadcrumb"},"inLanguage":"es","potentialAction":[{"@type":"ReadAction","target":["https:\/\/waracomunicaciones.com\/?p=1519"]}]},{"@type":"ImageObject","inLanguage":"es","@id":"https:\/\/waracomunicaciones.com\/?p=1519#primaryimage","url":"https:\/\/waracomunicaciones.com\/wp-content\/uploads\/2026\/03\/Quinones-5-mar-26.webp","contentUrl":"https:\/\/waracomunicaciones.com\/wp-content\/uploads\/2026\/03\/Quinones-5-mar-26.webp","width":652,"height":652},{"@type":"BreadcrumbList","@id":"https:\/\/waracomunicaciones.com\/?p=1519#breadcrumb","itemListElement":[{"@type":"ListItem","position":1,"name":"Portada","item":"https:\/\/waracomunicaciones.com\/"},{"@type":"ListItem","position":2,"name":"Alexander Qui\u00f1ones, abogado y candidato a concejal por la Alianza Todos, analiza el nuevo escenario electoral en Montero"}]},{"@type":"WebSite","@id":"https:\/\/waracomunicaciones.com\/#website","url":"https:\/\/waracomunicaciones.com\/","name":"Wara Comunicaciones","description":"","publisher":{"@id":"https:\/\/waracomunicaciones.com\/#organization"},"potentialAction":[{"@type":"SearchAction","target":{"@type":"EntryPoint","urlTemplate":"https:\/\/waracomunicaciones.com\/?s={search_term_string}"},"query-input":{"@type":"PropertyValueSpecification","valueRequired":true,"valueName":"search_term_string"}}],"inLanguage":"es"},{"@type":"Organization","@id":"https:\/\/waracomunicaciones.com\/#organization","name":"Wara Comunicaciones","url":"https:\/\/waracomunicaciones.com\/","logo":{"@type":"ImageObject","inLanguage":"es","@id":"https:\/\/waracomunicaciones.com\/#\/schema\/logo\/image\/","url":"https:\/\/waracomunicaciones.com\/wp-content\/uploads\/2025\/07\/logo.png","contentUrl":"https:\/\/waracomunicaciones.com\/wp-content\/uploads\/2025\/07\/logo.png","width":400,"height":164,"caption":"Wara Comunicaciones"},"image":{"@id":"https:\/\/waracomunicaciones.com\/#\/schema\/logo\/image\/"},"sameAs":["https:\/\/www.facebook.com\/waracomunicaciones2017"]},{"@type":"Person","@id":"https:\/\/waracomunicaciones.com\/#\/schema\/person\/cbfc6e874b874c69982b6f254108e9f0","name":"Tom\u00e1s Coca","image":{"@type":"ImageObject","inLanguage":"es","@id":"https:\/\/waracomunicaciones.com\/#\/schema\/person\/image\/","url":"https:\/\/secure.gravatar.com\/avatar\/482131bd67ce2dac1261229602fd0c47826af81f4ac6608b066b29cac2a6e65d?s=96&d=mm&r=g","contentUrl":"https:\/\/secure.gravatar.com\/avatar\/482131bd67ce2dac1261229602fd0c47826af81f4ac6608b066b29cac2a6e65d?s=96&d=mm&r=g","caption":"Tom\u00e1s Coca"},"sameAs":["https:\/\/waracomunicaciones.com"],"url":"https:\/\/waracomunicaciones.com\/?author=2"}]}},"_links":{"self":[{"href":"https:\/\/waracomunicaciones.com\/index.php?rest_route=\/wp\/v2\/posts\/1519","targetHints":{"allow":["GET"]}}],"collection":[{"href":"https:\/\/waracomunicaciones.com\/index.php?rest_route=\/wp\/v2\/posts"}],"about":[{"href":"https:\/\/waracomunicaciones.com\/index.php?rest_route=\/wp\/v2\/types\/post"}],"author":[{"embeddable":true,"href":"https:\/\/waracomunicaciones.com\/index.php?rest_route=\/wp\/v2\/users\/2"}],"replies":[{"embeddable":true,"href":"https:\/\/waracomunicaciones.com\/index.php?rest_route=%2Fwp%2Fv2%2Fcomments&post=1519"}],"version-history":[{"count":1,"href":"https:\/\/waracomunicaciones.com\/index.php?rest_route=\/wp\/v2\/posts\/1519\/revisions"}],"predecessor-version":[{"id":1521,"href":"https:\/\/waracomunicaciones.com\/index.php?rest_route=\/wp\/v2\/posts\/1519\/revisions\/1521"}],"wp:attachment":[{"href":"https:\/\/waracomunicaciones.com\/index.php?rest_route=%2Fwp%2Fv2%2Fmedia&parent=1519"}],"wp:term":[{"taxonomy":"category","embeddable":true,"href":"https:\/\/waracomunicaciones.com\/index.php?rest_route=%2Fwp%2Fv2%2Fcategories&post=1519"},{"taxonomy":"post_tag","embeddable":true,"href":"https:\/\/waracomunicaciones.com\/index.php?rest_route=%2Fwp%2Fv2%2Ftags&post=1519"}],"curies":[{"name":"wp","href":"https:\/\/api.w.org\/{rel}","templated":true}]}}