{"id":1514,"date":"2026-03-05T08:55:30","date_gmt":"2026-03-05T12:55:30","guid":{"rendered":"https:\/\/waracomunicaciones.com\/?p=1514"},"modified":"2026-03-05T08:55:31","modified_gmt":"2026-03-05T12:55:31","slug":"campana-de-creemos-prioriza-acciones-contra-el-dengue-y-brigadas-medicas-en-barrios-de-montero","status":"publish","type":"post","link":"https:\/\/waracomunicaciones.com\/?p=1514","title":{"rendered":"Campa\u00f1a de CREEMOS prioriza acciones contra el dengue y brigadas m\u00e9dicas en barrios de Montero"},"content":{"rendered":"<div class=\"wp-block-image\">\n<figure class=\"aligncenter size-full\"><img loading=\"lazy\" decoding=\"async\" width=\"754\" height=\"626\" src=\"https:\/\/waracomunicaciones.com\/wp-content\/uploads\/2026\/03\/Julio-5-mar-26.webp\" alt=\"\" class=\"wp-image-1515\" srcset=\"https:\/\/waracomunicaciones.com\/wp-content\/uploads\/2026\/03\/Julio-5-mar-26.webp 754w, https:\/\/waracomunicaciones.com\/wp-content\/uploads\/2026\/03\/Julio-5-mar-26-300x249.webp 300w\" sizes=\"auto, (max-width: 754px) 100vw, 754px\" \/><\/figure>\n<\/div>\n\n<p>El jefe de campa\u00f1a de la agrupaci\u00f3n <strong>Creemos<\/strong>, <strong>Julio L\u00f3pez<\/strong>, inform\u00f3 que el frente pol\u00edtico ha decidido reducir temporalmente sus actividades proselitistas para concentrarse en acciones de apoyo sanitario y prevenci\u00f3n frente al dengue y la chikungunya en distintos barrios de Montero.<!--more--><\/p>\n<p>Seg\u00fan explic\u00f3, la campa\u00f1a se encuentra enfocada en la eliminaci\u00f3n de criaderos de mosquitos y en tareas de fumigaci\u00f3n durante las caminatas que realizan los candidatos en los distritos de la ciudad. Estas acciones incluyen la fumigaci\u00f3n con equipos especializados y la intervenci\u00f3n en patios y canchones de viviendas cuyos propietarios solicitan el apoyo.<\/p>\n<p>\u201cNos hemos dedicado a combatir al mosquito, al vector que transmite el dengue y la chikungunya. Estamos destruyendo criaderos en los barrios y fumigando casa por casa\u201d, se\u00f1al\u00f3 L\u00f3pez, al referirse al incremento de casos registrado en el departamento de <strong>Santa Cruz<\/strong>, que \u2014seg\u00fan indic\u00f3\u2014 presenta los \u00edndices m\u00e1s altos de los \u00faltimos diez a\u00f1os.<\/p>\n<p>El dirigente pol\u00edtico tambi\u00e9n inform\u00f3 que, paralelamente, se est\u00e1n desarrollando brigadas m\u00e9dicas con la participaci\u00f3n de profesionales de nueve especialidades, que brindan atenci\u00f3n gratuita a vecinos en diferentes distritos. La \u00faltima jornada se realiz\u00f3 en el Distrito 5, donde se atendi\u00f3 a m\u00e1s de 300 personas.<\/p>\n<p>Durante estas brigadas, explic\u00f3 L\u00f3pez, los pacientes con s\u00edntomas compatibles con dengue o chikungunya reciben atenci\u00f3n m\u00e9dica y medicamentos para iniciar su tratamiento en sus domicilios.<\/p>\n<p>El jefe de campa\u00f1a destac\u00f3 adem\u00e1s la participaci\u00f3n del candidato a la alcald\u00eda <strong>Regys Medina<\/strong>, junto a los postulantes al Concejo Municipal y a la candidata a asamble\u00edsta <strong>Pilar Villarroel<\/strong>, quienes \u2014seg\u00fan afirm\u00f3\u2014 mantienen un contacto directo con la poblaci\u00f3n durante estas actividades.<\/p>\n<p>Respecto a la evaluaci\u00f3n de la campa\u00f1a, L\u00f3pez indic\u00f3 que cuentan con datos estad\u00edsticos obtenidos a trav\u00e9s de encuestas internas, aunque se\u00f1al\u00f3 que estos resultados no pueden ser difundidos p\u00fablicamente debido a las restricciones establecidas durante el proceso electoral.<\/p>\n<p>Finalmente, el jefe de campa\u00f1a sostuvo que la estrategia del frente busca conectar con las necesidades actuales de la poblaci\u00f3n, mencionando tambi\u00e9n actividades de integraci\u00f3n social y deportiva, como la instalaci\u00f3n de una pantalla gigante para que los vecinos pudieran seguir un partido del club <strong>Club Deportivo Guabir\u00e1<\/strong> en un encuentro de la <strong>Copa Sudamericana<\/strong>.<\/p>\n<p>Seg\u00fan L\u00f3pez, este tipo de iniciativas permiten generar espacios de encuentro entre los ciudadanos y fortalecer el v\u00ednculo entre la campa\u00f1a y la comunidad montere\u00f1a.<\/p>\n<p>\u00a0<\/p><div style=\"margin-top: 0px; margin-bottom: 0px;\" class=\"sharethis-inline-reaction-buttons\" ><\/div>","protected":false},"excerpt":{"rendered":"<p>El jefe de campa\u00f1a de la agrupaci\u00f3n Creemos, Julio L\u00f3pez, inform\u00f3 que el frente pol\u00edtico ha decidido reducir temporalmente sus actividades proselitistas para concentrarse en acciones de apoyo sanitario y prevenci\u00f3n frente al dengue y la chikungunya en distintos barrios de Montero.<\/p>\n","protected":false},"author":2,"featured_media":0,"comment_status":"open","ping_status":"open","sticky":false,"template":"","format":"standard","meta":{"footnotes":""},"categories":[1],"tags":[],"class_list":["post-1514","post","type-post","status-publish","format-standard","hentry","category-internacional-noticias"],"yoast_head":"<!-- This site is optimized with the Yoast SEO Premium plugin v25.5 (Yoast SEO v27.1.1) - https:\/\/yoast.com\/product\/yoast-seo-premium-wordpress\/ -->\n<title>Campa\u00f1a de CREEMOS prioriza acciones contra el dengue y brigadas m\u00e9dicas en barrios de Montero - Wara Comunicaciones<\/title>\n<meta name=\"robots\" content=\"index, follow, max-snippet:-1, max-image-preview:large, max-video-preview:-1\" \/>\n<link rel=\"canonical\" href=\"https:\/\/waracomunicaciones.com\/?p=1514\" \/>\n<meta property=\"og:locale\" content=\"es_ES\" \/>\n<meta property=\"og:type\" content=\"article\" \/>\n<meta property=\"og:title\" content=\"Campa\u00f1a de CREEMOS prioriza acciones contra el dengue y brigadas m\u00e9dicas en barrios de Montero\" \/>\n<meta property=\"og:description\" content=\"El jefe de campa\u00f1a de la agrupaci\u00f3n Creemos, Julio L\u00f3pez, inform\u00f3 que el frente pol\u00edtico ha decidido reducir temporalmente sus actividades proselitistas para concentrarse en acciones de apoyo sanitario y prevenci\u00f3n frente al dengue y la chikungunya en distintos barrios de Montero.\" \/>\n<meta property=\"og:url\" content=\"https:\/\/waracomunicaciones.com\/?p=1514\" \/>\n<meta property=\"og:site_name\" content=\"Wara Comunicaciones\" \/>\n<meta property=\"article:publisher\" content=\"https:\/\/www.facebook.com\/waracomunicaciones2017\" \/>\n<meta property=\"article:published_time\" content=\"2026-03-05T12:55:30+00:00\" \/>\n<meta property=\"article:modified_time\" content=\"2026-03-05T12:55:31+00:00\" \/>\n<meta property=\"og:image\" content=\"https:\/\/waracomunicaciones.com\/wp-content\/uploads\/2026\/03\/Julio-5-mar-26.webp\" \/>\n\t<meta property=\"og:image:width\" content=\"754\" \/>\n\t<meta property=\"og:image:height\" content=\"626\" \/>\n\t<meta property=\"og:image:type\" content=\"image\/webp\" \/>\n<meta name=\"author\" content=\"Tom\u00e1s Coca\" \/>\n<meta name=\"twitter:card\" content=\"summary_large_image\" \/>\n<meta name=\"twitter:label1\" content=\"Escrito por\" \/>\n\t<meta name=\"twitter:data1\" content=\"Tom\u00e1s Coca\" \/>\n\t<meta name=\"twitter:label2\" content=\"Tiempo de lectura\" \/>\n\t<meta name=\"twitter:data2\" content=\"2 minutos\" \/>\n<script type=\"application\/ld+json\" class=\"yoast-schema-graph\">{\"@context\":\"https:\/\/schema.org\",\"@graph\":[{\"@type\":\"Article\",\"@id\":\"https:\/\/waracomunicaciones.com\/?p=1514#article\",\"isPartOf\":{\"@id\":\"https:\/\/waracomunicaciones.com\/?p=1514\"},\"author\":{\"name\":\"Tom\u00e1s Coca\",\"@id\":\"https:\/\/waracomunicaciones.com\/#\/schema\/person\/cbfc6e874b874c69982b6f254108e9f0\"},\"headline\":\"Campa\u00f1a de CREEMOS prioriza acciones contra el dengue y brigadas m\u00e9dicas en barrios de Montero\",\"datePublished\":\"2026-03-05T12:55:30+00:00\",\"dateModified\":\"2026-03-05T12:55:31+00:00\",\"mainEntityOfPage\":{\"@id\":\"https:\/\/waracomunicaciones.com\/?p=1514\"},\"wordCount\":451,\"commentCount\":0,\"publisher\":{\"@id\":\"https:\/\/waracomunicaciones.com\/#organization\"},\"image\":{\"@id\":\"https:\/\/waracomunicaciones.com\/?p=1514#primaryimage\"},\"thumbnailUrl\":\"https:\/\/waracomunicaciones.com\/wp-content\/uploads\/2026\/03\/Julio-5-mar-26.webp\",\"articleSection\":[\"INTERNACIONAL\"],\"inLanguage\":\"es\",\"potentialAction\":[{\"@type\":\"CommentAction\",\"name\":\"Comment\",\"target\":[\"https:\/\/waracomunicaciones.com\/?p=1514#respond\"]}]},{\"@type\":\"WebPage\",\"@id\":\"https:\/\/waracomunicaciones.com\/?p=1514\",\"url\":\"https:\/\/waracomunicaciones.com\/?p=1514\",\"name\":\"Campa\u00f1a de CREEMOS prioriza acciones contra el dengue y brigadas m\u00e9dicas en barrios de Montero - Wara Comunicaciones\",\"isPartOf\":{\"@id\":\"https:\/\/waracomunicaciones.com\/#website\"},\"primaryImageOfPage\":{\"@id\":\"https:\/\/waracomunicaciones.com\/?p=1514#primaryimage\"},\"image\":{\"@id\":\"https:\/\/waracomunicaciones.com\/?p=1514#primaryimage\"},\"thumbnailUrl\":\"https:\/\/waracomunicaciones.com\/wp-content\/uploads\/2026\/03\/Julio-5-mar-26.webp\",\"datePublished\":\"2026-03-05T12:55:30+00:00\",\"dateModified\":\"2026-03-05T12:55:31+00:00\",\"breadcrumb\":{\"@id\":\"https:\/\/waracomunicaciones.com\/?p=1514#breadcrumb\"},\"inLanguage\":\"es\",\"potentialAction\":[{\"@type\":\"ReadAction\",\"target\":[\"https:\/\/waracomunicaciones.com\/?p=1514\"]}]},{\"@type\":\"ImageObject\",\"inLanguage\":\"es\",\"@id\":\"https:\/\/waracomunicaciones.com\/?p=1514#primaryimage\",\"url\":\"https:\/\/waracomunicaciones.com\/wp-content\/uploads\/2026\/03\/Julio-5-mar-26.webp\",\"contentUrl\":\"https:\/\/waracomunicaciones.com\/wp-content\/uploads\/2026\/03\/Julio-5-mar-26.webp\",\"width\":754,\"height\":626},{\"@type\":\"BreadcrumbList\",\"@id\":\"https:\/\/waracomunicaciones.com\/?p=1514#breadcrumb\",\"itemListElement\":[{\"@type\":\"ListItem\",\"position\":1,\"name\":\"Portada\",\"item\":\"https:\/\/waracomunicaciones.com\/\"},{\"@type\":\"ListItem\",\"position\":2,\"name\":\"Campa\u00f1a de CREEMOS prioriza acciones contra el dengue y brigadas m\u00e9dicas en barrios de Montero\"}]},{\"@type\":\"WebSite\",\"@id\":\"https:\/\/waracomunicaciones.com\/#website\",\"url\":\"https:\/\/waracomunicaciones.com\/\",\"name\":\"Wara Comunicaciones\",\"description\":\"\",\"publisher\":{\"@id\":\"https:\/\/waracomunicaciones.com\/#organization\"},\"potentialAction\":[{\"@type\":\"SearchAction\",\"target\":{\"@type\":\"EntryPoint\",\"urlTemplate\":\"https:\/\/waracomunicaciones.com\/?s={search_term_string}\"},\"query-input\":{\"@type\":\"PropertyValueSpecification\",\"valueRequired\":true,\"valueName\":\"search_term_string\"}}],\"inLanguage\":\"es\"},{\"@type\":\"Organization\",\"@id\":\"https:\/\/waracomunicaciones.com\/#organization\",\"name\":\"Wara Comunicaciones\",\"url\":\"https:\/\/waracomunicaciones.com\/\",\"logo\":{\"@type\":\"ImageObject\",\"inLanguage\":\"es\",\"@id\":\"https:\/\/waracomunicaciones.com\/#\/schema\/logo\/image\/\",\"url\":\"https:\/\/waracomunicaciones.com\/wp-content\/uploads\/2025\/07\/logo.png\",\"contentUrl\":\"https:\/\/waracomunicaciones.com\/wp-content\/uploads\/2025\/07\/logo.png\",\"width\":400,\"height\":164,\"caption\":\"Wara Comunicaciones\"},\"image\":{\"@id\":\"https:\/\/waracomunicaciones.com\/#\/schema\/logo\/image\/\"},\"sameAs\":[\"https:\/\/www.facebook.com\/waracomunicaciones2017\"]},{\"@type\":\"Person\",\"@id\":\"https:\/\/waracomunicaciones.com\/#\/schema\/person\/cbfc6e874b874c69982b6f254108e9f0\",\"name\":\"Tom\u00e1s Coca\",\"image\":{\"@type\":\"ImageObject\",\"inLanguage\":\"es\",\"@id\":\"https:\/\/waracomunicaciones.com\/#\/schema\/person\/image\/\",\"url\":\"https:\/\/secure.gravatar.com\/avatar\/482131bd67ce2dac1261229602fd0c47826af81f4ac6608b066b29cac2a6e65d?s=96&d=mm&r=g\",\"contentUrl\":\"https:\/\/secure.gravatar.com\/avatar\/482131bd67ce2dac1261229602fd0c47826af81f4ac6608b066b29cac2a6e65d?s=96&d=mm&r=g\",\"caption\":\"Tom\u00e1s Coca\"},\"sameAs\":[\"https:\/\/waracomunicaciones.com\"],\"url\":\"https:\/\/waracomunicaciones.com\/?author=2\"}]}<\/script>\n<!-- \/ Yoast SEO Premium plugin. -->","yoast_head_json":{"title":"Campa\u00f1a de CREEMOS prioriza acciones contra el dengue y brigadas m\u00e9dicas en barrios de Montero - Wara Comunicaciones","robots":{"index":"index","follow":"follow","max-snippet":"max-snippet:-1","max-image-preview":"max-image-preview:large","max-video-preview":"max-video-preview:-1"},"canonical":"https:\/\/waracomunicaciones.com\/?p=1514","og_locale":"es_ES","og_type":"article","og_title":"Campa\u00f1a de CREEMOS prioriza acciones contra el dengue y brigadas m\u00e9dicas en barrios de Montero","og_description":"El jefe de campa\u00f1a de la agrupaci\u00f3n Creemos, Julio L\u00f3pez, inform\u00f3 que el frente pol\u00edtico ha decidido reducir temporalmente sus actividades proselitistas para concentrarse en acciones de apoyo sanitario y prevenci\u00f3n frente al dengue y la chikungunya en distintos barrios de Montero.","og_url":"https:\/\/waracomunicaciones.com\/?p=1514","og_site_name":"Wara Comunicaciones","article_publisher":"https:\/\/www.facebook.com\/waracomunicaciones2017","article_published_time":"2026-03-05T12:55:30+00:00","article_modified_time":"2026-03-05T12:55:31+00:00","og_image":[{"width":754,"height":626,"url":"https:\/\/waracomunicaciones.com\/wp-content\/uploads\/2026\/03\/Julio-5-mar-26.webp","type":"image\/webp"}],"author":"Tom\u00e1s Coca","twitter_card":"summary_large_image","twitter_misc":{"Escrito por":"Tom\u00e1s Coca","Tiempo de lectura":"2 minutos"},"schema":{"@context":"https:\/\/schema.org","@graph":[{"@type":"Article","@id":"https:\/\/waracomunicaciones.com\/?p=1514#article","isPartOf":{"@id":"https:\/\/waracomunicaciones.com\/?p=1514"},"author":{"name":"Tom\u00e1s Coca","@id":"https:\/\/waracomunicaciones.com\/#\/schema\/person\/cbfc6e874b874c69982b6f254108e9f0"},"headline":"Campa\u00f1a de CREEMOS prioriza acciones contra el dengue y brigadas m\u00e9dicas en barrios de Montero","datePublished":"2026-03-05T12:55:30+00:00","dateModified":"2026-03-05T12:55:31+00:00","mainEntityOfPage":{"@id":"https:\/\/waracomunicaciones.com\/?p=1514"},"wordCount":451,"commentCount":0,"publisher":{"@id":"https:\/\/waracomunicaciones.com\/#organization"},"image":{"@id":"https:\/\/waracomunicaciones.com\/?p=1514#primaryimage"},"thumbnailUrl":"https:\/\/waracomunicaciones.com\/wp-content\/uploads\/2026\/03\/Julio-5-mar-26.webp","articleSection":["INTERNACIONAL"],"inLanguage":"es","potentialAction":[{"@type":"CommentAction","name":"Comment","target":["https:\/\/waracomunicaciones.com\/?p=1514#respond"]}]},{"@type":"WebPage","@id":"https:\/\/waracomunicaciones.com\/?p=1514","url":"https:\/\/waracomunicaciones.com\/?p=1514","name":"Campa\u00f1a de CREEMOS prioriza acciones contra el dengue y brigadas m\u00e9dicas en barrios de Montero - Wara Comunicaciones","isPartOf":{"@id":"https:\/\/waracomunicaciones.com\/#website"},"primaryImageOfPage":{"@id":"https:\/\/waracomunicaciones.com\/?p=1514#primaryimage"},"image":{"@id":"https:\/\/waracomunicaciones.com\/?p=1514#primaryimage"},"thumbnailUrl":"https:\/\/waracomunicaciones.com\/wp-content\/uploads\/2026\/03\/Julio-5-mar-26.webp","datePublished":"2026-03-05T12:55:30+00:00","dateModified":"2026-03-05T12:55:31+00:00","breadcrumb":{"@id":"https:\/\/waracomunicaciones.com\/?p=1514#breadcrumb"},"inLanguage":"es","potentialAction":[{"@type":"ReadAction","target":["https:\/\/waracomunicaciones.com\/?p=1514"]}]},{"@type":"ImageObject","inLanguage":"es","@id":"https:\/\/waracomunicaciones.com\/?p=1514#primaryimage","url":"https:\/\/waracomunicaciones.com\/wp-content\/uploads\/2026\/03\/Julio-5-mar-26.webp","contentUrl":"https:\/\/waracomunicaciones.com\/wp-content\/uploads\/2026\/03\/Julio-5-mar-26.webp","width":754,"height":626},{"@type":"BreadcrumbList","@id":"https:\/\/waracomunicaciones.com\/?p=1514#breadcrumb","itemListElement":[{"@type":"ListItem","position":1,"name":"Portada","item":"https:\/\/waracomunicaciones.com\/"},{"@type":"ListItem","position":2,"name":"Campa\u00f1a de CREEMOS prioriza acciones contra el dengue y brigadas m\u00e9dicas en barrios de Montero"}]},{"@type":"WebSite","@id":"https:\/\/waracomunicaciones.com\/#website","url":"https:\/\/waracomunicaciones.com\/","name":"Wara Comunicaciones","description":"","publisher":{"@id":"https:\/\/waracomunicaciones.com\/#organization"},"potentialAction":[{"@type":"SearchAction","target":{"@type":"EntryPoint","urlTemplate":"https:\/\/waracomunicaciones.com\/?s={search_term_string}"},"query-input":{"@type":"PropertyValueSpecification","valueRequired":true,"valueName":"search_term_string"}}],"inLanguage":"es"},{"@type":"Organization","@id":"https:\/\/waracomunicaciones.com\/#organization","name":"Wara Comunicaciones","url":"https:\/\/waracomunicaciones.com\/","logo":{"@type":"ImageObject","inLanguage":"es","@id":"https:\/\/waracomunicaciones.com\/#\/schema\/logo\/image\/","url":"https:\/\/waracomunicaciones.com\/wp-content\/uploads\/2025\/07\/logo.png","contentUrl":"https:\/\/waracomunicaciones.com\/wp-content\/uploads\/2025\/07\/logo.png","width":400,"height":164,"caption":"Wara Comunicaciones"},"image":{"@id":"https:\/\/waracomunicaciones.com\/#\/schema\/logo\/image\/"},"sameAs":["https:\/\/www.facebook.com\/waracomunicaciones2017"]},{"@type":"Person","@id":"https:\/\/waracomunicaciones.com\/#\/schema\/person\/cbfc6e874b874c69982b6f254108e9f0","name":"Tom\u00e1s Coca","image":{"@type":"ImageObject","inLanguage":"es","@id":"https:\/\/waracomunicaciones.com\/#\/schema\/person\/image\/","url":"https:\/\/secure.gravatar.com\/avatar\/482131bd67ce2dac1261229602fd0c47826af81f4ac6608b066b29cac2a6e65d?s=96&d=mm&r=g","contentUrl":"https:\/\/secure.gravatar.com\/avatar\/482131bd67ce2dac1261229602fd0c47826af81f4ac6608b066b29cac2a6e65d?s=96&d=mm&r=g","caption":"Tom\u00e1s Coca"},"sameAs":["https:\/\/waracomunicaciones.com"],"url":"https:\/\/waracomunicaciones.com\/?author=2"}]}},"_links":{"self":[{"href":"https:\/\/waracomunicaciones.com\/index.php?rest_route=\/wp\/v2\/posts\/1514","targetHints":{"allow":["GET"]}}],"collection":[{"href":"https:\/\/waracomunicaciones.com\/index.php?rest_route=\/wp\/v2\/posts"}],"about":[{"href":"https:\/\/waracomunicaciones.com\/index.php?rest_route=\/wp\/v2\/types\/post"}],"author":[{"embeddable":true,"href":"https:\/\/waracomunicaciones.com\/index.php?rest_route=\/wp\/v2\/users\/2"}],"replies":[{"embeddable":true,"href":"https:\/\/waracomunicaciones.com\/index.php?rest_route=%2Fwp%2Fv2%2Fcomments&post=1514"}],"version-history":[{"count":1,"href":"https:\/\/waracomunicaciones.com\/index.php?rest_route=\/wp\/v2\/posts\/1514\/revisions"}],"predecessor-version":[{"id":1516,"href":"https:\/\/waracomunicaciones.com\/index.php?rest_route=\/wp\/v2\/posts\/1514\/revisions\/1516"}],"wp:attachment":[{"href":"https:\/\/waracomunicaciones.com\/index.php?rest_route=%2Fwp%2Fv2%2Fmedia&parent=1514"}],"wp:term":[{"taxonomy":"category","embeddable":true,"href":"https:\/\/waracomunicaciones.com\/index.php?rest_route=%2Fwp%2Fv2%2Fcategories&post=1514"},{"taxonomy":"post_tag","embeddable":true,"href":"https:\/\/waracomunicaciones.com\/index.php?rest_route=%2Fwp%2Fv2%2Ftags&post=1514"}],"curies":[{"name":"wp","href":"https:\/\/api.w.org\/{rel}","templated":true}]}}