{"id":1511,"date":"2026-03-04T00:33:24","date_gmt":"2026-03-04T04:33:24","guid":{"rendered":"https:\/\/waracomunicaciones.com\/?p=1511"},"modified":"2026-03-04T00:33:25","modified_gmt":"2026-03-04T04:33:25","slug":"voto-de-sol-se-redistribuye-y-podria-favorecer-a-valenzuela","status":"publish","type":"post","link":"https:\/\/waracomunicaciones.com\/?p=1511","title":{"rendered":"Voto de SOL se redistribuye y podr\u00eda favorecer a Valenzuela"},"content":{"rendered":"<div class=\"wp-block-image\">\n<figure class=\"aligncenter size-full\"><img loading=\"lazy\" decoding=\"async\" width=\"517\" height=\"667\" src=\"https:\/\/waracomunicaciones.com\/wp-content\/uploads\/2026\/03\/Santiago-4-mar-26.webp\" alt=\"\" class=\"wp-image-1512\" srcset=\"https:\/\/waracomunicaciones.com\/wp-content\/uploads\/2026\/03\/Santiago-4-mar-26.webp 517w, https:\/\/waracomunicaciones.com\/wp-content\/uploads\/2026\/03\/Santiago-4-mar-26-233x300.webp 233w\" sizes=\"auto, (max-width: 517px) 100vw, 517px\" \/><\/figure>\n<\/div>\n\n<p>El abogado constitucionalista Franz Galler afirm\u00f3 que el Tribunal Constitucional Plurinacional emiti\u00f3 un fallo definitivo que ordena la cancelaci\u00f3n de la personer\u00eda jur\u00eddica de los partidos pol\u00edticos que no alcanzaron el tres por ciento de votaci\u00f3n, entre ellos ASIP y SOL.<!--more--><br \/>Seg\u00fan explic\u00f3, al tratarse de la m\u00e1xima instancia en materia constitucional, la resoluci\u00f3n no admite apelaci\u00f3n ni revisi\u00f3n. \u201cEl Tribunal Constitucional ha notificado al \u00f3rgano electoral y este no tiene otra opci\u00f3n que dar cumplimiento a la sentencia. No hay autoridad en Bolivia que pueda excusarse de acatar sus fallos\u201d, sostuvo.<br \/>En consecuencia, ambos frentes quedan inhabilitados para participar en las elecciones en todo el pa\u00eds, incluida la ciudad de Montero. Esto implicar\u00e1 adem\u00e1s modificaciones en la papeleta electoral.<br \/>En el caso de ASIP, Galler se\u00f1al\u00f3 que su exclusi\u00f3n no tendr\u00eda un impacto significativo en el escenario local, debido a su escasa votaci\u00f3n proyectada. Distinta ser\u00eda la situaci\u00f3n de SOL, que \u2014seg\u00fan el an\u00e1lisis\u2014 pod\u00eda aspirar a obtener hasta dos concejales, lo que representar\u00eda entre 14.000 y 15.000 votos.<br \/>El jurista considera que aproximadamente un 60% de ese caudal electoral podr\u00eda concentrarse en la candidatura del actual concejal Valenzuela, de la Alianza TODOS, por afinidad sociol\u00f3gica y de identidad cultural con el electorado que respaldaba a Mario Baptista. El 40% restante, indic\u00f3, se dispersar\u00eda entre las dem\u00e1s fuerzas pol\u00edticas, sin generar una ventaja clara para ning\u00fan otro candidato.<br \/>Asimismo, mencion\u00f3 que otros postulantes, como Reynoso, podr\u00edan captar parte de ese voto, dependiendo de la capacidad de sus equipos de campa\u00f1a para capitalizar el nuevo escenario.<br \/>Galler advirti\u00f3 que se trata de un \u201cvoto silencioso\u201d que podr\u00eda redefinir la correlaci\u00f3n de fuerzas en el Concejo Municipal. No obstante, record\u00f3 que la din\u00e1mica pol\u00edtica puede cambiar en los d\u00edas que restan de campa\u00f1a, por lo que el panorama a\u00fan no es definitivo.<br \/>\u201cLa pol\u00edtica es din\u00e1mica; lo que hoy parece definido puede modificarse en cuesti\u00f3n de d\u00edas\u201d, concluy\u00f3.<\/p><div style=\"margin-top: 0px; margin-bottom: 0px;\" class=\"sharethis-inline-reaction-buttons\" ><\/div>","protected":false},"excerpt":{"rendered":"<p>El abogado constitucionalista Franz Galler afirm\u00f3 que el Tribunal Constitucional Plurinacional emiti\u00f3 un fallo definitivo que ordena la cancelaci\u00f3n de la personer\u00eda jur\u00eddica de los partidos pol\u00edticos que no alcanzaron el tres por ciento de votaci\u00f3n, entre ellos ASIP y SOL.<\/p>\n","protected":false},"author":2,"featured_media":0,"comment_status":"open","ping_status":"open","sticky":false,"template":"","format":"standard","meta":{"footnotes":""},"categories":[42],"tags":[],"class_list":["post-1511","post","type-post","status-publish","format-standard","hentry","category-politica"],"yoast_head":"<!-- This site is optimized with the Yoast SEO Premium plugin v25.5 (Yoast SEO v27.1.1) - https:\/\/yoast.com\/product\/yoast-seo-premium-wordpress\/ -->\n<title>Voto de SOL se redistribuye y podr\u00eda favorecer a Valenzuela - Wara Comunicaciones<\/title>\n<meta name=\"robots\" content=\"index, follow, max-snippet:-1, max-image-preview:large, max-video-preview:-1\" \/>\n<link rel=\"canonical\" href=\"https:\/\/waracomunicaciones.com\/?p=1511\" \/>\n<meta property=\"og:locale\" content=\"es_ES\" \/>\n<meta property=\"og:type\" content=\"article\" \/>\n<meta property=\"og:title\" content=\"Voto de SOL se redistribuye y podr\u00eda favorecer a Valenzuela\" \/>\n<meta property=\"og:description\" content=\"El abogado constitucionalista Franz Galler afirm\u00f3 que el Tribunal Constitucional Plurinacional emiti\u00f3 un fallo definitivo que ordena la cancelaci\u00f3n de la personer\u00eda jur\u00eddica de los partidos pol\u00edticos que no alcanzaron el tres por ciento de votaci\u00f3n, entre ellos ASIP y SOL.\" \/>\n<meta property=\"og:url\" content=\"https:\/\/waracomunicaciones.com\/?p=1511\" \/>\n<meta property=\"og:site_name\" content=\"Wara Comunicaciones\" \/>\n<meta property=\"article:publisher\" content=\"https:\/\/www.facebook.com\/waracomunicaciones2017\" \/>\n<meta property=\"article:published_time\" content=\"2026-03-04T04:33:24+00:00\" \/>\n<meta property=\"article:modified_time\" content=\"2026-03-04T04:33:25+00:00\" \/>\n<meta property=\"og:image\" content=\"https:\/\/waracomunicaciones.com\/wp-content\/uploads\/2026\/03\/Santiago-4-mar-26.webp\" \/>\n\t<meta property=\"og:image:width\" content=\"517\" \/>\n\t<meta property=\"og:image:height\" content=\"667\" \/>\n\t<meta property=\"og:image:type\" content=\"image\/webp\" \/>\n<meta name=\"author\" content=\"Tom\u00e1s Coca\" \/>\n<meta name=\"twitter:card\" content=\"summary_large_image\" \/>\n<meta name=\"twitter:label1\" content=\"Escrito por\" \/>\n\t<meta name=\"twitter:data1\" content=\"Tom\u00e1s Coca\" \/>\n\t<meta name=\"twitter:label2\" content=\"Tiempo de lectura\" \/>\n\t<meta name=\"twitter:data2\" content=\"2 minutos\" \/>\n<script type=\"application\/ld+json\" class=\"yoast-schema-graph\">{\"@context\":\"https:\/\/schema.org\",\"@graph\":[{\"@type\":\"Article\",\"@id\":\"https:\/\/waracomunicaciones.com\/?p=1511#article\",\"isPartOf\":{\"@id\":\"https:\/\/waracomunicaciones.com\/?p=1511\"},\"author\":{\"name\":\"Tom\u00e1s Coca\",\"@id\":\"https:\/\/waracomunicaciones.com\/#\/schema\/person\/cbfc6e874b874c69982b6f254108e9f0\"},\"headline\":\"Voto de SOL se redistribuye y podr\u00eda favorecer a Valenzuela\",\"datePublished\":\"2026-03-04T04:33:24+00:00\",\"dateModified\":\"2026-03-04T04:33:25+00:00\",\"mainEntityOfPage\":{\"@id\":\"https:\/\/waracomunicaciones.com\/?p=1511\"},\"wordCount\":366,\"commentCount\":0,\"publisher\":{\"@id\":\"https:\/\/waracomunicaciones.com\/#organization\"},\"image\":{\"@id\":\"https:\/\/waracomunicaciones.com\/?p=1511#primaryimage\"},\"thumbnailUrl\":\"https:\/\/waracomunicaciones.com\/wp-content\/uploads\/2026\/03\/Santiago-4-mar-26.webp\",\"articleSection\":[\"Pol\u00edtica\"],\"inLanguage\":\"es\",\"potentialAction\":[{\"@type\":\"CommentAction\",\"name\":\"Comment\",\"target\":[\"https:\/\/waracomunicaciones.com\/?p=1511#respond\"]}]},{\"@type\":\"WebPage\",\"@id\":\"https:\/\/waracomunicaciones.com\/?p=1511\",\"url\":\"https:\/\/waracomunicaciones.com\/?p=1511\",\"name\":\"Voto de SOL se redistribuye y podr\u00eda favorecer a Valenzuela - Wara Comunicaciones\",\"isPartOf\":{\"@id\":\"https:\/\/waracomunicaciones.com\/#website\"},\"primaryImageOfPage\":{\"@id\":\"https:\/\/waracomunicaciones.com\/?p=1511#primaryimage\"},\"image\":{\"@id\":\"https:\/\/waracomunicaciones.com\/?p=1511#primaryimage\"},\"thumbnailUrl\":\"https:\/\/waracomunicaciones.com\/wp-content\/uploads\/2026\/03\/Santiago-4-mar-26.webp\",\"datePublished\":\"2026-03-04T04:33:24+00:00\",\"dateModified\":\"2026-03-04T04:33:25+00:00\",\"breadcrumb\":{\"@id\":\"https:\/\/waracomunicaciones.com\/?p=1511#breadcrumb\"},\"inLanguage\":\"es\",\"potentialAction\":[{\"@type\":\"ReadAction\",\"target\":[\"https:\/\/waracomunicaciones.com\/?p=1511\"]}]},{\"@type\":\"ImageObject\",\"inLanguage\":\"es\",\"@id\":\"https:\/\/waracomunicaciones.com\/?p=1511#primaryimage\",\"url\":\"https:\/\/waracomunicaciones.com\/wp-content\/uploads\/2026\/03\/Santiago-4-mar-26.webp\",\"contentUrl\":\"https:\/\/waracomunicaciones.com\/wp-content\/uploads\/2026\/03\/Santiago-4-mar-26.webp\",\"width\":517,\"height\":667},{\"@type\":\"BreadcrumbList\",\"@id\":\"https:\/\/waracomunicaciones.com\/?p=1511#breadcrumb\",\"itemListElement\":[{\"@type\":\"ListItem\",\"position\":1,\"name\":\"Portada\",\"item\":\"https:\/\/waracomunicaciones.com\/\"},{\"@type\":\"ListItem\",\"position\":2,\"name\":\"Voto de SOL se redistribuye y podr\u00eda favorecer a Valenzuela\"}]},{\"@type\":\"WebSite\",\"@id\":\"https:\/\/waracomunicaciones.com\/#website\",\"url\":\"https:\/\/waracomunicaciones.com\/\",\"name\":\"Wara Comunicaciones\",\"description\":\"\",\"publisher\":{\"@id\":\"https:\/\/waracomunicaciones.com\/#organization\"},\"potentialAction\":[{\"@type\":\"SearchAction\",\"target\":{\"@type\":\"EntryPoint\",\"urlTemplate\":\"https:\/\/waracomunicaciones.com\/?s={search_term_string}\"},\"query-input\":{\"@type\":\"PropertyValueSpecification\",\"valueRequired\":true,\"valueName\":\"search_term_string\"}}],\"inLanguage\":\"es\"},{\"@type\":\"Organization\",\"@id\":\"https:\/\/waracomunicaciones.com\/#organization\",\"name\":\"Wara Comunicaciones\",\"url\":\"https:\/\/waracomunicaciones.com\/\",\"logo\":{\"@type\":\"ImageObject\",\"inLanguage\":\"es\",\"@id\":\"https:\/\/waracomunicaciones.com\/#\/schema\/logo\/image\/\",\"url\":\"https:\/\/waracomunicaciones.com\/wp-content\/uploads\/2025\/07\/logo.png\",\"contentUrl\":\"https:\/\/waracomunicaciones.com\/wp-content\/uploads\/2025\/07\/logo.png\",\"width\":400,\"height\":164,\"caption\":\"Wara Comunicaciones\"},\"image\":{\"@id\":\"https:\/\/waracomunicaciones.com\/#\/schema\/logo\/image\/\"},\"sameAs\":[\"https:\/\/www.facebook.com\/waracomunicaciones2017\"]},{\"@type\":\"Person\",\"@id\":\"https:\/\/waracomunicaciones.com\/#\/schema\/person\/cbfc6e874b874c69982b6f254108e9f0\",\"name\":\"Tom\u00e1s Coca\",\"image\":{\"@type\":\"ImageObject\",\"inLanguage\":\"es\",\"@id\":\"https:\/\/waracomunicaciones.com\/#\/schema\/person\/image\/\",\"url\":\"https:\/\/secure.gravatar.com\/avatar\/482131bd67ce2dac1261229602fd0c47826af81f4ac6608b066b29cac2a6e65d?s=96&d=mm&r=g\",\"contentUrl\":\"https:\/\/secure.gravatar.com\/avatar\/482131bd67ce2dac1261229602fd0c47826af81f4ac6608b066b29cac2a6e65d?s=96&d=mm&r=g\",\"caption\":\"Tom\u00e1s Coca\"},\"sameAs\":[\"https:\/\/waracomunicaciones.com\"],\"url\":\"https:\/\/waracomunicaciones.com\/?author=2\"}]}<\/script>\n<!-- \/ Yoast SEO Premium plugin. -->","yoast_head_json":{"title":"Voto de SOL se redistribuye y podr\u00eda favorecer a Valenzuela - Wara Comunicaciones","robots":{"index":"index","follow":"follow","max-snippet":"max-snippet:-1","max-image-preview":"max-image-preview:large","max-video-preview":"max-video-preview:-1"},"canonical":"https:\/\/waracomunicaciones.com\/?p=1511","og_locale":"es_ES","og_type":"article","og_title":"Voto de SOL se redistribuye y podr\u00eda favorecer a Valenzuela","og_description":"El abogado constitucionalista Franz Galler afirm\u00f3 que el Tribunal Constitucional Plurinacional emiti\u00f3 un fallo definitivo que ordena la cancelaci\u00f3n de la personer\u00eda jur\u00eddica de los partidos pol\u00edticos que no alcanzaron el tres por ciento de votaci\u00f3n, entre ellos ASIP y SOL.","og_url":"https:\/\/waracomunicaciones.com\/?p=1511","og_site_name":"Wara Comunicaciones","article_publisher":"https:\/\/www.facebook.com\/waracomunicaciones2017","article_published_time":"2026-03-04T04:33:24+00:00","article_modified_time":"2026-03-04T04:33:25+00:00","og_image":[{"width":517,"height":667,"url":"https:\/\/waracomunicaciones.com\/wp-content\/uploads\/2026\/03\/Santiago-4-mar-26.webp","type":"image\/webp"}],"author":"Tom\u00e1s Coca","twitter_card":"summary_large_image","twitter_misc":{"Escrito por":"Tom\u00e1s Coca","Tiempo de lectura":"2 minutos"},"schema":{"@context":"https:\/\/schema.org","@graph":[{"@type":"Article","@id":"https:\/\/waracomunicaciones.com\/?p=1511#article","isPartOf":{"@id":"https:\/\/waracomunicaciones.com\/?p=1511"},"author":{"name":"Tom\u00e1s Coca","@id":"https:\/\/waracomunicaciones.com\/#\/schema\/person\/cbfc6e874b874c69982b6f254108e9f0"},"headline":"Voto de SOL se redistribuye y podr\u00eda favorecer a Valenzuela","datePublished":"2026-03-04T04:33:24+00:00","dateModified":"2026-03-04T04:33:25+00:00","mainEntityOfPage":{"@id":"https:\/\/waracomunicaciones.com\/?p=1511"},"wordCount":366,"commentCount":0,"publisher":{"@id":"https:\/\/waracomunicaciones.com\/#organization"},"image":{"@id":"https:\/\/waracomunicaciones.com\/?p=1511#primaryimage"},"thumbnailUrl":"https:\/\/waracomunicaciones.com\/wp-content\/uploads\/2026\/03\/Santiago-4-mar-26.webp","articleSection":["Pol\u00edtica"],"inLanguage":"es","potentialAction":[{"@type":"CommentAction","name":"Comment","target":["https:\/\/waracomunicaciones.com\/?p=1511#respond"]}]},{"@type":"WebPage","@id":"https:\/\/waracomunicaciones.com\/?p=1511","url":"https:\/\/waracomunicaciones.com\/?p=1511","name":"Voto de SOL se redistribuye y podr\u00eda favorecer a Valenzuela - Wara Comunicaciones","isPartOf":{"@id":"https:\/\/waracomunicaciones.com\/#website"},"primaryImageOfPage":{"@id":"https:\/\/waracomunicaciones.com\/?p=1511#primaryimage"},"image":{"@id":"https:\/\/waracomunicaciones.com\/?p=1511#primaryimage"},"thumbnailUrl":"https:\/\/waracomunicaciones.com\/wp-content\/uploads\/2026\/03\/Santiago-4-mar-26.webp","datePublished":"2026-03-04T04:33:24+00:00","dateModified":"2026-03-04T04:33:25+00:00","breadcrumb":{"@id":"https:\/\/waracomunicaciones.com\/?p=1511#breadcrumb"},"inLanguage":"es","potentialAction":[{"@type":"ReadAction","target":["https:\/\/waracomunicaciones.com\/?p=1511"]}]},{"@type":"ImageObject","inLanguage":"es","@id":"https:\/\/waracomunicaciones.com\/?p=1511#primaryimage","url":"https:\/\/waracomunicaciones.com\/wp-content\/uploads\/2026\/03\/Santiago-4-mar-26.webp","contentUrl":"https:\/\/waracomunicaciones.com\/wp-content\/uploads\/2026\/03\/Santiago-4-mar-26.webp","width":517,"height":667},{"@type":"BreadcrumbList","@id":"https:\/\/waracomunicaciones.com\/?p=1511#breadcrumb","itemListElement":[{"@type":"ListItem","position":1,"name":"Portada","item":"https:\/\/waracomunicaciones.com\/"},{"@type":"ListItem","position":2,"name":"Voto de SOL se redistribuye y podr\u00eda favorecer a Valenzuela"}]},{"@type":"WebSite","@id":"https:\/\/waracomunicaciones.com\/#website","url":"https:\/\/waracomunicaciones.com\/","name":"Wara Comunicaciones","description":"","publisher":{"@id":"https:\/\/waracomunicaciones.com\/#organization"},"potentialAction":[{"@type":"SearchAction","target":{"@type":"EntryPoint","urlTemplate":"https:\/\/waracomunicaciones.com\/?s={search_term_string}"},"query-input":{"@type":"PropertyValueSpecification","valueRequired":true,"valueName":"search_term_string"}}],"inLanguage":"es"},{"@type":"Organization","@id":"https:\/\/waracomunicaciones.com\/#organization","name":"Wara Comunicaciones","url":"https:\/\/waracomunicaciones.com\/","logo":{"@type":"ImageObject","inLanguage":"es","@id":"https:\/\/waracomunicaciones.com\/#\/schema\/logo\/image\/","url":"https:\/\/waracomunicaciones.com\/wp-content\/uploads\/2025\/07\/logo.png","contentUrl":"https:\/\/waracomunicaciones.com\/wp-content\/uploads\/2025\/07\/logo.png","width":400,"height":164,"caption":"Wara Comunicaciones"},"image":{"@id":"https:\/\/waracomunicaciones.com\/#\/schema\/logo\/image\/"},"sameAs":["https:\/\/www.facebook.com\/waracomunicaciones2017"]},{"@type":"Person","@id":"https:\/\/waracomunicaciones.com\/#\/schema\/person\/cbfc6e874b874c69982b6f254108e9f0","name":"Tom\u00e1s Coca","image":{"@type":"ImageObject","inLanguage":"es","@id":"https:\/\/waracomunicaciones.com\/#\/schema\/person\/image\/","url":"https:\/\/secure.gravatar.com\/avatar\/482131bd67ce2dac1261229602fd0c47826af81f4ac6608b066b29cac2a6e65d?s=96&d=mm&r=g","contentUrl":"https:\/\/secure.gravatar.com\/avatar\/482131bd67ce2dac1261229602fd0c47826af81f4ac6608b066b29cac2a6e65d?s=96&d=mm&r=g","caption":"Tom\u00e1s Coca"},"sameAs":["https:\/\/waracomunicaciones.com"],"url":"https:\/\/waracomunicaciones.com\/?author=2"}]}},"_links":{"self":[{"href":"https:\/\/waracomunicaciones.com\/index.php?rest_route=\/wp\/v2\/posts\/1511","targetHints":{"allow":["GET"]}}],"collection":[{"href":"https:\/\/waracomunicaciones.com\/index.php?rest_route=\/wp\/v2\/posts"}],"about":[{"href":"https:\/\/waracomunicaciones.com\/index.php?rest_route=\/wp\/v2\/types\/post"}],"author":[{"embeddable":true,"href":"https:\/\/waracomunicaciones.com\/index.php?rest_route=\/wp\/v2\/users\/2"}],"replies":[{"embeddable":true,"href":"https:\/\/waracomunicaciones.com\/index.php?rest_route=%2Fwp%2Fv2%2Fcomments&post=1511"}],"version-history":[{"count":1,"href":"https:\/\/waracomunicaciones.com\/index.php?rest_route=\/wp\/v2\/posts\/1511\/revisions"}],"predecessor-version":[{"id":1513,"href":"https:\/\/waracomunicaciones.com\/index.php?rest_route=\/wp\/v2\/posts\/1511\/revisions\/1513"}],"wp:attachment":[{"href":"https:\/\/waracomunicaciones.com\/index.php?rest_route=%2Fwp%2Fv2%2Fmedia&parent=1511"}],"wp:term":[{"taxonomy":"category","embeddable":true,"href":"https:\/\/waracomunicaciones.com\/index.php?rest_route=%2Fwp%2Fv2%2Fcategories&post=1511"},{"taxonomy":"post_tag","embeddable":true,"href":"https:\/\/waracomunicaciones.com\/index.php?rest_route=%2Fwp%2Fv2%2Ftags&post=1511"}],"curies":[{"name":"wp","href":"https:\/\/api.w.org\/{rel}","templated":true}]}}