{"id":1508,"date":"2026-03-03T18:35:15","date_gmt":"2026-03-03T22:35:15","guid":{"rendered":"https:\/\/waracomunicaciones.com\/?p=1508"},"modified":"2026-03-03T18:35:16","modified_gmt":"2026-03-03T22:35:16","slug":"montero-la-salida-de-asip-y-sol-reconfigura-el-escenario-electoral-rumbo-al-22-de-marzo","status":"publish","type":"post","link":"https:\/\/waracomunicaciones.com\/?p=1508","title":{"rendered":"Montero: la salida de ASIP y SOL reconfigura el escenario electoral rumbo al 22 de marzo"},"content":{"rendered":"<div class=\"wp-block-image\">\n<figure class=\"aligncenter size-full\"><img loading=\"lazy\" decoding=\"async\" width=\"450\" height=\"599\" src=\"https:\/\/waracomunicaciones.com\/wp-content\/uploads\/2026\/03\/Tomas-3-mar-26.webp\" alt=\"\" class=\"wp-image-1509\" srcset=\"https:\/\/waracomunicaciones.com\/wp-content\/uploads\/2026\/03\/Tomas-3-mar-26.webp 450w, https:\/\/waracomunicaciones.com\/wp-content\/uploads\/2026\/03\/Tomas-3-mar-26-225x300.webp 225w\" sizes=\"auto, (max-width: 450px) 100vw, 450px\" \/><figcaption class=\"wp-element-caption\">Mercado del Barrio Nuevo Amanecer &#8211; Zona Oeste.<\/figcaption><\/figure>\n<\/div>\n\n<p>En la jornada de este martes 3 de marzo de 2026, desde la cadena radial Wara Comunicaciones, el periodista y candidato a concejal por la alianza TODOS, Tom\u00e1s Coca, analiz\u00f3 el nuevo escenario pol\u00edtico electoral en Montero tras la salida de las organizaciones ASIP y, principalmente, SOL, que postulaba al exalcalde Mario Baptista como candidato a primer concejal.<\/p>\n<p>Coca se\u00f1al\u00f3 que la ausencia de Baptista \u2014figura central del proyecto pol\u00edtico de SOL\u2014 genera una reconfiguraci\u00f3n del mapa electoral, particularmente en los sectores que tradicionalmente respaldaban su liderazgo. \u201cMuchos pensaban que volver\u00eda a postular a la Alcald\u00eda, pero su candidatura era a primer concejal. Aun as\u00ed, su imagen concentraba el apoyo principal\u201d, explic\u00f3.<\/p>\n<p><strong>Las claves de una campa\u00f1a electoral<\/strong><\/p>\n<p>Durante su an\u00e1lisis, el candidato record\u00f3 ocho factores fundamentales para ganar una elecci\u00f3n: investigaci\u00f3n del votante y construcci\u00f3n de un mensaje central; comunicaci\u00f3n eficaz; organizaci\u00f3n territorial; gesti\u00f3n estrat\u00e9gica de redes sociales; construcci\u00f3n de imagen p\u00fablica; propuestas concretas; sostenibilidad financiera de campa\u00f1a; y promoci\u00f3n de debates p\u00fablicos.<\/p>\n<p>Seg\u00fan Coca, en el actual proceso electoral en Montero se advierten debilidades en algunos de estos puntos, especialmente en la construcci\u00f3n de imagen y en la presentaci\u00f3n de propuestas claras. Asimismo, observ\u00f3 la ausencia de debates p\u00fablicos entre candidatos como un elemento que limita la confrontaci\u00f3n de ideas ante la ciudadan\u00eda.<\/p>\n<p><strong>El factor sociol\u00f3gico y antropol\u00f3gico<\/strong><\/p>\n<p>Bas\u00e1ndose en un an\u00e1lisis compartido por el abogado constitucionalista Franz Galler, Coca sostuvo que la salida de SOL impacta principalmente en un segmento social compuesto por trabajadores, gremialistas y sectores populares, con niveles educativos diversos y, en muchos casos, ingresos modestos.<\/p>\n<p>Desde una perspectiva sociol\u00f3gica, explic\u00f3 que este electorado podr\u00eda migrar hacia opciones con una base social similar. En ese sentido, mencion\u00f3 que las caracter\u00edsticas sociales de este grupo coincidir\u00edan en parte con la base electoral de Santiago Valenzuela.<\/p>\n<p>No obstante, destac\u00f3 que el componente antropol\u00f3gico podr\u00eda ser a\u00fan m\u00e1s determinante. Seg\u00fan su an\u00e1lisis, una parte importante de este electorado est\u00e1 conformada por migrantes del altiplano y los valles, con fuerte identidad cultural quechua, tradiciones arraigadas y sentido de pertenencia \u00e9tnica. \u201cLa cultura, las creencias y la identidad influyen profundamente en la decisi\u00f3n del voto\u201d, afirm\u00f3.<\/p>\n<p>En esa l\u00ednea, subray\u00f3 que la alianza TODOS apuesta a fortalecer la identidad cultural y el reconocimiento de las ra\u00edces, incluyendo la revalorizaci\u00f3n del idioma quechua y las tradiciones comunitarias.<\/p>\n<p><strong>Datos electorales y posibles tendencias<\/strong><\/p>\n<p>Coca tambi\u00e9n present\u00f3 datos de anteriores elecciones nacionales en distintos recintos de Montero, como las unidades educativas Daniel Rivero, Elvira Fr\u00edas, San Jos\u00e9 Obrero, Montecristo y Juancito Pinto. En varios de estos centros se registraron porcentajes significativos de voto nulo, que oscilaron entre el 26% y el 38%, adem\u00e1s de resultados destacados para el PDC y otras fuerzas pol\u00edticas.<\/p>\n<p>A partir de estas cifras, el candidato plante\u00f3 que existe un bloque social y popular en proceso de rearticulaci\u00f3n que podr\u00eda inclinar la balanza en los pr\u00f3ximos comicios municipales. Seg\u00fan su estimaci\u00f3n, en determinados recintos el respaldo podr\u00eda alcanzar hasta el 50% si se consolida una opci\u00f3n que logre representar de manera coherente las demandas sociales y culturales de estos sectores.<\/p>\n<p><strong>Un escenario abierto<\/strong><\/p>\n<p>De cara a las elecciones del 22 de marzo, Coca consider\u00f3 que el panorama es incierto y competitivo. \u201cEl escenario pol\u00edtico est\u00e1 complicado y cualquier cosa puede pasar\u201d, sostuvo, al tiempo de afirmar que la alianza TODOS apuesta por una estrategia centrada en la identidad cultural y en la representaci\u00f3n de los sectores populares.<\/p>\n<p>Con la salida de actores clave y la posible redistribuci\u00f3n del voto, Montero se encamina hacia una jornada electoral que, seg\u00fan los analistas, podr\u00eda traer sorpresas.<\/p><div style=\"margin-top: 0px; margin-bottom: 0px;\" class=\"sharethis-inline-reaction-buttons\" ><\/div>","protected":false},"excerpt":{"rendered":"<p>En la jornada de este martes 3 de marzo de 2026, desde la cadena radial Wara Comunicaciones, el periodista y candidato a concejal por la alianza TODOS, Tom\u00e1s Coca, analiz\u00f3 el nuevo escenario pol\u00edtico electoral en Montero tras la salida de las organizaciones ASIP y, principalmente, SOL, que postulaba al exalcalde Mario Baptista como candidato [&hellip;]<\/p>\n","protected":false},"author":2,"featured_media":0,"comment_status":"open","ping_status":"open","sticky":false,"template":"","format":"standard","meta":{"footnotes":""},"categories":[42],"tags":[],"class_list":["post-1508","post","type-post","status-publish","format-standard","hentry","category-politica"],"yoast_head":"<!-- This site is optimized with the Yoast SEO Premium plugin v25.5 (Yoast SEO v27.1.1) - https:\/\/yoast.com\/product\/yoast-seo-premium-wordpress\/ -->\n<title>Montero: la salida de ASIP y SOL reconfigura el escenario electoral rumbo al 22 de marzo - Wara Comunicaciones<\/title>\n<meta name=\"robots\" content=\"index, follow, max-snippet:-1, max-image-preview:large, max-video-preview:-1\" \/>\n<link rel=\"canonical\" href=\"https:\/\/waracomunicaciones.com\/?p=1508\" \/>\n<meta property=\"og:locale\" content=\"es_ES\" \/>\n<meta property=\"og:type\" content=\"article\" \/>\n<meta property=\"og:title\" content=\"Montero: la salida de ASIP y SOL reconfigura el escenario electoral rumbo al 22 de marzo\" \/>\n<meta property=\"og:description\" content=\"En la jornada de este martes 3 de marzo de 2026, desde la cadena radial Wara Comunicaciones, el periodista y candidato a concejal por la alianza TODOS, Tom\u00e1s Coca, analiz\u00f3 el nuevo escenario pol\u00edtico electoral en Montero tras la salida de las organizaciones ASIP y, principalmente, SOL, que postulaba al exalcalde Mario Baptista como candidato [&hellip;]\" \/>\n<meta property=\"og:url\" content=\"https:\/\/waracomunicaciones.com\/?p=1508\" \/>\n<meta property=\"og:site_name\" content=\"Wara Comunicaciones\" \/>\n<meta property=\"article:publisher\" content=\"https:\/\/www.facebook.com\/waracomunicaciones2017\" \/>\n<meta property=\"article:published_time\" content=\"2026-03-03T22:35:15+00:00\" \/>\n<meta property=\"article:modified_time\" content=\"2026-03-03T22:35:16+00:00\" \/>\n<meta property=\"og:image\" content=\"https:\/\/waracomunicaciones.com\/wp-content\/uploads\/2026\/03\/Tomas-3-mar-26.webp\" \/>\n\t<meta property=\"og:image:width\" content=\"450\" \/>\n\t<meta property=\"og:image:height\" content=\"599\" \/>\n\t<meta property=\"og:image:type\" content=\"image\/webp\" \/>\n<meta name=\"author\" content=\"Tom\u00e1s Coca\" \/>\n<meta name=\"twitter:card\" content=\"summary_large_image\" \/>\n<meta name=\"twitter:label1\" content=\"Escrito por\" \/>\n\t<meta name=\"twitter:data1\" content=\"Tom\u00e1s Coca\" \/>\n\t<meta name=\"twitter:label2\" content=\"Tiempo de lectura\" \/>\n\t<meta name=\"twitter:data2\" content=\"3 minutos\" \/>\n<script type=\"application\/ld+json\" class=\"yoast-schema-graph\">{\"@context\":\"https:\/\/schema.org\",\"@graph\":[{\"@type\":\"Article\",\"@id\":\"https:\/\/waracomunicaciones.com\/?p=1508#article\",\"isPartOf\":{\"@id\":\"https:\/\/waracomunicaciones.com\/?p=1508\"},\"author\":{\"name\":\"Tom\u00e1s Coca\",\"@id\":\"https:\/\/waracomunicaciones.com\/#\/schema\/person\/cbfc6e874b874c69982b6f254108e9f0\"},\"headline\":\"Montero: la salida de ASIP y SOL reconfigura el escenario electoral rumbo al 22 de marzo\",\"datePublished\":\"2026-03-03T22:35:15+00:00\",\"dateModified\":\"2026-03-03T22:35:16+00:00\",\"mainEntityOfPage\":{\"@id\":\"https:\/\/waracomunicaciones.com\/?p=1508\"},\"wordCount\":672,\"commentCount\":0,\"publisher\":{\"@id\":\"https:\/\/waracomunicaciones.com\/#organization\"},\"image\":{\"@id\":\"https:\/\/waracomunicaciones.com\/?p=1508#primaryimage\"},\"thumbnailUrl\":\"https:\/\/waracomunicaciones.com\/wp-content\/uploads\/2026\/03\/Tomas-3-mar-26.webp\",\"articleSection\":[\"Pol\u00edtica\"],\"inLanguage\":\"es\",\"potentialAction\":[{\"@type\":\"CommentAction\",\"name\":\"Comment\",\"target\":[\"https:\/\/waracomunicaciones.com\/?p=1508#respond\"]}]},{\"@type\":\"WebPage\",\"@id\":\"https:\/\/waracomunicaciones.com\/?p=1508\",\"url\":\"https:\/\/waracomunicaciones.com\/?p=1508\",\"name\":\"Montero: la salida de ASIP y SOL reconfigura el escenario electoral rumbo al 22 de marzo - Wara Comunicaciones\",\"isPartOf\":{\"@id\":\"https:\/\/waracomunicaciones.com\/#website\"},\"primaryImageOfPage\":{\"@id\":\"https:\/\/waracomunicaciones.com\/?p=1508#primaryimage\"},\"image\":{\"@id\":\"https:\/\/waracomunicaciones.com\/?p=1508#primaryimage\"},\"thumbnailUrl\":\"https:\/\/waracomunicaciones.com\/wp-content\/uploads\/2026\/03\/Tomas-3-mar-26.webp\",\"datePublished\":\"2026-03-03T22:35:15+00:00\",\"dateModified\":\"2026-03-03T22:35:16+00:00\",\"breadcrumb\":{\"@id\":\"https:\/\/waracomunicaciones.com\/?p=1508#breadcrumb\"},\"inLanguage\":\"es\",\"potentialAction\":[{\"@type\":\"ReadAction\",\"target\":[\"https:\/\/waracomunicaciones.com\/?p=1508\"]}]},{\"@type\":\"ImageObject\",\"inLanguage\":\"es\",\"@id\":\"https:\/\/waracomunicaciones.com\/?p=1508#primaryimage\",\"url\":\"https:\/\/waracomunicaciones.com\/wp-content\/uploads\/2026\/03\/Tomas-3-mar-26.webp\",\"contentUrl\":\"https:\/\/waracomunicaciones.com\/wp-content\/uploads\/2026\/03\/Tomas-3-mar-26.webp\",\"width\":450,\"height\":599},{\"@type\":\"BreadcrumbList\",\"@id\":\"https:\/\/waracomunicaciones.com\/?p=1508#breadcrumb\",\"itemListElement\":[{\"@type\":\"ListItem\",\"position\":1,\"name\":\"Portada\",\"item\":\"https:\/\/waracomunicaciones.com\/\"},{\"@type\":\"ListItem\",\"position\":2,\"name\":\"Montero: la salida de ASIP y SOL reconfigura el escenario electoral rumbo al 22 de marzo\"}]},{\"@type\":\"WebSite\",\"@id\":\"https:\/\/waracomunicaciones.com\/#website\",\"url\":\"https:\/\/waracomunicaciones.com\/\",\"name\":\"Wara Comunicaciones\",\"description\":\"\",\"publisher\":{\"@id\":\"https:\/\/waracomunicaciones.com\/#organization\"},\"potentialAction\":[{\"@type\":\"SearchAction\",\"target\":{\"@type\":\"EntryPoint\",\"urlTemplate\":\"https:\/\/waracomunicaciones.com\/?s={search_term_string}\"},\"query-input\":{\"@type\":\"PropertyValueSpecification\",\"valueRequired\":true,\"valueName\":\"search_term_string\"}}],\"inLanguage\":\"es\"},{\"@type\":\"Organization\",\"@id\":\"https:\/\/waracomunicaciones.com\/#organization\",\"name\":\"Wara Comunicaciones\",\"url\":\"https:\/\/waracomunicaciones.com\/\",\"logo\":{\"@type\":\"ImageObject\",\"inLanguage\":\"es\",\"@id\":\"https:\/\/waracomunicaciones.com\/#\/schema\/logo\/image\/\",\"url\":\"https:\/\/waracomunicaciones.com\/wp-content\/uploads\/2025\/07\/logo.png\",\"contentUrl\":\"https:\/\/waracomunicaciones.com\/wp-content\/uploads\/2025\/07\/logo.png\",\"width\":400,\"height\":164,\"caption\":\"Wara Comunicaciones\"},\"image\":{\"@id\":\"https:\/\/waracomunicaciones.com\/#\/schema\/logo\/image\/\"},\"sameAs\":[\"https:\/\/www.facebook.com\/waracomunicaciones2017\"]},{\"@type\":\"Person\",\"@id\":\"https:\/\/waracomunicaciones.com\/#\/schema\/person\/cbfc6e874b874c69982b6f254108e9f0\",\"name\":\"Tom\u00e1s Coca\",\"image\":{\"@type\":\"ImageObject\",\"inLanguage\":\"es\",\"@id\":\"https:\/\/waracomunicaciones.com\/#\/schema\/person\/image\/\",\"url\":\"https:\/\/secure.gravatar.com\/avatar\/482131bd67ce2dac1261229602fd0c47826af81f4ac6608b066b29cac2a6e65d?s=96&d=mm&r=g\",\"contentUrl\":\"https:\/\/secure.gravatar.com\/avatar\/482131bd67ce2dac1261229602fd0c47826af81f4ac6608b066b29cac2a6e65d?s=96&d=mm&r=g\",\"caption\":\"Tom\u00e1s Coca\"},\"sameAs\":[\"https:\/\/waracomunicaciones.com\"],\"url\":\"https:\/\/waracomunicaciones.com\/?author=2\"}]}<\/script>\n<!-- \/ Yoast SEO Premium plugin. -->","yoast_head_json":{"title":"Montero: la salida de ASIP y SOL reconfigura el escenario electoral rumbo al 22 de marzo - Wara Comunicaciones","robots":{"index":"index","follow":"follow","max-snippet":"max-snippet:-1","max-image-preview":"max-image-preview:large","max-video-preview":"max-video-preview:-1"},"canonical":"https:\/\/waracomunicaciones.com\/?p=1508","og_locale":"es_ES","og_type":"article","og_title":"Montero: la salida de ASIP y SOL reconfigura el escenario electoral rumbo al 22 de marzo","og_description":"En la jornada de este martes 3 de marzo de 2026, desde la cadena radial Wara Comunicaciones, el periodista y candidato a concejal por la alianza TODOS, Tom\u00e1s Coca, analiz\u00f3 el nuevo escenario pol\u00edtico electoral en Montero tras la salida de las organizaciones ASIP y, principalmente, SOL, que postulaba al exalcalde Mario Baptista como candidato [&hellip;]","og_url":"https:\/\/waracomunicaciones.com\/?p=1508","og_site_name":"Wara Comunicaciones","article_publisher":"https:\/\/www.facebook.com\/waracomunicaciones2017","article_published_time":"2026-03-03T22:35:15+00:00","article_modified_time":"2026-03-03T22:35:16+00:00","og_image":[{"width":450,"height":599,"url":"https:\/\/waracomunicaciones.com\/wp-content\/uploads\/2026\/03\/Tomas-3-mar-26.webp","type":"image\/webp"}],"author":"Tom\u00e1s Coca","twitter_card":"summary_large_image","twitter_misc":{"Escrito por":"Tom\u00e1s Coca","Tiempo de lectura":"3 minutos"},"schema":{"@context":"https:\/\/schema.org","@graph":[{"@type":"Article","@id":"https:\/\/waracomunicaciones.com\/?p=1508#article","isPartOf":{"@id":"https:\/\/waracomunicaciones.com\/?p=1508"},"author":{"name":"Tom\u00e1s Coca","@id":"https:\/\/waracomunicaciones.com\/#\/schema\/person\/cbfc6e874b874c69982b6f254108e9f0"},"headline":"Montero: la salida de ASIP y SOL reconfigura el escenario electoral rumbo al 22 de marzo","datePublished":"2026-03-03T22:35:15+00:00","dateModified":"2026-03-03T22:35:16+00:00","mainEntityOfPage":{"@id":"https:\/\/waracomunicaciones.com\/?p=1508"},"wordCount":672,"commentCount":0,"publisher":{"@id":"https:\/\/waracomunicaciones.com\/#organization"},"image":{"@id":"https:\/\/waracomunicaciones.com\/?p=1508#primaryimage"},"thumbnailUrl":"https:\/\/waracomunicaciones.com\/wp-content\/uploads\/2026\/03\/Tomas-3-mar-26.webp","articleSection":["Pol\u00edtica"],"inLanguage":"es","potentialAction":[{"@type":"CommentAction","name":"Comment","target":["https:\/\/waracomunicaciones.com\/?p=1508#respond"]}]},{"@type":"WebPage","@id":"https:\/\/waracomunicaciones.com\/?p=1508","url":"https:\/\/waracomunicaciones.com\/?p=1508","name":"Montero: la salida de ASIP y SOL reconfigura el escenario electoral rumbo al 22 de marzo - Wara Comunicaciones","isPartOf":{"@id":"https:\/\/waracomunicaciones.com\/#website"},"primaryImageOfPage":{"@id":"https:\/\/waracomunicaciones.com\/?p=1508#primaryimage"},"image":{"@id":"https:\/\/waracomunicaciones.com\/?p=1508#primaryimage"},"thumbnailUrl":"https:\/\/waracomunicaciones.com\/wp-content\/uploads\/2026\/03\/Tomas-3-mar-26.webp","datePublished":"2026-03-03T22:35:15+00:00","dateModified":"2026-03-03T22:35:16+00:00","breadcrumb":{"@id":"https:\/\/waracomunicaciones.com\/?p=1508#breadcrumb"},"inLanguage":"es","potentialAction":[{"@type":"ReadAction","target":["https:\/\/waracomunicaciones.com\/?p=1508"]}]},{"@type":"ImageObject","inLanguage":"es","@id":"https:\/\/waracomunicaciones.com\/?p=1508#primaryimage","url":"https:\/\/waracomunicaciones.com\/wp-content\/uploads\/2026\/03\/Tomas-3-mar-26.webp","contentUrl":"https:\/\/waracomunicaciones.com\/wp-content\/uploads\/2026\/03\/Tomas-3-mar-26.webp","width":450,"height":599},{"@type":"BreadcrumbList","@id":"https:\/\/waracomunicaciones.com\/?p=1508#breadcrumb","itemListElement":[{"@type":"ListItem","position":1,"name":"Portada","item":"https:\/\/waracomunicaciones.com\/"},{"@type":"ListItem","position":2,"name":"Montero: la salida de ASIP y SOL reconfigura el escenario electoral rumbo al 22 de marzo"}]},{"@type":"WebSite","@id":"https:\/\/waracomunicaciones.com\/#website","url":"https:\/\/waracomunicaciones.com\/","name":"Wara Comunicaciones","description":"","publisher":{"@id":"https:\/\/waracomunicaciones.com\/#organization"},"potentialAction":[{"@type":"SearchAction","target":{"@type":"EntryPoint","urlTemplate":"https:\/\/waracomunicaciones.com\/?s={search_term_string}"},"query-input":{"@type":"PropertyValueSpecification","valueRequired":true,"valueName":"search_term_string"}}],"inLanguage":"es"},{"@type":"Organization","@id":"https:\/\/waracomunicaciones.com\/#organization","name":"Wara Comunicaciones","url":"https:\/\/waracomunicaciones.com\/","logo":{"@type":"ImageObject","inLanguage":"es","@id":"https:\/\/waracomunicaciones.com\/#\/schema\/logo\/image\/","url":"https:\/\/waracomunicaciones.com\/wp-content\/uploads\/2025\/07\/logo.png","contentUrl":"https:\/\/waracomunicaciones.com\/wp-content\/uploads\/2025\/07\/logo.png","width":400,"height":164,"caption":"Wara Comunicaciones"},"image":{"@id":"https:\/\/waracomunicaciones.com\/#\/schema\/logo\/image\/"},"sameAs":["https:\/\/www.facebook.com\/waracomunicaciones2017"]},{"@type":"Person","@id":"https:\/\/waracomunicaciones.com\/#\/schema\/person\/cbfc6e874b874c69982b6f254108e9f0","name":"Tom\u00e1s Coca","image":{"@type":"ImageObject","inLanguage":"es","@id":"https:\/\/waracomunicaciones.com\/#\/schema\/person\/image\/","url":"https:\/\/secure.gravatar.com\/avatar\/482131bd67ce2dac1261229602fd0c47826af81f4ac6608b066b29cac2a6e65d?s=96&d=mm&r=g","contentUrl":"https:\/\/secure.gravatar.com\/avatar\/482131bd67ce2dac1261229602fd0c47826af81f4ac6608b066b29cac2a6e65d?s=96&d=mm&r=g","caption":"Tom\u00e1s Coca"},"sameAs":["https:\/\/waracomunicaciones.com"],"url":"https:\/\/waracomunicaciones.com\/?author=2"}]}},"_links":{"self":[{"href":"https:\/\/waracomunicaciones.com\/index.php?rest_route=\/wp\/v2\/posts\/1508","targetHints":{"allow":["GET"]}}],"collection":[{"href":"https:\/\/waracomunicaciones.com\/index.php?rest_route=\/wp\/v2\/posts"}],"about":[{"href":"https:\/\/waracomunicaciones.com\/index.php?rest_route=\/wp\/v2\/types\/post"}],"author":[{"embeddable":true,"href":"https:\/\/waracomunicaciones.com\/index.php?rest_route=\/wp\/v2\/users\/2"}],"replies":[{"embeddable":true,"href":"https:\/\/waracomunicaciones.com\/index.php?rest_route=%2Fwp%2Fv2%2Fcomments&post=1508"}],"version-history":[{"count":1,"href":"https:\/\/waracomunicaciones.com\/index.php?rest_route=\/wp\/v2\/posts\/1508\/revisions"}],"predecessor-version":[{"id":1510,"href":"https:\/\/waracomunicaciones.com\/index.php?rest_route=\/wp\/v2\/posts\/1508\/revisions\/1510"}],"wp:attachment":[{"href":"https:\/\/waracomunicaciones.com\/index.php?rest_route=%2Fwp%2Fv2%2Fmedia&parent=1508"}],"wp:term":[{"taxonomy":"category","embeddable":true,"href":"https:\/\/waracomunicaciones.com\/index.php?rest_route=%2Fwp%2Fv2%2Fcategories&post=1508"},{"taxonomy":"post_tag","embeddable":true,"href":"https:\/\/waracomunicaciones.com\/index.php?rest_route=%2Fwp%2Fv2%2Ftags&post=1508"}],"curies":[{"name":"wp","href":"https:\/\/api.w.org\/{rel}","templated":true}]}}