{"id":1504,"date":"2026-03-03T09:09:01","date_gmt":"2026-03-03T13:09:01","guid":{"rendered":"https:\/\/waracomunicaciones.com\/?p=1504"},"modified":"2026-03-03T09:09:05","modified_gmt":"2026-03-03T13:09:05","slug":"el-ted-de-santa-cruz-inhabilita-a-sol-y-asip-y-deja-fuera-a-sus-candidatos-de-las-subnacionales","status":"publish","type":"post","link":"https:\/\/waracomunicaciones.com\/?p=1504","title":{"rendered":"El TED de Santa Cruz inhabilita a SOL y ASIP y deja fuera a sus candidatos de las subnacionales"},"content":{"rendered":"<div class=\"wp-block-image\">\n<figure class=\"aligncenter size-full\"><img loading=\"lazy\" decoding=\"async\" width=\"339\" height=\"639\" src=\"https:\/\/waracomunicaciones.com\/wp-content\/uploads\/2026\/03\/Santiago-3-mar-26.webp\" alt=\"\" class=\"wp-image-1505\" srcset=\"https:\/\/waracomunicaciones.com\/wp-content\/uploads\/2026\/03\/Santiago-3-mar-26.webp 339w, https:\/\/waracomunicaciones.com\/wp-content\/uploads\/2026\/03\/Santiago-3-mar-26-159x300.webp 159w\" sizes=\"auto, (max-width: 339px) 100vw, 339px\" \/><figcaption class=\"wp-element-caption\">Chimore, 19 febrero 2026<\/figcaption><\/figure>\n<\/div>\n\n\n\n<p>El Tribunal Electoral Departamental de Santa Cruz (TED) determin\u00f3 este lunes cancelar la personer\u00eda jur\u00eddica de las agrupaciones SOL y ASIP, decisi\u00f3n que implica que los candidatos de ambos frentes quedan fuera de las elecciones subnacionales previstas para el 22 de marzo.<!--more--><br \/>La resoluci\u00f3n fue dada a conocer en medio de amplia cobertura medi\u00e1tica y reconfigura el escenario pol\u00edtico en el municipio de Montero, donde ambas siglas ten\u00edan representaci\u00f3n y candidaturas en carrera. Con la cancelaci\u00f3n de su personer\u00eda, SOL y ASIP quedan oficialmente inhabilitadas para participar en los comicios.<br \/>Tras conocerse la determinaci\u00f3n, Cristian Rodr\u00edguez, candidato a concejal por la Alianza TODOS, se\u00f1al\u00f3 que el tribunal actu\u00f3 conforme a la normativa vigente.<br \/>\u201cCreo que el Tribunal Departamental ha definido conforme a normativa. \u00bfQu\u00e9 implica esto para nosotros como Alianza TODOS? Que somos ahora la \u00fanica alternativa, la \u00fanica referencia pol\u00edtica del bloque popular en Montero para la Alcald\u00eda\u201d, manifest\u00f3.<br \/>Rodr\u00edguez afirm\u00f3 que, ante el nuevo contexto electoral, su frente asume el desaf\u00edo de consolidar la unidad del bloque social y pol\u00edtico en torno a la candidatura a la Alcald\u00eda de Santiago Valenzuela. \u201cTenemos que garantizar la unidad de nuestra militancia y del proceso, a la cabeza de nuestro candidato alcalde\u201d, sostuvo.<br \/>El candidato convoc\u00f3 a sectores como transporte, gremiales, mototaxistas, juntas vecinales, organizaciones sociales de base, juventudes, mujeres y profesionales a sumarse al proyecto pol\u00edtico. Asimismo, extendi\u00f3 una invitaci\u00f3n a militantes y simpatizantes que formaban parte de ASIP y SOL para integrarse a su propuesta.<br \/>En el plano program\u00e1tico, Rodr\u00edguez se\u00f1al\u00f3 que uno de los principales problemas del municipio es el sistema de drenaje pluvial, que cada temporada de lluvias afecta a barrios perif\u00e9ricos y zonas c\u00e9ntricas. Indic\u00f3 que su propuesta contempla la gesti\u00f3n de recursos para ejecutar un plan maestro de drenaje y mejorar el alcantarillado.<br \/>En materia de salud, destac\u00f3 como propuesta central la construcci\u00f3n de un hospital de tres plantas, adem\u00e1s de la reapertura del centro de salud de V\u00eda Cochabamba y la Cruz Roja.<br \/>Finalmente, mencion\u00f3 la necesidad de modernizar la infraestructura municipal con la construcci\u00f3n de un nuevo edificio para la Alcald\u00eda de Montero, con el objetivo de mejorar la atenci\u00f3n a la ciudadan\u00eda.<br \/>Con la exclusi\u00f3n de SOL y ASIP del proceso electoral, el escenario pol\u00edtico local se redefine a pocas semanas de las elecciones, mientras las fuerzas habilitadas ajustan sus estrategias de cara al 22 de marzo.<\/p><div style=\"margin-top: 0px; margin-bottom: 0px;\" class=\"sharethis-inline-reaction-buttons\" ><\/div>","protected":false},"excerpt":{"rendered":"<p>El Tribunal Electoral Departamental de Santa Cruz (TED) determin\u00f3 este lunes cancelar la personer\u00eda jur\u00eddica de las agrupaciones SOL y ASIP, decisi\u00f3n que implica que los candidatos de ambos frentes quedan fuera de las elecciones subnacionales previstas para el 22 de marzo.<\/p>\n","protected":false},"author":2,"featured_media":0,"comment_status":"open","ping_status":"open","sticky":false,"template":"","format":"standard","meta":{"footnotes":""},"categories":[42],"tags":[],"class_list":["post-1504","post","type-post","status-publish","format-standard","hentry","category-politica"],"yoast_head":"<!-- This site is optimized with the Yoast SEO Premium plugin v25.5 (Yoast SEO v27.1.1) - https:\/\/yoast.com\/product\/yoast-seo-premium-wordpress\/ -->\n<title>El TED de Santa Cruz inhabilita a SOL y ASIP y deja fuera a sus candidatos de las subnacionales - Wara Comunicaciones<\/title>\n<meta name=\"robots\" content=\"index, follow, max-snippet:-1, max-image-preview:large, max-video-preview:-1\" \/>\n<link rel=\"canonical\" href=\"https:\/\/waracomunicaciones.com\/?p=1504\" \/>\n<meta property=\"og:locale\" content=\"es_ES\" \/>\n<meta property=\"og:type\" content=\"article\" \/>\n<meta property=\"og:title\" content=\"El TED de Santa Cruz inhabilita a SOL y ASIP y deja fuera a sus candidatos de las subnacionales\" \/>\n<meta property=\"og:description\" content=\"El Tribunal Electoral Departamental de Santa Cruz (TED) determin\u00f3 este lunes cancelar la personer\u00eda jur\u00eddica de las agrupaciones SOL y ASIP, decisi\u00f3n que implica que los candidatos de ambos frentes quedan fuera de las elecciones subnacionales previstas para el 22 de marzo.\" \/>\n<meta property=\"og:url\" content=\"https:\/\/waracomunicaciones.com\/?p=1504\" \/>\n<meta property=\"og:site_name\" content=\"Wara Comunicaciones\" \/>\n<meta property=\"article:publisher\" content=\"https:\/\/www.facebook.com\/waracomunicaciones2017\" \/>\n<meta property=\"article:published_time\" content=\"2026-03-03T13:09:01+00:00\" \/>\n<meta property=\"article:modified_time\" content=\"2026-03-03T13:09:05+00:00\" \/>\n<meta property=\"og:image\" content=\"https:\/\/waracomunicaciones.com\/wp-content\/uploads\/2026\/03\/Santiago-3-mar-26.webp\" \/>\n\t<meta property=\"og:image:width\" content=\"339\" \/>\n\t<meta property=\"og:image:height\" content=\"639\" \/>\n\t<meta property=\"og:image:type\" content=\"image\/webp\" \/>\n<meta name=\"author\" content=\"Tom\u00e1s Coca\" \/>\n<meta name=\"twitter:card\" content=\"summary_large_image\" \/>\n<meta name=\"twitter:label1\" content=\"Escrito por\" \/>\n\t<meta name=\"twitter:data1\" content=\"Tom\u00e1s Coca\" \/>\n\t<meta name=\"twitter:label2\" content=\"Tiempo de lectura\" \/>\n\t<meta name=\"twitter:data2\" content=\"3 minutos\" \/>\n<script type=\"application\/ld+json\" class=\"yoast-schema-graph\">{\"@context\":\"https:\/\/schema.org\",\"@graph\":[{\"@type\":\"Article\",\"@id\":\"https:\/\/waracomunicaciones.com\/?p=1504#article\",\"isPartOf\":{\"@id\":\"https:\/\/waracomunicaciones.com\/?p=1504\"},\"author\":{\"name\":\"Tom\u00e1s Coca\",\"@id\":\"https:\/\/waracomunicaciones.com\/#\/schema\/person\/cbfc6e874b874c69982b6f254108e9f0\"},\"headline\":\"El TED de Santa Cruz inhabilita a SOL y ASIP y deja fuera a sus candidatos de las subnacionales\",\"datePublished\":\"2026-03-03T13:09:01+00:00\",\"dateModified\":\"2026-03-03T13:09:05+00:00\",\"mainEntityOfPage\":{\"@id\":\"https:\/\/waracomunicaciones.com\/?p=1504\"},\"wordCount\":450,\"commentCount\":0,\"publisher\":{\"@id\":\"https:\/\/waracomunicaciones.com\/#organization\"},\"image\":{\"@id\":\"https:\/\/waracomunicaciones.com\/?p=1504#primaryimage\"},\"thumbnailUrl\":\"https:\/\/waracomunicaciones.com\/wp-content\/uploads\/2026\/03\/Santiago-3-mar-26.webp\",\"articleSection\":[\"Pol\u00edtica\"],\"inLanguage\":\"es\",\"potentialAction\":[{\"@type\":\"CommentAction\",\"name\":\"Comment\",\"target\":[\"https:\/\/waracomunicaciones.com\/?p=1504#respond\"]}]},{\"@type\":\"WebPage\",\"@id\":\"https:\/\/waracomunicaciones.com\/?p=1504\",\"url\":\"https:\/\/waracomunicaciones.com\/?p=1504\",\"name\":\"El TED de Santa Cruz inhabilita a SOL y ASIP y deja fuera a sus candidatos de las subnacionales - Wara Comunicaciones\",\"isPartOf\":{\"@id\":\"https:\/\/waracomunicaciones.com\/#website\"},\"primaryImageOfPage\":{\"@id\":\"https:\/\/waracomunicaciones.com\/?p=1504#primaryimage\"},\"image\":{\"@id\":\"https:\/\/waracomunicaciones.com\/?p=1504#primaryimage\"},\"thumbnailUrl\":\"https:\/\/waracomunicaciones.com\/wp-content\/uploads\/2026\/03\/Santiago-3-mar-26.webp\",\"datePublished\":\"2026-03-03T13:09:01+00:00\",\"dateModified\":\"2026-03-03T13:09:05+00:00\",\"breadcrumb\":{\"@id\":\"https:\/\/waracomunicaciones.com\/?p=1504#breadcrumb\"},\"inLanguage\":\"es\",\"potentialAction\":[{\"@type\":\"ReadAction\",\"target\":[\"https:\/\/waracomunicaciones.com\/?p=1504\"]}]},{\"@type\":\"ImageObject\",\"inLanguage\":\"es\",\"@id\":\"https:\/\/waracomunicaciones.com\/?p=1504#primaryimage\",\"url\":\"https:\/\/waracomunicaciones.com\/wp-content\/uploads\/2026\/03\/Santiago-3-mar-26.webp\",\"contentUrl\":\"https:\/\/waracomunicaciones.com\/wp-content\/uploads\/2026\/03\/Santiago-3-mar-26.webp\",\"width\":339,\"height\":639},{\"@type\":\"BreadcrumbList\",\"@id\":\"https:\/\/waracomunicaciones.com\/?p=1504#breadcrumb\",\"itemListElement\":[{\"@type\":\"ListItem\",\"position\":1,\"name\":\"Portada\",\"item\":\"https:\/\/waracomunicaciones.com\/\"},{\"@type\":\"ListItem\",\"position\":2,\"name\":\"El TED de Santa Cruz inhabilita a SOL y ASIP y deja fuera a sus candidatos de las subnacionales\"}]},{\"@type\":\"WebSite\",\"@id\":\"https:\/\/waracomunicaciones.com\/#website\",\"url\":\"https:\/\/waracomunicaciones.com\/\",\"name\":\"Wara Comunicaciones\",\"description\":\"\",\"publisher\":{\"@id\":\"https:\/\/waracomunicaciones.com\/#organization\"},\"potentialAction\":[{\"@type\":\"SearchAction\",\"target\":{\"@type\":\"EntryPoint\",\"urlTemplate\":\"https:\/\/waracomunicaciones.com\/?s={search_term_string}\"},\"query-input\":{\"@type\":\"PropertyValueSpecification\",\"valueRequired\":true,\"valueName\":\"search_term_string\"}}],\"inLanguage\":\"es\"},{\"@type\":\"Organization\",\"@id\":\"https:\/\/waracomunicaciones.com\/#organization\",\"name\":\"Wara Comunicaciones\",\"url\":\"https:\/\/waracomunicaciones.com\/\",\"logo\":{\"@type\":\"ImageObject\",\"inLanguage\":\"es\",\"@id\":\"https:\/\/waracomunicaciones.com\/#\/schema\/logo\/image\/\",\"url\":\"https:\/\/waracomunicaciones.com\/wp-content\/uploads\/2025\/07\/logo.png\",\"contentUrl\":\"https:\/\/waracomunicaciones.com\/wp-content\/uploads\/2025\/07\/logo.png\",\"width\":400,\"height\":164,\"caption\":\"Wara Comunicaciones\"},\"image\":{\"@id\":\"https:\/\/waracomunicaciones.com\/#\/schema\/logo\/image\/\"},\"sameAs\":[\"https:\/\/www.facebook.com\/waracomunicaciones2017\"]},{\"@type\":\"Person\",\"@id\":\"https:\/\/waracomunicaciones.com\/#\/schema\/person\/cbfc6e874b874c69982b6f254108e9f0\",\"name\":\"Tom\u00e1s Coca\",\"image\":{\"@type\":\"ImageObject\",\"inLanguage\":\"es\",\"@id\":\"https:\/\/waracomunicaciones.com\/#\/schema\/person\/image\/\",\"url\":\"https:\/\/secure.gravatar.com\/avatar\/482131bd67ce2dac1261229602fd0c47826af81f4ac6608b066b29cac2a6e65d?s=96&d=mm&r=g\",\"contentUrl\":\"https:\/\/secure.gravatar.com\/avatar\/482131bd67ce2dac1261229602fd0c47826af81f4ac6608b066b29cac2a6e65d?s=96&d=mm&r=g\",\"caption\":\"Tom\u00e1s Coca\"},\"sameAs\":[\"https:\/\/waracomunicaciones.com\"],\"url\":\"https:\/\/waracomunicaciones.com\/?author=2\"}]}<\/script>\n<!-- \/ Yoast SEO Premium plugin. -->","yoast_head_json":{"title":"El TED de Santa Cruz inhabilita a SOL y ASIP y deja fuera a sus candidatos de las subnacionales - Wara Comunicaciones","robots":{"index":"index","follow":"follow","max-snippet":"max-snippet:-1","max-image-preview":"max-image-preview:large","max-video-preview":"max-video-preview:-1"},"canonical":"https:\/\/waracomunicaciones.com\/?p=1504","og_locale":"es_ES","og_type":"article","og_title":"El TED de Santa Cruz inhabilita a SOL y ASIP y deja fuera a sus candidatos de las subnacionales","og_description":"El Tribunal Electoral Departamental de Santa Cruz (TED) determin\u00f3 este lunes cancelar la personer\u00eda jur\u00eddica de las agrupaciones SOL y ASIP, decisi\u00f3n que implica que los candidatos de ambos frentes quedan fuera de las elecciones subnacionales previstas para el 22 de marzo.","og_url":"https:\/\/waracomunicaciones.com\/?p=1504","og_site_name":"Wara Comunicaciones","article_publisher":"https:\/\/www.facebook.com\/waracomunicaciones2017","article_published_time":"2026-03-03T13:09:01+00:00","article_modified_time":"2026-03-03T13:09:05+00:00","og_image":[{"width":339,"height":639,"url":"https:\/\/waracomunicaciones.com\/wp-content\/uploads\/2026\/03\/Santiago-3-mar-26.webp","type":"image\/webp"}],"author":"Tom\u00e1s Coca","twitter_card":"summary_large_image","twitter_misc":{"Escrito por":"Tom\u00e1s Coca","Tiempo de lectura":"3 minutos"},"schema":{"@context":"https:\/\/schema.org","@graph":[{"@type":"Article","@id":"https:\/\/waracomunicaciones.com\/?p=1504#article","isPartOf":{"@id":"https:\/\/waracomunicaciones.com\/?p=1504"},"author":{"name":"Tom\u00e1s Coca","@id":"https:\/\/waracomunicaciones.com\/#\/schema\/person\/cbfc6e874b874c69982b6f254108e9f0"},"headline":"El TED de Santa Cruz inhabilita a SOL y ASIP y deja fuera a sus candidatos de las subnacionales","datePublished":"2026-03-03T13:09:01+00:00","dateModified":"2026-03-03T13:09:05+00:00","mainEntityOfPage":{"@id":"https:\/\/waracomunicaciones.com\/?p=1504"},"wordCount":450,"commentCount":0,"publisher":{"@id":"https:\/\/waracomunicaciones.com\/#organization"},"image":{"@id":"https:\/\/waracomunicaciones.com\/?p=1504#primaryimage"},"thumbnailUrl":"https:\/\/waracomunicaciones.com\/wp-content\/uploads\/2026\/03\/Santiago-3-mar-26.webp","articleSection":["Pol\u00edtica"],"inLanguage":"es","potentialAction":[{"@type":"CommentAction","name":"Comment","target":["https:\/\/waracomunicaciones.com\/?p=1504#respond"]}]},{"@type":"WebPage","@id":"https:\/\/waracomunicaciones.com\/?p=1504","url":"https:\/\/waracomunicaciones.com\/?p=1504","name":"El TED de Santa Cruz inhabilita a SOL y ASIP y deja fuera a sus candidatos de las subnacionales - Wara Comunicaciones","isPartOf":{"@id":"https:\/\/waracomunicaciones.com\/#website"},"primaryImageOfPage":{"@id":"https:\/\/waracomunicaciones.com\/?p=1504#primaryimage"},"image":{"@id":"https:\/\/waracomunicaciones.com\/?p=1504#primaryimage"},"thumbnailUrl":"https:\/\/waracomunicaciones.com\/wp-content\/uploads\/2026\/03\/Santiago-3-mar-26.webp","datePublished":"2026-03-03T13:09:01+00:00","dateModified":"2026-03-03T13:09:05+00:00","breadcrumb":{"@id":"https:\/\/waracomunicaciones.com\/?p=1504#breadcrumb"},"inLanguage":"es","potentialAction":[{"@type":"ReadAction","target":["https:\/\/waracomunicaciones.com\/?p=1504"]}]},{"@type":"ImageObject","inLanguage":"es","@id":"https:\/\/waracomunicaciones.com\/?p=1504#primaryimage","url":"https:\/\/waracomunicaciones.com\/wp-content\/uploads\/2026\/03\/Santiago-3-mar-26.webp","contentUrl":"https:\/\/waracomunicaciones.com\/wp-content\/uploads\/2026\/03\/Santiago-3-mar-26.webp","width":339,"height":639},{"@type":"BreadcrumbList","@id":"https:\/\/waracomunicaciones.com\/?p=1504#breadcrumb","itemListElement":[{"@type":"ListItem","position":1,"name":"Portada","item":"https:\/\/waracomunicaciones.com\/"},{"@type":"ListItem","position":2,"name":"El TED de Santa Cruz inhabilita a SOL y ASIP y deja fuera a sus candidatos de las subnacionales"}]},{"@type":"WebSite","@id":"https:\/\/waracomunicaciones.com\/#website","url":"https:\/\/waracomunicaciones.com\/","name":"Wara Comunicaciones","description":"","publisher":{"@id":"https:\/\/waracomunicaciones.com\/#organization"},"potentialAction":[{"@type":"SearchAction","target":{"@type":"EntryPoint","urlTemplate":"https:\/\/waracomunicaciones.com\/?s={search_term_string}"},"query-input":{"@type":"PropertyValueSpecification","valueRequired":true,"valueName":"search_term_string"}}],"inLanguage":"es"},{"@type":"Organization","@id":"https:\/\/waracomunicaciones.com\/#organization","name":"Wara Comunicaciones","url":"https:\/\/waracomunicaciones.com\/","logo":{"@type":"ImageObject","inLanguage":"es","@id":"https:\/\/waracomunicaciones.com\/#\/schema\/logo\/image\/","url":"https:\/\/waracomunicaciones.com\/wp-content\/uploads\/2025\/07\/logo.png","contentUrl":"https:\/\/waracomunicaciones.com\/wp-content\/uploads\/2025\/07\/logo.png","width":400,"height":164,"caption":"Wara Comunicaciones"},"image":{"@id":"https:\/\/waracomunicaciones.com\/#\/schema\/logo\/image\/"},"sameAs":["https:\/\/www.facebook.com\/waracomunicaciones2017"]},{"@type":"Person","@id":"https:\/\/waracomunicaciones.com\/#\/schema\/person\/cbfc6e874b874c69982b6f254108e9f0","name":"Tom\u00e1s Coca","image":{"@type":"ImageObject","inLanguage":"es","@id":"https:\/\/waracomunicaciones.com\/#\/schema\/person\/image\/","url":"https:\/\/secure.gravatar.com\/avatar\/482131bd67ce2dac1261229602fd0c47826af81f4ac6608b066b29cac2a6e65d?s=96&d=mm&r=g","contentUrl":"https:\/\/secure.gravatar.com\/avatar\/482131bd67ce2dac1261229602fd0c47826af81f4ac6608b066b29cac2a6e65d?s=96&d=mm&r=g","caption":"Tom\u00e1s Coca"},"sameAs":["https:\/\/waracomunicaciones.com"],"url":"https:\/\/waracomunicaciones.com\/?author=2"}]}},"_links":{"self":[{"href":"https:\/\/waracomunicaciones.com\/index.php?rest_route=\/wp\/v2\/posts\/1504","targetHints":{"allow":["GET"]}}],"collection":[{"href":"https:\/\/waracomunicaciones.com\/index.php?rest_route=\/wp\/v2\/posts"}],"about":[{"href":"https:\/\/waracomunicaciones.com\/index.php?rest_route=\/wp\/v2\/types\/post"}],"author":[{"embeddable":true,"href":"https:\/\/waracomunicaciones.com\/index.php?rest_route=\/wp\/v2\/users\/2"}],"replies":[{"embeddable":true,"href":"https:\/\/waracomunicaciones.com\/index.php?rest_route=%2Fwp%2Fv2%2Fcomments&post=1504"}],"version-history":[{"count":1,"href":"https:\/\/waracomunicaciones.com\/index.php?rest_route=\/wp\/v2\/posts\/1504\/revisions"}],"predecessor-version":[{"id":1506,"href":"https:\/\/waracomunicaciones.com\/index.php?rest_route=\/wp\/v2\/posts\/1504\/revisions\/1506"}],"wp:attachment":[{"href":"https:\/\/waracomunicaciones.com\/index.php?rest_route=%2Fwp%2Fv2%2Fmedia&parent=1504"}],"wp:term":[{"taxonomy":"category","embeddable":true,"href":"https:\/\/waracomunicaciones.com\/index.php?rest_route=%2Fwp%2Fv2%2Fcategories&post=1504"},{"taxonomy":"post_tag","embeddable":true,"href":"https:\/\/waracomunicaciones.com\/index.php?rest_route=%2Fwp%2Fv2%2Ftags&post=1504"}],"curies":[{"name":"wp","href":"https:\/\/api.w.org\/{rel}","templated":true}]}}