{"id":146,"date":"2025-07-24T23:45:24","date_gmt":"2025-07-25T03:45:24","guid":{"rendered":"https:\/\/waracomunicaciones.com\/?p=146"},"modified":"2025-07-26T06:38:38","modified_gmt":"2025-07-26T10:38:38","slug":"shirley-maldonado-defiende-la-estructura-del-mas-y-pide-el-respaldo-del-pueblo-en-la-circunscripcion-57-rumbo-al-17-de-agosto","status":"publish","type":"post","link":"https:\/\/waracomunicaciones.com\/?p=146","title":{"rendered":"Shirley Maldonado defiende la estructura del MAS y pide el respaldo del pueblo en la circunscripci\u00f3n 57 rumbo al 17 de agosto"},"content":{"rendered":"\n<figure class=\"wp-block-image size-full\"><img loading=\"lazy\" decoding=\"async\" width=\"800\" height=\"600\" src=\"https:\/\/waracomunicaciones.com\/wp-content\/uploads\/2025\/07\/shye-2.webp\" alt=\"\" class=\"wp-image-147\" srcset=\"https:\/\/waracomunicaciones.com\/wp-content\/uploads\/2025\/07\/shye-2.webp 800w, https:\/\/waracomunicaciones.com\/wp-content\/uploads\/2025\/07\/shye-2-300x225.webp 300w, https:\/\/waracomunicaciones.com\/wp-content\/uploads\/2025\/07\/shye-2-768x576.webp 768w\" sizes=\"auto, (max-width: 800px) 100vw, 800px\" \/><figcaption class=\"wp-element-caption\"><em>En campa\u00f1a en Portachuelo &#8211; Foto Facebook<\/em><\/figcaption><\/figure>\n\n\n<p>La candidata del MAS-IPSP fortalece su campa\u00f1a recorriendo barrios y comunidades de Montero, Yapacan\u00ed y municipios aleda\u00f1os, en un contexto electoral complejo marcado por el desgaste del partido de gobierno.<!--more--><\/p>\n<p><strong><b>Montero, <\/b><\/strong>\u00a0\u2013 En medio de un escenario pol\u00edtico desafiante para el Movimiento al Socialismo (MAS-IPSP), <strong><b>Maldonado<\/b><\/strong>, candidata por la circunscripci\u00f3n 57, reafirm\u00f3 su compromiso con el proceso de cambio y asegur\u00f3 que, pese a las dificultades, la estructura del MAS sigue firme y con respaldo popular.<\/p>\n<p>Desde Montero, y en contacto con Wara Comunicaciones, Shirley inform\u00f3 que ya se encuentra planificando las actividades en las comunidades de <strong><b>Yapacan\u00ed<\/b><\/strong>, mientras contin\u00faa la campa\u00f1a territorial con recorridos \u201cpuerta a puerta\u201d y visitas a barrios, mercados y organizaciones sociales.<\/p>\n<p>\u201cNos ha tocado una campa\u00f1a dura, eso era de esperarse, pero seguimos firmes. En Buena Vista inauguramos nuestra Casa de Campa\u00f1a con una gran cantidad de gente que vino desde sus comunidades. Hay entusiasmo, hay respaldo y vamos a seguir trabajando con fuerza\u201d, afirm\u00f3.<\/p>\n<p><strong><b>Una campa\u00f1a m\u00e1s cercana, al estilo de las bases<\/b><\/strong><\/p>\n<p>La candidata se\u00f1al\u00f3 que esta campa\u00f1a le recuerda a las de los primeros a\u00f1os del MAS, cuando no hab\u00eda grandes estructuras de marketing, pero s\u00ed una conexi\u00f3n directa con la gente.<\/p>\n<p>\u201cNos ha tocado hacer una campa\u00f1a como en 2001, tocando puertas, hablando con la gente, caminando los barrios. Y la gente nos est\u00e1 recibiendo bien, nos saluda, nos abraza, nos dice que sigue con el MAS, que no quiere retroceder\u201d, explic\u00f3 Shirley.<\/p>\n<p>A pesar del debilitamiento de algunos apoyos institucionales que otrora facilitaron campa\u00f1as triunfales \u2014como el respaldo autom\u00e1tico de alcaldes afines al MAS\u2014 Shirley insiste en que el verdadero poder del instrumento pol\u00edtico radica en su <strong><b>estructura org\u00e1nica basada en organizaciones sociales<\/b><\/strong>.<\/p>\n<p>\u201cEso es lo que el MAS tiene y nadie m\u00e1s: una estructura nacida del pueblo. De los gremiales, los transportistas, los j\u00f3venes, las bases. Eso no lo pueden imitar los otros partidos, aunque lo sue\u00f1en\u201d, sentenci\u00f3.<\/p>\n<p><strong><b>Territorio clave y estrategia descentralizada<\/b><\/strong><\/p>\n<p>Consciente de que <strong><b>Montero representa cerca del 50% del padr\u00f3n electoral de la C-57<\/b><\/strong>, Shirley explic\u00f3 que su estrategia tambi\u00e9n se concentra en Yapacan\u00ed y los municipios de San Pedro, San Juan de Yapacan\u00ed, Portachuelo, San Carlos y Buenavista.<\/p>\n<p>\u201cSabemos c\u00f3mo se mueve el voto. En elecciones anteriores, los resultados en Montero pod\u00edan ser re\u00f1idos, pero los votos del norte volteaban la elecci\u00f3n. Por eso no estamos dejando ning\u00fan territorio descuidado\u201d, indic\u00f3.<\/p>\n<p><strong><b>Un llamado a la memoria y al compromiso<\/b><\/strong><\/p>\n<p>En su mensaje final, Shirley Maldonado apel\u00f3 al recuerdo del proceso pol\u00edtico iniciado por el MAS y pidi\u00f3 a los votantes no olvidar lo que se ha logrado en estos a\u00f1os.<\/p>\n<p>\u201cPido a nuestro pueblo que este 17 de agosto no se equivoque. Que no olvide los colores que nos representaron y nos dieron un lugar en esta Bolivia hermosa. Sigamos avanzando juntos, respaldando a nuestro instrumento pol\u00edtico\u201d, concluy\u00f3.<\/p>\n<p><strong><b>Contexto Electoral<\/b><\/strong><br \/>La C-57 es una de las circunscripciones m\u00e1s competitivas del norte integrado de Santa Cruz. En las \u00faltimas cuatro elecciones generales, el MAS se ha impuesto en este territorio, aunque en esta ocasi\u00f3n enfrenta una campa\u00f1a marcada por la incertidumbre, el descontento social y el resurgimiento de fuerzas opositoras organizadas.<\/p><div style=\"margin-top: 0px; margin-bottom: 0px;\" class=\"sharethis-inline-reaction-buttons\" ><\/div>","protected":false},"excerpt":{"rendered":"<p>La candidata del MAS-IPSP fortalece su campa\u00f1a recorriendo barrios y comunidades de Montero, Yapacan\u00ed y municipios aleda\u00f1os, en un contexto electoral complejo marcado por el desgaste del partido de gobierno.<\/p>\n","protected":false},"author":1,"featured_media":147,"comment_status":"open","ping_status":"open","sticky":false,"template":"","format":"standard","meta":{"footnotes":""},"categories":[42],"tags":[11,9,19,13],"class_list":["post-146","post","type-post","status-publish","format-standard","has-post-thumbnail","hentry","category-politica","tag-elecciones-nacionales-2025","tag-mas","tag-montero","tag-shirley-maldonado"],"yoast_head":"<!-- This site is optimized with the Yoast SEO Premium plugin v25.5 (Yoast SEO v27.1.1) - https:\/\/yoast.com\/product\/yoast-seo-premium-wordpress\/ -->\n<title>Shirley Maldonado defiende la estructura del MAS y pide el respaldo del pueblo en la circunscripci\u00f3n 57 rumbo al 17 de agosto - Wara Comunicaciones<\/title>\n<meta name=\"description\" content=\"La candidata del MAS-IPSP fortalece su campa\u00f1a en Montero, reafirmando su compromiso con el proceso de cambio en tiempos desafiantes.\" \/>\n<meta name=\"robots\" content=\"index, follow, max-snippet:-1, max-image-preview:large, max-video-preview:-1\" \/>\n<link rel=\"canonical\" href=\"https:\/\/waracomunicaciones.com\/?p=146\" \/>\n<meta property=\"og:locale\" content=\"es_ES\" \/>\n<meta property=\"og:type\" content=\"article\" \/>\n<meta property=\"og:title\" content=\"Shirley Maldonado defiende la estructura del MAS y pide el respaldo del pueblo en la circunscripci\u00f3n 57 rumbo al 17 de agosto\" \/>\n<meta property=\"og:description\" content=\"La candidata del MAS-IPSP fortalece su campa\u00f1a en Montero, reafirmando su compromiso con el proceso de cambio en tiempos desafiantes.\" \/>\n<meta property=\"og:url\" content=\"https:\/\/waracomunicaciones.com\/?p=146\" \/>\n<meta property=\"og:site_name\" content=\"Wara Comunicaciones\" \/>\n<meta property=\"article:publisher\" content=\"https:\/\/www.facebook.com\/waracomunicaciones2017\" \/>\n<meta property=\"article:published_time\" content=\"2025-07-25T03:45:24+00:00\" \/>\n<meta property=\"article:modified_time\" content=\"2025-07-26T10:38:38+00:00\" \/>\n<meta property=\"og:image\" content=\"https:\/\/waracomunicaciones.com\/wp-content\/uploads\/2025\/07\/shye-2.webp\" \/>\n\t<meta property=\"og:image:width\" content=\"800\" \/>\n\t<meta property=\"og:image:height\" content=\"600\" \/>\n\t<meta property=\"og:image:type\" content=\"image\/webp\" \/>\n<meta name=\"author\" content=\"admin\" \/>\n<meta name=\"twitter:card\" content=\"summary_large_image\" \/>\n<meta name=\"twitter:label1\" content=\"Escrito por\" \/>\n\t<meta name=\"twitter:data1\" content=\"admin\" \/>\n\t<meta name=\"twitter:label2\" content=\"Tiempo de lectura\" \/>\n\t<meta name=\"twitter:data2\" content=\"3 minutos\" \/>\n<script type=\"application\/ld+json\" class=\"yoast-schema-graph\">{\"@context\":\"https:\/\/schema.org\",\"@graph\":[{\"@type\":\"Article\",\"@id\":\"https:\/\/waracomunicaciones.com\/?p=146#article\",\"isPartOf\":{\"@id\":\"https:\/\/waracomunicaciones.com\/?p=146\"},\"author\":{\"name\":\"admin\",\"@id\":\"https:\/\/waracomunicaciones.com\/#\/schema\/person\/e9db934bc91575cc71fe584c5973244a\"},\"headline\":\"Shirley Maldonado defiende la estructura del MAS y pide el respaldo del pueblo en la circunscripci\u00f3n 57 rumbo al 17 de agosto\",\"datePublished\":\"2025-07-25T03:45:24+00:00\",\"dateModified\":\"2025-07-26T10:38:38+00:00\",\"mainEntityOfPage\":{\"@id\":\"https:\/\/waracomunicaciones.com\/?p=146\"},\"wordCount\":585,\"commentCount\":0,\"publisher\":{\"@id\":\"https:\/\/waracomunicaciones.com\/#organization\"},\"image\":{\"@id\":\"https:\/\/waracomunicaciones.com\/?p=146#primaryimage\"},\"thumbnailUrl\":\"https:\/\/waracomunicaciones.com\/wp-content\/uploads\/2025\/07\/shye-2.webp\",\"keywords\":[\"Elecciones Nacionales 2025\",\"MAS\",\"Montero\",\"Shirley Maldonado\"],\"articleSection\":[\"Pol\u00edtica\"],\"inLanguage\":\"es\",\"potentialAction\":[{\"@type\":\"CommentAction\",\"name\":\"Comment\",\"target\":[\"https:\/\/waracomunicaciones.com\/?p=146#respond\"]}]},{\"@type\":\"WebPage\",\"@id\":\"https:\/\/waracomunicaciones.com\/?p=146\",\"url\":\"https:\/\/waracomunicaciones.com\/?p=146\",\"name\":\"Shirley Maldonado defiende la estructura del MAS y pide el respaldo del pueblo en la circunscripci\u00f3n 57 rumbo al 17 de agosto - Wara Comunicaciones\",\"isPartOf\":{\"@id\":\"https:\/\/waracomunicaciones.com\/#website\"},\"primaryImageOfPage\":{\"@id\":\"https:\/\/waracomunicaciones.com\/?p=146#primaryimage\"},\"image\":{\"@id\":\"https:\/\/waracomunicaciones.com\/?p=146#primaryimage\"},\"thumbnailUrl\":\"https:\/\/waracomunicaciones.com\/wp-content\/uploads\/2025\/07\/shye-2.webp\",\"datePublished\":\"2025-07-25T03:45:24+00:00\",\"dateModified\":\"2025-07-26T10:38:38+00:00\",\"description\":\"La candidata del MAS-IPSP fortalece su campa\u00f1a en Montero, reafirmando su compromiso con el proceso de cambio en tiempos desafiantes.\",\"breadcrumb\":{\"@id\":\"https:\/\/waracomunicaciones.com\/?p=146#breadcrumb\"},\"inLanguage\":\"es\",\"potentialAction\":[{\"@type\":\"ReadAction\",\"target\":[\"https:\/\/waracomunicaciones.com\/?p=146\"]}]},{\"@type\":\"ImageObject\",\"inLanguage\":\"es\",\"@id\":\"https:\/\/waracomunicaciones.com\/?p=146#primaryimage\",\"url\":\"https:\/\/waracomunicaciones.com\/wp-content\/uploads\/2025\/07\/shye-2.webp\",\"contentUrl\":\"https:\/\/waracomunicaciones.com\/wp-content\/uploads\/2025\/07\/shye-2.webp\",\"width\":800,\"height\":600},{\"@type\":\"BreadcrumbList\",\"@id\":\"https:\/\/waracomunicaciones.com\/?p=146#breadcrumb\",\"itemListElement\":[{\"@type\":\"ListItem\",\"position\":1,\"name\":\"Portada\",\"item\":\"https:\/\/waracomunicaciones.com\/\"},{\"@type\":\"ListItem\",\"position\":2,\"name\":\"Shirley Maldonado defiende la estructura del MAS y pide el respaldo del pueblo en la circunscripci\u00f3n 57 rumbo al 17 de agosto\"}]},{\"@type\":\"WebSite\",\"@id\":\"https:\/\/waracomunicaciones.com\/#website\",\"url\":\"https:\/\/waracomunicaciones.com\/\",\"name\":\"Wara Comunicaciones\",\"description\":\"\",\"publisher\":{\"@id\":\"https:\/\/waracomunicaciones.com\/#organization\"},\"potentialAction\":[{\"@type\":\"SearchAction\",\"target\":{\"@type\":\"EntryPoint\",\"urlTemplate\":\"https:\/\/waracomunicaciones.com\/?s={search_term_string}\"},\"query-input\":{\"@type\":\"PropertyValueSpecification\",\"valueRequired\":true,\"valueName\":\"search_term_string\"}}],\"inLanguage\":\"es\"},{\"@type\":\"Organization\",\"@id\":\"https:\/\/waracomunicaciones.com\/#organization\",\"name\":\"Wara Comunicaciones\",\"url\":\"https:\/\/waracomunicaciones.com\/\",\"logo\":{\"@type\":\"ImageObject\",\"inLanguage\":\"es\",\"@id\":\"https:\/\/waracomunicaciones.com\/#\/schema\/logo\/image\/\",\"url\":\"https:\/\/waracomunicaciones.com\/wp-content\/uploads\/2025\/07\/logo.png\",\"contentUrl\":\"https:\/\/waracomunicaciones.com\/wp-content\/uploads\/2025\/07\/logo.png\",\"width\":400,\"height\":164,\"caption\":\"Wara Comunicaciones\"},\"image\":{\"@id\":\"https:\/\/waracomunicaciones.com\/#\/schema\/logo\/image\/\"},\"sameAs\":[\"https:\/\/www.facebook.com\/waracomunicaciones2017\"]},{\"@type\":\"Person\",\"@id\":\"https:\/\/waracomunicaciones.com\/#\/schema\/person\/e9db934bc91575cc71fe584c5973244a\",\"name\":\"admin\",\"image\":{\"@type\":\"ImageObject\",\"inLanguage\":\"es\",\"@id\":\"https:\/\/waracomunicaciones.com\/#\/schema\/person\/image\/\",\"url\":\"https:\/\/secure.gravatar.com\/avatar\/bf27e9186df568254093afa216f887fece17605302c6ff12f3980422fffa52e6?s=96&d=mm&r=g\",\"contentUrl\":\"https:\/\/secure.gravatar.com\/avatar\/bf27e9186df568254093afa216f887fece17605302c6ff12f3980422fffa52e6?s=96&d=mm&r=g\",\"caption\":\"admin\"},\"sameAs\":[\"https:\/\/waracomunicaciones.com\/wp\"],\"url\":\"https:\/\/waracomunicaciones.com\/?author=1\"}]}<\/script>\n<!-- \/ Yoast SEO Premium plugin. -->","yoast_head_json":{"title":"Shirley Maldonado defiende la estructura del MAS y pide el respaldo del pueblo en la circunscripci\u00f3n 57 rumbo al 17 de agosto - Wara Comunicaciones","description":"La candidata del MAS-IPSP fortalece su campa\u00f1a en Montero, reafirmando su compromiso con el proceso de cambio en tiempos desafiantes.","robots":{"index":"index","follow":"follow","max-snippet":"max-snippet:-1","max-image-preview":"max-image-preview:large","max-video-preview":"max-video-preview:-1"},"canonical":"https:\/\/waracomunicaciones.com\/?p=146","og_locale":"es_ES","og_type":"article","og_title":"Shirley Maldonado defiende la estructura del MAS y pide el respaldo del pueblo en la circunscripci\u00f3n 57 rumbo al 17 de agosto","og_description":"La candidata del MAS-IPSP fortalece su campa\u00f1a en Montero, reafirmando su compromiso con el proceso de cambio en tiempos desafiantes.","og_url":"https:\/\/waracomunicaciones.com\/?p=146","og_site_name":"Wara Comunicaciones","article_publisher":"https:\/\/www.facebook.com\/waracomunicaciones2017","article_published_time":"2025-07-25T03:45:24+00:00","article_modified_time":"2025-07-26T10:38:38+00:00","og_image":[{"width":800,"height":600,"url":"https:\/\/waracomunicaciones.com\/wp-content\/uploads\/2025\/07\/shye-2.webp","type":"image\/webp"}],"author":"admin","twitter_card":"summary_large_image","twitter_misc":{"Escrito por":"admin","Tiempo de lectura":"3 minutos"},"schema":{"@context":"https:\/\/schema.org","@graph":[{"@type":"Article","@id":"https:\/\/waracomunicaciones.com\/?p=146#article","isPartOf":{"@id":"https:\/\/waracomunicaciones.com\/?p=146"},"author":{"name":"admin","@id":"https:\/\/waracomunicaciones.com\/#\/schema\/person\/e9db934bc91575cc71fe584c5973244a"},"headline":"Shirley Maldonado defiende la estructura del MAS y pide el respaldo del pueblo en la circunscripci\u00f3n 57 rumbo al 17 de agosto","datePublished":"2025-07-25T03:45:24+00:00","dateModified":"2025-07-26T10:38:38+00:00","mainEntityOfPage":{"@id":"https:\/\/waracomunicaciones.com\/?p=146"},"wordCount":585,"commentCount":0,"publisher":{"@id":"https:\/\/waracomunicaciones.com\/#organization"},"image":{"@id":"https:\/\/waracomunicaciones.com\/?p=146#primaryimage"},"thumbnailUrl":"https:\/\/waracomunicaciones.com\/wp-content\/uploads\/2025\/07\/shye-2.webp","keywords":["Elecciones Nacionales 2025","MAS","Montero","Shirley Maldonado"],"articleSection":["Pol\u00edtica"],"inLanguage":"es","potentialAction":[{"@type":"CommentAction","name":"Comment","target":["https:\/\/waracomunicaciones.com\/?p=146#respond"]}]},{"@type":"WebPage","@id":"https:\/\/waracomunicaciones.com\/?p=146","url":"https:\/\/waracomunicaciones.com\/?p=146","name":"Shirley Maldonado defiende la estructura del MAS y pide el respaldo del pueblo en la circunscripci\u00f3n 57 rumbo al 17 de agosto - Wara Comunicaciones","isPartOf":{"@id":"https:\/\/waracomunicaciones.com\/#website"},"primaryImageOfPage":{"@id":"https:\/\/waracomunicaciones.com\/?p=146#primaryimage"},"image":{"@id":"https:\/\/waracomunicaciones.com\/?p=146#primaryimage"},"thumbnailUrl":"https:\/\/waracomunicaciones.com\/wp-content\/uploads\/2025\/07\/shye-2.webp","datePublished":"2025-07-25T03:45:24+00:00","dateModified":"2025-07-26T10:38:38+00:00","description":"La candidata del MAS-IPSP fortalece su campa\u00f1a en Montero, reafirmando su compromiso con el proceso de cambio en tiempos desafiantes.","breadcrumb":{"@id":"https:\/\/waracomunicaciones.com\/?p=146#breadcrumb"},"inLanguage":"es","potentialAction":[{"@type":"ReadAction","target":["https:\/\/waracomunicaciones.com\/?p=146"]}]},{"@type":"ImageObject","inLanguage":"es","@id":"https:\/\/waracomunicaciones.com\/?p=146#primaryimage","url":"https:\/\/waracomunicaciones.com\/wp-content\/uploads\/2025\/07\/shye-2.webp","contentUrl":"https:\/\/waracomunicaciones.com\/wp-content\/uploads\/2025\/07\/shye-2.webp","width":800,"height":600},{"@type":"BreadcrumbList","@id":"https:\/\/waracomunicaciones.com\/?p=146#breadcrumb","itemListElement":[{"@type":"ListItem","position":1,"name":"Portada","item":"https:\/\/waracomunicaciones.com\/"},{"@type":"ListItem","position":2,"name":"Shirley Maldonado defiende la estructura del MAS y pide el respaldo del pueblo en la circunscripci\u00f3n 57 rumbo al 17 de agosto"}]},{"@type":"WebSite","@id":"https:\/\/waracomunicaciones.com\/#website","url":"https:\/\/waracomunicaciones.com\/","name":"Wara Comunicaciones","description":"","publisher":{"@id":"https:\/\/waracomunicaciones.com\/#organization"},"potentialAction":[{"@type":"SearchAction","target":{"@type":"EntryPoint","urlTemplate":"https:\/\/waracomunicaciones.com\/?s={search_term_string}"},"query-input":{"@type":"PropertyValueSpecification","valueRequired":true,"valueName":"search_term_string"}}],"inLanguage":"es"},{"@type":"Organization","@id":"https:\/\/waracomunicaciones.com\/#organization","name":"Wara Comunicaciones","url":"https:\/\/waracomunicaciones.com\/","logo":{"@type":"ImageObject","inLanguage":"es","@id":"https:\/\/waracomunicaciones.com\/#\/schema\/logo\/image\/","url":"https:\/\/waracomunicaciones.com\/wp-content\/uploads\/2025\/07\/logo.png","contentUrl":"https:\/\/waracomunicaciones.com\/wp-content\/uploads\/2025\/07\/logo.png","width":400,"height":164,"caption":"Wara Comunicaciones"},"image":{"@id":"https:\/\/waracomunicaciones.com\/#\/schema\/logo\/image\/"},"sameAs":["https:\/\/www.facebook.com\/waracomunicaciones2017"]},{"@type":"Person","@id":"https:\/\/waracomunicaciones.com\/#\/schema\/person\/e9db934bc91575cc71fe584c5973244a","name":"admin","image":{"@type":"ImageObject","inLanguage":"es","@id":"https:\/\/waracomunicaciones.com\/#\/schema\/person\/image\/","url":"https:\/\/secure.gravatar.com\/avatar\/bf27e9186df568254093afa216f887fece17605302c6ff12f3980422fffa52e6?s=96&d=mm&r=g","contentUrl":"https:\/\/secure.gravatar.com\/avatar\/bf27e9186df568254093afa216f887fece17605302c6ff12f3980422fffa52e6?s=96&d=mm&r=g","caption":"admin"},"sameAs":["https:\/\/waracomunicaciones.com\/wp"],"url":"https:\/\/waracomunicaciones.com\/?author=1"}]}},"_links":{"self":[{"href":"https:\/\/waracomunicaciones.com\/index.php?rest_route=\/wp\/v2\/posts\/146","targetHints":{"allow":["GET"]}}],"collection":[{"href":"https:\/\/waracomunicaciones.com\/index.php?rest_route=\/wp\/v2\/posts"}],"about":[{"href":"https:\/\/waracomunicaciones.com\/index.php?rest_route=\/wp\/v2\/types\/post"}],"author":[{"embeddable":true,"href":"https:\/\/waracomunicaciones.com\/index.php?rest_route=\/wp\/v2\/users\/1"}],"replies":[{"embeddable":true,"href":"https:\/\/waracomunicaciones.com\/index.php?rest_route=%2Fwp%2Fv2%2Fcomments&post=146"}],"version-history":[{"count":1,"href":"https:\/\/waracomunicaciones.com\/index.php?rest_route=\/wp\/v2\/posts\/146\/revisions"}],"predecessor-version":[{"id":148,"href":"https:\/\/waracomunicaciones.com\/index.php?rest_route=\/wp\/v2\/posts\/146\/revisions\/148"}],"wp:featuredmedia":[{"embeddable":true,"href":"https:\/\/waracomunicaciones.com\/index.php?rest_route=\/wp\/v2\/media\/147"}],"wp:attachment":[{"href":"https:\/\/waracomunicaciones.com\/index.php?rest_route=%2Fwp%2Fv2%2Fmedia&parent=146"}],"wp:term":[{"taxonomy":"category","embeddable":true,"href":"https:\/\/waracomunicaciones.com\/index.php?rest_route=%2Fwp%2Fv2%2Fcategories&post=146"},{"taxonomy":"post_tag","embeddable":true,"href":"https:\/\/waracomunicaciones.com\/index.php?rest_route=%2Fwp%2Fv2%2Ftags&post=146"}],"curies":[{"name":"wp","href":"https:\/\/api.w.org\/{rel}","templated":true}]}}