{"id":143,"date":"2025-07-24T23:28:07","date_gmt":"2025-07-25T03:28:07","guid":{"rendered":"https:\/\/waracomunicaciones.com\/?p=143"},"modified":"2025-07-24T23:28:09","modified_gmt":"2025-07-25T03:28:09","slug":"jaime-uscamayta-refuerza-su-campana-en-montero-con-propuestas-economicas-y-duras-denuncias-contra-autoridades-locales","status":"publish","type":"post","link":"https:\/\/waracomunicaciones.com\/?p=143","title":{"rendered":"Jaime Uscamayta refuerza su campa\u00f1a en Montero con propuestas econ\u00f3micas y duras denuncias contra autoridades locales"},"content":{"rendered":"\n<figure class=\"wp-block-image size-large\"><img loading=\"lazy\" decoding=\"async\" width=\"1024\" height=\"576\" src=\"https:\/\/waracomunicaciones.com\/wp-content\/uploads\/2025\/07\/jaime-1024x576.webp\" alt=\"\" class=\"wp-image-144\" srcset=\"https:\/\/waracomunicaciones.com\/wp-content\/uploads\/2025\/07\/jaime-1024x576.webp 1024w, https:\/\/waracomunicaciones.com\/wp-content\/uploads\/2025\/07\/jaime-300x169.webp 300w, https:\/\/waracomunicaciones.com\/wp-content\/uploads\/2025\/07\/jaime-768x432.webp 768w, https:\/\/waracomunicaciones.com\/wp-content\/uploads\/2025\/07\/jaime.webp 1280w\" sizes=\"auto, (max-width: 1024px) 100vw, 1024px\" \/><figcaption class=\"wp-element-caption\"><em>Jaime Uscamayta en campa\u00f1a &#8211; Foto Facebook<\/em><\/figcaption><\/figure>\n\n\n<p>El candidato a diputado por la circunscripci\u00f3n 57 de APB Suma T propone una reestructuraci\u00f3n del sistema de combustibles, defiende el plan de bonos de litio de Manfred Reyes Villa y denuncia abuso de poder en la alcald\u00eda de Montero.<\/p>\n\n<p><strong><b>Montero, <\/b><\/strong>\u2013 Desde la casa de campa\u00f1a ubicada en la avenida Kennedy, Jaime Uscamayta, candidato a diputado uninominal por la circunscripci\u00f3n 57 (C-57), contin\u00faa su recorrido electoral con un mensaje claro: propuestas concretas para el desarrollo regional y una firme postura contra los actos de corrupci\u00f3n y abuso de poder.<!--more--><\/p>\n<p>Uscamayta asegur\u00f3 que el binomio de <strong><b>APB S\u00famate<\/b><\/strong>, liderado por <strong><b>Manfred Reyes Villa<\/b><\/strong>, avanza con fuerza en el norte integrado. \u201cTenemos la certeza de que vamos a ganar. Estamos coordinando con organizaciones sociales y preparando los pr\u00f3ximos debates sobre proyectos legislativos\u201d, declar\u00f3.<\/p>\n<p><strong><b>Propuestas econ\u00f3micas y respaldo empresarial<\/b><\/strong><\/p>\n<p>En cuanto a sus propuestas, Uscamayta revel\u00f3 que empresarios de la regi\u00f3n han manifestado su respaldo a su candidatura. \u201cEso refleja el apoyo del pueblo montere\u00f1o. Nuestra propuesta es eliminar las colas por combustible fijando el precio de la gasolina en Bs 5 por litro, eliminando la subvenci\u00f3n y la intermediaci\u00f3n corrupta\u201d, explic\u00f3.<\/p>\n<p>Asimismo, reiter\u00f3 su respaldo al plan econ\u00f3mico de Reyes Villa que plantea la <strong><b>venta anticipada de bonos de litio por 10 mil millones de d\u00f3lares<\/b><\/strong>\u00a0como estrategia para estabilizar la econom\u00eda nacional, nivelar la balanza de pagos y fortalecer el agro con tecnolog\u00eda de mejoramiento gen\u00e9tico.<\/p>\n<p><strong><b>Graves denuncias contra la Alcald\u00eda de Montero<\/b><\/strong><\/p>\n<p>Uscamayta tambi\u00e9n aprovech\u00f3 el contacto para denunciar un hecho que calific\u00f3 como \u00abmuy penoso\u00bb: el presunto abuso psicol\u00f3gico contra una exfuncionaria municipal por parte de <strong><b>Julio L\u00f3pez<\/b><\/strong>, asesor del alcalde y jefe de campa\u00f1a de la candidata <strong><b>Kelly Velarde<\/b><\/strong>.<\/p>\n<p>\u201cEl alcalde Regys Medina conoc\u00eda la situaci\u00f3n, no actu\u00f3 y eso lo convierte en c\u00f3mplice. No se puede permitir que la alcald\u00eda se use como base pol\u00edtica, chantajeando a los funcionarios y manipulando sus redes sociales. Es m\u00e1s de lo mismo, como en los peores tiempos del MAS\u201d, denunci\u00f3.<\/p>\n<p>Seg\u00fan el candidato, los hechos constituyen delitos de acci\u00f3n p\u00fablica que deben ser investigados de oficio por el Ministerio P\u00fablico. Cit\u00f3 el art\u00edculo 286 del C\u00f3digo de Procedimiento Penal, que obliga a los funcionarios a denunciar este tipo de hechos.<\/p>\n<p>Adem\u00e1s, cuestion\u00f3 la gesti\u00f3n municipal se\u00f1alando que, pese a contar con un presupuesto de m\u00e1s de Bs. 200 millones anuales como en el POA 2025 \u00a0<strong><b>Bs 201 millones<\/b><\/strong>, \u201csolo se han mejorado cuatro plazas\u201d. A su criterio, esto demuestra la falta de visi\u00f3n y compromiso con el desarrollo de Montero.<\/p>\n<p><strong><b>Llamado a un voto consciente<\/b><\/strong><\/p>\n<p>Finalmente, Uscamayta hizo un llamado a la ciudadan\u00eda a informarse y votar con conciencia este <strong><b>17 de agosto<\/b><\/strong>. \u201cEsperamos el apoyo del pueblo para que el capit\u00e1n Manfred Reyes Villa sea nuestro presidente y mi persona los represente dignamente en la Asamblea Legislativa\u201d, concluy\u00f3.<\/p><div style=\"margin-top: 0px; margin-bottom: 0px;\" class=\"sharethis-inline-reaction-buttons\" ><\/div>","protected":false},"excerpt":{"rendered":"<p>El candidato a diputado por la circunscripci\u00f3n 57 de APB Suma T propone una reestructuraci\u00f3n del sistema de combustibles, defiende el plan de bonos de litio de Manfred Reyes Villa y denuncia abuso de poder en la alcald\u00eda de Montero. Montero, \u2013 Desde la casa de campa\u00f1a ubicada en la avenida Kennedy, Jaime Uscamayta, candidato [&hellip;]<\/p>\n","protected":false},"author":1,"featured_media":144,"comment_status":"open","ping_status":"open","sticky":false,"template":"","format":"standard","meta":{"footnotes":""},"categories":[42],"tags":[29,11,10,19],"class_list":["post-143","post","type-post","status-publish","format-standard","has-post-thumbnail","hentry","category-politica","tag-apb-sumate","tag-elecciones-nacionales-2025","tag-jaime-uscamayta","tag-montero"],"yoast_head":"<!-- This site is optimized with the Yoast SEO Premium plugin v25.5 (Yoast SEO v27.1.1) - https:\/\/yoast.com\/product\/yoast-seo-premium-wordpress\/ -->\n<title>Jaime Uscamayta refuerza su campa\u00f1a en Montero con propuestas econ\u00f3micas y duras denuncias contra autoridades locales - Wara Comunicaciones<\/title>\n<meta name=\"robots\" content=\"index, follow, max-snippet:-1, max-image-preview:large, max-video-preview:-1\" \/>\n<link rel=\"canonical\" href=\"https:\/\/waracomunicaciones.com\/?p=143\" \/>\n<meta property=\"og:locale\" content=\"es_ES\" \/>\n<meta property=\"og:type\" content=\"article\" \/>\n<meta property=\"og:title\" content=\"Jaime Uscamayta refuerza su campa\u00f1a en Montero con propuestas econ\u00f3micas y duras denuncias contra autoridades locales\" \/>\n<meta property=\"og:description\" content=\"El candidato a diputado por la circunscripci\u00f3n 57 de APB Suma T propone una reestructuraci\u00f3n del sistema de combustibles, defiende el plan de bonos de litio de Manfred Reyes Villa y denuncia abuso de poder en la alcald\u00eda de Montero. Montero, \u2013 Desde la casa de campa\u00f1a ubicada en la avenida Kennedy, Jaime Uscamayta, candidato [&hellip;]\" \/>\n<meta property=\"og:url\" content=\"https:\/\/waracomunicaciones.com\/?p=143\" \/>\n<meta property=\"og:site_name\" content=\"Wara Comunicaciones\" \/>\n<meta property=\"article:publisher\" content=\"https:\/\/www.facebook.com\/waracomunicaciones2017\" \/>\n<meta property=\"article:published_time\" content=\"2025-07-25T03:28:07+00:00\" \/>\n<meta property=\"article:modified_time\" content=\"2025-07-25T03:28:09+00:00\" \/>\n<meta property=\"og:image\" content=\"https:\/\/waracomunicaciones.com\/wp-content\/uploads\/2025\/07\/jaime.webp\" \/>\n\t<meta property=\"og:image:width\" content=\"1280\" \/>\n\t<meta property=\"og:image:height\" content=\"720\" \/>\n\t<meta property=\"og:image:type\" content=\"image\/webp\" \/>\n<meta name=\"author\" content=\"admin\" \/>\n<meta name=\"twitter:card\" content=\"summary_large_image\" \/>\n<meta name=\"twitter:label1\" content=\"Escrito por\" \/>\n\t<meta name=\"twitter:data1\" content=\"admin\" \/>\n\t<meta name=\"twitter:label2\" content=\"Tiempo de lectura\" \/>\n\t<meta name=\"twitter:data2\" content=\"3 minutos\" \/>\n<script type=\"application\/ld+json\" class=\"yoast-schema-graph\">{\"@context\":\"https:\/\/schema.org\",\"@graph\":[{\"@type\":\"Article\",\"@id\":\"https:\/\/waracomunicaciones.com\/?p=143#article\",\"isPartOf\":{\"@id\":\"https:\/\/waracomunicaciones.com\/?p=143\"},\"author\":{\"name\":\"admin\",\"@id\":\"https:\/\/waracomunicaciones.com\/#\/schema\/person\/e9db934bc91575cc71fe584c5973244a\"},\"headline\":\"Jaime Uscamayta refuerza su campa\u00f1a en Montero con propuestas econ\u00f3micas y duras denuncias contra autoridades locales\",\"datePublished\":\"2025-07-25T03:28:07+00:00\",\"dateModified\":\"2025-07-25T03:28:09+00:00\",\"mainEntityOfPage\":{\"@id\":\"https:\/\/waracomunicaciones.com\/?p=143\"},\"wordCount\":529,\"commentCount\":0,\"publisher\":{\"@id\":\"https:\/\/waracomunicaciones.com\/#organization\"},\"image\":{\"@id\":\"https:\/\/waracomunicaciones.com\/?p=143#primaryimage\"},\"thumbnailUrl\":\"https:\/\/waracomunicaciones.com\/wp-content\/uploads\/2025\/07\/jaime.webp\",\"keywords\":[\"APB S\u00famate\",\"Elecciones Nacionales 2025\",\"Jaime Uscamayta\",\"Montero\"],\"articleSection\":[\"Pol\u00edtica\"],\"inLanguage\":\"es\",\"potentialAction\":[{\"@type\":\"CommentAction\",\"name\":\"Comment\",\"target\":[\"https:\/\/waracomunicaciones.com\/?p=143#respond\"]}]},{\"@type\":\"WebPage\",\"@id\":\"https:\/\/waracomunicaciones.com\/?p=143\",\"url\":\"https:\/\/waracomunicaciones.com\/?p=143\",\"name\":\"Jaime Uscamayta refuerza su campa\u00f1a en Montero con propuestas econ\u00f3micas y duras denuncias contra autoridades locales - Wara Comunicaciones\",\"isPartOf\":{\"@id\":\"https:\/\/waracomunicaciones.com\/#website\"},\"primaryImageOfPage\":{\"@id\":\"https:\/\/waracomunicaciones.com\/?p=143#primaryimage\"},\"image\":{\"@id\":\"https:\/\/waracomunicaciones.com\/?p=143#primaryimage\"},\"thumbnailUrl\":\"https:\/\/waracomunicaciones.com\/wp-content\/uploads\/2025\/07\/jaime.webp\",\"datePublished\":\"2025-07-25T03:28:07+00:00\",\"dateModified\":\"2025-07-25T03:28:09+00:00\",\"breadcrumb\":{\"@id\":\"https:\/\/waracomunicaciones.com\/?p=143#breadcrumb\"},\"inLanguage\":\"es\",\"potentialAction\":[{\"@type\":\"ReadAction\",\"target\":[\"https:\/\/waracomunicaciones.com\/?p=143\"]}]},{\"@type\":\"ImageObject\",\"inLanguage\":\"es\",\"@id\":\"https:\/\/waracomunicaciones.com\/?p=143#primaryimage\",\"url\":\"https:\/\/waracomunicaciones.com\/wp-content\/uploads\/2025\/07\/jaime.webp\",\"contentUrl\":\"https:\/\/waracomunicaciones.com\/wp-content\/uploads\/2025\/07\/jaime.webp\",\"width\":1280,\"height\":720},{\"@type\":\"BreadcrumbList\",\"@id\":\"https:\/\/waracomunicaciones.com\/?p=143#breadcrumb\",\"itemListElement\":[{\"@type\":\"ListItem\",\"position\":1,\"name\":\"Portada\",\"item\":\"https:\/\/waracomunicaciones.com\/\"},{\"@type\":\"ListItem\",\"position\":2,\"name\":\"Jaime Uscamayta refuerza su campa\u00f1a en Montero con propuestas econ\u00f3micas y duras denuncias contra autoridades locales\"}]},{\"@type\":\"WebSite\",\"@id\":\"https:\/\/waracomunicaciones.com\/#website\",\"url\":\"https:\/\/waracomunicaciones.com\/\",\"name\":\"Wara Comunicaciones\",\"description\":\"\",\"publisher\":{\"@id\":\"https:\/\/waracomunicaciones.com\/#organization\"},\"potentialAction\":[{\"@type\":\"SearchAction\",\"target\":{\"@type\":\"EntryPoint\",\"urlTemplate\":\"https:\/\/waracomunicaciones.com\/?s={search_term_string}\"},\"query-input\":{\"@type\":\"PropertyValueSpecification\",\"valueRequired\":true,\"valueName\":\"search_term_string\"}}],\"inLanguage\":\"es\"},{\"@type\":\"Organization\",\"@id\":\"https:\/\/waracomunicaciones.com\/#organization\",\"name\":\"Wara Comunicaciones\",\"url\":\"https:\/\/waracomunicaciones.com\/\",\"logo\":{\"@type\":\"ImageObject\",\"inLanguage\":\"es\",\"@id\":\"https:\/\/waracomunicaciones.com\/#\/schema\/logo\/image\/\",\"url\":\"https:\/\/waracomunicaciones.com\/wp-content\/uploads\/2025\/07\/logo.png\",\"contentUrl\":\"https:\/\/waracomunicaciones.com\/wp-content\/uploads\/2025\/07\/logo.png\",\"width\":400,\"height\":164,\"caption\":\"Wara Comunicaciones\"},\"image\":{\"@id\":\"https:\/\/waracomunicaciones.com\/#\/schema\/logo\/image\/\"},\"sameAs\":[\"https:\/\/www.facebook.com\/waracomunicaciones2017\"]},{\"@type\":\"Person\",\"@id\":\"https:\/\/waracomunicaciones.com\/#\/schema\/person\/e9db934bc91575cc71fe584c5973244a\",\"name\":\"admin\",\"image\":{\"@type\":\"ImageObject\",\"inLanguage\":\"es\",\"@id\":\"https:\/\/waracomunicaciones.com\/#\/schema\/person\/image\/\",\"url\":\"https:\/\/secure.gravatar.com\/avatar\/bf27e9186df568254093afa216f887fece17605302c6ff12f3980422fffa52e6?s=96&d=mm&r=g\",\"contentUrl\":\"https:\/\/secure.gravatar.com\/avatar\/bf27e9186df568254093afa216f887fece17605302c6ff12f3980422fffa52e6?s=96&d=mm&r=g\",\"caption\":\"admin\"},\"sameAs\":[\"https:\/\/waracomunicaciones.com\/wp\"],\"url\":\"https:\/\/waracomunicaciones.com\/?author=1\"}]}<\/script>\n<!-- \/ Yoast SEO Premium plugin. -->","yoast_head_json":{"title":"Jaime Uscamayta refuerza su campa\u00f1a en Montero con propuestas econ\u00f3micas y duras denuncias contra autoridades locales - Wara Comunicaciones","robots":{"index":"index","follow":"follow","max-snippet":"max-snippet:-1","max-image-preview":"max-image-preview:large","max-video-preview":"max-video-preview:-1"},"canonical":"https:\/\/waracomunicaciones.com\/?p=143","og_locale":"es_ES","og_type":"article","og_title":"Jaime Uscamayta refuerza su campa\u00f1a en Montero con propuestas econ\u00f3micas y duras denuncias contra autoridades locales","og_description":"El candidato a diputado por la circunscripci\u00f3n 57 de APB Suma T propone una reestructuraci\u00f3n del sistema de combustibles, defiende el plan de bonos de litio de Manfred Reyes Villa y denuncia abuso de poder en la alcald\u00eda de Montero. Montero, \u2013 Desde la casa de campa\u00f1a ubicada en la avenida Kennedy, Jaime Uscamayta, candidato [&hellip;]","og_url":"https:\/\/waracomunicaciones.com\/?p=143","og_site_name":"Wara Comunicaciones","article_publisher":"https:\/\/www.facebook.com\/waracomunicaciones2017","article_published_time":"2025-07-25T03:28:07+00:00","article_modified_time":"2025-07-25T03:28:09+00:00","og_image":[{"width":1280,"height":720,"url":"https:\/\/waracomunicaciones.com\/wp-content\/uploads\/2025\/07\/jaime.webp","type":"image\/webp"}],"author":"admin","twitter_card":"summary_large_image","twitter_misc":{"Escrito por":"admin","Tiempo de lectura":"3 minutos"},"schema":{"@context":"https:\/\/schema.org","@graph":[{"@type":"Article","@id":"https:\/\/waracomunicaciones.com\/?p=143#article","isPartOf":{"@id":"https:\/\/waracomunicaciones.com\/?p=143"},"author":{"name":"admin","@id":"https:\/\/waracomunicaciones.com\/#\/schema\/person\/e9db934bc91575cc71fe584c5973244a"},"headline":"Jaime Uscamayta refuerza su campa\u00f1a en Montero con propuestas econ\u00f3micas y duras denuncias contra autoridades locales","datePublished":"2025-07-25T03:28:07+00:00","dateModified":"2025-07-25T03:28:09+00:00","mainEntityOfPage":{"@id":"https:\/\/waracomunicaciones.com\/?p=143"},"wordCount":529,"commentCount":0,"publisher":{"@id":"https:\/\/waracomunicaciones.com\/#organization"},"image":{"@id":"https:\/\/waracomunicaciones.com\/?p=143#primaryimage"},"thumbnailUrl":"https:\/\/waracomunicaciones.com\/wp-content\/uploads\/2025\/07\/jaime.webp","keywords":["APB S\u00famate","Elecciones Nacionales 2025","Jaime Uscamayta","Montero"],"articleSection":["Pol\u00edtica"],"inLanguage":"es","potentialAction":[{"@type":"CommentAction","name":"Comment","target":["https:\/\/waracomunicaciones.com\/?p=143#respond"]}]},{"@type":"WebPage","@id":"https:\/\/waracomunicaciones.com\/?p=143","url":"https:\/\/waracomunicaciones.com\/?p=143","name":"Jaime Uscamayta refuerza su campa\u00f1a en Montero con propuestas econ\u00f3micas y duras denuncias contra autoridades locales - Wara Comunicaciones","isPartOf":{"@id":"https:\/\/waracomunicaciones.com\/#website"},"primaryImageOfPage":{"@id":"https:\/\/waracomunicaciones.com\/?p=143#primaryimage"},"image":{"@id":"https:\/\/waracomunicaciones.com\/?p=143#primaryimage"},"thumbnailUrl":"https:\/\/waracomunicaciones.com\/wp-content\/uploads\/2025\/07\/jaime.webp","datePublished":"2025-07-25T03:28:07+00:00","dateModified":"2025-07-25T03:28:09+00:00","breadcrumb":{"@id":"https:\/\/waracomunicaciones.com\/?p=143#breadcrumb"},"inLanguage":"es","potentialAction":[{"@type":"ReadAction","target":["https:\/\/waracomunicaciones.com\/?p=143"]}]},{"@type":"ImageObject","inLanguage":"es","@id":"https:\/\/waracomunicaciones.com\/?p=143#primaryimage","url":"https:\/\/waracomunicaciones.com\/wp-content\/uploads\/2025\/07\/jaime.webp","contentUrl":"https:\/\/waracomunicaciones.com\/wp-content\/uploads\/2025\/07\/jaime.webp","width":1280,"height":720},{"@type":"BreadcrumbList","@id":"https:\/\/waracomunicaciones.com\/?p=143#breadcrumb","itemListElement":[{"@type":"ListItem","position":1,"name":"Portada","item":"https:\/\/waracomunicaciones.com\/"},{"@type":"ListItem","position":2,"name":"Jaime Uscamayta refuerza su campa\u00f1a en Montero con propuestas econ\u00f3micas y duras denuncias contra autoridades locales"}]},{"@type":"WebSite","@id":"https:\/\/waracomunicaciones.com\/#website","url":"https:\/\/waracomunicaciones.com\/","name":"Wara Comunicaciones","description":"","publisher":{"@id":"https:\/\/waracomunicaciones.com\/#organization"},"potentialAction":[{"@type":"SearchAction","target":{"@type":"EntryPoint","urlTemplate":"https:\/\/waracomunicaciones.com\/?s={search_term_string}"},"query-input":{"@type":"PropertyValueSpecification","valueRequired":true,"valueName":"search_term_string"}}],"inLanguage":"es"},{"@type":"Organization","@id":"https:\/\/waracomunicaciones.com\/#organization","name":"Wara Comunicaciones","url":"https:\/\/waracomunicaciones.com\/","logo":{"@type":"ImageObject","inLanguage":"es","@id":"https:\/\/waracomunicaciones.com\/#\/schema\/logo\/image\/","url":"https:\/\/waracomunicaciones.com\/wp-content\/uploads\/2025\/07\/logo.png","contentUrl":"https:\/\/waracomunicaciones.com\/wp-content\/uploads\/2025\/07\/logo.png","width":400,"height":164,"caption":"Wara Comunicaciones"},"image":{"@id":"https:\/\/waracomunicaciones.com\/#\/schema\/logo\/image\/"},"sameAs":["https:\/\/www.facebook.com\/waracomunicaciones2017"]},{"@type":"Person","@id":"https:\/\/waracomunicaciones.com\/#\/schema\/person\/e9db934bc91575cc71fe584c5973244a","name":"admin","image":{"@type":"ImageObject","inLanguage":"es","@id":"https:\/\/waracomunicaciones.com\/#\/schema\/person\/image\/","url":"https:\/\/secure.gravatar.com\/avatar\/bf27e9186df568254093afa216f887fece17605302c6ff12f3980422fffa52e6?s=96&d=mm&r=g","contentUrl":"https:\/\/secure.gravatar.com\/avatar\/bf27e9186df568254093afa216f887fece17605302c6ff12f3980422fffa52e6?s=96&d=mm&r=g","caption":"admin"},"sameAs":["https:\/\/waracomunicaciones.com\/wp"],"url":"https:\/\/waracomunicaciones.com\/?author=1"}]}},"_links":{"self":[{"href":"https:\/\/waracomunicaciones.com\/index.php?rest_route=\/wp\/v2\/posts\/143","targetHints":{"allow":["GET"]}}],"collection":[{"href":"https:\/\/waracomunicaciones.com\/index.php?rest_route=\/wp\/v2\/posts"}],"about":[{"href":"https:\/\/waracomunicaciones.com\/index.php?rest_route=\/wp\/v2\/types\/post"}],"author":[{"embeddable":true,"href":"https:\/\/waracomunicaciones.com\/index.php?rest_route=\/wp\/v2\/users\/1"}],"replies":[{"embeddable":true,"href":"https:\/\/waracomunicaciones.com\/index.php?rest_route=%2Fwp%2Fv2%2Fcomments&post=143"}],"version-history":[{"count":1,"href":"https:\/\/waracomunicaciones.com\/index.php?rest_route=\/wp\/v2\/posts\/143\/revisions"}],"predecessor-version":[{"id":145,"href":"https:\/\/waracomunicaciones.com\/index.php?rest_route=\/wp\/v2\/posts\/143\/revisions\/145"}],"wp:featuredmedia":[{"embeddable":true,"href":"https:\/\/waracomunicaciones.com\/index.php?rest_route=\/wp\/v2\/media\/144"}],"wp:attachment":[{"href":"https:\/\/waracomunicaciones.com\/index.php?rest_route=%2Fwp%2Fv2%2Fmedia&parent=143"}],"wp:term":[{"taxonomy":"category","embeddable":true,"href":"https:\/\/waracomunicaciones.com\/index.php?rest_route=%2Fwp%2Fv2%2Fcategories&post=143"},{"taxonomy":"post_tag","embeddable":true,"href":"https:\/\/waracomunicaciones.com\/index.php?rest_route=%2Fwp%2Fv2%2Ftags&post=143"}],"curies":[{"name":"wp","href":"https:\/\/api.w.org\/{rel}","templated":true}]}}