{"id":1407,"date":"2026-01-31T07:02:48","date_gmt":"2026-01-31T11:02:48","guid":{"rendered":"https:\/\/waracomunicaciones.com\/?p=1407"},"modified":"2026-03-13T12:34:35","modified_gmt":"2026-03-13T16:34:35","slug":"inhabilitacion-de-candidatos-y-la-aplicacion-de-la-sentencia-constitucional-007-2025-un-analisis-de-jaime-uscamayta","status":"publish","type":"post","link":"https:\/\/waracomunicaciones.com\/?p=1407","title":{"rendered":"Inhabilitaci\u00f3n de Candidatos y la Aplicaci\u00f3n de la Sentencia Constitucional 007\/2025: Un An\u00e1lisis de Jaime Uscamayta"},"content":{"rendered":"\n<figure class=\"wp-block-image size-full\"><img loading=\"lazy\" decoding=\"async\" width=\"777\" height=\"589\" src=\"https:\/\/waracomunicaciones.com\/wp-content\/uploads\/2026\/01\/Jaime-Uscamayta-31-ene-26-e1773419632235.webp\" alt=\"\" class=\"wp-image-1408\" srcset=\"https:\/\/waracomunicaciones.com\/wp-content\/uploads\/2026\/01\/Jaime-Uscamayta-31-ene-26-e1773419632235.webp 777w, https:\/\/waracomunicaciones.com\/wp-content\/uploads\/2026\/01\/Jaime-Uscamayta-31-ene-26-e1773419632235-300x227.webp 300w, https:\/\/waracomunicaciones.com\/wp-content\/uploads\/2026\/01\/Jaime-Uscamayta-31-ene-26-e1773419632235-768x582.webp 768w\" sizes=\"auto, (max-width: 777px) 100vw, 777px\" \/><figcaption class=\"wp-element-caption\">Jaime Uscamayta abogado municipalista.<\/figcaption><\/figure>\n\n\n<p>El Tribunal Electoral Departamental de Beni ha determinado la inhabilitaci\u00f3n de las candidaturas a la alcald\u00eda de Yerco N\u00fa\u00f1ez y Mois\u00e9s Shiiriki, quienes fueron postulados por haber ejercido ya dos mandatos consecutivos como alcaldes. Esta resoluci\u00f3n ha encendido el debate sobre la legalidad de la reelecci\u00f3n en los municipios de Bolivia, en particular en localidades como Montero, donde surgen dudas sobre la posibilidad de que el candidato \u00a0Mario Baptista \u00a0puedan ver su postulaci\u00f3n cancelada por los mismos motivos.<!--more--><\/p>\n<p>Para entender mejor el alcance de esta decisi\u00f3n, hablamos con Jaime Uscamayta, abogado municipalista, quien explic\u00f3 c\u00f3mo esta normativa se aplica a los candidatos en general y detall\u00f3 las implicaciones de la Sentencia Constitucional 007, que modula las disposiciones sobre la reelecci\u00f3n de autoridades electas en el pa\u00eds.<\/p>\n<p><strong>La Constitucionalidad de la Reelecci\u00f3n:<\/strong><\/p>\n<p>Uscamaita aclar\u00f3 que, seg\u00fan la interpretaci\u00f3n actual de la Constituci\u00f3n Pol\u00edtica del Estado, tras el refer\u00e9ndum nacional que estableci\u00f3 un l\u00edmite de reelecciones consecutivas, solo se permite que un candidato pueda ser elegido para un cargo municipal en dos ocasiones consecutivas. La Sentencia Constitucional 007 de 2025 refuerza este principio y determina que no se pueden habilitar candidaturas para un tercer mandato. Esto se aplica tanto para aquellos que han sido electos en el marco de la Constituci\u00f3n de 2009, como para los que lo han sido bajo la estructura del Estado Plurinacional de Bolivia.<\/p>\n<p>En este sentido, la interpretaci\u00f3n legal es clara: los periodos previos, incluso aquellos antes de la modificaci\u00f3n constitucional, deben ser contabilizados como parte del total de reelecciones. La normativa tambi\u00e9n establece que, <strong>en casos de sucesi\u00f3n constitucional, un concejal podr\u00eda asumir la alcald\u00eda, lo que a\u00f1adir\u00eda complejidad al asunto de la reelecci\u00f3n<\/strong>. Esta figura, en especial, ha generado preocupaci\u00f3n, ya que podr\u00eda permitir que aquellos que ya han sido alcaldes en el pasado asuman nuevamente el cargo a trav\u00e9s de la sucesi\u00f3n, lo que contraviene el l\u00edmite de dos mandatos consecutivos.<\/p>\n<p><strong>\u00bfQu\u00e9 Implicaciones Tiene para Montero y Otros Municipios?<\/strong><\/p>\n<p>El candidato Mario Baptista, quien aspira a la primera concejal\u00eda por la Agrupaci\u00f3n Pol\u00edtica SOL podr\u00eda estar en riesgo de ser inhabilitados si se considera que, bajo esta modalidad de sucesi\u00f3n, est\u00e1n optando por un tercer mandato \u00a0alcald\u00eda de Montero, es un ejemplo de este tipo de casos. Uscamayta se\u00f1ala que, aunque Baptista se postula como concejal titular, su objetivo parece ser, en realidad, alcanzar la alcald\u00eda por sucesi\u00f3n, lo que implicar\u00eda un tercer mandato, situaci\u00f3n prohibida por la Constituci\u00f3n.<\/p>\n<p><strong>El Rol del Tribunal Electoral Departamental:<\/strong><\/p>\n<p>Espec\u00edficamente sobre la situaci\u00f3n de Montero, Uscamayta sostiene que el Tribunal Electoral Departamental de Santa Cruz tendr\u00e1 la responsabilidad de evaluar cada caso y determinar si corresponde o no la inhabilitaci\u00f3n de candidatos que ya han cumplido con dos mandatos Baptista fue alcalde en dos gestiones (2010-2015) y (2016-2019). La decisi\u00f3n sobre los postulantes como Yerco N\u00fa\u00f1ez y Mois\u00e9s Shiriki est\u00e1 en l\u00ednea con lo que establece la Sentencia Constitucional 007, y deber\u00eda aplicar el mismo criterio a otros casos similares, como el de Baptista.<\/p>\n<p>Uscamayta tambi\u00e9n mencion\u00f3 que existen otras causas de inhabilitaci\u00f3n, como el incumplimiento de ciertas normativas en el proceso electoral, las cuales est\u00e1n siendo investigadas por el Tribunal Electoral, y que podr\u00edan afectar a otros candidatos en la contienda electoral de Montero.<\/p>\n<p><strong>Reflexi\u00f3n Final:<\/strong><\/p>\n<p>La aplicaci\u00f3n estricta de la Sentencia Constitucional 007 y la revisi\u00f3n de la reelecci\u00f3n se est\u00e1n convirtiendo en un tema crucial de cara a las elecciones municipales. Los Tribunales Electorales Departamentales tienen una gran responsabilidad en garantizar que las reglas sean respetadas para mantener la integridad de las elecciones, evitando que se vulneren los principios establecidos por la Constituci\u00f3n.<\/p>\n<p>En conclusi\u00f3n, los casos como los de Yerco N\u00fa\u00f1ez, Mois\u00e9s Shiriki, Mario Baptista y otros aspirantes a cargos municipales deben ser analizados cuidadosamente, no solo por la situaci\u00f3n de los candidatos, sino tambi\u00e9n por el impacto que estas decisiones tienen sobre la legalidad y la confianza en el proceso electoral.<\/p><div style=\"margin-top: 0px; margin-bottom: 0px;\" class=\"sharethis-inline-reaction-buttons\" ><\/div>","protected":false},"excerpt":{"rendered":"<p>El Tribunal Electoral Departamental de Beni ha determinado la inhabilitaci\u00f3n de las candidaturas a la alcald\u00eda de Yerco N\u00fa\u00f1ez y Mois\u00e9s Shiiriki, quienes fueron postulados por haber ejercido ya dos mandatos consecutivos como alcaldes. Esta resoluci\u00f3n ha encendido el debate sobre la legalidad de la reelecci\u00f3n en los municipios de Bolivia, en particular en localidades [&hellip;]<\/p>\n","protected":false},"author":2,"featured_media":0,"comment_status":"open","ping_status":"open","sticky":false,"template":"","format":"standard","meta":{"footnotes":""},"categories":[4,47],"tags":[283,10],"class_list":["post-1407","post","type-post","status-publish","format-standard","hentry","category-nacional","category-politica-nacional","tag-eleccciones-subnacionales","tag-jaime-uscamayta"],"yoast_head":"<!-- This site is optimized with the Yoast SEO Premium plugin v25.5 (Yoast SEO v27.1.1) - https:\/\/yoast.com\/product\/yoast-seo-premium-wordpress\/ -->\n<title>Inhabilitaci\u00f3n de Candidatos y la Aplicaci\u00f3n de la Sentencia Constitucional 007\/2025: Un An\u00e1lisis de Jaime Uscamayta - Wara Comunicaciones<\/title>\n<meta name=\"robots\" content=\"index, follow, max-snippet:-1, max-image-preview:large, max-video-preview:-1\" \/>\n<link rel=\"canonical\" href=\"https:\/\/waracomunicaciones.com\/?p=1407\" \/>\n<meta property=\"og:locale\" content=\"es_ES\" \/>\n<meta property=\"og:type\" content=\"article\" \/>\n<meta property=\"og:title\" content=\"Inhabilitaci\u00f3n de Candidatos y la Aplicaci\u00f3n de la Sentencia Constitucional 007\/2025: Un An\u00e1lisis de Jaime Uscamayta\" \/>\n<meta property=\"og:description\" content=\"El Tribunal Electoral Departamental de Beni ha determinado la inhabilitaci\u00f3n de las candidaturas a la alcald\u00eda de Yerco N\u00fa\u00f1ez y Mois\u00e9s Shiiriki, quienes fueron postulados por haber ejercido ya dos mandatos consecutivos como alcaldes. Esta resoluci\u00f3n ha encendido el debate sobre la legalidad de la reelecci\u00f3n en los municipios de Bolivia, en particular en localidades [&hellip;]\" \/>\n<meta property=\"og:url\" content=\"https:\/\/waracomunicaciones.com\/?p=1407\" \/>\n<meta property=\"og:site_name\" content=\"Wara Comunicaciones\" \/>\n<meta property=\"article:publisher\" content=\"https:\/\/www.facebook.com\/waracomunicaciones2017\" \/>\n<meta property=\"article:published_time\" content=\"2026-01-31T11:02:48+00:00\" \/>\n<meta property=\"article:modified_time\" content=\"2026-03-13T16:34:35+00:00\" \/>\n<meta property=\"og:image\" content=\"https:\/\/waracomunicaciones.com\/wp-content\/uploads\/2026\/01\/Jaime-Uscamayta-31-ene-26-e1773419632235.webp\" \/>\n\t<meta property=\"og:image:width\" content=\"777\" \/>\n\t<meta property=\"og:image:height\" content=\"589\" \/>\n\t<meta property=\"og:image:type\" content=\"image\/webp\" \/>\n<meta name=\"author\" content=\"Tom\u00e1s Coca\" \/>\n<meta name=\"twitter:card\" content=\"summary_large_image\" \/>\n<meta name=\"twitter:label1\" content=\"Escrito por\" \/>\n\t<meta name=\"twitter:data1\" content=\"Tom\u00e1s Coca\" \/>\n\t<meta name=\"twitter:label2\" content=\"Tiempo de lectura\" \/>\n\t<meta name=\"twitter:data2\" content=\"4 minutos\" \/>\n<script type=\"application\/ld+json\" class=\"yoast-schema-graph\">{\"@context\":\"https:\/\/schema.org\",\"@graph\":[{\"@type\":\"Article\",\"@id\":\"https:\/\/waracomunicaciones.com\/?p=1407#article\",\"isPartOf\":{\"@id\":\"https:\/\/waracomunicaciones.com\/?p=1407\"},\"author\":{\"name\":\"Tom\u00e1s Coca\",\"@id\":\"https:\/\/waracomunicaciones.com\/#\/schema\/person\/cbfc6e874b874c69982b6f254108e9f0\"},\"headline\":\"Inhabilitaci\u00f3n de Candidatos y la Aplicaci\u00f3n de la Sentencia Constitucional 007\/2025: Un An\u00e1lisis de Jaime Uscamayta\",\"datePublished\":\"2026-01-31T11:02:48+00:00\",\"dateModified\":\"2026-03-13T16:34:35+00:00\",\"mainEntityOfPage\":{\"@id\":\"https:\/\/waracomunicaciones.com\/?p=1407\"},\"wordCount\":733,\"commentCount\":0,\"publisher\":{\"@id\":\"https:\/\/waracomunicaciones.com\/#organization\"},\"image\":{\"@id\":\"https:\/\/waracomunicaciones.com\/?p=1407#primaryimage\"},\"thumbnailUrl\":\"https:\/\/waracomunicaciones.com\/wp-content\/uploads\/2026\/01\/Jaime-Uscamayta-31-ene-26-e1773419632235.webp\",\"keywords\":[\"Eleccciones Subnacionales\",\"Jaime Uscamayta\"],\"articleSection\":[\"NACIONAL\",\"Pol\u00edtica\"],\"inLanguage\":\"es\",\"potentialAction\":[{\"@type\":\"CommentAction\",\"name\":\"Comment\",\"target\":[\"https:\/\/waracomunicaciones.com\/?p=1407#respond\"]}]},{\"@type\":\"WebPage\",\"@id\":\"https:\/\/waracomunicaciones.com\/?p=1407\",\"url\":\"https:\/\/waracomunicaciones.com\/?p=1407\",\"name\":\"Inhabilitaci\u00f3n de Candidatos y la Aplicaci\u00f3n de la Sentencia Constitucional 007\/2025: Un An\u00e1lisis de Jaime Uscamayta - Wara Comunicaciones\",\"isPartOf\":{\"@id\":\"https:\/\/waracomunicaciones.com\/#website\"},\"primaryImageOfPage\":{\"@id\":\"https:\/\/waracomunicaciones.com\/?p=1407#primaryimage\"},\"image\":{\"@id\":\"https:\/\/waracomunicaciones.com\/?p=1407#primaryimage\"},\"thumbnailUrl\":\"https:\/\/waracomunicaciones.com\/wp-content\/uploads\/2026\/01\/Jaime-Uscamayta-31-ene-26-e1773419632235.webp\",\"datePublished\":\"2026-01-31T11:02:48+00:00\",\"dateModified\":\"2026-03-13T16:34:35+00:00\",\"breadcrumb\":{\"@id\":\"https:\/\/waracomunicaciones.com\/?p=1407#breadcrumb\"},\"inLanguage\":\"es\",\"potentialAction\":[{\"@type\":\"ReadAction\",\"target\":[\"https:\/\/waracomunicaciones.com\/?p=1407\"]}]},{\"@type\":\"ImageObject\",\"inLanguage\":\"es\",\"@id\":\"https:\/\/waracomunicaciones.com\/?p=1407#primaryimage\",\"url\":\"https:\/\/waracomunicaciones.com\/wp-content\/uploads\/2026\/01\/Jaime-Uscamayta-31-ene-26-e1773419632235.webp\",\"contentUrl\":\"https:\/\/waracomunicaciones.com\/wp-content\/uploads\/2026\/01\/Jaime-Uscamayta-31-ene-26-e1773419632235.webp\",\"width\":777,\"height\":589},{\"@type\":\"BreadcrumbList\",\"@id\":\"https:\/\/waracomunicaciones.com\/?p=1407#breadcrumb\",\"itemListElement\":[{\"@type\":\"ListItem\",\"position\":1,\"name\":\"Portada\",\"item\":\"https:\/\/waracomunicaciones.com\/\"},{\"@type\":\"ListItem\",\"position\":2,\"name\":\"Inhabilitaci\u00f3n de Candidatos y la Aplicaci\u00f3n de la Sentencia Constitucional 007\/2025: Un An\u00e1lisis de Jaime Uscamayta\"}]},{\"@type\":\"WebSite\",\"@id\":\"https:\/\/waracomunicaciones.com\/#website\",\"url\":\"https:\/\/waracomunicaciones.com\/\",\"name\":\"Wara Comunicaciones\",\"description\":\"\",\"publisher\":{\"@id\":\"https:\/\/waracomunicaciones.com\/#organization\"},\"potentialAction\":[{\"@type\":\"SearchAction\",\"target\":{\"@type\":\"EntryPoint\",\"urlTemplate\":\"https:\/\/waracomunicaciones.com\/?s={search_term_string}\"},\"query-input\":{\"@type\":\"PropertyValueSpecification\",\"valueRequired\":true,\"valueName\":\"search_term_string\"}}],\"inLanguage\":\"es\"},{\"@type\":\"Organization\",\"@id\":\"https:\/\/waracomunicaciones.com\/#organization\",\"name\":\"Wara Comunicaciones\",\"url\":\"https:\/\/waracomunicaciones.com\/\",\"logo\":{\"@type\":\"ImageObject\",\"inLanguage\":\"es\",\"@id\":\"https:\/\/waracomunicaciones.com\/#\/schema\/logo\/image\/\",\"url\":\"https:\/\/waracomunicaciones.com\/wp-content\/uploads\/2025\/07\/logo.png\",\"contentUrl\":\"https:\/\/waracomunicaciones.com\/wp-content\/uploads\/2025\/07\/logo.png\",\"width\":400,\"height\":164,\"caption\":\"Wara Comunicaciones\"},\"image\":{\"@id\":\"https:\/\/waracomunicaciones.com\/#\/schema\/logo\/image\/\"},\"sameAs\":[\"https:\/\/www.facebook.com\/waracomunicaciones2017\"]},{\"@type\":\"Person\",\"@id\":\"https:\/\/waracomunicaciones.com\/#\/schema\/person\/cbfc6e874b874c69982b6f254108e9f0\",\"name\":\"Tom\u00e1s Coca\",\"image\":{\"@type\":\"ImageObject\",\"inLanguage\":\"es\",\"@id\":\"https:\/\/waracomunicaciones.com\/#\/schema\/person\/image\/\",\"url\":\"https:\/\/secure.gravatar.com\/avatar\/482131bd67ce2dac1261229602fd0c47826af81f4ac6608b066b29cac2a6e65d?s=96&d=mm&r=g\",\"contentUrl\":\"https:\/\/secure.gravatar.com\/avatar\/482131bd67ce2dac1261229602fd0c47826af81f4ac6608b066b29cac2a6e65d?s=96&d=mm&r=g\",\"caption\":\"Tom\u00e1s Coca\"},\"sameAs\":[\"https:\/\/waracomunicaciones.com\"],\"url\":\"https:\/\/waracomunicaciones.com\/?author=2\"}]}<\/script>\n<!-- \/ Yoast SEO Premium plugin. -->","yoast_head_json":{"title":"Inhabilitaci\u00f3n de Candidatos y la Aplicaci\u00f3n de la Sentencia Constitucional 007\/2025: Un An\u00e1lisis de Jaime Uscamayta - Wara Comunicaciones","robots":{"index":"index","follow":"follow","max-snippet":"max-snippet:-1","max-image-preview":"max-image-preview:large","max-video-preview":"max-video-preview:-1"},"canonical":"https:\/\/waracomunicaciones.com\/?p=1407","og_locale":"es_ES","og_type":"article","og_title":"Inhabilitaci\u00f3n de Candidatos y la Aplicaci\u00f3n de la Sentencia Constitucional 007\/2025: Un An\u00e1lisis de Jaime Uscamayta","og_description":"El Tribunal Electoral Departamental de Beni ha determinado la inhabilitaci\u00f3n de las candidaturas a la alcald\u00eda de Yerco N\u00fa\u00f1ez y Mois\u00e9s Shiiriki, quienes fueron postulados por haber ejercido ya dos mandatos consecutivos como alcaldes. Esta resoluci\u00f3n ha encendido el debate sobre la legalidad de la reelecci\u00f3n en los municipios de Bolivia, en particular en localidades [&hellip;]","og_url":"https:\/\/waracomunicaciones.com\/?p=1407","og_site_name":"Wara Comunicaciones","article_publisher":"https:\/\/www.facebook.com\/waracomunicaciones2017","article_published_time":"2026-01-31T11:02:48+00:00","article_modified_time":"2026-03-13T16:34:35+00:00","og_image":[{"width":777,"height":589,"url":"https:\/\/waracomunicaciones.com\/wp-content\/uploads\/2026\/01\/Jaime-Uscamayta-31-ene-26-e1773419632235.webp","type":"image\/webp"}],"author":"Tom\u00e1s Coca","twitter_card":"summary_large_image","twitter_misc":{"Escrito por":"Tom\u00e1s Coca","Tiempo de lectura":"4 minutos"},"schema":{"@context":"https:\/\/schema.org","@graph":[{"@type":"Article","@id":"https:\/\/waracomunicaciones.com\/?p=1407#article","isPartOf":{"@id":"https:\/\/waracomunicaciones.com\/?p=1407"},"author":{"name":"Tom\u00e1s Coca","@id":"https:\/\/waracomunicaciones.com\/#\/schema\/person\/cbfc6e874b874c69982b6f254108e9f0"},"headline":"Inhabilitaci\u00f3n de Candidatos y la Aplicaci\u00f3n de la Sentencia Constitucional 007\/2025: Un An\u00e1lisis de Jaime Uscamayta","datePublished":"2026-01-31T11:02:48+00:00","dateModified":"2026-03-13T16:34:35+00:00","mainEntityOfPage":{"@id":"https:\/\/waracomunicaciones.com\/?p=1407"},"wordCount":733,"commentCount":0,"publisher":{"@id":"https:\/\/waracomunicaciones.com\/#organization"},"image":{"@id":"https:\/\/waracomunicaciones.com\/?p=1407#primaryimage"},"thumbnailUrl":"https:\/\/waracomunicaciones.com\/wp-content\/uploads\/2026\/01\/Jaime-Uscamayta-31-ene-26-e1773419632235.webp","keywords":["Eleccciones Subnacionales","Jaime Uscamayta"],"articleSection":["NACIONAL","Pol\u00edtica"],"inLanguage":"es","potentialAction":[{"@type":"CommentAction","name":"Comment","target":["https:\/\/waracomunicaciones.com\/?p=1407#respond"]}]},{"@type":"WebPage","@id":"https:\/\/waracomunicaciones.com\/?p=1407","url":"https:\/\/waracomunicaciones.com\/?p=1407","name":"Inhabilitaci\u00f3n de Candidatos y la Aplicaci\u00f3n de la Sentencia Constitucional 007\/2025: Un An\u00e1lisis de Jaime Uscamayta - Wara Comunicaciones","isPartOf":{"@id":"https:\/\/waracomunicaciones.com\/#website"},"primaryImageOfPage":{"@id":"https:\/\/waracomunicaciones.com\/?p=1407#primaryimage"},"image":{"@id":"https:\/\/waracomunicaciones.com\/?p=1407#primaryimage"},"thumbnailUrl":"https:\/\/waracomunicaciones.com\/wp-content\/uploads\/2026\/01\/Jaime-Uscamayta-31-ene-26-e1773419632235.webp","datePublished":"2026-01-31T11:02:48+00:00","dateModified":"2026-03-13T16:34:35+00:00","breadcrumb":{"@id":"https:\/\/waracomunicaciones.com\/?p=1407#breadcrumb"},"inLanguage":"es","potentialAction":[{"@type":"ReadAction","target":["https:\/\/waracomunicaciones.com\/?p=1407"]}]},{"@type":"ImageObject","inLanguage":"es","@id":"https:\/\/waracomunicaciones.com\/?p=1407#primaryimage","url":"https:\/\/waracomunicaciones.com\/wp-content\/uploads\/2026\/01\/Jaime-Uscamayta-31-ene-26-e1773419632235.webp","contentUrl":"https:\/\/waracomunicaciones.com\/wp-content\/uploads\/2026\/01\/Jaime-Uscamayta-31-ene-26-e1773419632235.webp","width":777,"height":589},{"@type":"BreadcrumbList","@id":"https:\/\/waracomunicaciones.com\/?p=1407#breadcrumb","itemListElement":[{"@type":"ListItem","position":1,"name":"Portada","item":"https:\/\/waracomunicaciones.com\/"},{"@type":"ListItem","position":2,"name":"Inhabilitaci\u00f3n de Candidatos y la Aplicaci\u00f3n de la Sentencia Constitucional 007\/2025: Un An\u00e1lisis de Jaime Uscamayta"}]},{"@type":"WebSite","@id":"https:\/\/waracomunicaciones.com\/#website","url":"https:\/\/waracomunicaciones.com\/","name":"Wara Comunicaciones","description":"","publisher":{"@id":"https:\/\/waracomunicaciones.com\/#organization"},"potentialAction":[{"@type":"SearchAction","target":{"@type":"EntryPoint","urlTemplate":"https:\/\/waracomunicaciones.com\/?s={search_term_string}"},"query-input":{"@type":"PropertyValueSpecification","valueRequired":true,"valueName":"search_term_string"}}],"inLanguage":"es"},{"@type":"Organization","@id":"https:\/\/waracomunicaciones.com\/#organization","name":"Wara Comunicaciones","url":"https:\/\/waracomunicaciones.com\/","logo":{"@type":"ImageObject","inLanguage":"es","@id":"https:\/\/waracomunicaciones.com\/#\/schema\/logo\/image\/","url":"https:\/\/waracomunicaciones.com\/wp-content\/uploads\/2025\/07\/logo.png","contentUrl":"https:\/\/waracomunicaciones.com\/wp-content\/uploads\/2025\/07\/logo.png","width":400,"height":164,"caption":"Wara Comunicaciones"},"image":{"@id":"https:\/\/waracomunicaciones.com\/#\/schema\/logo\/image\/"},"sameAs":["https:\/\/www.facebook.com\/waracomunicaciones2017"]},{"@type":"Person","@id":"https:\/\/waracomunicaciones.com\/#\/schema\/person\/cbfc6e874b874c69982b6f254108e9f0","name":"Tom\u00e1s Coca","image":{"@type":"ImageObject","inLanguage":"es","@id":"https:\/\/waracomunicaciones.com\/#\/schema\/person\/image\/","url":"https:\/\/secure.gravatar.com\/avatar\/482131bd67ce2dac1261229602fd0c47826af81f4ac6608b066b29cac2a6e65d?s=96&d=mm&r=g","contentUrl":"https:\/\/secure.gravatar.com\/avatar\/482131bd67ce2dac1261229602fd0c47826af81f4ac6608b066b29cac2a6e65d?s=96&d=mm&r=g","caption":"Tom\u00e1s Coca"},"sameAs":["https:\/\/waracomunicaciones.com"],"url":"https:\/\/waracomunicaciones.com\/?author=2"}]}},"_links":{"self":[{"href":"https:\/\/waracomunicaciones.com\/index.php?rest_route=\/wp\/v2\/posts\/1407","targetHints":{"allow":["GET"]}}],"collection":[{"href":"https:\/\/waracomunicaciones.com\/index.php?rest_route=\/wp\/v2\/posts"}],"about":[{"href":"https:\/\/waracomunicaciones.com\/index.php?rest_route=\/wp\/v2\/types\/post"}],"author":[{"embeddable":true,"href":"https:\/\/waracomunicaciones.com\/index.php?rest_route=\/wp\/v2\/users\/2"}],"replies":[{"embeddable":true,"href":"https:\/\/waracomunicaciones.com\/index.php?rest_route=%2Fwp%2Fv2%2Fcomments&post=1407"}],"version-history":[{"count":2,"href":"https:\/\/waracomunicaciones.com\/index.php?rest_route=\/wp\/v2\/posts\/1407\/revisions"}],"predecessor-version":[{"id":1580,"href":"https:\/\/waracomunicaciones.com\/index.php?rest_route=\/wp\/v2\/posts\/1407\/revisions\/1580"}],"wp:attachment":[{"href":"https:\/\/waracomunicaciones.com\/index.php?rest_route=%2Fwp%2Fv2%2Fmedia&parent=1407"}],"wp:term":[{"taxonomy":"category","embeddable":true,"href":"https:\/\/waracomunicaciones.com\/index.php?rest_route=%2Fwp%2Fv2%2Fcategories&post=1407"},{"taxonomy":"post_tag","embeddable":true,"href":"https:\/\/waracomunicaciones.com\/index.php?rest_route=%2Fwp%2Fv2%2Ftags&post=1407"}],"curies":[{"name":"wp","href":"https:\/\/api.w.org\/{rel}","templated":true}]}}