{"id":1404,"date":"2026-01-30T09:41:01","date_gmt":"2026-01-30T13:41:01","guid":{"rendered":"https:\/\/waracomunicaciones.com\/?p=1404"},"modified":"2026-01-30T09:41:02","modified_gmt":"2026-01-30T13:41:02","slug":"montero-capacita-a-mas-de-4-000-personas-en-diversos-oficios-apuesta-por-el-emprendimiento-y-el-bienestar-social","status":"publish","type":"post","link":"https:\/\/waracomunicaciones.com\/?p=1404","title":{"rendered":"Montero Capacita a M\u00e1s de 4.000 Personas en Diversos Oficios, Apuesta por el Emprendimiento y el Bienestar Social"},"content":{"rendered":"\n<figure class=\"wp-block-image size-full\"><img loading=\"lazy\" decoding=\"async\" width=\"543\" height=\"523\" src=\"https:\/\/waracomunicaciones.com\/wp-content\/uploads\/2026\/01\/Tojo-Hurtado-30-ene-26.webp\" alt=\"\" class=\"wp-image-1405\" srcset=\"https:\/\/waracomunicaciones.com\/wp-content\/uploads\/2026\/01\/Tojo-Hurtado-30-ene-26.webp 543w, https:\/\/waracomunicaciones.com\/wp-content\/uploads\/2026\/01\/Tojo-Hurtado-30-ene-26-300x289.webp 300w\" sizes=\"auto, (max-width: 543px) 100vw, 543px\" \/><figcaption class=\"wp-element-caption\">Ronald Tojo Hurtado (Que en paz descanse)<\/figcaption><\/figure>\n\n\n<p><em>Ronald Tojo Hurtado, Director Municipal de Desarrollo Econ\u00f3mico Productivo de Montero, resalta el impacto de las capacitaciones gratuitas para el desarrollo econ\u00f3mico de la regi\u00f3n.<\/em><\/p>\n<p>Montero, 29 <strong>enero de 2026<\/strong>. La gesti\u00f3n municipal encabezada por el alcalde Dr. Regys Medina ha implementado una serie de capacitaciones en oficios diversos con el fin de mejorar la calidad de vida de los montere\u00f1os y fomentar el emprendimiento. En una entrevista exclusiva con Wara Comunicaciones, Ronald Tojo Hurtado, Director Municipal de Desarrollo Econ\u00f3mico Productivo, destac\u00f3 los logros alcanzados el a\u00f1o pasado y comparti\u00f3 las perspectivas para este 2026.<!--more--><\/p>\n<p><strong>Capacitaci\u00f3n Gratuita y Diversificaci\u00f3n de Oficios<\/strong><\/p>\n<p>Tojo resalt\u00f3 que, durante la gesti\u00f3n 2025, m\u00e1s de 4.000 personas en Montero se beneficiaron de las capacitaciones gratuitas en \u00e1reas como gastronom\u00eda, belleza integral, peluquer\u00eda, electricidad, sastrer\u00eda, artesan\u00eda y m\u00e1s. En alianza con la ONU Mujeres, la alcald\u00eda firm\u00f3 un pacto p\u00fablico-privado para llevar estos cursos a los barrios de la ciudad, llegando a cada rinc\u00f3n de Montero.<\/p>\n<p>\u00abLos cursos son totalmente gratuitos, tal como nos indic\u00f3 el doctor Regys Medina: hay que llevar estas oportunidades de formaci\u00f3n directamente a los barrios, a la gente que m\u00e1s lo necesita\u00bb, expres\u00f3 Tojo. Seg\u00fan el Director Municipal, la mayor\u00eda de los participantes no solo han logrado emprender sus propios negocios, sino que tambi\u00e9n han conseguido empleo en diversas industrias de la ciudad.<\/p>\n<p>Adem\u00e1s, las capacitaciones no solo han incluido formaci\u00f3n pr\u00e1ctica, sino tambi\u00e9n una valiosa acreditaci\u00f3n oficial. Gracias a los convenios establecidos con institutos como FEMTO, los certificados emitidos son avalados por el Ministerio de Educaci\u00f3n, lo que otorga una mayor validez nacional.<\/p>\n<p><strong>El Impacto de la Capacitaci\u00f3n en la Comunidad<\/strong><\/p>\n<p>Los cursos se han convertido en una herramienta esencial para la comunidad, especialmente tras los desaf\u00edos econ\u00f3micos impuestos por la pandemia. Tojo record\u00f3 que, incluso durante la crisis sanitaria, muchas personas pudieron reiniciar sus actividades laborales o iniciar nuevos emprendimientos gracias a los conocimientos adquiridos.<\/p>\n<p>\u00abLa gente ha aprendido a hacer cortes de pelo, a ofrecer servicios de belleza integral, a trabajar la sastrer\u00eda, entre otros. Incluso organizamos una exhibici\u00f3n gratuita en la plaza donde los estudiantes demostraron sus habilidades, y la respuesta fue incre\u00edble\u00bb, destac\u00f3.<\/p>\n<p>Este 2026, la Direcci\u00f3n Municipal de Desarrollo Econ\u00f3mico Productivo continuar\u00e1 con las actividades de capacitaci\u00f3n. Entre las pr\u00f3ximas propuestas se encuentran los cursos de trenzado de cabello, que comenzar\u00e1n este lunes, mi\u00e9rcoles y viernes en la Casa de la Cultura, aprovechando el carnaval como oportunidad para que los participantes puedan poner en pr\u00e1ctica sus nuevos conocimientos.<\/p>\n<p><strong>Compromiso con la Comunidad y la Pol\u00edtica Municipal<\/strong><\/p>\n<p>Tojo tambi\u00e9n coment\u00f3 sobre el impacto positivo de la gesti\u00f3n del Dr. Regys Medina en otras \u00e1reas clave como salud, educaci\u00f3n y obras p\u00fablicas. Asegur\u00f3 que bajo su liderazgo, Montero ha avanzado en la mejora de la infraestructura de salud, con cinco maternidades de primer nivel y un hospital de tercer nivel, lo que ha beneficiado a muchas familias que antes no ten\u00edan acceso a estos servicios.<\/p>\n<p>En cuanto a la educaci\u00f3n, Tojo destac\u00f3 la mejora de las condiciones de los colegios y el acceso a una educaci\u00f3n de calidad para todos. Adem\u00e1s, en t\u00e9rminos de obras p\u00fablicas, el alcalde ha embellecido la ciudad con plazas y rotondas, y ha pavimentado las calles pendientes del primer anillo, una tarea que muchos montere\u00f1os apreciaron.<\/p>\n<p><strong>Perspectivas para el Futuro<\/strong><\/p>\n<p>Para el pr\u00f3ximo a\u00f1o, Tojo se mostr\u00f3 optimista respecto a la continuidad de los proyectos. \u00abSi el Dr. Regys Medina es reelegido, continuaremos con estos programas, con m\u00e1s \u00edmpetu y con mejores perspectivas. La gente de Montero sigue confiando en su alcalde por todo lo que ha hecho\u00bb, expres\u00f3.<\/p>\n<p>La poblaci\u00f3n de Montero sigue siendo testigo de c\u00f3mo estas iniciativas est\u00e1n transformando su vida cotidiana, desde la formaci\u00f3n profesional hasta la mejora en la calidad de los servicios p\u00fablicos. Con el lema \u00abaprender para emprender\u00bb, la alcald\u00eda ha dejado claro que est\u00e1 comprometida con el bienestar de su gente, apostando por la educaci\u00f3n como la clave para un futuro mejor.<\/p>\n<p><strong>Agradecimientos y Proyecciones<\/strong><\/p>\n<p>Tojo finaliz\u00f3 la entrevista expresando su gratitud por la oportunidad de servir a la comunidad y reafirm\u00f3 el compromiso de la alcald\u00eda con el desarrollo econ\u00f3mico local. \u00abNos sentimos muy orgullosos de lo que hemos logrado, pero sabemos que a\u00fan hay mucho por hacer\u00bb, concluy\u00f3.<\/p><div style=\"margin-top: 0px; margin-bottom: 0px;\" class=\"sharethis-inline-reaction-buttons\" ><\/div>","protected":false},"excerpt":{"rendered":"<p>Ronald Tojo Hurtado, Director Municipal de Desarrollo Econ\u00f3mico Productivo de Montero, resalta el impacto de las capacitaciones gratuitas para el desarrollo econ\u00f3mico de la regi\u00f3n. Montero, 29 enero de 2026. La gesti\u00f3n municipal encabezada por el alcalde Dr. Regys Medina ha implementado una serie de capacitaciones en oficios diversos con el fin de mejorar la [&hellip;]<\/p>\n","protected":false},"author":2,"featured_media":0,"comment_status":"open","ping_status":"open","sticky":false,"template":"","format":"standard","meta":{"footnotes":""},"categories":[46],"tags":[],"class_list":["post-1404","post","type-post","status-publish","format-standard","hentry","category-economia"],"yoast_head":"<!-- This site is optimized with the Yoast SEO Premium plugin v25.5 (Yoast SEO v27.1.1) - https:\/\/yoast.com\/product\/yoast-seo-premium-wordpress\/ -->\n<title>Montero Capacita a M\u00e1s de 4.000 Personas en Diversos Oficios, Apuesta por el Emprendimiento y el Bienestar Social - Wara Comunicaciones<\/title>\n<meta name=\"robots\" content=\"index, follow, max-snippet:-1, max-image-preview:large, max-video-preview:-1\" \/>\n<link rel=\"canonical\" href=\"https:\/\/waracomunicaciones.com\/?p=1404\" \/>\n<meta property=\"og:locale\" content=\"es_ES\" \/>\n<meta property=\"og:type\" content=\"article\" \/>\n<meta property=\"og:title\" content=\"Montero Capacita a M\u00e1s de 4.000 Personas en Diversos Oficios, Apuesta por el Emprendimiento y el Bienestar Social\" \/>\n<meta property=\"og:description\" content=\"Ronald Tojo Hurtado, Director Municipal de Desarrollo Econ\u00f3mico Productivo de Montero, resalta el impacto de las capacitaciones gratuitas para el desarrollo econ\u00f3mico de la regi\u00f3n. Montero, 29 enero de 2026. La gesti\u00f3n municipal encabezada por el alcalde Dr. Regys Medina ha implementado una serie de capacitaciones en oficios diversos con el fin de mejorar la [&hellip;]\" \/>\n<meta property=\"og:url\" content=\"https:\/\/waracomunicaciones.com\/?p=1404\" \/>\n<meta property=\"og:site_name\" content=\"Wara Comunicaciones\" \/>\n<meta property=\"article:publisher\" content=\"https:\/\/www.facebook.com\/waracomunicaciones2017\" \/>\n<meta property=\"article:published_time\" content=\"2026-01-30T13:41:01+00:00\" \/>\n<meta property=\"article:modified_time\" content=\"2026-01-30T13:41:02+00:00\" \/>\n<meta property=\"og:image\" content=\"https:\/\/waracomunicaciones.com\/wp-content\/uploads\/2026\/01\/Tojo-Hurtado-30-ene-26.webp\" \/>\n\t<meta property=\"og:image:width\" content=\"543\" \/>\n\t<meta property=\"og:image:height\" content=\"523\" \/>\n\t<meta property=\"og:image:type\" content=\"image\/webp\" \/>\n<meta name=\"author\" content=\"Tom\u00e1s Coca\" \/>\n<meta name=\"twitter:card\" content=\"summary_large_image\" \/>\n<meta name=\"twitter:label1\" content=\"Escrito por\" \/>\n\t<meta name=\"twitter:data1\" content=\"Tom\u00e1s Coca\" \/>\n\t<meta name=\"twitter:label2\" content=\"Tiempo de lectura\" \/>\n\t<meta name=\"twitter:data2\" content=\"4 minutos\" \/>\n<script type=\"application\/ld+json\" class=\"yoast-schema-graph\">{\"@context\":\"https:\/\/schema.org\",\"@graph\":[{\"@type\":\"Article\",\"@id\":\"https:\/\/waracomunicaciones.com\/?p=1404#article\",\"isPartOf\":{\"@id\":\"https:\/\/waracomunicaciones.com\/?p=1404\"},\"author\":{\"name\":\"Tom\u00e1s Coca\",\"@id\":\"https:\/\/waracomunicaciones.com\/#\/schema\/person\/cbfc6e874b874c69982b6f254108e9f0\"},\"headline\":\"Montero Capacita a M\u00e1s de 4.000 Personas en Diversos Oficios, Apuesta por el Emprendimiento y el Bienestar Social\",\"datePublished\":\"2026-01-30T13:41:01+00:00\",\"dateModified\":\"2026-01-30T13:41:02+00:00\",\"mainEntityOfPage\":{\"@id\":\"https:\/\/waracomunicaciones.com\/?p=1404\"},\"wordCount\":793,\"commentCount\":0,\"publisher\":{\"@id\":\"https:\/\/waracomunicaciones.com\/#organization\"},\"image\":{\"@id\":\"https:\/\/waracomunicaciones.com\/?p=1404#primaryimage\"},\"thumbnailUrl\":\"https:\/\/waracomunicaciones.com\/wp-content\/uploads\/2026\/01\/Tojo-Hurtado-30-ene-26.webp\",\"articleSection\":[\"Econom\u00eda\"],\"inLanguage\":\"es\",\"potentialAction\":[{\"@type\":\"CommentAction\",\"name\":\"Comment\",\"target\":[\"https:\/\/waracomunicaciones.com\/?p=1404#respond\"]}]},{\"@type\":\"WebPage\",\"@id\":\"https:\/\/waracomunicaciones.com\/?p=1404\",\"url\":\"https:\/\/waracomunicaciones.com\/?p=1404\",\"name\":\"Montero Capacita a M\u00e1s de 4.000 Personas en Diversos Oficios, Apuesta por el Emprendimiento y el Bienestar Social - Wara Comunicaciones\",\"isPartOf\":{\"@id\":\"https:\/\/waracomunicaciones.com\/#website\"},\"primaryImageOfPage\":{\"@id\":\"https:\/\/waracomunicaciones.com\/?p=1404#primaryimage\"},\"image\":{\"@id\":\"https:\/\/waracomunicaciones.com\/?p=1404#primaryimage\"},\"thumbnailUrl\":\"https:\/\/waracomunicaciones.com\/wp-content\/uploads\/2026\/01\/Tojo-Hurtado-30-ene-26.webp\",\"datePublished\":\"2026-01-30T13:41:01+00:00\",\"dateModified\":\"2026-01-30T13:41:02+00:00\",\"breadcrumb\":{\"@id\":\"https:\/\/waracomunicaciones.com\/?p=1404#breadcrumb\"},\"inLanguage\":\"es\",\"potentialAction\":[{\"@type\":\"ReadAction\",\"target\":[\"https:\/\/waracomunicaciones.com\/?p=1404\"]}]},{\"@type\":\"ImageObject\",\"inLanguage\":\"es\",\"@id\":\"https:\/\/waracomunicaciones.com\/?p=1404#primaryimage\",\"url\":\"https:\/\/waracomunicaciones.com\/wp-content\/uploads\/2026\/01\/Tojo-Hurtado-30-ene-26.webp\",\"contentUrl\":\"https:\/\/waracomunicaciones.com\/wp-content\/uploads\/2026\/01\/Tojo-Hurtado-30-ene-26.webp\",\"width\":543,\"height\":523},{\"@type\":\"BreadcrumbList\",\"@id\":\"https:\/\/waracomunicaciones.com\/?p=1404#breadcrumb\",\"itemListElement\":[{\"@type\":\"ListItem\",\"position\":1,\"name\":\"Portada\",\"item\":\"https:\/\/waracomunicaciones.com\/\"},{\"@type\":\"ListItem\",\"position\":2,\"name\":\"Montero Capacita a M\u00e1s de 4.000 Personas en Diversos Oficios, Apuesta por el Emprendimiento y el Bienestar Social\"}]},{\"@type\":\"WebSite\",\"@id\":\"https:\/\/waracomunicaciones.com\/#website\",\"url\":\"https:\/\/waracomunicaciones.com\/\",\"name\":\"Wara Comunicaciones\",\"description\":\"\",\"publisher\":{\"@id\":\"https:\/\/waracomunicaciones.com\/#organization\"},\"potentialAction\":[{\"@type\":\"SearchAction\",\"target\":{\"@type\":\"EntryPoint\",\"urlTemplate\":\"https:\/\/waracomunicaciones.com\/?s={search_term_string}\"},\"query-input\":{\"@type\":\"PropertyValueSpecification\",\"valueRequired\":true,\"valueName\":\"search_term_string\"}}],\"inLanguage\":\"es\"},{\"@type\":\"Organization\",\"@id\":\"https:\/\/waracomunicaciones.com\/#organization\",\"name\":\"Wara Comunicaciones\",\"url\":\"https:\/\/waracomunicaciones.com\/\",\"logo\":{\"@type\":\"ImageObject\",\"inLanguage\":\"es\",\"@id\":\"https:\/\/waracomunicaciones.com\/#\/schema\/logo\/image\/\",\"url\":\"https:\/\/waracomunicaciones.com\/wp-content\/uploads\/2025\/07\/logo.png\",\"contentUrl\":\"https:\/\/waracomunicaciones.com\/wp-content\/uploads\/2025\/07\/logo.png\",\"width\":400,\"height\":164,\"caption\":\"Wara Comunicaciones\"},\"image\":{\"@id\":\"https:\/\/waracomunicaciones.com\/#\/schema\/logo\/image\/\"},\"sameAs\":[\"https:\/\/www.facebook.com\/waracomunicaciones2017\"]},{\"@type\":\"Person\",\"@id\":\"https:\/\/waracomunicaciones.com\/#\/schema\/person\/cbfc6e874b874c69982b6f254108e9f0\",\"name\":\"Tom\u00e1s Coca\",\"image\":{\"@type\":\"ImageObject\",\"inLanguage\":\"es\",\"@id\":\"https:\/\/waracomunicaciones.com\/#\/schema\/person\/image\/\",\"url\":\"https:\/\/secure.gravatar.com\/avatar\/482131bd67ce2dac1261229602fd0c47826af81f4ac6608b066b29cac2a6e65d?s=96&d=mm&r=g\",\"contentUrl\":\"https:\/\/secure.gravatar.com\/avatar\/482131bd67ce2dac1261229602fd0c47826af81f4ac6608b066b29cac2a6e65d?s=96&d=mm&r=g\",\"caption\":\"Tom\u00e1s Coca\"},\"sameAs\":[\"https:\/\/waracomunicaciones.com\"],\"url\":\"https:\/\/waracomunicaciones.com\/?author=2\"}]}<\/script>\n<!-- \/ Yoast SEO Premium plugin. -->","yoast_head_json":{"title":"Montero Capacita a M\u00e1s de 4.000 Personas en Diversos Oficios, Apuesta por el Emprendimiento y el Bienestar Social - Wara Comunicaciones","robots":{"index":"index","follow":"follow","max-snippet":"max-snippet:-1","max-image-preview":"max-image-preview:large","max-video-preview":"max-video-preview:-1"},"canonical":"https:\/\/waracomunicaciones.com\/?p=1404","og_locale":"es_ES","og_type":"article","og_title":"Montero Capacita a M\u00e1s de 4.000 Personas en Diversos Oficios, Apuesta por el Emprendimiento y el Bienestar Social","og_description":"Ronald Tojo Hurtado, Director Municipal de Desarrollo Econ\u00f3mico Productivo de Montero, resalta el impacto de las capacitaciones gratuitas para el desarrollo econ\u00f3mico de la regi\u00f3n. Montero, 29 enero de 2026. La gesti\u00f3n municipal encabezada por el alcalde Dr. Regys Medina ha implementado una serie de capacitaciones en oficios diversos con el fin de mejorar la [&hellip;]","og_url":"https:\/\/waracomunicaciones.com\/?p=1404","og_site_name":"Wara Comunicaciones","article_publisher":"https:\/\/www.facebook.com\/waracomunicaciones2017","article_published_time":"2026-01-30T13:41:01+00:00","article_modified_time":"2026-01-30T13:41:02+00:00","og_image":[{"width":543,"height":523,"url":"https:\/\/waracomunicaciones.com\/wp-content\/uploads\/2026\/01\/Tojo-Hurtado-30-ene-26.webp","type":"image\/webp"}],"author":"Tom\u00e1s Coca","twitter_card":"summary_large_image","twitter_misc":{"Escrito por":"Tom\u00e1s Coca","Tiempo de lectura":"4 minutos"},"schema":{"@context":"https:\/\/schema.org","@graph":[{"@type":"Article","@id":"https:\/\/waracomunicaciones.com\/?p=1404#article","isPartOf":{"@id":"https:\/\/waracomunicaciones.com\/?p=1404"},"author":{"name":"Tom\u00e1s Coca","@id":"https:\/\/waracomunicaciones.com\/#\/schema\/person\/cbfc6e874b874c69982b6f254108e9f0"},"headline":"Montero Capacita a M\u00e1s de 4.000 Personas en Diversos Oficios, Apuesta por el Emprendimiento y el Bienestar Social","datePublished":"2026-01-30T13:41:01+00:00","dateModified":"2026-01-30T13:41:02+00:00","mainEntityOfPage":{"@id":"https:\/\/waracomunicaciones.com\/?p=1404"},"wordCount":793,"commentCount":0,"publisher":{"@id":"https:\/\/waracomunicaciones.com\/#organization"},"image":{"@id":"https:\/\/waracomunicaciones.com\/?p=1404#primaryimage"},"thumbnailUrl":"https:\/\/waracomunicaciones.com\/wp-content\/uploads\/2026\/01\/Tojo-Hurtado-30-ene-26.webp","articleSection":["Econom\u00eda"],"inLanguage":"es","potentialAction":[{"@type":"CommentAction","name":"Comment","target":["https:\/\/waracomunicaciones.com\/?p=1404#respond"]}]},{"@type":"WebPage","@id":"https:\/\/waracomunicaciones.com\/?p=1404","url":"https:\/\/waracomunicaciones.com\/?p=1404","name":"Montero Capacita a M\u00e1s de 4.000 Personas en Diversos Oficios, Apuesta por el Emprendimiento y el Bienestar Social - Wara Comunicaciones","isPartOf":{"@id":"https:\/\/waracomunicaciones.com\/#website"},"primaryImageOfPage":{"@id":"https:\/\/waracomunicaciones.com\/?p=1404#primaryimage"},"image":{"@id":"https:\/\/waracomunicaciones.com\/?p=1404#primaryimage"},"thumbnailUrl":"https:\/\/waracomunicaciones.com\/wp-content\/uploads\/2026\/01\/Tojo-Hurtado-30-ene-26.webp","datePublished":"2026-01-30T13:41:01+00:00","dateModified":"2026-01-30T13:41:02+00:00","breadcrumb":{"@id":"https:\/\/waracomunicaciones.com\/?p=1404#breadcrumb"},"inLanguage":"es","potentialAction":[{"@type":"ReadAction","target":["https:\/\/waracomunicaciones.com\/?p=1404"]}]},{"@type":"ImageObject","inLanguage":"es","@id":"https:\/\/waracomunicaciones.com\/?p=1404#primaryimage","url":"https:\/\/waracomunicaciones.com\/wp-content\/uploads\/2026\/01\/Tojo-Hurtado-30-ene-26.webp","contentUrl":"https:\/\/waracomunicaciones.com\/wp-content\/uploads\/2026\/01\/Tojo-Hurtado-30-ene-26.webp","width":543,"height":523},{"@type":"BreadcrumbList","@id":"https:\/\/waracomunicaciones.com\/?p=1404#breadcrumb","itemListElement":[{"@type":"ListItem","position":1,"name":"Portada","item":"https:\/\/waracomunicaciones.com\/"},{"@type":"ListItem","position":2,"name":"Montero Capacita a M\u00e1s de 4.000 Personas en Diversos Oficios, Apuesta por el Emprendimiento y el Bienestar Social"}]},{"@type":"WebSite","@id":"https:\/\/waracomunicaciones.com\/#website","url":"https:\/\/waracomunicaciones.com\/","name":"Wara Comunicaciones","description":"","publisher":{"@id":"https:\/\/waracomunicaciones.com\/#organization"},"potentialAction":[{"@type":"SearchAction","target":{"@type":"EntryPoint","urlTemplate":"https:\/\/waracomunicaciones.com\/?s={search_term_string}"},"query-input":{"@type":"PropertyValueSpecification","valueRequired":true,"valueName":"search_term_string"}}],"inLanguage":"es"},{"@type":"Organization","@id":"https:\/\/waracomunicaciones.com\/#organization","name":"Wara Comunicaciones","url":"https:\/\/waracomunicaciones.com\/","logo":{"@type":"ImageObject","inLanguage":"es","@id":"https:\/\/waracomunicaciones.com\/#\/schema\/logo\/image\/","url":"https:\/\/waracomunicaciones.com\/wp-content\/uploads\/2025\/07\/logo.png","contentUrl":"https:\/\/waracomunicaciones.com\/wp-content\/uploads\/2025\/07\/logo.png","width":400,"height":164,"caption":"Wara Comunicaciones"},"image":{"@id":"https:\/\/waracomunicaciones.com\/#\/schema\/logo\/image\/"},"sameAs":["https:\/\/www.facebook.com\/waracomunicaciones2017"]},{"@type":"Person","@id":"https:\/\/waracomunicaciones.com\/#\/schema\/person\/cbfc6e874b874c69982b6f254108e9f0","name":"Tom\u00e1s Coca","image":{"@type":"ImageObject","inLanguage":"es","@id":"https:\/\/waracomunicaciones.com\/#\/schema\/person\/image\/","url":"https:\/\/secure.gravatar.com\/avatar\/482131bd67ce2dac1261229602fd0c47826af81f4ac6608b066b29cac2a6e65d?s=96&d=mm&r=g","contentUrl":"https:\/\/secure.gravatar.com\/avatar\/482131bd67ce2dac1261229602fd0c47826af81f4ac6608b066b29cac2a6e65d?s=96&d=mm&r=g","caption":"Tom\u00e1s Coca"},"sameAs":["https:\/\/waracomunicaciones.com"],"url":"https:\/\/waracomunicaciones.com\/?author=2"}]}},"_links":{"self":[{"href":"https:\/\/waracomunicaciones.com\/index.php?rest_route=\/wp\/v2\/posts\/1404","targetHints":{"allow":["GET"]}}],"collection":[{"href":"https:\/\/waracomunicaciones.com\/index.php?rest_route=\/wp\/v2\/posts"}],"about":[{"href":"https:\/\/waracomunicaciones.com\/index.php?rest_route=\/wp\/v2\/types\/post"}],"author":[{"embeddable":true,"href":"https:\/\/waracomunicaciones.com\/index.php?rest_route=\/wp\/v2\/users\/2"}],"replies":[{"embeddable":true,"href":"https:\/\/waracomunicaciones.com\/index.php?rest_route=%2Fwp%2Fv2%2Fcomments&post=1404"}],"version-history":[{"count":1,"href":"https:\/\/waracomunicaciones.com\/index.php?rest_route=\/wp\/v2\/posts\/1404\/revisions"}],"predecessor-version":[{"id":1406,"href":"https:\/\/waracomunicaciones.com\/index.php?rest_route=\/wp\/v2\/posts\/1404\/revisions\/1406"}],"wp:attachment":[{"href":"https:\/\/waracomunicaciones.com\/index.php?rest_route=%2Fwp%2Fv2%2Fmedia&parent=1404"}],"wp:term":[{"taxonomy":"category","embeddable":true,"href":"https:\/\/waracomunicaciones.com\/index.php?rest_route=%2Fwp%2Fv2%2Fcategories&post=1404"},{"taxonomy":"post_tag","embeddable":true,"href":"https:\/\/waracomunicaciones.com\/index.php?rest_route=%2Fwp%2Fv2%2Ftags&post=1404"}],"curies":[{"name":"wp","href":"https:\/\/api.w.org\/{rel}","templated":true}]}}