{"id":1400,"date":"2026-01-29T08:45:07","date_gmt":"2026-01-29T12:45:07","guid":{"rendered":"https:\/\/waracomunicaciones.com\/?p=1400"},"modified":"2026-01-29T08:45:08","modified_gmt":"2026-01-29T12:45:08","slug":"municipio-de-montero-alista-inicio-de-la-entrega-del-desayuno-escolar","status":"publish","type":"post","link":"https:\/\/waracomunicaciones.com\/?p=1400","title":{"rendered":"Municipio de Montero alista inicio de la entrega del desayuno escolar"},"content":{"rendered":"\n<figure class=\"wp-block-image size-full\"><img loading=\"lazy\" decoding=\"async\" width=\"688\" height=\"494\" src=\"https:\/\/waracomunicaciones.com\/wp-content\/uploads\/2026\/01\/imagen_2026-01-29_084005552.webp\" alt=\"\" class=\"wp-image-1401\" srcset=\"https:\/\/waracomunicaciones.com\/wp-content\/uploads\/2026\/01\/imagen_2026-01-29_084005552.webp 688w, https:\/\/waracomunicaciones.com\/wp-content\/uploads\/2026\/01\/imagen_2026-01-29_084005552-300x215.webp 300w\" sizes=\"auto, (max-width: 688px) 100vw, 688px\" \/><figcaption class=\"wp-element-caption\"><em>Richard Vaca Director Municipal de Educaci\u00f3n &#8211; Foto Facebook<\/em><\/figcaption><\/figure>\n\n\n<p><strong>Montero, 29 enero 2026.- <\/strong>El Gobierno Municipal de Montero, a trav\u00e9s de la Direcci\u00f3n Municipal de Educaci\u00f3n, inform\u00f3 que el proceso para la provisi\u00f3n del desayuno escolar se encuentra pr\u00e1cticamente concluido y que en el transcurso de esta semana se dar\u00e1 a conocer la fecha oficial de inicio de la entrega de la alimentaci\u00f3n complementaria a los estudiantes del municipio.<!--more--><\/p>\n<p>As\u00ed lo confirm\u00f3 <strong>Richard Vaca<\/strong>, director municipal de Educaci\u00f3n, quien explic\u00f3 que el retraso no responde a falta de gesti\u00f3n, sino a las dificultades que atraviesa el proceso de contrataci\u00f3n debido a la inestabilidad de precios en el mercado.<\/p>\n<p>\u201cComo municipio y como Direcci\u00f3n de Educaci\u00f3n ya hemos hecho todo el trabajo. No es m\u00e1s que cuesti\u00f3n de tiempo para que demos a conocer la fecha en la que vamos a empezar a entregar la alimentaci\u00f3n complementaria\u201d, se\u00f1al\u00f3 Vaca en entrevista radial.<\/p>\n<p>La autoridad explic\u00f3 que varias empresas se mostraron reacias a presentarse a las licitaciones, debido a la constante variaci\u00f3n de precios y a la coyuntura econ\u00f3mica nacional, marcada por ajustes recientes tras la posesi\u00f3n del nuevo gobierno. No obstante, asegur\u00f3 que el municipio logr\u00f3 avanzar y completar el proceso, quedando solo algunos detalles por definir.<\/p>\n<p>En cuanto al presupuesto, Vaca inform\u00f3 que se cuenta con <strong>11 millones de bolivianos<\/strong>. Sin embargo, evit\u00f3 precisar el n\u00famero de d\u00edas que cubrir\u00e1 el desayuno escolar, indicando que esa informaci\u00f3n se dar\u00e1 a conocer una vez se tenga un cronograma definitivo.<\/p>\n<p>\u201cEl presupuesto es el mismo, pero ya no tiene la misma capacidad de adquisici\u00f3n que en gestiones anteriores, debido al incremento de precios. Aun as\u00ed, se har\u00e1n los ajustes necesarios en su debido momento\u201d, afirm\u00f3.<\/p>\n<p>Vaca tambi\u00e9n record\u00f3 que en gestiones pasadas el municipio enfrent\u00f3 serias dificultades por el retraso en la llegada de recursos del <strong>Impuesto Directo a los Hidrocarburos (IDH)<\/strong>, situaci\u00f3n que afect\u00f3 la ejecuci\u00f3n del programa. En ese sentido, expres\u00f3 su expectativa de que, con la actual administraci\u00f3n nacional, los recursos lleguen de manera oportuna tanto a la gobernaci\u00f3n como al municipio, permitiendo una mejor atenci\u00f3n al sector educativo.<\/p>\n<p>Respecto al posible incremento presupuestario desde la Gobernaci\u00f3n, el director aclar\u00f3 que ese tema es de competencia exclusiva de dicha instancia y que el municipio ya realiz\u00f3 las gestiones correspondientes para la asignaci\u00f3n de recursos previstos para la gesti\u00f3n 2024.<\/p>\n<p>\u201cNosotros hacemos el seguimiento necesario, pero es la Gobernaci\u00f3n la que debe informar cu\u00e1ndo y c\u00f3mo se realizar\u00e1 la transferencia de esos recursos\u201d, puntualiz\u00f3.<\/p>\n<p>Finalmente, Vaca reafirm\u00f3 el compromiso del Gobierno Municipal de Montero de continuar gestionando y coordinando acciones para garantizar la entrega del desayuno escolar a los estudiantes montere\u00f1os en el menor tiempo posible.<\/p><div style=\"margin-top: 0px; margin-bottom: 0px;\" class=\"sharethis-inline-reaction-buttons\" ><\/div>","protected":false},"excerpt":{"rendered":"<p>Montero, 29 enero 2026.- El Gobierno Municipal de Montero, a trav\u00e9s de la Direcci\u00f3n Municipal de Educaci\u00f3n, inform\u00f3 que el proceso para la provisi\u00f3n del desayuno escolar se encuentra pr\u00e1cticamente concluido y que en el transcurso de esta semana se dar\u00e1 a conocer la fecha oficial de inicio de la entrega de la alimentaci\u00f3n complementaria [&hellip;]<\/p>\n","protected":false},"author":2,"featured_media":0,"comment_status":"open","ping_status":"open","sticky":false,"template":"","format":"standard","meta":{"footnotes":""},"categories":[44],"tags":[73],"class_list":["post-1400","post","type-post","status-publish","format-standard","hentry","category-educacion","tag-desayuno-escolar"],"yoast_head":"<!-- This site is optimized with the Yoast SEO Premium plugin v25.5 (Yoast SEO v27.1.1) - https:\/\/yoast.com\/product\/yoast-seo-premium-wordpress\/ -->\n<title>Municipio de Montero alista inicio de la entrega del desayuno escolar - Wara Comunicaciones<\/title>\n<meta name=\"robots\" content=\"index, follow, max-snippet:-1, max-image-preview:large, max-video-preview:-1\" \/>\n<link rel=\"canonical\" href=\"https:\/\/waracomunicaciones.com\/?p=1400\" \/>\n<meta property=\"og:locale\" content=\"es_ES\" \/>\n<meta property=\"og:type\" content=\"article\" \/>\n<meta property=\"og:title\" content=\"Municipio de Montero alista inicio de la entrega del desayuno escolar\" \/>\n<meta property=\"og:description\" content=\"Montero, 29 enero 2026.- El Gobierno Municipal de Montero, a trav\u00e9s de la Direcci\u00f3n Municipal de Educaci\u00f3n, inform\u00f3 que el proceso para la provisi\u00f3n del desayuno escolar se encuentra pr\u00e1cticamente concluido y que en el transcurso de esta semana se dar\u00e1 a conocer la fecha oficial de inicio de la entrega de la alimentaci\u00f3n complementaria [&hellip;]\" \/>\n<meta property=\"og:url\" content=\"https:\/\/waracomunicaciones.com\/?p=1400\" \/>\n<meta property=\"og:site_name\" content=\"Wara Comunicaciones\" \/>\n<meta property=\"article:publisher\" content=\"https:\/\/www.facebook.com\/waracomunicaciones2017\" \/>\n<meta property=\"article:published_time\" content=\"2026-01-29T12:45:07+00:00\" \/>\n<meta property=\"article:modified_time\" content=\"2026-01-29T12:45:08+00:00\" \/>\n<meta property=\"og:image\" content=\"https:\/\/waracomunicaciones.com\/wp-content\/uploads\/2026\/01\/imagen_2026-01-29_084005552.webp\" \/>\n\t<meta property=\"og:image:width\" content=\"688\" \/>\n\t<meta property=\"og:image:height\" content=\"494\" \/>\n\t<meta property=\"og:image:type\" content=\"image\/webp\" \/>\n<meta name=\"author\" content=\"Tom\u00e1s Coca\" \/>\n<meta name=\"twitter:card\" content=\"summary_large_image\" \/>\n<meta name=\"twitter:label1\" content=\"Escrito por\" \/>\n\t<meta name=\"twitter:data1\" content=\"Tom\u00e1s Coca\" \/>\n\t<meta name=\"twitter:label2\" content=\"Tiempo de lectura\" \/>\n\t<meta name=\"twitter:data2\" content=\"3 minutos\" \/>\n<script type=\"application\/ld+json\" class=\"yoast-schema-graph\">{\"@context\":\"https:\/\/schema.org\",\"@graph\":[{\"@type\":\"Article\",\"@id\":\"https:\/\/waracomunicaciones.com\/?p=1400#article\",\"isPartOf\":{\"@id\":\"https:\/\/waracomunicaciones.com\/?p=1400\"},\"author\":{\"name\":\"Tom\u00e1s Coca\",\"@id\":\"https:\/\/waracomunicaciones.com\/#\/schema\/person\/cbfc6e874b874c69982b6f254108e9f0\"},\"headline\":\"Municipio de Montero alista inicio de la entrega del desayuno escolar\",\"datePublished\":\"2026-01-29T12:45:07+00:00\",\"dateModified\":\"2026-01-29T12:45:08+00:00\",\"mainEntityOfPage\":{\"@id\":\"https:\/\/waracomunicaciones.com\/?p=1400\"},\"wordCount\":491,\"commentCount\":0,\"publisher\":{\"@id\":\"https:\/\/waracomunicaciones.com\/#organization\"},\"image\":{\"@id\":\"https:\/\/waracomunicaciones.com\/?p=1400#primaryimage\"},\"thumbnailUrl\":\"https:\/\/waracomunicaciones.com\/wp-content\/uploads\/2026\/01\/imagen_2026-01-29_084005552.webp\",\"keywords\":[\"Desayuno Escolar\"],\"articleSection\":[\"Educaci\u00f3n\"],\"inLanguage\":\"es\",\"potentialAction\":[{\"@type\":\"CommentAction\",\"name\":\"Comment\",\"target\":[\"https:\/\/waracomunicaciones.com\/?p=1400#respond\"]}]},{\"@type\":\"WebPage\",\"@id\":\"https:\/\/waracomunicaciones.com\/?p=1400\",\"url\":\"https:\/\/waracomunicaciones.com\/?p=1400\",\"name\":\"Municipio de Montero alista inicio de la entrega del desayuno escolar - Wara Comunicaciones\",\"isPartOf\":{\"@id\":\"https:\/\/waracomunicaciones.com\/#website\"},\"primaryImageOfPage\":{\"@id\":\"https:\/\/waracomunicaciones.com\/?p=1400#primaryimage\"},\"image\":{\"@id\":\"https:\/\/waracomunicaciones.com\/?p=1400#primaryimage\"},\"thumbnailUrl\":\"https:\/\/waracomunicaciones.com\/wp-content\/uploads\/2026\/01\/imagen_2026-01-29_084005552.webp\",\"datePublished\":\"2026-01-29T12:45:07+00:00\",\"dateModified\":\"2026-01-29T12:45:08+00:00\",\"breadcrumb\":{\"@id\":\"https:\/\/waracomunicaciones.com\/?p=1400#breadcrumb\"},\"inLanguage\":\"es\",\"potentialAction\":[{\"@type\":\"ReadAction\",\"target\":[\"https:\/\/waracomunicaciones.com\/?p=1400\"]}]},{\"@type\":\"ImageObject\",\"inLanguage\":\"es\",\"@id\":\"https:\/\/waracomunicaciones.com\/?p=1400#primaryimage\",\"url\":\"https:\/\/waracomunicaciones.com\/wp-content\/uploads\/2026\/01\/imagen_2026-01-29_084005552.webp\",\"contentUrl\":\"https:\/\/waracomunicaciones.com\/wp-content\/uploads\/2026\/01\/imagen_2026-01-29_084005552.webp\",\"width\":688,\"height\":494},{\"@type\":\"BreadcrumbList\",\"@id\":\"https:\/\/waracomunicaciones.com\/?p=1400#breadcrumb\",\"itemListElement\":[{\"@type\":\"ListItem\",\"position\":1,\"name\":\"Portada\",\"item\":\"https:\/\/waracomunicaciones.com\/\"},{\"@type\":\"ListItem\",\"position\":2,\"name\":\"Municipio de Montero alista inicio de la entrega del desayuno escolar\"}]},{\"@type\":\"WebSite\",\"@id\":\"https:\/\/waracomunicaciones.com\/#website\",\"url\":\"https:\/\/waracomunicaciones.com\/\",\"name\":\"Wara Comunicaciones\",\"description\":\"\",\"publisher\":{\"@id\":\"https:\/\/waracomunicaciones.com\/#organization\"},\"potentialAction\":[{\"@type\":\"SearchAction\",\"target\":{\"@type\":\"EntryPoint\",\"urlTemplate\":\"https:\/\/waracomunicaciones.com\/?s={search_term_string}\"},\"query-input\":{\"@type\":\"PropertyValueSpecification\",\"valueRequired\":true,\"valueName\":\"search_term_string\"}}],\"inLanguage\":\"es\"},{\"@type\":\"Organization\",\"@id\":\"https:\/\/waracomunicaciones.com\/#organization\",\"name\":\"Wara Comunicaciones\",\"url\":\"https:\/\/waracomunicaciones.com\/\",\"logo\":{\"@type\":\"ImageObject\",\"inLanguage\":\"es\",\"@id\":\"https:\/\/waracomunicaciones.com\/#\/schema\/logo\/image\/\",\"url\":\"https:\/\/waracomunicaciones.com\/wp-content\/uploads\/2025\/07\/logo.png\",\"contentUrl\":\"https:\/\/waracomunicaciones.com\/wp-content\/uploads\/2025\/07\/logo.png\",\"width\":400,\"height\":164,\"caption\":\"Wara Comunicaciones\"},\"image\":{\"@id\":\"https:\/\/waracomunicaciones.com\/#\/schema\/logo\/image\/\"},\"sameAs\":[\"https:\/\/www.facebook.com\/waracomunicaciones2017\"]},{\"@type\":\"Person\",\"@id\":\"https:\/\/waracomunicaciones.com\/#\/schema\/person\/cbfc6e874b874c69982b6f254108e9f0\",\"name\":\"Tom\u00e1s Coca\",\"image\":{\"@type\":\"ImageObject\",\"inLanguage\":\"es\",\"@id\":\"https:\/\/waracomunicaciones.com\/#\/schema\/person\/image\/\",\"url\":\"https:\/\/secure.gravatar.com\/avatar\/482131bd67ce2dac1261229602fd0c47826af81f4ac6608b066b29cac2a6e65d?s=96&d=mm&r=g\",\"contentUrl\":\"https:\/\/secure.gravatar.com\/avatar\/482131bd67ce2dac1261229602fd0c47826af81f4ac6608b066b29cac2a6e65d?s=96&d=mm&r=g\",\"caption\":\"Tom\u00e1s Coca\"},\"sameAs\":[\"https:\/\/waracomunicaciones.com\"],\"url\":\"https:\/\/waracomunicaciones.com\/?author=2\"}]}<\/script>\n<!-- \/ Yoast SEO Premium plugin. -->","yoast_head_json":{"title":"Municipio de Montero alista inicio de la entrega del desayuno escolar - Wara Comunicaciones","robots":{"index":"index","follow":"follow","max-snippet":"max-snippet:-1","max-image-preview":"max-image-preview:large","max-video-preview":"max-video-preview:-1"},"canonical":"https:\/\/waracomunicaciones.com\/?p=1400","og_locale":"es_ES","og_type":"article","og_title":"Municipio de Montero alista inicio de la entrega del desayuno escolar","og_description":"Montero, 29 enero 2026.- El Gobierno Municipal de Montero, a trav\u00e9s de la Direcci\u00f3n Municipal de Educaci\u00f3n, inform\u00f3 que el proceso para la provisi\u00f3n del desayuno escolar se encuentra pr\u00e1cticamente concluido y que en el transcurso de esta semana se dar\u00e1 a conocer la fecha oficial de inicio de la entrega de la alimentaci\u00f3n complementaria [&hellip;]","og_url":"https:\/\/waracomunicaciones.com\/?p=1400","og_site_name":"Wara Comunicaciones","article_publisher":"https:\/\/www.facebook.com\/waracomunicaciones2017","article_published_time":"2026-01-29T12:45:07+00:00","article_modified_time":"2026-01-29T12:45:08+00:00","og_image":[{"width":688,"height":494,"url":"https:\/\/waracomunicaciones.com\/wp-content\/uploads\/2026\/01\/imagen_2026-01-29_084005552.webp","type":"image\/webp"}],"author":"Tom\u00e1s Coca","twitter_card":"summary_large_image","twitter_misc":{"Escrito por":"Tom\u00e1s Coca","Tiempo de lectura":"3 minutos"},"schema":{"@context":"https:\/\/schema.org","@graph":[{"@type":"Article","@id":"https:\/\/waracomunicaciones.com\/?p=1400#article","isPartOf":{"@id":"https:\/\/waracomunicaciones.com\/?p=1400"},"author":{"name":"Tom\u00e1s Coca","@id":"https:\/\/waracomunicaciones.com\/#\/schema\/person\/cbfc6e874b874c69982b6f254108e9f0"},"headline":"Municipio de Montero alista inicio de la entrega del desayuno escolar","datePublished":"2026-01-29T12:45:07+00:00","dateModified":"2026-01-29T12:45:08+00:00","mainEntityOfPage":{"@id":"https:\/\/waracomunicaciones.com\/?p=1400"},"wordCount":491,"commentCount":0,"publisher":{"@id":"https:\/\/waracomunicaciones.com\/#organization"},"image":{"@id":"https:\/\/waracomunicaciones.com\/?p=1400#primaryimage"},"thumbnailUrl":"https:\/\/waracomunicaciones.com\/wp-content\/uploads\/2026\/01\/imagen_2026-01-29_084005552.webp","keywords":["Desayuno Escolar"],"articleSection":["Educaci\u00f3n"],"inLanguage":"es","potentialAction":[{"@type":"CommentAction","name":"Comment","target":["https:\/\/waracomunicaciones.com\/?p=1400#respond"]}]},{"@type":"WebPage","@id":"https:\/\/waracomunicaciones.com\/?p=1400","url":"https:\/\/waracomunicaciones.com\/?p=1400","name":"Municipio de Montero alista inicio de la entrega del desayuno escolar - Wara Comunicaciones","isPartOf":{"@id":"https:\/\/waracomunicaciones.com\/#website"},"primaryImageOfPage":{"@id":"https:\/\/waracomunicaciones.com\/?p=1400#primaryimage"},"image":{"@id":"https:\/\/waracomunicaciones.com\/?p=1400#primaryimage"},"thumbnailUrl":"https:\/\/waracomunicaciones.com\/wp-content\/uploads\/2026\/01\/imagen_2026-01-29_084005552.webp","datePublished":"2026-01-29T12:45:07+00:00","dateModified":"2026-01-29T12:45:08+00:00","breadcrumb":{"@id":"https:\/\/waracomunicaciones.com\/?p=1400#breadcrumb"},"inLanguage":"es","potentialAction":[{"@type":"ReadAction","target":["https:\/\/waracomunicaciones.com\/?p=1400"]}]},{"@type":"ImageObject","inLanguage":"es","@id":"https:\/\/waracomunicaciones.com\/?p=1400#primaryimage","url":"https:\/\/waracomunicaciones.com\/wp-content\/uploads\/2026\/01\/imagen_2026-01-29_084005552.webp","contentUrl":"https:\/\/waracomunicaciones.com\/wp-content\/uploads\/2026\/01\/imagen_2026-01-29_084005552.webp","width":688,"height":494},{"@type":"BreadcrumbList","@id":"https:\/\/waracomunicaciones.com\/?p=1400#breadcrumb","itemListElement":[{"@type":"ListItem","position":1,"name":"Portada","item":"https:\/\/waracomunicaciones.com\/"},{"@type":"ListItem","position":2,"name":"Municipio de Montero alista inicio de la entrega del desayuno escolar"}]},{"@type":"WebSite","@id":"https:\/\/waracomunicaciones.com\/#website","url":"https:\/\/waracomunicaciones.com\/","name":"Wara Comunicaciones","description":"","publisher":{"@id":"https:\/\/waracomunicaciones.com\/#organization"},"potentialAction":[{"@type":"SearchAction","target":{"@type":"EntryPoint","urlTemplate":"https:\/\/waracomunicaciones.com\/?s={search_term_string}"},"query-input":{"@type":"PropertyValueSpecification","valueRequired":true,"valueName":"search_term_string"}}],"inLanguage":"es"},{"@type":"Organization","@id":"https:\/\/waracomunicaciones.com\/#organization","name":"Wara Comunicaciones","url":"https:\/\/waracomunicaciones.com\/","logo":{"@type":"ImageObject","inLanguage":"es","@id":"https:\/\/waracomunicaciones.com\/#\/schema\/logo\/image\/","url":"https:\/\/waracomunicaciones.com\/wp-content\/uploads\/2025\/07\/logo.png","contentUrl":"https:\/\/waracomunicaciones.com\/wp-content\/uploads\/2025\/07\/logo.png","width":400,"height":164,"caption":"Wara Comunicaciones"},"image":{"@id":"https:\/\/waracomunicaciones.com\/#\/schema\/logo\/image\/"},"sameAs":["https:\/\/www.facebook.com\/waracomunicaciones2017"]},{"@type":"Person","@id":"https:\/\/waracomunicaciones.com\/#\/schema\/person\/cbfc6e874b874c69982b6f254108e9f0","name":"Tom\u00e1s Coca","image":{"@type":"ImageObject","inLanguage":"es","@id":"https:\/\/waracomunicaciones.com\/#\/schema\/person\/image\/","url":"https:\/\/secure.gravatar.com\/avatar\/482131bd67ce2dac1261229602fd0c47826af81f4ac6608b066b29cac2a6e65d?s=96&d=mm&r=g","contentUrl":"https:\/\/secure.gravatar.com\/avatar\/482131bd67ce2dac1261229602fd0c47826af81f4ac6608b066b29cac2a6e65d?s=96&d=mm&r=g","caption":"Tom\u00e1s Coca"},"sameAs":["https:\/\/waracomunicaciones.com"],"url":"https:\/\/waracomunicaciones.com\/?author=2"}]}},"_links":{"self":[{"href":"https:\/\/waracomunicaciones.com\/index.php?rest_route=\/wp\/v2\/posts\/1400","targetHints":{"allow":["GET"]}}],"collection":[{"href":"https:\/\/waracomunicaciones.com\/index.php?rest_route=\/wp\/v2\/posts"}],"about":[{"href":"https:\/\/waracomunicaciones.com\/index.php?rest_route=\/wp\/v2\/types\/post"}],"author":[{"embeddable":true,"href":"https:\/\/waracomunicaciones.com\/index.php?rest_route=\/wp\/v2\/users\/2"}],"replies":[{"embeddable":true,"href":"https:\/\/waracomunicaciones.com\/index.php?rest_route=%2Fwp%2Fv2%2Fcomments&post=1400"}],"version-history":[{"count":1,"href":"https:\/\/waracomunicaciones.com\/index.php?rest_route=\/wp\/v2\/posts\/1400\/revisions"}],"predecessor-version":[{"id":1402,"href":"https:\/\/waracomunicaciones.com\/index.php?rest_route=\/wp\/v2\/posts\/1400\/revisions\/1402"}],"wp:attachment":[{"href":"https:\/\/waracomunicaciones.com\/index.php?rest_route=%2Fwp%2Fv2%2Fmedia&parent=1400"}],"wp:term":[{"taxonomy":"category","embeddable":true,"href":"https:\/\/waracomunicaciones.com\/index.php?rest_route=%2Fwp%2Fv2%2Fcategories&post=1400"},{"taxonomy":"post_tag","embeddable":true,"href":"https:\/\/waracomunicaciones.com\/index.php?rest_route=%2Fwp%2Fv2%2Ftags&post=1400"}],"curies":[{"name":"wp","href":"https:\/\/api.w.org\/{rel}","templated":true}]}}