{"id":1396,"date":"2026-01-27T17:26:52","date_gmt":"2026-01-27T21:26:52","guid":{"rendered":"https:\/\/waracomunicaciones.com\/?p=1396"},"modified":"2026-01-27T17:26:53","modified_gmt":"2026-01-27T21:26:53","slug":"tomas-coca-candidato-a-concejal-proponemos-desayuno-escolar-desde-el-primer-dia-elaborado-por-padres-de-familia","status":"publish","type":"post","link":"https:\/\/waracomunicaciones.com\/?p=1396","title":{"rendered":"Tom\u00e1s Coca, Candidato a Concejal: \u00abProponemos Desayuno Escolar desde el Primer D\u00eda, Elaborado por Padres de Familia\u00bb"},"content":{"rendered":"\n<figure class=\"wp-block-image size-full\"><img loading=\"lazy\" decoding=\"async\" width=\"960\" height=\"502\" src=\"https:\/\/waracomunicaciones.com\/wp-content\/uploads\/2026\/01\/Tomasito-escula-5.jpg\" alt=\"\" class=\"wp-image-1397\" srcset=\"https:\/\/waracomunicaciones.com\/wp-content\/uploads\/2026\/01\/Tomasito-escula-5.jpg 960w, https:\/\/waracomunicaciones.com\/wp-content\/uploads\/2026\/01\/Tomasito-escula-5-300x157.jpg 300w, https:\/\/waracomunicaciones.com\/wp-content\/uploads\/2026\/01\/Tomasito-escula-5-768x402.jpg 768w\" sizes=\"auto, (max-width: 960px) 100vw, 960px\" \/><\/figure>\n\n\n\n<p>Escuela 5 \u00ab6 de junio\u00bb 1975. Distrito Minero de Siglo XX &#8211; EMC &#8211; COMIBOL<\/p>\n\n\n<p><em>Montero, 27 enero 2026.<\/em> \u2014 En una c\u00e1lida jornada en Montero, el candidato a concejal por la alianza <em>Todos<\/em>, Tom\u00e1s Coca, comparti\u00f3 sus propuestas para mejorar el sistema de alimentaci\u00f3n escolar en la ciudad, destacando que el desayuno escolar debe ser un derecho garantizado desde el primer d\u00eda de clases, una situaci\u00f3n que, seg\u00fan su an\u00e1lisis, a\u00fan no se cumplir\u00e1 este a\u00f1o.<!--more--><\/p>\n<p>Coca lament\u00f3 que, a pesar de la cercan\u00eda del inicio de clases, el programa de desayuno escolar sigue sin concretarse, debido a los retrasos en los procesos administrativos. En una reciente entrevista con el director municipal de Educaci\u00f3n, Richard Vaca, se conoci\u00f3 que el documento base de contrataciones (DBC) ya ha sido elaborado, pero que a\u00fan no ha sido subido al SICOES, lo que podr\u00eda retrasar la licitaci\u00f3n de los proveedores por al menos dos o tres meses.<\/p>\n<p>\u201cLamentablemente, con esta situaci\u00f3n, podemos decir que no habr\u00e1 desayuno escolar el d\u00eda lunes. \u00bfCu\u00e1ndo habr\u00e1? \u00bfEn dos, tres meses?\u201d, cuestion\u00f3 Coca, haciendo \u00e9nfasis en que este retraso afecta negativamente a la actual gesti\u00f3n del alcalde Regis Medina, quien va a la reelecci\u00f3n este a\u00f1o.<\/p>\n<p>El candidato subray\u00f3 que la falta de gesti\u00f3n en este tema es un golpe importante para los montere\u00f1os, especialmente para las familias que dependen del desayuno escolar como una herramienta esencial para asegurar la alimentaci\u00f3n de sus hijos en el contexto educativo. Afirm\u00f3 que uno de los puntos clave de su propuesta y la de su alianza <em>Todos<\/em>, liderada por Santiago Valenzuela, es garantizar que el desayuno escolar est\u00e9 disponible desde el primer d\u00eda de clases.<\/p>\n<p>\u00abCon Santiago Valenzuela, el presupuesto para el desayuno escolar ser\u00e1 de 17 millones de bolivianos, no de 11 millones como se ha venido manejando en los \u00faltimos a\u00f1os. Esto nos permitir\u00e1 cubrir 200 d\u00edas de desayuno escolar\u00bb, detall\u00f3 Coca, explicando que este aumento en los recursos permitir\u00e1 abarcar todos los d\u00edas del ciclo escolar, distribuy\u00e9ndolos en cada unidad educativa de manera organizada y eficiente.<\/p>\n<p>Una de las propuestas m\u00e1s innovadoras que Coca present\u00f3 es que los desayunos escolares sean preparados y distribuidos por los mismos padres de familia. \u00abBasta de que nos entreguen desayunos escolares en bolsitas de pilfr\u00fa o pancitos embolsados con conservantes. Queremos que nuestros ni\u00f1os reciban un desayuno calientito, fresco, reci\u00e9n preparado, como lo hac\u00edamos en nuestra ni\u00f1ez\u00bb, afirm\u00f3, recordando <strong>su propia experiencia escolar en las escuelas de la COMIBOL, donde los desayunos eran cocinados en grandes ollas por las madres de familia<\/strong>, quienes les proporcionaban alimentos frescos como avena, pan reci\u00e9n horneado, o apicitos.<\/p>\n<p>Adem\u00e1s, Coca destac\u00f3 que al implementar este modelo, los recursos destinados al desayuno escolar se quedar\u00e1n en Montero, beneficiando a las familias locales y generando un impacto positivo en la econom\u00eda del municipio, ya que actualmente muchas de las empresas proveedoras del servicio son de fuera de la ciudad.<\/p>\n<p>\u00abEste modelo no requiere grandes inversiones, lo que se necesita es voluntad de servicio. No podemos ver el desayuno escolar como un negocio para enriquecerse, sino como una herramienta para mejorar la calidad de la alimentaci\u00f3n y el aprendizaje de nuestros ni\u00f1os\u00bb, sentenci\u00f3 Coca.<\/p>\n<p>De esta manera, el candidato a concejal por <em>Todos<\/em> enfatiz\u00f3 que su propuesta busca no solo garantizar la alimentaci\u00f3n adecuada para los estudiantes, sino tambi\u00e9n fortalecer la econom\u00eda local, al mismo tiempo que se fomenta una mayor participaci\u00f3n de los padres de familia en la gesti\u00f3n del programa. Seg\u00fan Coca, este enfoque contribuir\u00e1 significativamente a mejorar las condiciones de ense\u00f1anza y aprendizaje de los ni\u00f1os de Montero.<\/p>\n<p>Con un claro compromiso social y con propuestas concretas para mejorar la calidad de vida de los montere\u00f1os, Coca cerr\u00f3 su intervenci\u00f3n asegurando que, bajo su liderazgo y el de Valenzuela, el Frente Todos trabajar\u00e1 incansablemente por una educaci\u00f3n de calidad y un futuro mejor para las nuevas generaciones.<\/p>\n<p>La iniciativa de Coca y su equipo busca marcar un antes y un despu\u00e9s en la gesti\u00f3n del desayuno escolar en Montero, haciendo que los recursos sean administrados localmente para asegurar el bienestar de todos los estudiantes, sin depender de proveedores externos.<\/p>\n<p>\u00a0<\/p><div style=\"margin-top: 0px; margin-bottom: 0px;\" class=\"sharethis-inline-reaction-buttons\" ><\/div>","protected":false},"excerpt":{"rendered":"<p>Escuela 5 \u00ab6 de junio\u00bb 1975. Distrito Minero de Siglo XX &#8211; EMC &#8211; COMIBOL Montero, 27 enero 2026. \u2014 En una c\u00e1lida jornada en Montero, el candidato a concejal por la alianza Todos, Tom\u00e1s Coca, comparti\u00f3 sus propuestas para mejorar el sistema de alimentaci\u00f3n escolar en la ciudad, destacando que el desayuno escolar debe [&hellip;]<\/p>\n","protected":false},"author":2,"featured_media":0,"comment_status":"open","ping_status":"open","sticky":false,"template":"","format":"standard","meta":{"footnotes":""},"categories":[46,5],"tags":[283],"class_list":["post-1396","post","type-post","status-publish","format-standard","hentry","category-economia","category-local","tag-eleccciones-subnacionales"],"yoast_head":"<!-- This site is optimized with the Yoast SEO Premium plugin v25.5 (Yoast SEO v27.1.1) - https:\/\/yoast.com\/product\/yoast-seo-premium-wordpress\/ -->\n<title>Tom\u00e1s Coca, Candidato a Concejal: &quot;Proponemos Desayuno Escolar desde el Primer D\u00eda, Elaborado por Padres de Familia&quot; - Wara Comunicaciones<\/title>\n<meta name=\"robots\" content=\"index, follow, max-snippet:-1, max-image-preview:large, max-video-preview:-1\" \/>\n<link rel=\"canonical\" href=\"https:\/\/waracomunicaciones.com\/?p=1396\" \/>\n<meta property=\"og:locale\" content=\"es_ES\" \/>\n<meta property=\"og:type\" content=\"article\" \/>\n<meta property=\"og:title\" content=\"Tom\u00e1s Coca, Candidato a Concejal: &quot;Proponemos Desayuno Escolar desde el Primer D\u00eda, Elaborado por Padres de Familia&quot;\" \/>\n<meta property=\"og:description\" content=\"Escuela 5 \u00ab6 de junio\u00bb 1975. Distrito Minero de Siglo XX &#8211; EMC &#8211; COMIBOL Montero, 27 enero 2026. \u2014 En una c\u00e1lida jornada en Montero, el candidato a concejal por la alianza Todos, Tom\u00e1s Coca, comparti\u00f3 sus propuestas para mejorar el sistema de alimentaci\u00f3n escolar en la ciudad, destacando que el desayuno escolar debe [&hellip;]\" \/>\n<meta property=\"og:url\" content=\"https:\/\/waracomunicaciones.com\/?p=1396\" \/>\n<meta property=\"og:site_name\" content=\"Wara Comunicaciones\" \/>\n<meta property=\"article:publisher\" content=\"https:\/\/www.facebook.com\/waracomunicaciones2017\" \/>\n<meta property=\"article:published_time\" content=\"2026-01-27T21:26:52+00:00\" \/>\n<meta property=\"article:modified_time\" content=\"2026-01-27T21:26:53+00:00\" \/>\n<meta property=\"og:image\" content=\"https:\/\/waracomunicaciones.com\/wp-content\/uploads\/2026\/01\/Tomasito-escula-5.jpg\" \/>\n\t<meta property=\"og:image:width\" content=\"960\" \/>\n\t<meta property=\"og:image:height\" content=\"502\" \/>\n\t<meta property=\"og:image:type\" content=\"image\/jpeg\" \/>\n<meta name=\"author\" content=\"Tom\u00e1s Coca\" \/>\n<meta name=\"twitter:card\" content=\"summary_large_image\" \/>\n<meta name=\"twitter:label1\" content=\"Escrito por\" \/>\n\t<meta name=\"twitter:data1\" content=\"Tom\u00e1s Coca\" \/>\n\t<meta name=\"twitter:label2\" content=\"Tiempo de lectura\" \/>\n\t<meta name=\"twitter:data2\" content=\"4 minutos\" \/>\n<script type=\"application\/ld+json\" class=\"yoast-schema-graph\">{\"@context\":\"https:\/\/schema.org\",\"@graph\":[{\"@type\":\"Article\",\"@id\":\"https:\/\/waracomunicaciones.com\/?p=1396#article\",\"isPartOf\":{\"@id\":\"https:\/\/waracomunicaciones.com\/?p=1396\"},\"author\":{\"name\":\"Tom\u00e1s Coca\",\"@id\":\"https:\/\/waracomunicaciones.com\/#\/schema\/person\/cbfc6e874b874c69982b6f254108e9f0\"},\"headline\":\"Tom\u00e1s Coca, Candidato a Concejal: \u00abProponemos Desayuno Escolar desde el Primer D\u00eda, Elaborado por Padres de Familia\u00bb\",\"datePublished\":\"2026-01-27T21:26:52+00:00\",\"dateModified\":\"2026-01-27T21:26:53+00:00\",\"mainEntityOfPage\":{\"@id\":\"https:\/\/waracomunicaciones.com\/?p=1396\"},\"wordCount\":747,\"commentCount\":0,\"publisher\":{\"@id\":\"https:\/\/waracomunicaciones.com\/#organization\"},\"image\":{\"@id\":\"https:\/\/waracomunicaciones.com\/?p=1396#primaryimage\"},\"thumbnailUrl\":\"https:\/\/waracomunicaciones.com\/wp-content\/uploads\/2026\/01\/Tomasito-escula-5.jpg\",\"keywords\":[\"Eleccciones Subnacionales\"],\"articleSection\":[\"Econom\u00eda\",\"LOCAL\"],\"inLanguage\":\"es\",\"potentialAction\":[{\"@type\":\"CommentAction\",\"name\":\"Comment\",\"target\":[\"https:\/\/waracomunicaciones.com\/?p=1396#respond\"]}]},{\"@type\":\"WebPage\",\"@id\":\"https:\/\/waracomunicaciones.com\/?p=1396\",\"url\":\"https:\/\/waracomunicaciones.com\/?p=1396\",\"name\":\"Tom\u00e1s Coca, Candidato a Concejal: \\\"Proponemos Desayuno Escolar desde el Primer D\u00eda, Elaborado por Padres de Familia\\\" - Wara Comunicaciones\",\"isPartOf\":{\"@id\":\"https:\/\/waracomunicaciones.com\/#website\"},\"primaryImageOfPage\":{\"@id\":\"https:\/\/waracomunicaciones.com\/?p=1396#primaryimage\"},\"image\":{\"@id\":\"https:\/\/waracomunicaciones.com\/?p=1396#primaryimage\"},\"thumbnailUrl\":\"https:\/\/waracomunicaciones.com\/wp-content\/uploads\/2026\/01\/Tomasito-escula-5.jpg\",\"datePublished\":\"2026-01-27T21:26:52+00:00\",\"dateModified\":\"2026-01-27T21:26:53+00:00\",\"breadcrumb\":{\"@id\":\"https:\/\/waracomunicaciones.com\/?p=1396#breadcrumb\"},\"inLanguage\":\"es\",\"potentialAction\":[{\"@type\":\"ReadAction\",\"target\":[\"https:\/\/waracomunicaciones.com\/?p=1396\"]}]},{\"@type\":\"ImageObject\",\"inLanguage\":\"es\",\"@id\":\"https:\/\/waracomunicaciones.com\/?p=1396#primaryimage\",\"url\":\"https:\/\/waracomunicaciones.com\/wp-content\/uploads\/2026\/01\/Tomasito-escula-5.jpg\",\"contentUrl\":\"https:\/\/waracomunicaciones.com\/wp-content\/uploads\/2026\/01\/Tomasito-escula-5.jpg\",\"width\":960,\"height\":502},{\"@type\":\"BreadcrumbList\",\"@id\":\"https:\/\/waracomunicaciones.com\/?p=1396#breadcrumb\",\"itemListElement\":[{\"@type\":\"ListItem\",\"position\":1,\"name\":\"Portada\",\"item\":\"https:\/\/waracomunicaciones.com\/\"},{\"@type\":\"ListItem\",\"position\":2,\"name\":\"Tom\u00e1s Coca, Candidato a Concejal: \u00abProponemos Desayuno Escolar desde el Primer D\u00eda, Elaborado por Padres de Familia\u00bb\"}]},{\"@type\":\"WebSite\",\"@id\":\"https:\/\/waracomunicaciones.com\/#website\",\"url\":\"https:\/\/waracomunicaciones.com\/\",\"name\":\"Wara Comunicaciones\",\"description\":\"\",\"publisher\":{\"@id\":\"https:\/\/waracomunicaciones.com\/#organization\"},\"potentialAction\":[{\"@type\":\"SearchAction\",\"target\":{\"@type\":\"EntryPoint\",\"urlTemplate\":\"https:\/\/waracomunicaciones.com\/?s={search_term_string}\"},\"query-input\":{\"@type\":\"PropertyValueSpecification\",\"valueRequired\":true,\"valueName\":\"search_term_string\"}}],\"inLanguage\":\"es\"},{\"@type\":\"Organization\",\"@id\":\"https:\/\/waracomunicaciones.com\/#organization\",\"name\":\"Wara Comunicaciones\",\"url\":\"https:\/\/waracomunicaciones.com\/\",\"logo\":{\"@type\":\"ImageObject\",\"inLanguage\":\"es\",\"@id\":\"https:\/\/waracomunicaciones.com\/#\/schema\/logo\/image\/\",\"url\":\"https:\/\/waracomunicaciones.com\/wp-content\/uploads\/2025\/07\/logo.png\",\"contentUrl\":\"https:\/\/waracomunicaciones.com\/wp-content\/uploads\/2025\/07\/logo.png\",\"width\":400,\"height\":164,\"caption\":\"Wara Comunicaciones\"},\"image\":{\"@id\":\"https:\/\/waracomunicaciones.com\/#\/schema\/logo\/image\/\"},\"sameAs\":[\"https:\/\/www.facebook.com\/waracomunicaciones2017\"]},{\"@type\":\"Person\",\"@id\":\"https:\/\/waracomunicaciones.com\/#\/schema\/person\/cbfc6e874b874c69982b6f254108e9f0\",\"name\":\"Tom\u00e1s Coca\",\"image\":{\"@type\":\"ImageObject\",\"inLanguage\":\"es\",\"@id\":\"https:\/\/waracomunicaciones.com\/#\/schema\/person\/image\/\",\"url\":\"https:\/\/secure.gravatar.com\/avatar\/482131bd67ce2dac1261229602fd0c47826af81f4ac6608b066b29cac2a6e65d?s=96&d=mm&r=g\",\"contentUrl\":\"https:\/\/secure.gravatar.com\/avatar\/482131bd67ce2dac1261229602fd0c47826af81f4ac6608b066b29cac2a6e65d?s=96&d=mm&r=g\",\"caption\":\"Tom\u00e1s Coca\"},\"sameAs\":[\"https:\/\/waracomunicaciones.com\"],\"url\":\"https:\/\/waracomunicaciones.com\/?author=2\"}]}<\/script>\n<!-- \/ Yoast SEO Premium plugin. -->","yoast_head_json":{"title":"Tom\u00e1s Coca, Candidato a Concejal: \"Proponemos Desayuno Escolar desde el Primer D\u00eda, Elaborado por Padres de Familia\" - Wara Comunicaciones","robots":{"index":"index","follow":"follow","max-snippet":"max-snippet:-1","max-image-preview":"max-image-preview:large","max-video-preview":"max-video-preview:-1"},"canonical":"https:\/\/waracomunicaciones.com\/?p=1396","og_locale":"es_ES","og_type":"article","og_title":"Tom\u00e1s Coca, Candidato a Concejal: \"Proponemos Desayuno Escolar desde el Primer D\u00eda, Elaborado por Padres de Familia\"","og_description":"Escuela 5 \u00ab6 de junio\u00bb 1975. Distrito Minero de Siglo XX &#8211; EMC &#8211; COMIBOL Montero, 27 enero 2026. \u2014 En una c\u00e1lida jornada en Montero, el candidato a concejal por la alianza Todos, Tom\u00e1s Coca, comparti\u00f3 sus propuestas para mejorar el sistema de alimentaci\u00f3n escolar en la ciudad, destacando que el desayuno escolar debe [&hellip;]","og_url":"https:\/\/waracomunicaciones.com\/?p=1396","og_site_name":"Wara Comunicaciones","article_publisher":"https:\/\/www.facebook.com\/waracomunicaciones2017","article_published_time":"2026-01-27T21:26:52+00:00","article_modified_time":"2026-01-27T21:26:53+00:00","og_image":[{"width":960,"height":502,"url":"https:\/\/waracomunicaciones.com\/wp-content\/uploads\/2026\/01\/Tomasito-escula-5.jpg","type":"image\/jpeg"}],"author":"Tom\u00e1s Coca","twitter_card":"summary_large_image","twitter_misc":{"Escrito por":"Tom\u00e1s Coca","Tiempo de lectura":"4 minutos"},"schema":{"@context":"https:\/\/schema.org","@graph":[{"@type":"Article","@id":"https:\/\/waracomunicaciones.com\/?p=1396#article","isPartOf":{"@id":"https:\/\/waracomunicaciones.com\/?p=1396"},"author":{"name":"Tom\u00e1s Coca","@id":"https:\/\/waracomunicaciones.com\/#\/schema\/person\/cbfc6e874b874c69982b6f254108e9f0"},"headline":"Tom\u00e1s Coca, Candidato a Concejal: \u00abProponemos Desayuno Escolar desde el Primer D\u00eda, Elaborado por Padres de Familia\u00bb","datePublished":"2026-01-27T21:26:52+00:00","dateModified":"2026-01-27T21:26:53+00:00","mainEntityOfPage":{"@id":"https:\/\/waracomunicaciones.com\/?p=1396"},"wordCount":747,"commentCount":0,"publisher":{"@id":"https:\/\/waracomunicaciones.com\/#organization"},"image":{"@id":"https:\/\/waracomunicaciones.com\/?p=1396#primaryimage"},"thumbnailUrl":"https:\/\/waracomunicaciones.com\/wp-content\/uploads\/2026\/01\/Tomasito-escula-5.jpg","keywords":["Eleccciones Subnacionales"],"articleSection":["Econom\u00eda","LOCAL"],"inLanguage":"es","potentialAction":[{"@type":"CommentAction","name":"Comment","target":["https:\/\/waracomunicaciones.com\/?p=1396#respond"]}]},{"@type":"WebPage","@id":"https:\/\/waracomunicaciones.com\/?p=1396","url":"https:\/\/waracomunicaciones.com\/?p=1396","name":"Tom\u00e1s Coca, Candidato a Concejal: \"Proponemos Desayuno Escolar desde el Primer D\u00eda, Elaborado por Padres de Familia\" - Wara Comunicaciones","isPartOf":{"@id":"https:\/\/waracomunicaciones.com\/#website"},"primaryImageOfPage":{"@id":"https:\/\/waracomunicaciones.com\/?p=1396#primaryimage"},"image":{"@id":"https:\/\/waracomunicaciones.com\/?p=1396#primaryimage"},"thumbnailUrl":"https:\/\/waracomunicaciones.com\/wp-content\/uploads\/2026\/01\/Tomasito-escula-5.jpg","datePublished":"2026-01-27T21:26:52+00:00","dateModified":"2026-01-27T21:26:53+00:00","breadcrumb":{"@id":"https:\/\/waracomunicaciones.com\/?p=1396#breadcrumb"},"inLanguage":"es","potentialAction":[{"@type":"ReadAction","target":["https:\/\/waracomunicaciones.com\/?p=1396"]}]},{"@type":"ImageObject","inLanguage":"es","@id":"https:\/\/waracomunicaciones.com\/?p=1396#primaryimage","url":"https:\/\/waracomunicaciones.com\/wp-content\/uploads\/2026\/01\/Tomasito-escula-5.jpg","contentUrl":"https:\/\/waracomunicaciones.com\/wp-content\/uploads\/2026\/01\/Tomasito-escula-5.jpg","width":960,"height":502},{"@type":"BreadcrumbList","@id":"https:\/\/waracomunicaciones.com\/?p=1396#breadcrumb","itemListElement":[{"@type":"ListItem","position":1,"name":"Portada","item":"https:\/\/waracomunicaciones.com\/"},{"@type":"ListItem","position":2,"name":"Tom\u00e1s Coca, Candidato a Concejal: \u00abProponemos Desayuno Escolar desde el Primer D\u00eda, Elaborado por Padres de Familia\u00bb"}]},{"@type":"WebSite","@id":"https:\/\/waracomunicaciones.com\/#website","url":"https:\/\/waracomunicaciones.com\/","name":"Wara Comunicaciones","description":"","publisher":{"@id":"https:\/\/waracomunicaciones.com\/#organization"},"potentialAction":[{"@type":"SearchAction","target":{"@type":"EntryPoint","urlTemplate":"https:\/\/waracomunicaciones.com\/?s={search_term_string}"},"query-input":{"@type":"PropertyValueSpecification","valueRequired":true,"valueName":"search_term_string"}}],"inLanguage":"es"},{"@type":"Organization","@id":"https:\/\/waracomunicaciones.com\/#organization","name":"Wara Comunicaciones","url":"https:\/\/waracomunicaciones.com\/","logo":{"@type":"ImageObject","inLanguage":"es","@id":"https:\/\/waracomunicaciones.com\/#\/schema\/logo\/image\/","url":"https:\/\/waracomunicaciones.com\/wp-content\/uploads\/2025\/07\/logo.png","contentUrl":"https:\/\/waracomunicaciones.com\/wp-content\/uploads\/2025\/07\/logo.png","width":400,"height":164,"caption":"Wara Comunicaciones"},"image":{"@id":"https:\/\/waracomunicaciones.com\/#\/schema\/logo\/image\/"},"sameAs":["https:\/\/www.facebook.com\/waracomunicaciones2017"]},{"@type":"Person","@id":"https:\/\/waracomunicaciones.com\/#\/schema\/person\/cbfc6e874b874c69982b6f254108e9f0","name":"Tom\u00e1s Coca","image":{"@type":"ImageObject","inLanguage":"es","@id":"https:\/\/waracomunicaciones.com\/#\/schema\/person\/image\/","url":"https:\/\/secure.gravatar.com\/avatar\/482131bd67ce2dac1261229602fd0c47826af81f4ac6608b066b29cac2a6e65d?s=96&d=mm&r=g","contentUrl":"https:\/\/secure.gravatar.com\/avatar\/482131bd67ce2dac1261229602fd0c47826af81f4ac6608b066b29cac2a6e65d?s=96&d=mm&r=g","caption":"Tom\u00e1s Coca"},"sameAs":["https:\/\/waracomunicaciones.com"],"url":"https:\/\/waracomunicaciones.com\/?author=2"}]}},"_links":{"self":[{"href":"https:\/\/waracomunicaciones.com\/index.php?rest_route=\/wp\/v2\/posts\/1396","targetHints":{"allow":["GET"]}}],"collection":[{"href":"https:\/\/waracomunicaciones.com\/index.php?rest_route=\/wp\/v2\/posts"}],"about":[{"href":"https:\/\/waracomunicaciones.com\/index.php?rest_route=\/wp\/v2\/types\/post"}],"author":[{"embeddable":true,"href":"https:\/\/waracomunicaciones.com\/index.php?rest_route=\/wp\/v2\/users\/2"}],"replies":[{"embeddable":true,"href":"https:\/\/waracomunicaciones.com\/index.php?rest_route=%2Fwp%2Fv2%2Fcomments&post=1396"}],"version-history":[{"count":1,"href":"https:\/\/waracomunicaciones.com\/index.php?rest_route=\/wp\/v2\/posts\/1396\/revisions"}],"predecessor-version":[{"id":1398,"href":"https:\/\/waracomunicaciones.com\/index.php?rest_route=\/wp\/v2\/posts\/1396\/revisions\/1398"}],"wp:attachment":[{"href":"https:\/\/waracomunicaciones.com\/index.php?rest_route=%2Fwp%2Fv2%2Fmedia&parent=1396"}],"wp:term":[{"taxonomy":"category","embeddable":true,"href":"https:\/\/waracomunicaciones.com\/index.php?rest_route=%2Fwp%2Fv2%2Fcategories&post=1396"},{"taxonomy":"post_tag","embeddable":true,"href":"https:\/\/waracomunicaciones.com\/index.php?rest_route=%2Fwp%2Fv2%2Ftags&post=1396"}],"curies":[{"name":"wp","href":"https:\/\/api.w.org\/{rel}","templated":true}]}}