{"id":1392,"date":"2026-01-26T16:56:08","date_gmt":"2026-01-26T20:56:08","guid":{"rendered":"https:\/\/waracomunicaciones.com\/?p=1392"},"modified":"2026-01-26T16:56:33","modified_gmt":"2026-01-26T20:56:33","slug":"santiago-valenzuela-el-uso-de-bienes-publicos-para-fines-politicos-es-un-abuso-de-poder","status":"publish","type":"post","link":"https:\/\/waracomunicaciones.com\/?p=1392","title":{"rendered":"Santiago Valenzuela: \u00abEl uso de bienes p\u00fablicos para fines pol\u00edticos es un abuso de poder\u00bb"},"content":{"rendered":"\n<figure class=\"wp-block-image size-full\"><img loading=\"lazy\" decoding=\"async\" width=\"960\" height=\"641\" src=\"https:\/\/waracomunicaciones.com\/wp-content\/uploads\/2026\/01\/REGYS-TRES-26-ENE-26-1.png\" alt=\"\" class=\"wp-image-1393\" srcset=\"https:\/\/waracomunicaciones.com\/wp-content\/uploads\/2026\/01\/REGYS-TRES-26-ENE-26-1.png 960w, https:\/\/waracomunicaciones.com\/wp-content\/uploads\/2026\/01\/REGYS-TRES-26-ENE-26-1-300x200.png 300w, https:\/\/waracomunicaciones.com\/wp-content\/uploads\/2026\/01\/REGYS-TRES-26-ENE-26-1-768x513.png 768w\" sizes=\"auto, (max-width: 960px) 100vw, 960px\" \/><\/figure>\n\n\n\n<p>Coliseo Andr\u00e9s Ib\u00e1\u00f1ez &#8211; Montero<\/p>\n\n\n<p>Santiago Valenzuela, concejal municipal y candidato a la Alcald\u00eda de Montero, comparti\u00f3 sus impresiones sobre su campa\u00f1a electoral y las recientes actividades pol\u00edticas que han tenido lugar en la ciudad. En una conversaci\u00f3n franca y directa, Valenzuela expres\u00f3 su preocupaci\u00f3n por el uso indebido de los recursos municipales y el abuso de bienes p\u00fablicos en el contexto electoral.<!--more--><\/p>\n<p><strong>Comienzo de la campa\u00f1a y desaf\u00edos<\/strong><\/p>\n<p>Valenzuela detall\u00f3 que su campa\u00f1a comenz\u00f3 a mediados de enero, con la inscripci\u00f3n oficial de su plancha el 12 de enero. Pese a que su equipo fue uno de los \u00faltimos en arrancar su actividad electoral, asegur\u00f3 que han tenido una buena aceptaci\u00f3n por parte de la ciudadan\u00eda. \u00abLa gente nos conoce, yo actualmente soy concejal electo y durante estos cinco a\u00f1os he luchado contra la corrupci\u00f3n y las ilegalidades que afectan a nuestro municipio. Por eso, nuestra propuesta tiene mucho respaldo\u00bb, afirm\u00f3 el candidato.<\/p>\n<p>Desde el inicio de su campa\u00f1a, Valenzuela ha mantenido una agenda activa, realizando caminatas y encuentros con los montere\u00f1os, con la promesa de continuar su trabajo contra la corrupci\u00f3n y de seguir luchando por una mejor gesti\u00f3n en el municipio.<\/p>\n<p><strong>Uso de coliseos y bienes p\u00fablicos para fines pol\u00edticos<\/strong><\/p>\n<p>Una de las principales preocupaciones de Valenzuela, y uno de los puntos que destac\u00f3 durante la entrevista, fue el uso de los coliseos municipales para actividades pol\u00edticas. En su opini\u00f3n, este tipo de eventos representan un abuso de poder por parte del actual alcalde, quien estar\u00eda utilizando los recursos p\u00fablicos con fines partidarios.<\/p>\n<p>\u00abLos coliseos son un bien p\u00fablico, y su uso deber\u00eda ser destinado para actividades comunitarias, deportivas o culturales, no para eventos pol\u00edticos. Sin embargo, se est\u00e1n utilizando para actos de campa\u00f1a, lo cual es un abuso de poder\u00bb, declar\u00f3 Valenzuela. Agreg\u00f3 que el uso de estos espacios est\u00e1 costando dinero al pueblo, ya que se paga por electricidad, agua, limpieza y personal, lo que considera un mal uso de los fondos municipales.<\/p>\n<p>Valenzuela tambi\u00e9n critic\u00f3 las amenazas y el acoso pol\u00edtico que, seg\u00fan \u00e9l, est\u00e1n siendo dirigidas a los funcionarios municipales. \u00abNosotros sabemos que los funcionarios est\u00e1n siendo extorsionados, obligados a asistir a eventos y a llevar personas con ellos. Eso es una forma de manipulaci\u00f3n y abuso, y no podemos permitirlo\u00bb, afirm\u00f3 el candidato.<\/p>\n<p><strong>Preocupaciones sobre actividades pol\u00edticas en la carretera principal<\/strong><\/p>\n<p>Adem\u00e1s de la utilizaci\u00f3n de los coliseos, Valenzuela hizo referencia a otro evento reciente del PDC candidata Mostajo en la carretera principal de Montero, que, seg\u00fan \u00e9l, m\u00e1s que una actividad pol\u00edtica, fue una presentaci\u00f3n de m\u00fasica y consumo de alcohol. \u00abM\u00e1s que una campa\u00f1a, lo que vimos fue un concierto con borrachera. Creo que las actividades pol\u00edticas deben ser serias, y no podemos permitir que el control del municipio se siga manejando de manera irresponsable\u00bb, critic\u00f3.<\/p>\n<p>Para Valenzuela, este tipo de eventos no solo son una distracci\u00f3n, sino que adem\u00e1s afectan la imagen de la ciudad y su desarrollo. \u00abTodo el control del municipio est\u00e1 en manos del alcalde, pero no lo est\u00e1 gestionando de manera correcta. Esto est\u00e1 perjudicando a los montere\u00f1os\u00bb, expres\u00f3.<\/p>\n<p><strong>Conclusi\u00f3n y agradecimientos<\/strong><\/p>\n<p>El candidato a la alcald\u00eda cerr\u00f3 la entrevista agradeciendo la oportunidad de expresarse y reafirmando su compromiso con los montere\u00f1os. \u00abEstamos aqu\u00ed para trabajar por Montero, para luchar contra la corrupci\u00f3n y para garantizar que los recursos p\u00fablicos sean utilizados de manera responsable\u00bb, concluy\u00f3 Valenzuela.<\/p>\n<p>Con una campa\u00f1a en ascenso y la promesa de cambiar la manera en que se gestionan los recursos en el municipio, Santiago Valenzuela se presenta como una alternativa para aquellos que buscan un liderazgo m\u00e1s transparente y comprometido con el bienestar de la comunidad.<\/p><div style=\"margin-top: 0px; margin-bottom: 0px;\" class=\"sharethis-inline-reaction-buttons\" ><\/div>","protected":false},"excerpt":{"rendered":"<p>Coliseo Andr\u00e9s Ib\u00e1\u00f1ez &#8211; Montero Santiago Valenzuela, concejal municipal y candidato a la Alcald\u00eda de Montero, comparti\u00f3 sus impresiones sobre su campa\u00f1a electoral y las recientes actividades pol\u00edticas que han tenido lugar en la ciudad. En una conversaci\u00f3n franca y directa, Valenzuela expres\u00f3 su preocupaci\u00f3n por el uso indebido de los recursos municipales y el [&hellip;]<\/p>\n","protected":false},"author":2,"featured_media":0,"comment_status":"open","ping_status":"open","sticky":false,"template":"","format":"standard","meta":{"footnotes":""},"categories":[5,42],"tags":[],"class_list":["post-1392","post","type-post","status-publish","format-standard","hentry","category-local","category-politica"],"yoast_head":"<!-- This site is optimized with the Yoast SEO Premium plugin v25.5 (Yoast SEO v27.1.1) - https:\/\/yoast.com\/product\/yoast-seo-premium-wordpress\/ -->\n<title>Santiago Valenzuela: &quot;El uso de bienes p\u00fablicos para fines pol\u00edticos es un abuso de poder&quot; - Wara Comunicaciones<\/title>\n<meta name=\"robots\" content=\"index, follow, max-snippet:-1, max-image-preview:large, max-video-preview:-1\" \/>\n<link rel=\"canonical\" href=\"https:\/\/waracomunicaciones.com\/?p=1392\" \/>\n<meta property=\"og:locale\" content=\"es_ES\" \/>\n<meta property=\"og:type\" content=\"article\" \/>\n<meta property=\"og:title\" content=\"Santiago Valenzuela: &quot;El uso de bienes p\u00fablicos para fines pol\u00edticos es un abuso de poder&quot;\" \/>\n<meta property=\"og:description\" content=\"Coliseo Andr\u00e9s Ib\u00e1\u00f1ez &#8211; Montero Santiago Valenzuela, concejal municipal y candidato a la Alcald\u00eda de Montero, comparti\u00f3 sus impresiones sobre su campa\u00f1a electoral y las recientes actividades pol\u00edticas que han tenido lugar en la ciudad. En una conversaci\u00f3n franca y directa, Valenzuela expres\u00f3 su preocupaci\u00f3n por el uso indebido de los recursos municipales y el [&hellip;]\" \/>\n<meta property=\"og:url\" content=\"https:\/\/waracomunicaciones.com\/?p=1392\" \/>\n<meta property=\"og:site_name\" content=\"Wara Comunicaciones\" \/>\n<meta property=\"article:publisher\" content=\"https:\/\/www.facebook.com\/waracomunicaciones2017\" \/>\n<meta property=\"article:published_time\" content=\"2026-01-26T20:56:08+00:00\" \/>\n<meta property=\"article:modified_time\" content=\"2026-01-26T20:56:33+00:00\" \/>\n<meta property=\"og:image\" content=\"https:\/\/waracomunicaciones.com\/wp-content\/uploads\/2026\/01\/REGYS-TRES-26-ENE-26-1.png\" \/>\n\t<meta property=\"og:image:width\" content=\"960\" \/>\n\t<meta property=\"og:image:height\" content=\"641\" \/>\n\t<meta property=\"og:image:type\" content=\"image\/png\" \/>\n<meta name=\"author\" content=\"Tom\u00e1s Coca\" \/>\n<meta name=\"twitter:card\" content=\"summary_large_image\" \/>\n<meta name=\"twitter:label1\" content=\"Escrito por\" \/>\n\t<meta name=\"twitter:data1\" content=\"Tom\u00e1s Coca\" \/>\n\t<meta name=\"twitter:label2\" content=\"Tiempo de lectura\" \/>\n\t<meta name=\"twitter:data2\" content=\"3 minutos\" \/>\n<script type=\"application\/ld+json\" class=\"yoast-schema-graph\">{\"@context\":\"https:\/\/schema.org\",\"@graph\":[{\"@type\":\"Article\",\"@id\":\"https:\/\/waracomunicaciones.com\/?p=1392#article\",\"isPartOf\":{\"@id\":\"https:\/\/waracomunicaciones.com\/?p=1392\"},\"author\":{\"name\":\"Tom\u00e1s Coca\",\"@id\":\"https:\/\/waracomunicaciones.com\/#\/schema\/person\/cbfc6e874b874c69982b6f254108e9f0\"},\"headline\":\"Santiago Valenzuela: \u00abEl uso de bienes p\u00fablicos para fines pol\u00edticos es un abuso de poder\u00bb\",\"datePublished\":\"2026-01-26T20:56:08+00:00\",\"dateModified\":\"2026-01-26T20:56:33+00:00\",\"mainEntityOfPage\":{\"@id\":\"https:\/\/waracomunicaciones.com\/?p=1392\"},\"wordCount\":680,\"commentCount\":0,\"publisher\":{\"@id\":\"https:\/\/waracomunicaciones.com\/#organization\"},\"image\":{\"@id\":\"https:\/\/waracomunicaciones.com\/?p=1392#primaryimage\"},\"thumbnailUrl\":\"https:\/\/waracomunicaciones.com\/wp-content\/uploads\/2026\/01\/REGYS-TRES-26-ENE-26-1.png\",\"articleSection\":[\"LOCAL\",\"Pol\u00edtica\"],\"inLanguage\":\"es\",\"potentialAction\":[{\"@type\":\"CommentAction\",\"name\":\"Comment\",\"target\":[\"https:\/\/waracomunicaciones.com\/?p=1392#respond\"]}]},{\"@type\":\"WebPage\",\"@id\":\"https:\/\/waracomunicaciones.com\/?p=1392\",\"url\":\"https:\/\/waracomunicaciones.com\/?p=1392\",\"name\":\"Santiago Valenzuela: \\\"El uso de bienes p\u00fablicos para fines pol\u00edticos es un abuso de poder\\\" - Wara Comunicaciones\",\"isPartOf\":{\"@id\":\"https:\/\/waracomunicaciones.com\/#website\"},\"primaryImageOfPage\":{\"@id\":\"https:\/\/waracomunicaciones.com\/?p=1392#primaryimage\"},\"image\":{\"@id\":\"https:\/\/waracomunicaciones.com\/?p=1392#primaryimage\"},\"thumbnailUrl\":\"https:\/\/waracomunicaciones.com\/wp-content\/uploads\/2026\/01\/REGYS-TRES-26-ENE-26-1.png\",\"datePublished\":\"2026-01-26T20:56:08+00:00\",\"dateModified\":\"2026-01-26T20:56:33+00:00\",\"breadcrumb\":{\"@id\":\"https:\/\/waracomunicaciones.com\/?p=1392#breadcrumb\"},\"inLanguage\":\"es\",\"potentialAction\":[{\"@type\":\"ReadAction\",\"target\":[\"https:\/\/waracomunicaciones.com\/?p=1392\"]}]},{\"@type\":\"ImageObject\",\"inLanguage\":\"es\",\"@id\":\"https:\/\/waracomunicaciones.com\/?p=1392#primaryimage\",\"url\":\"https:\/\/waracomunicaciones.com\/wp-content\/uploads\/2026\/01\/REGYS-TRES-26-ENE-26-1.png\",\"contentUrl\":\"https:\/\/waracomunicaciones.com\/wp-content\/uploads\/2026\/01\/REGYS-TRES-26-ENE-26-1.png\",\"width\":960,\"height\":641},{\"@type\":\"BreadcrumbList\",\"@id\":\"https:\/\/waracomunicaciones.com\/?p=1392#breadcrumb\",\"itemListElement\":[{\"@type\":\"ListItem\",\"position\":1,\"name\":\"Portada\",\"item\":\"https:\/\/waracomunicaciones.com\/\"},{\"@type\":\"ListItem\",\"position\":2,\"name\":\"Santiago Valenzuela: \u00abEl uso de bienes p\u00fablicos para fines pol\u00edticos es un abuso de poder\u00bb\"}]},{\"@type\":\"WebSite\",\"@id\":\"https:\/\/waracomunicaciones.com\/#website\",\"url\":\"https:\/\/waracomunicaciones.com\/\",\"name\":\"Wara Comunicaciones\",\"description\":\"\",\"publisher\":{\"@id\":\"https:\/\/waracomunicaciones.com\/#organization\"},\"potentialAction\":[{\"@type\":\"SearchAction\",\"target\":{\"@type\":\"EntryPoint\",\"urlTemplate\":\"https:\/\/waracomunicaciones.com\/?s={search_term_string}\"},\"query-input\":{\"@type\":\"PropertyValueSpecification\",\"valueRequired\":true,\"valueName\":\"search_term_string\"}}],\"inLanguage\":\"es\"},{\"@type\":\"Organization\",\"@id\":\"https:\/\/waracomunicaciones.com\/#organization\",\"name\":\"Wara Comunicaciones\",\"url\":\"https:\/\/waracomunicaciones.com\/\",\"logo\":{\"@type\":\"ImageObject\",\"inLanguage\":\"es\",\"@id\":\"https:\/\/waracomunicaciones.com\/#\/schema\/logo\/image\/\",\"url\":\"https:\/\/waracomunicaciones.com\/wp-content\/uploads\/2025\/07\/logo.png\",\"contentUrl\":\"https:\/\/waracomunicaciones.com\/wp-content\/uploads\/2025\/07\/logo.png\",\"width\":400,\"height\":164,\"caption\":\"Wara Comunicaciones\"},\"image\":{\"@id\":\"https:\/\/waracomunicaciones.com\/#\/schema\/logo\/image\/\"},\"sameAs\":[\"https:\/\/www.facebook.com\/waracomunicaciones2017\"]},{\"@type\":\"Person\",\"@id\":\"https:\/\/waracomunicaciones.com\/#\/schema\/person\/cbfc6e874b874c69982b6f254108e9f0\",\"name\":\"Tom\u00e1s Coca\",\"image\":{\"@type\":\"ImageObject\",\"inLanguage\":\"es\",\"@id\":\"https:\/\/waracomunicaciones.com\/#\/schema\/person\/image\/\",\"url\":\"https:\/\/secure.gravatar.com\/avatar\/482131bd67ce2dac1261229602fd0c47826af81f4ac6608b066b29cac2a6e65d?s=96&d=mm&r=g\",\"contentUrl\":\"https:\/\/secure.gravatar.com\/avatar\/482131bd67ce2dac1261229602fd0c47826af81f4ac6608b066b29cac2a6e65d?s=96&d=mm&r=g\",\"caption\":\"Tom\u00e1s Coca\"},\"sameAs\":[\"https:\/\/waracomunicaciones.com\"],\"url\":\"https:\/\/waracomunicaciones.com\/?author=2\"}]}<\/script>\n<!-- \/ Yoast SEO Premium plugin. -->","yoast_head_json":{"title":"Santiago Valenzuela: \"El uso de bienes p\u00fablicos para fines pol\u00edticos es un abuso de poder\" - Wara Comunicaciones","robots":{"index":"index","follow":"follow","max-snippet":"max-snippet:-1","max-image-preview":"max-image-preview:large","max-video-preview":"max-video-preview:-1"},"canonical":"https:\/\/waracomunicaciones.com\/?p=1392","og_locale":"es_ES","og_type":"article","og_title":"Santiago Valenzuela: \"El uso de bienes p\u00fablicos para fines pol\u00edticos es un abuso de poder\"","og_description":"Coliseo Andr\u00e9s Ib\u00e1\u00f1ez &#8211; Montero Santiago Valenzuela, concejal municipal y candidato a la Alcald\u00eda de Montero, comparti\u00f3 sus impresiones sobre su campa\u00f1a electoral y las recientes actividades pol\u00edticas que han tenido lugar en la ciudad. En una conversaci\u00f3n franca y directa, Valenzuela expres\u00f3 su preocupaci\u00f3n por el uso indebido de los recursos municipales y el [&hellip;]","og_url":"https:\/\/waracomunicaciones.com\/?p=1392","og_site_name":"Wara Comunicaciones","article_publisher":"https:\/\/www.facebook.com\/waracomunicaciones2017","article_published_time":"2026-01-26T20:56:08+00:00","article_modified_time":"2026-01-26T20:56:33+00:00","og_image":[{"width":960,"height":641,"url":"https:\/\/waracomunicaciones.com\/wp-content\/uploads\/2026\/01\/REGYS-TRES-26-ENE-26-1.png","type":"image\/png"}],"author":"Tom\u00e1s Coca","twitter_card":"summary_large_image","twitter_misc":{"Escrito por":"Tom\u00e1s Coca","Tiempo de lectura":"3 minutos"},"schema":{"@context":"https:\/\/schema.org","@graph":[{"@type":"Article","@id":"https:\/\/waracomunicaciones.com\/?p=1392#article","isPartOf":{"@id":"https:\/\/waracomunicaciones.com\/?p=1392"},"author":{"name":"Tom\u00e1s Coca","@id":"https:\/\/waracomunicaciones.com\/#\/schema\/person\/cbfc6e874b874c69982b6f254108e9f0"},"headline":"Santiago Valenzuela: \u00abEl uso de bienes p\u00fablicos para fines pol\u00edticos es un abuso de poder\u00bb","datePublished":"2026-01-26T20:56:08+00:00","dateModified":"2026-01-26T20:56:33+00:00","mainEntityOfPage":{"@id":"https:\/\/waracomunicaciones.com\/?p=1392"},"wordCount":680,"commentCount":0,"publisher":{"@id":"https:\/\/waracomunicaciones.com\/#organization"},"image":{"@id":"https:\/\/waracomunicaciones.com\/?p=1392#primaryimage"},"thumbnailUrl":"https:\/\/waracomunicaciones.com\/wp-content\/uploads\/2026\/01\/REGYS-TRES-26-ENE-26-1.png","articleSection":["LOCAL","Pol\u00edtica"],"inLanguage":"es","potentialAction":[{"@type":"CommentAction","name":"Comment","target":["https:\/\/waracomunicaciones.com\/?p=1392#respond"]}]},{"@type":"WebPage","@id":"https:\/\/waracomunicaciones.com\/?p=1392","url":"https:\/\/waracomunicaciones.com\/?p=1392","name":"Santiago Valenzuela: \"El uso de bienes p\u00fablicos para fines pol\u00edticos es un abuso de poder\" - Wara Comunicaciones","isPartOf":{"@id":"https:\/\/waracomunicaciones.com\/#website"},"primaryImageOfPage":{"@id":"https:\/\/waracomunicaciones.com\/?p=1392#primaryimage"},"image":{"@id":"https:\/\/waracomunicaciones.com\/?p=1392#primaryimage"},"thumbnailUrl":"https:\/\/waracomunicaciones.com\/wp-content\/uploads\/2026\/01\/REGYS-TRES-26-ENE-26-1.png","datePublished":"2026-01-26T20:56:08+00:00","dateModified":"2026-01-26T20:56:33+00:00","breadcrumb":{"@id":"https:\/\/waracomunicaciones.com\/?p=1392#breadcrumb"},"inLanguage":"es","potentialAction":[{"@type":"ReadAction","target":["https:\/\/waracomunicaciones.com\/?p=1392"]}]},{"@type":"ImageObject","inLanguage":"es","@id":"https:\/\/waracomunicaciones.com\/?p=1392#primaryimage","url":"https:\/\/waracomunicaciones.com\/wp-content\/uploads\/2026\/01\/REGYS-TRES-26-ENE-26-1.png","contentUrl":"https:\/\/waracomunicaciones.com\/wp-content\/uploads\/2026\/01\/REGYS-TRES-26-ENE-26-1.png","width":960,"height":641},{"@type":"BreadcrumbList","@id":"https:\/\/waracomunicaciones.com\/?p=1392#breadcrumb","itemListElement":[{"@type":"ListItem","position":1,"name":"Portada","item":"https:\/\/waracomunicaciones.com\/"},{"@type":"ListItem","position":2,"name":"Santiago Valenzuela: \u00abEl uso de bienes p\u00fablicos para fines pol\u00edticos es un abuso de poder\u00bb"}]},{"@type":"WebSite","@id":"https:\/\/waracomunicaciones.com\/#website","url":"https:\/\/waracomunicaciones.com\/","name":"Wara Comunicaciones","description":"","publisher":{"@id":"https:\/\/waracomunicaciones.com\/#organization"},"potentialAction":[{"@type":"SearchAction","target":{"@type":"EntryPoint","urlTemplate":"https:\/\/waracomunicaciones.com\/?s={search_term_string}"},"query-input":{"@type":"PropertyValueSpecification","valueRequired":true,"valueName":"search_term_string"}}],"inLanguage":"es"},{"@type":"Organization","@id":"https:\/\/waracomunicaciones.com\/#organization","name":"Wara Comunicaciones","url":"https:\/\/waracomunicaciones.com\/","logo":{"@type":"ImageObject","inLanguage":"es","@id":"https:\/\/waracomunicaciones.com\/#\/schema\/logo\/image\/","url":"https:\/\/waracomunicaciones.com\/wp-content\/uploads\/2025\/07\/logo.png","contentUrl":"https:\/\/waracomunicaciones.com\/wp-content\/uploads\/2025\/07\/logo.png","width":400,"height":164,"caption":"Wara Comunicaciones"},"image":{"@id":"https:\/\/waracomunicaciones.com\/#\/schema\/logo\/image\/"},"sameAs":["https:\/\/www.facebook.com\/waracomunicaciones2017"]},{"@type":"Person","@id":"https:\/\/waracomunicaciones.com\/#\/schema\/person\/cbfc6e874b874c69982b6f254108e9f0","name":"Tom\u00e1s Coca","image":{"@type":"ImageObject","inLanguage":"es","@id":"https:\/\/waracomunicaciones.com\/#\/schema\/person\/image\/","url":"https:\/\/secure.gravatar.com\/avatar\/482131bd67ce2dac1261229602fd0c47826af81f4ac6608b066b29cac2a6e65d?s=96&d=mm&r=g","contentUrl":"https:\/\/secure.gravatar.com\/avatar\/482131bd67ce2dac1261229602fd0c47826af81f4ac6608b066b29cac2a6e65d?s=96&d=mm&r=g","caption":"Tom\u00e1s Coca"},"sameAs":["https:\/\/waracomunicaciones.com"],"url":"https:\/\/waracomunicaciones.com\/?author=2"}]}},"_links":{"self":[{"href":"https:\/\/waracomunicaciones.com\/index.php?rest_route=\/wp\/v2\/posts\/1392","targetHints":{"allow":["GET"]}}],"collection":[{"href":"https:\/\/waracomunicaciones.com\/index.php?rest_route=\/wp\/v2\/posts"}],"about":[{"href":"https:\/\/waracomunicaciones.com\/index.php?rest_route=\/wp\/v2\/types\/post"}],"author":[{"embeddable":true,"href":"https:\/\/waracomunicaciones.com\/index.php?rest_route=\/wp\/v2\/users\/2"}],"replies":[{"embeddable":true,"href":"https:\/\/waracomunicaciones.com\/index.php?rest_route=%2Fwp%2Fv2%2Fcomments&post=1392"}],"version-history":[{"count":1,"href":"https:\/\/waracomunicaciones.com\/index.php?rest_route=\/wp\/v2\/posts\/1392\/revisions"}],"predecessor-version":[{"id":1394,"href":"https:\/\/waracomunicaciones.com\/index.php?rest_route=\/wp\/v2\/posts\/1392\/revisions\/1394"}],"wp:attachment":[{"href":"https:\/\/waracomunicaciones.com\/index.php?rest_route=%2Fwp%2Fv2%2Fmedia&parent=1392"}],"wp:term":[{"taxonomy":"category","embeddable":true,"href":"https:\/\/waracomunicaciones.com\/index.php?rest_route=%2Fwp%2Fv2%2Fcategories&post=1392"},{"taxonomy":"post_tag","embeddable":true,"href":"https:\/\/waracomunicaciones.com\/index.php?rest_route=%2Fwp%2Fv2%2Ftags&post=1392"}],"curies":[{"name":"wp","href":"https:\/\/api.w.org\/{rel}","templated":true}]}}