{"id":1389,"date":"2026-01-26T16:08:21","date_gmt":"2026-01-26T20:08:21","guid":{"rendered":"https:\/\/waracomunicaciones.com\/?p=1389"},"modified":"2026-01-26T16:08:22","modified_gmt":"2026-01-26T20:08:22","slug":"valoracion-positiva-sobre-la-gestion-de-luis-fernando-camacho-y-regys-medina-en-montero","status":"publish","type":"post","link":"https:\/\/waracomunicaciones.com\/?p=1389","title":{"rendered":"Valoraci\u00f3n positiva sobre la gesti\u00f3n de Luis Fernando Camacho y Regys Medina en Montero"},"content":{"rendered":"\n<p><strong>Entrevista con Ronald Hurtado, Director Municipal de Desarrollo Econ\u00f3mico Productivo de Montero<\/strong><\/p>\n\n\n\n<figure class=\"wp-block-image size-full\"><img loading=\"lazy\" decoding=\"async\" width=\"957\" height=\"639\" src=\"https:\/\/waracomunicaciones.com\/wp-content\/uploads\/2026\/01\/Regys-26-ene-26-1.png\" alt=\"\" class=\"wp-image-1390\" srcset=\"https:\/\/waracomunicaciones.com\/wp-content\/uploads\/2026\/01\/Regys-26-ene-26-1.png 957w, https:\/\/waracomunicaciones.com\/wp-content\/uploads\/2026\/01\/Regys-26-ene-26-1-300x200.png 300w, https:\/\/waracomunicaciones.com\/wp-content\/uploads\/2026\/01\/Regys-26-ene-26-1-768x513.png 768w\" sizes=\"auto, (max-width: 957px) 100vw, 957px\" \/><\/figure>\n\n\n<p>En una entrevista exclusiva con \u00a0Ronald Hurtado, Director de Desarrollo Econ\u00f3mico Productivo de Montero, se abordaron los recientes logros de la ciudad y la gesti\u00f3n de sus l\u00edderes, entre ellos, Luis Fernando Camacho y el alcalde Regys Medina. Con un tono positivo, Hurtado destac\u00f3 los avances y la transformaci\u00f3n de la ciudad, se\u00f1alando que la actividad celebrada el d\u00eda s\u00e1bado super\u00f3 todas las expectativas.<!--more--><!--more--><\/p>\n<p>Hurtado comenz\u00f3 la entrevista agradeciendo la oportunidad de hablar sobre la destacada labor de los l\u00edderes cruce\u00f1os, mencionando particularmente a Luis Fernando Camacho, a quien calific\u00f3 como \u201cel libertador de Santa Cruz\u201d. Record\u00f3 los momentos decisivos de 2019 cuando Camacho lider\u00f3 la resistencia contra el r\u00e9gimen de Evo Morales, lo que, seg\u00fan Hurtado, permiti\u00f3 a los bolivianos liberarse de un gobierno que persegu\u00eda a la oposici\u00f3n. \u201cGracias a Camacho, todos los bolivianos estamos libres, porque est\u00e1bamos atados a un r\u00e9gimen que persegu\u00eda a la gente\u201d, afirm\u00f3.<\/p>\n<p>En cuanto a la gesti\u00f3n de Regys Medina, Hurtado resalt\u00f3 el \u00e9nfasis en la descentralizaci\u00f3n de los servicios p\u00fablicos, especialmente en el \u00e1rea de salud. Record\u00f3 que, cuando Medina asumi\u00f3 la alcald\u00eda, Montero solo contaba con una ambulancia, mientras que ahora cada distrito cuenta con su propio servicio de emergencia. Adem\u00e1s, subray\u00f3 la importancia de la ampliaci\u00f3n de los servicios de maternidad y la mejora en la infraestructura hospitalaria. \u201cEl doctor Regys Medina ha hecho una gran gesti\u00f3n. En salud y educaci\u00f3n, Montero ha avanzado enormemente\u201d, se\u00f1al\u00f3.<\/p>\n<p>Uno de los aspectos que m\u00e1s sorprendi\u00f3 a Hurtado durante el evento del s\u00e1bado fue la presencia de un gran n\u00famero de personas mayores que acudieron para mostrar su apoyo a Camacho y Medina. Esto, seg\u00fan \u00e9l, es una clara muestra de que ambos l\u00edderes siguen siendo figuras vigentes y ampliamente respaldadas por la poblaci\u00f3n, a pesar de las cr\u00edticas y obst\u00e1culos que han enfrentado.<\/p>\n<p>Hurtado tambi\u00e9n aprovech\u00f3 la oportunidad para destacar algunos de los logros m\u00e1s visibles en Montero, como el mejoramiento del alumbrado p\u00fablico en el estadio de Guabir\u00e1, la provisi\u00f3n de agua potable y la rehabilitaci\u00f3n de espacios clave como el terrapuerto y el mercado. \u201cLo que hemos logrado aqu\u00ed en Montero es gracias al esfuerzo conjunto de la alcald\u00eda y la gesti\u00f3n de Regys Medina. Hemos transformado la ciudad con poco dinero, pero con mucha dedicaci\u00f3n\u201d, expres\u00f3.<\/p>\n<p>Adem\u00e1s, al ser consultado sobre las acusaciones de extorsi\u00f3n que ha lanzado el candidato opositor Julio Quiroga, Hurtado neg\u00f3 rotundamente tales alegaciones, calific\u00e1ndolas de absurdas. Asegur\u00f3 que, como en cualquier instituci\u00f3n p\u00fablica, los funcionarios tienen derecho a votar y expresar su preferencia pol\u00edtica, pero siempre dentro del marco de la legalidad y el respeto. \u201cEs absurdo decir que un funcionario extorsiona a otro para votar. Todos tenemos derecho a expresar nuestras opiniones y llevar a nuestras familias a votar. Eso es lo que hacemos todos los pol\u00edticos\u201d, afirm\u00f3.<\/p>\n<p>Por \u00faltimo, el Director de Desarrollo Econ\u00f3mico Productivo hizo \u00e9nfasis en que la prioridad de la gesti\u00f3n actual sigue siendo el bienestar de la gente, y que las cr\u00edticas del opositor Julio Quiroga son parte del juego pol\u00edtico. \u201cSiempre atacan al que gana. Nosotros estamos aqu\u00ed para servir a la gente de Montero, y eso es lo que seguimos haciendo\u201d, concluy\u00f3.<\/p><div style=\"margin-top: 0px; margin-bottom: 0px;\" class=\"sharethis-inline-reaction-buttons\" ><\/div>","protected":false},"excerpt":{"rendered":"<p>Entrevista con Ronald Hurtado, Director Municipal de Desarrollo Econ\u00f3mico Productivo de Montero En una entrevista exclusiva con \u00a0Ronald Hurtado, Director de Desarrollo Econ\u00f3mico Productivo de Montero, se abordaron los recientes logros de la ciudad y la gesti\u00f3n de sus l\u00edderes, entre ellos, Luis Fernando Camacho y el alcalde Regys Medina. Con un tono positivo, Hurtado [&hellip;]<\/p>\n","protected":false},"author":2,"featured_media":0,"comment_status":"open","ping_status":"open","sticky":false,"template":"","format":"standard","meta":{"footnotes":""},"categories":[5,42],"tags":[283],"class_list":["post-1389","post","type-post","status-publish","format-standard","hentry","category-local","category-politica","tag-eleccciones-subnacionales"],"yoast_head":"<!-- This site is optimized with the Yoast SEO Premium plugin v25.5 (Yoast SEO v27.1.1) - https:\/\/yoast.com\/product\/yoast-seo-premium-wordpress\/ -->\n<title>Valoraci\u00f3n positiva sobre la gesti\u00f3n de Luis Fernando Camacho y Regys Medina en Montero - Wara Comunicaciones<\/title>\n<meta name=\"robots\" content=\"index, follow, max-snippet:-1, max-image-preview:large, max-video-preview:-1\" \/>\n<link rel=\"canonical\" href=\"https:\/\/waracomunicaciones.com\/?p=1389\" \/>\n<meta property=\"og:locale\" content=\"es_ES\" \/>\n<meta property=\"og:type\" content=\"article\" \/>\n<meta property=\"og:title\" content=\"Valoraci\u00f3n positiva sobre la gesti\u00f3n de Luis Fernando Camacho y Regys Medina en Montero\" \/>\n<meta property=\"og:description\" content=\"Entrevista con Ronald Hurtado, Director Municipal de Desarrollo Econ\u00f3mico Productivo de Montero En una entrevista exclusiva con \u00a0Ronald Hurtado, Director de Desarrollo Econ\u00f3mico Productivo de Montero, se abordaron los recientes logros de la ciudad y la gesti\u00f3n de sus l\u00edderes, entre ellos, Luis Fernando Camacho y el alcalde Regys Medina. Con un tono positivo, Hurtado [&hellip;]\" \/>\n<meta property=\"og:url\" content=\"https:\/\/waracomunicaciones.com\/?p=1389\" \/>\n<meta property=\"og:site_name\" content=\"Wara Comunicaciones\" \/>\n<meta property=\"article:publisher\" content=\"https:\/\/www.facebook.com\/waracomunicaciones2017\" \/>\n<meta property=\"article:published_time\" content=\"2026-01-26T20:08:21+00:00\" \/>\n<meta property=\"article:modified_time\" content=\"2026-01-26T20:08:22+00:00\" \/>\n<meta property=\"og:image\" content=\"https:\/\/waracomunicaciones.com\/wp-content\/uploads\/2026\/01\/Regys-26-ene-26-1.png\" \/>\n\t<meta property=\"og:image:width\" content=\"957\" \/>\n\t<meta property=\"og:image:height\" content=\"639\" \/>\n\t<meta property=\"og:image:type\" content=\"image\/png\" \/>\n<meta name=\"author\" content=\"Tom\u00e1s Coca\" \/>\n<meta name=\"twitter:card\" content=\"summary_large_image\" \/>\n<meta name=\"twitter:label1\" content=\"Escrito por\" \/>\n\t<meta name=\"twitter:data1\" content=\"Tom\u00e1s Coca\" \/>\n\t<meta name=\"twitter:label2\" content=\"Tiempo de lectura\" \/>\n\t<meta name=\"twitter:data2\" content=\"3 minutos\" \/>\n<script type=\"application\/ld+json\" class=\"yoast-schema-graph\">{\"@context\":\"https:\/\/schema.org\",\"@graph\":[{\"@type\":\"Article\",\"@id\":\"https:\/\/waracomunicaciones.com\/?p=1389#article\",\"isPartOf\":{\"@id\":\"https:\/\/waracomunicaciones.com\/?p=1389\"},\"author\":{\"name\":\"Tom\u00e1s Coca\",\"@id\":\"https:\/\/waracomunicaciones.com\/#\/schema\/person\/cbfc6e874b874c69982b6f254108e9f0\"},\"headline\":\"Valoraci\u00f3n positiva sobre la gesti\u00f3n de Luis Fernando Camacho y Regys Medina en Montero\",\"datePublished\":\"2026-01-26T20:08:21+00:00\",\"dateModified\":\"2026-01-26T20:08:22+00:00\",\"mainEntityOfPage\":{\"@id\":\"https:\/\/waracomunicaciones.com\/?p=1389\"},\"wordCount\":607,\"commentCount\":0,\"publisher\":{\"@id\":\"https:\/\/waracomunicaciones.com\/#organization\"},\"image\":{\"@id\":\"https:\/\/waracomunicaciones.com\/?p=1389#primaryimage\"},\"thumbnailUrl\":\"https:\/\/waracomunicaciones.com\/wp-content\/uploads\/2026\/01\/Regys-26-ene-26-1.png\",\"keywords\":[\"Eleccciones Subnacionales\"],\"articleSection\":[\"LOCAL\",\"Pol\u00edtica\"],\"inLanguage\":\"es\",\"potentialAction\":[{\"@type\":\"CommentAction\",\"name\":\"Comment\",\"target\":[\"https:\/\/waracomunicaciones.com\/?p=1389#respond\"]}]},{\"@type\":\"WebPage\",\"@id\":\"https:\/\/waracomunicaciones.com\/?p=1389\",\"url\":\"https:\/\/waracomunicaciones.com\/?p=1389\",\"name\":\"Valoraci\u00f3n positiva sobre la gesti\u00f3n de Luis Fernando Camacho y Regys Medina en Montero - Wara Comunicaciones\",\"isPartOf\":{\"@id\":\"https:\/\/waracomunicaciones.com\/#website\"},\"primaryImageOfPage\":{\"@id\":\"https:\/\/waracomunicaciones.com\/?p=1389#primaryimage\"},\"image\":{\"@id\":\"https:\/\/waracomunicaciones.com\/?p=1389#primaryimage\"},\"thumbnailUrl\":\"https:\/\/waracomunicaciones.com\/wp-content\/uploads\/2026\/01\/Regys-26-ene-26-1.png\",\"datePublished\":\"2026-01-26T20:08:21+00:00\",\"dateModified\":\"2026-01-26T20:08:22+00:00\",\"breadcrumb\":{\"@id\":\"https:\/\/waracomunicaciones.com\/?p=1389#breadcrumb\"},\"inLanguage\":\"es\",\"potentialAction\":[{\"@type\":\"ReadAction\",\"target\":[\"https:\/\/waracomunicaciones.com\/?p=1389\"]}]},{\"@type\":\"ImageObject\",\"inLanguage\":\"es\",\"@id\":\"https:\/\/waracomunicaciones.com\/?p=1389#primaryimage\",\"url\":\"https:\/\/waracomunicaciones.com\/wp-content\/uploads\/2026\/01\/Regys-26-ene-26-1.png\",\"contentUrl\":\"https:\/\/waracomunicaciones.com\/wp-content\/uploads\/2026\/01\/Regys-26-ene-26-1.png\",\"width\":957,\"height\":639},{\"@type\":\"BreadcrumbList\",\"@id\":\"https:\/\/waracomunicaciones.com\/?p=1389#breadcrumb\",\"itemListElement\":[{\"@type\":\"ListItem\",\"position\":1,\"name\":\"Portada\",\"item\":\"https:\/\/waracomunicaciones.com\/\"},{\"@type\":\"ListItem\",\"position\":2,\"name\":\"Valoraci\u00f3n positiva sobre la gesti\u00f3n de Luis Fernando Camacho y Regys Medina en Montero\"}]},{\"@type\":\"WebSite\",\"@id\":\"https:\/\/waracomunicaciones.com\/#website\",\"url\":\"https:\/\/waracomunicaciones.com\/\",\"name\":\"Wara Comunicaciones\",\"description\":\"\",\"publisher\":{\"@id\":\"https:\/\/waracomunicaciones.com\/#organization\"},\"potentialAction\":[{\"@type\":\"SearchAction\",\"target\":{\"@type\":\"EntryPoint\",\"urlTemplate\":\"https:\/\/waracomunicaciones.com\/?s={search_term_string}\"},\"query-input\":{\"@type\":\"PropertyValueSpecification\",\"valueRequired\":true,\"valueName\":\"search_term_string\"}}],\"inLanguage\":\"es\"},{\"@type\":\"Organization\",\"@id\":\"https:\/\/waracomunicaciones.com\/#organization\",\"name\":\"Wara Comunicaciones\",\"url\":\"https:\/\/waracomunicaciones.com\/\",\"logo\":{\"@type\":\"ImageObject\",\"inLanguage\":\"es\",\"@id\":\"https:\/\/waracomunicaciones.com\/#\/schema\/logo\/image\/\",\"url\":\"https:\/\/waracomunicaciones.com\/wp-content\/uploads\/2025\/07\/logo.png\",\"contentUrl\":\"https:\/\/waracomunicaciones.com\/wp-content\/uploads\/2025\/07\/logo.png\",\"width\":400,\"height\":164,\"caption\":\"Wara Comunicaciones\"},\"image\":{\"@id\":\"https:\/\/waracomunicaciones.com\/#\/schema\/logo\/image\/\"},\"sameAs\":[\"https:\/\/www.facebook.com\/waracomunicaciones2017\"]},{\"@type\":\"Person\",\"@id\":\"https:\/\/waracomunicaciones.com\/#\/schema\/person\/cbfc6e874b874c69982b6f254108e9f0\",\"name\":\"Tom\u00e1s Coca\",\"image\":{\"@type\":\"ImageObject\",\"inLanguage\":\"es\",\"@id\":\"https:\/\/waracomunicaciones.com\/#\/schema\/person\/image\/\",\"url\":\"https:\/\/secure.gravatar.com\/avatar\/482131bd67ce2dac1261229602fd0c47826af81f4ac6608b066b29cac2a6e65d?s=96&d=mm&r=g\",\"contentUrl\":\"https:\/\/secure.gravatar.com\/avatar\/482131bd67ce2dac1261229602fd0c47826af81f4ac6608b066b29cac2a6e65d?s=96&d=mm&r=g\",\"caption\":\"Tom\u00e1s Coca\"},\"sameAs\":[\"https:\/\/waracomunicaciones.com\"],\"url\":\"https:\/\/waracomunicaciones.com\/?author=2\"}]}<\/script>\n<!-- \/ Yoast SEO Premium plugin. -->","yoast_head_json":{"title":"Valoraci\u00f3n positiva sobre la gesti\u00f3n de Luis Fernando Camacho y Regys Medina en Montero - Wara Comunicaciones","robots":{"index":"index","follow":"follow","max-snippet":"max-snippet:-1","max-image-preview":"max-image-preview:large","max-video-preview":"max-video-preview:-1"},"canonical":"https:\/\/waracomunicaciones.com\/?p=1389","og_locale":"es_ES","og_type":"article","og_title":"Valoraci\u00f3n positiva sobre la gesti\u00f3n de Luis Fernando Camacho y Regys Medina en Montero","og_description":"Entrevista con Ronald Hurtado, Director Municipal de Desarrollo Econ\u00f3mico Productivo de Montero En una entrevista exclusiva con \u00a0Ronald Hurtado, Director de Desarrollo Econ\u00f3mico Productivo de Montero, se abordaron los recientes logros de la ciudad y la gesti\u00f3n de sus l\u00edderes, entre ellos, Luis Fernando Camacho y el alcalde Regys Medina. Con un tono positivo, Hurtado [&hellip;]","og_url":"https:\/\/waracomunicaciones.com\/?p=1389","og_site_name":"Wara Comunicaciones","article_publisher":"https:\/\/www.facebook.com\/waracomunicaciones2017","article_published_time":"2026-01-26T20:08:21+00:00","article_modified_time":"2026-01-26T20:08:22+00:00","og_image":[{"width":957,"height":639,"url":"https:\/\/waracomunicaciones.com\/wp-content\/uploads\/2026\/01\/Regys-26-ene-26-1.png","type":"image\/png"}],"author":"Tom\u00e1s Coca","twitter_card":"summary_large_image","twitter_misc":{"Escrito por":"Tom\u00e1s Coca","Tiempo de lectura":"3 minutos"},"schema":{"@context":"https:\/\/schema.org","@graph":[{"@type":"Article","@id":"https:\/\/waracomunicaciones.com\/?p=1389#article","isPartOf":{"@id":"https:\/\/waracomunicaciones.com\/?p=1389"},"author":{"name":"Tom\u00e1s Coca","@id":"https:\/\/waracomunicaciones.com\/#\/schema\/person\/cbfc6e874b874c69982b6f254108e9f0"},"headline":"Valoraci\u00f3n positiva sobre la gesti\u00f3n de Luis Fernando Camacho y Regys Medina en Montero","datePublished":"2026-01-26T20:08:21+00:00","dateModified":"2026-01-26T20:08:22+00:00","mainEntityOfPage":{"@id":"https:\/\/waracomunicaciones.com\/?p=1389"},"wordCount":607,"commentCount":0,"publisher":{"@id":"https:\/\/waracomunicaciones.com\/#organization"},"image":{"@id":"https:\/\/waracomunicaciones.com\/?p=1389#primaryimage"},"thumbnailUrl":"https:\/\/waracomunicaciones.com\/wp-content\/uploads\/2026\/01\/Regys-26-ene-26-1.png","keywords":["Eleccciones Subnacionales"],"articleSection":["LOCAL","Pol\u00edtica"],"inLanguage":"es","potentialAction":[{"@type":"CommentAction","name":"Comment","target":["https:\/\/waracomunicaciones.com\/?p=1389#respond"]}]},{"@type":"WebPage","@id":"https:\/\/waracomunicaciones.com\/?p=1389","url":"https:\/\/waracomunicaciones.com\/?p=1389","name":"Valoraci\u00f3n positiva sobre la gesti\u00f3n de Luis Fernando Camacho y Regys Medina en Montero - Wara Comunicaciones","isPartOf":{"@id":"https:\/\/waracomunicaciones.com\/#website"},"primaryImageOfPage":{"@id":"https:\/\/waracomunicaciones.com\/?p=1389#primaryimage"},"image":{"@id":"https:\/\/waracomunicaciones.com\/?p=1389#primaryimage"},"thumbnailUrl":"https:\/\/waracomunicaciones.com\/wp-content\/uploads\/2026\/01\/Regys-26-ene-26-1.png","datePublished":"2026-01-26T20:08:21+00:00","dateModified":"2026-01-26T20:08:22+00:00","breadcrumb":{"@id":"https:\/\/waracomunicaciones.com\/?p=1389#breadcrumb"},"inLanguage":"es","potentialAction":[{"@type":"ReadAction","target":["https:\/\/waracomunicaciones.com\/?p=1389"]}]},{"@type":"ImageObject","inLanguage":"es","@id":"https:\/\/waracomunicaciones.com\/?p=1389#primaryimage","url":"https:\/\/waracomunicaciones.com\/wp-content\/uploads\/2026\/01\/Regys-26-ene-26-1.png","contentUrl":"https:\/\/waracomunicaciones.com\/wp-content\/uploads\/2026\/01\/Regys-26-ene-26-1.png","width":957,"height":639},{"@type":"BreadcrumbList","@id":"https:\/\/waracomunicaciones.com\/?p=1389#breadcrumb","itemListElement":[{"@type":"ListItem","position":1,"name":"Portada","item":"https:\/\/waracomunicaciones.com\/"},{"@type":"ListItem","position":2,"name":"Valoraci\u00f3n positiva sobre la gesti\u00f3n de Luis Fernando Camacho y Regys Medina en Montero"}]},{"@type":"WebSite","@id":"https:\/\/waracomunicaciones.com\/#website","url":"https:\/\/waracomunicaciones.com\/","name":"Wara Comunicaciones","description":"","publisher":{"@id":"https:\/\/waracomunicaciones.com\/#organization"},"potentialAction":[{"@type":"SearchAction","target":{"@type":"EntryPoint","urlTemplate":"https:\/\/waracomunicaciones.com\/?s={search_term_string}"},"query-input":{"@type":"PropertyValueSpecification","valueRequired":true,"valueName":"search_term_string"}}],"inLanguage":"es"},{"@type":"Organization","@id":"https:\/\/waracomunicaciones.com\/#organization","name":"Wara Comunicaciones","url":"https:\/\/waracomunicaciones.com\/","logo":{"@type":"ImageObject","inLanguage":"es","@id":"https:\/\/waracomunicaciones.com\/#\/schema\/logo\/image\/","url":"https:\/\/waracomunicaciones.com\/wp-content\/uploads\/2025\/07\/logo.png","contentUrl":"https:\/\/waracomunicaciones.com\/wp-content\/uploads\/2025\/07\/logo.png","width":400,"height":164,"caption":"Wara Comunicaciones"},"image":{"@id":"https:\/\/waracomunicaciones.com\/#\/schema\/logo\/image\/"},"sameAs":["https:\/\/www.facebook.com\/waracomunicaciones2017"]},{"@type":"Person","@id":"https:\/\/waracomunicaciones.com\/#\/schema\/person\/cbfc6e874b874c69982b6f254108e9f0","name":"Tom\u00e1s Coca","image":{"@type":"ImageObject","inLanguage":"es","@id":"https:\/\/waracomunicaciones.com\/#\/schema\/person\/image\/","url":"https:\/\/secure.gravatar.com\/avatar\/482131bd67ce2dac1261229602fd0c47826af81f4ac6608b066b29cac2a6e65d?s=96&d=mm&r=g","contentUrl":"https:\/\/secure.gravatar.com\/avatar\/482131bd67ce2dac1261229602fd0c47826af81f4ac6608b066b29cac2a6e65d?s=96&d=mm&r=g","caption":"Tom\u00e1s Coca"},"sameAs":["https:\/\/waracomunicaciones.com"],"url":"https:\/\/waracomunicaciones.com\/?author=2"}]}},"_links":{"self":[{"href":"https:\/\/waracomunicaciones.com\/index.php?rest_route=\/wp\/v2\/posts\/1389","targetHints":{"allow":["GET"]}}],"collection":[{"href":"https:\/\/waracomunicaciones.com\/index.php?rest_route=\/wp\/v2\/posts"}],"about":[{"href":"https:\/\/waracomunicaciones.com\/index.php?rest_route=\/wp\/v2\/types\/post"}],"author":[{"embeddable":true,"href":"https:\/\/waracomunicaciones.com\/index.php?rest_route=\/wp\/v2\/users\/2"}],"replies":[{"embeddable":true,"href":"https:\/\/waracomunicaciones.com\/index.php?rest_route=%2Fwp%2Fv2%2Fcomments&post=1389"}],"version-history":[{"count":1,"href":"https:\/\/waracomunicaciones.com\/index.php?rest_route=\/wp\/v2\/posts\/1389\/revisions"}],"predecessor-version":[{"id":1391,"href":"https:\/\/waracomunicaciones.com\/index.php?rest_route=\/wp\/v2\/posts\/1389\/revisions\/1391"}],"wp:attachment":[{"href":"https:\/\/waracomunicaciones.com\/index.php?rest_route=%2Fwp%2Fv2%2Fmedia&parent=1389"}],"wp:term":[{"taxonomy":"category","embeddable":true,"href":"https:\/\/waracomunicaciones.com\/index.php?rest_route=%2Fwp%2Fv2%2Fcategories&post=1389"},{"taxonomy":"post_tag","embeddable":true,"href":"https:\/\/waracomunicaciones.com\/index.php?rest_route=%2Fwp%2Fv2%2Ftags&post=1389"}],"curies":[{"name":"wp","href":"https:\/\/api.w.org\/{rel}","templated":true}]}}