{"id":1382,"date":"2026-01-23T15:40:29","date_gmt":"2026-01-23T19:40:29","guid":{"rendered":"https:\/\/waracomunicaciones.com\/?p=1382"},"modified":"2026-01-23T15:41:24","modified_gmt":"2026-01-23T19:41:24","slug":"creemos-inicia-campana-en-montero-con-la-visita-de-luis-fernando-camacho","status":"publish","type":"post","link":"https:\/\/waracomunicaciones.com\/?p=1382","title":{"rendered":"Creemos inicia campa\u00f1a en Montero con la visita de Luis Fernando Camacho"},"content":{"rendered":"\n<figure class=\"wp-block-image size-full is-resized\"><img loading=\"lazy\" decoding=\"async\" width=\"389\" height=\"566\" src=\"https:\/\/waracomunicaciones.com\/wp-content\/uploads\/2026\/01\/Andres-23-ene-26.png\" alt=\"\" class=\"wp-image-1383\" style=\"width:513px;height:auto\" srcset=\"https:\/\/waracomunicaciones.com\/wp-content\/uploads\/2026\/01\/Andres-23-ene-26.png 389w, https:\/\/waracomunicaciones.com\/wp-content\/uploads\/2026\/01\/Andres-23-ene-26-206x300.png 206w\" sizes=\"auto, (max-width: 389px) 100vw, 389px\" \/><\/figure>\n\n\n\n<p>El diputado nacional Andr\u00e9s Medina inform\u00f3 que este s\u00e1bado la alianza Creemos dar\u00e1 inicio oficial a su campa\u00f1a electoral en el municipio de Montero, con la presencia del candidato a la Gobernaci\u00f3n de Santa Cruz, Luis Fernando Camacho, junto a candidatos municipales y departamentales.<\/p>\n\n\n\n<p>Seg\u00fan explic\u00f3 Medina, el acto central comenzar\u00e1 a las seis de la tarde con una caravana que partir\u00e1 desde el barrio La Ponderosa, a la altura del Cristo, para luego dirigirse al coliseo Andr\u00e9s Ib\u00e1\u00f1ez, donde se concentrar\u00e1 la militancia y la poblaci\u00f3n en general.<\/p>\n\n\n\n<p>\u201cEl d\u00eda s\u00e1bado arrancamos y no paramos hasta el 22 de marzo\u201d, se\u00f1al\u00f3 el legislador, indicando que la campa\u00f1a se desarrollar\u00e1 tanto en \u00e1reas urbanas como en provincias, poniendo \u00e9nfasis en el contacto directo con la ciudadan\u00eda y en la atenci\u00f3n a las principales preocupaciones de la poblaci\u00f3n.<\/p>\n\n\n\n<p>Medina afirm\u00f3 que la agenda de Creemos est\u00e1 centrada en las necesidades econ\u00f3micas de la gente, como el incremento de precios y la dificultad para cubrir los gastos diarios. \u201cA la gente le preocupa la comida, los precios, no la pelea de pol\u00edticos\u201d, remarc\u00f3.<\/p>\n\n\n\n<p>Respecto a las cr\u00edticas a la gesti\u00f3n del gobernador Luis Fernando Camacho, el diputado sostuvo que no puede evaluarse plenamente su administraci\u00f3n debido a que estuvo interrumpida durante tres a\u00f1os. \u201cEl gobernador fue secuestrado pol\u00edticamente por el gobierno masista, por lo que no tuvo la oportunidad de demostrar su capacidad de gesti\u00f3n\u201d, afirm\u00f3, a\u00f1adiendo que Camacho busca continuar aportando al departamento desde el espacio que le corresponda.<\/p>\n\n\n\n<p>En relaci\u00f3n a la gesti\u00f3n municipal en Montero, Medina destac\u00f3 el trabajo del alcalde Regys Medina, resaltando la construcci\u00f3n de plazas y obras barriales pese a las limitaciones presupuestarias. Indic\u00f3 que uno de los principales pilares del nuevo plan de gobierno municipal es la capacitaci\u00f3n en emprendimientos y el acceso a cr\u00e9ditos para generar movimiento econ\u00f3mico en las zonas donde se ejecutaron estas obras.<\/p>\n\n\n\n<p>Finalmente, el diputado rechaz\u00f3 las acusaciones de supuestas alianzas con el Movimiento al Socialismo (MAS), argumentando que durante estos a\u00f1os el municipio fue perjudicado econ\u00f3micamente. \u201cEn lugar de recibir apoyo, a Montero le quitaron 10 millones de bolivianos\u201d, se\u00f1al\u00f3, asegurando que las cr\u00edticas provienen de actores en campa\u00f1a que buscan generar pol\u00e9mica.<\/p>\n\n\n\n<p>Medina agradeci\u00f3 el espacio y expres\u00f3 su confianza en que la campa\u00f1a se desarrollar\u00e1 con propuestas enfocadas en las demandas reales de la poblaci\u00f3n.<\/p>\n<div style=\"margin-top: 0px; margin-bottom: 0px;\" class=\"sharethis-inline-reaction-buttons\" ><\/div>","protected":false},"excerpt":{"rendered":"<p>El diputado nacional Andr\u00e9s Medina inform\u00f3 que este s\u00e1bado la alianza Creemos dar\u00e1 inicio oficial a su campa\u00f1a electoral en el municipio de Montero, con la presencia del candidato a la Gobernaci\u00f3n de Santa Cruz, Luis Fernando Camacho, junto a candidatos municipales y departamentales. Seg\u00fan explic\u00f3 Medina, el acto central comenzar\u00e1 a las seis de [&hellip;]<\/p>\n","protected":false},"author":2,"featured_media":0,"comment_status":"open","ping_status":"open","sticky":false,"template":"","format":"standard","meta":{"footnotes":""},"categories":[5,42],"tags":[],"class_list":["post-1382","post","type-post","status-publish","format-standard","hentry","category-local","category-politica"],"yoast_head":"<!-- This site is optimized with the Yoast SEO Premium plugin v25.5 (Yoast SEO v27.1.1) - https:\/\/yoast.com\/product\/yoast-seo-premium-wordpress\/ -->\n<title>Creemos inicia campa\u00f1a en Montero con la visita de Luis Fernando Camacho - Wara Comunicaciones<\/title>\n<meta name=\"robots\" content=\"index, follow, max-snippet:-1, max-image-preview:large, max-video-preview:-1\" \/>\n<link rel=\"canonical\" href=\"https:\/\/waracomunicaciones.com\/?p=1382\" \/>\n<meta property=\"og:locale\" content=\"es_ES\" \/>\n<meta property=\"og:type\" content=\"article\" \/>\n<meta property=\"og:title\" content=\"Creemos inicia campa\u00f1a en Montero con la visita de Luis Fernando Camacho\" \/>\n<meta property=\"og:description\" content=\"El diputado nacional Andr\u00e9s Medina inform\u00f3 que este s\u00e1bado la alianza Creemos dar\u00e1 inicio oficial a su campa\u00f1a electoral en el municipio de Montero, con la presencia del candidato a la Gobernaci\u00f3n de Santa Cruz, Luis Fernando Camacho, junto a candidatos municipales y departamentales. Seg\u00fan explic\u00f3 Medina, el acto central comenzar\u00e1 a las seis de [&hellip;]\" \/>\n<meta property=\"og:url\" content=\"https:\/\/waracomunicaciones.com\/?p=1382\" \/>\n<meta property=\"og:site_name\" content=\"Wara Comunicaciones\" \/>\n<meta property=\"article:publisher\" content=\"https:\/\/www.facebook.com\/waracomunicaciones2017\" \/>\n<meta property=\"article:published_time\" content=\"2026-01-23T19:40:29+00:00\" \/>\n<meta property=\"article:modified_time\" content=\"2026-01-23T19:41:24+00:00\" \/>\n<meta property=\"og:image\" content=\"https:\/\/waracomunicaciones.com\/wp-content\/uploads\/2026\/01\/Andres-23-ene-26.png\" \/>\n\t<meta property=\"og:image:width\" content=\"389\" \/>\n\t<meta property=\"og:image:height\" content=\"566\" \/>\n\t<meta property=\"og:image:type\" content=\"image\/png\" \/>\n<meta name=\"author\" content=\"Tom\u00e1s Coca\" \/>\n<meta name=\"twitter:card\" content=\"summary_large_image\" \/>\n<meta name=\"twitter:label1\" content=\"Escrito por\" \/>\n\t<meta name=\"twitter:data1\" content=\"Tom\u00e1s Coca\" \/>\n\t<meta name=\"twitter:label2\" content=\"Tiempo de lectura\" \/>\n\t<meta name=\"twitter:data2\" content=\"2 minutos\" \/>\n<script type=\"application\/ld+json\" class=\"yoast-schema-graph\">{\"@context\":\"https:\/\/schema.org\",\"@graph\":[{\"@type\":\"Article\",\"@id\":\"https:\/\/waracomunicaciones.com\/?p=1382#article\",\"isPartOf\":{\"@id\":\"https:\/\/waracomunicaciones.com\/?p=1382\"},\"author\":{\"name\":\"Tom\u00e1s Coca\",\"@id\":\"https:\/\/waracomunicaciones.com\/#\/schema\/person\/cbfc6e874b874c69982b6f254108e9f0\"},\"headline\":\"Creemos inicia campa\u00f1a en Montero con la visita de Luis Fernando Camacho\",\"datePublished\":\"2026-01-23T19:40:29+00:00\",\"dateModified\":\"2026-01-23T19:41:24+00:00\",\"mainEntityOfPage\":{\"@id\":\"https:\/\/waracomunicaciones.com\/?p=1382\"},\"wordCount\":437,\"commentCount\":0,\"publisher\":{\"@id\":\"https:\/\/waracomunicaciones.com\/#organization\"},\"image\":{\"@id\":\"https:\/\/waracomunicaciones.com\/?p=1382#primaryimage\"},\"thumbnailUrl\":\"https:\/\/waracomunicaciones.com\/wp-content\/uploads\/2026\/01\/Andres-23-ene-26.png\",\"articleSection\":[\"LOCAL\",\"Pol\u00edtica\"],\"inLanguage\":\"es\",\"potentialAction\":[{\"@type\":\"CommentAction\",\"name\":\"Comment\",\"target\":[\"https:\/\/waracomunicaciones.com\/?p=1382#respond\"]}]},{\"@type\":\"WebPage\",\"@id\":\"https:\/\/waracomunicaciones.com\/?p=1382\",\"url\":\"https:\/\/waracomunicaciones.com\/?p=1382\",\"name\":\"Creemos inicia campa\u00f1a en Montero con la visita de Luis Fernando Camacho - Wara Comunicaciones\",\"isPartOf\":{\"@id\":\"https:\/\/waracomunicaciones.com\/#website\"},\"primaryImageOfPage\":{\"@id\":\"https:\/\/waracomunicaciones.com\/?p=1382#primaryimage\"},\"image\":{\"@id\":\"https:\/\/waracomunicaciones.com\/?p=1382#primaryimage\"},\"thumbnailUrl\":\"https:\/\/waracomunicaciones.com\/wp-content\/uploads\/2026\/01\/Andres-23-ene-26.png\",\"datePublished\":\"2026-01-23T19:40:29+00:00\",\"dateModified\":\"2026-01-23T19:41:24+00:00\",\"breadcrumb\":{\"@id\":\"https:\/\/waracomunicaciones.com\/?p=1382#breadcrumb\"},\"inLanguage\":\"es\",\"potentialAction\":[{\"@type\":\"ReadAction\",\"target\":[\"https:\/\/waracomunicaciones.com\/?p=1382\"]}]},{\"@type\":\"ImageObject\",\"inLanguage\":\"es\",\"@id\":\"https:\/\/waracomunicaciones.com\/?p=1382#primaryimage\",\"url\":\"https:\/\/waracomunicaciones.com\/wp-content\/uploads\/2026\/01\/Andres-23-ene-26.png\",\"contentUrl\":\"https:\/\/waracomunicaciones.com\/wp-content\/uploads\/2026\/01\/Andres-23-ene-26.png\",\"width\":389,\"height\":566},{\"@type\":\"BreadcrumbList\",\"@id\":\"https:\/\/waracomunicaciones.com\/?p=1382#breadcrumb\",\"itemListElement\":[{\"@type\":\"ListItem\",\"position\":1,\"name\":\"Portada\",\"item\":\"https:\/\/waracomunicaciones.com\/\"},{\"@type\":\"ListItem\",\"position\":2,\"name\":\"Creemos inicia campa\u00f1a en Montero con la visita de Luis Fernando Camacho\"}]},{\"@type\":\"WebSite\",\"@id\":\"https:\/\/waracomunicaciones.com\/#website\",\"url\":\"https:\/\/waracomunicaciones.com\/\",\"name\":\"Wara Comunicaciones\",\"description\":\"\",\"publisher\":{\"@id\":\"https:\/\/waracomunicaciones.com\/#organization\"},\"potentialAction\":[{\"@type\":\"SearchAction\",\"target\":{\"@type\":\"EntryPoint\",\"urlTemplate\":\"https:\/\/waracomunicaciones.com\/?s={search_term_string}\"},\"query-input\":{\"@type\":\"PropertyValueSpecification\",\"valueRequired\":true,\"valueName\":\"search_term_string\"}}],\"inLanguage\":\"es\"},{\"@type\":\"Organization\",\"@id\":\"https:\/\/waracomunicaciones.com\/#organization\",\"name\":\"Wara Comunicaciones\",\"url\":\"https:\/\/waracomunicaciones.com\/\",\"logo\":{\"@type\":\"ImageObject\",\"inLanguage\":\"es\",\"@id\":\"https:\/\/waracomunicaciones.com\/#\/schema\/logo\/image\/\",\"url\":\"https:\/\/waracomunicaciones.com\/wp-content\/uploads\/2025\/07\/logo.png\",\"contentUrl\":\"https:\/\/waracomunicaciones.com\/wp-content\/uploads\/2025\/07\/logo.png\",\"width\":400,\"height\":164,\"caption\":\"Wara Comunicaciones\"},\"image\":{\"@id\":\"https:\/\/waracomunicaciones.com\/#\/schema\/logo\/image\/\"},\"sameAs\":[\"https:\/\/www.facebook.com\/waracomunicaciones2017\"]},{\"@type\":\"Person\",\"@id\":\"https:\/\/waracomunicaciones.com\/#\/schema\/person\/cbfc6e874b874c69982b6f254108e9f0\",\"name\":\"Tom\u00e1s Coca\",\"image\":{\"@type\":\"ImageObject\",\"inLanguage\":\"es\",\"@id\":\"https:\/\/waracomunicaciones.com\/#\/schema\/person\/image\/\",\"url\":\"https:\/\/secure.gravatar.com\/avatar\/482131bd67ce2dac1261229602fd0c47826af81f4ac6608b066b29cac2a6e65d?s=96&d=mm&r=g\",\"contentUrl\":\"https:\/\/secure.gravatar.com\/avatar\/482131bd67ce2dac1261229602fd0c47826af81f4ac6608b066b29cac2a6e65d?s=96&d=mm&r=g\",\"caption\":\"Tom\u00e1s Coca\"},\"sameAs\":[\"https:\/\/waracomunicaciones.com\"],\"url\":\"https:\/\/waracomunicaciones.com\/?author=2\"}]}<\/script>\n<!-- \/ Yoast SEO Premium plugin. -->","yoast_head_json":{"title":"Creemos inicia campa\u00f1a en Montero con la visita de Luis Fernando Camacho - Wara Comunicaciones","robots":{"index":"index","follow":"follow","max-snippet":"max-snippet:-1","max-image-preview":"max-image-preview:large","max-video-preview":"max-video-preview:-1"},"canonical":"https:\/\/waracomunicaciones.com\/?p=1382","og_locale":"es_ES","og_type":"article","og_title":"Creemos inicia campa\u00f1a en Montero con la visita de Luis Fernando Camacho","og_description":"El diputado nacional Andr\u00e9s Medina inform\u00f3 que este s\u00e1bado la alianza Creemos dar\u00e1 inicio oficial a su campa\u00f1a electoral en el municipio de Montero, con la presencia del candidato a la Gobernaci\u00f3n de Santa Cruz, Luis Fernando Camacho, junto a candidatos municipales y departamentales. Seg\u00fan explic\u00f3 Medina, el acto central comenzar\u00e1 a las seis de [&hellip;]","og_url":"https:\/\/waracomunicaciones.com\/?p=1382","og_site_name":"Wara Comunicaciones","article_publisher":"https:\/\/www.facebook.com\/waracomunicaciones2017","article_published_time":"2026-01-23T19:40:29+00:00","article_modified_time":"2026-01-23T19:41:24+00:00","og_image":[{"width":389,"height":566,"url":"https:\/\/waracomunicaciones.com\/wp-content\/uploads\/2026\/01\/Andres-23-ene-26.png","type":"image\/png"}],"author":"Tom\u00e1s Coca","twitter_card":"summary_large_image","twitter_misc":{"Escrito por":"Tom\u00e1s Coca","Tiempo de lectura":"2 minutos"},"schema":{"@context":"https:\/\/schema.org","@graph":[{"@type":"Article","@id":"https:\/\/waracomunicaciones.com\/?p=1382#article","isPartOf":{"@id":"https:\/\/waracomunicaciones.com\/?p=1382"},"author":{"name":"Tom\u00e1s Coca","@id":"https:\/\/waracomunicaciones.com\/#\/schema\/person\/cbfc6e874b874c69982b6f254108e9f0"},"headline":"Creemos inicia campa\u00f1a en Montero con la visita de Luis Fernando Camacho","datePublished":"2026-01-23T19:40:29+00:00","dateModified":"2026-01-23T19:41:24+00:00","mainEntityOfPage":{"@id":"https:\/\/waracomunicaciones.com\/?p=1382"},"wordCount":437,"commentCount":0,"publisher":{"@id":"https:\/\/waracomunicaciones.com\/#organization"},"image":{"@id":"https:\/\/waracomunicaciones.com\/?p=1382#primaryimage"},"thumbnailUrl":"https:\/\/waracomunicaciones.com\/wp-content\/uploads\/2026\/01\/Andres-23-ene-26.png","articleSection":["LOCAL","Pol\u00edtica"],"inLanguage":"es","potentialAction":[{"@type":"CommentAction","name":"Comment","target":["https:\/\/waracomunicaciones.com\/?p=1382#respond"]}]},{"@type":"WebPage","@id":"https:\/\/waracomunicaciones.com\/?p=1382","url":"https:\/\/waracomunicaciones.com\/?p=1382","name":"Creemos inicia campa\u00f1a en Montero con la visita de Luis Fernando Camacho - Wara Comunicaciones","isPartOf":{"@id":"https:\/\/waracomunicaciones.com\/#website"},"primaryImageOfPage":{"@id":"https:\/\/waracomunicaciones.com\/?p=1382#primaryimage"},"image":{"@id":"https:\/\/waracomunicaciones.com\/?p=1382#primaryimage"},"thumbnailUrl":"https:\/\/waracomunicaciones.com\/wp-content\/uploads\/2026\/01\/Andres-23-ene-26.png","datePublished":"2026-01-23T19:40:29+00:00","dateModified":"2026-01-23T19:41:24+00:00","breadcrumb":{"@id":"https:\/\/waracomunicaciones.com\/?p=1382#breadcrumb"},"inLanguage":"es","potentialAction":[{"@type":"ReadAction","target":["https:\/\/waracomunicaciones.com\/?p=1382"]}]},{"@type":"ImageObject","inLanguage":"es","@id":"https:\/\/waracomunicaciones.com\/?p=1382#primaryimage","url":"https:\/\/waracomunicaciones.com\/wp-content\/uploads\/2026\/01\/Andres-23-ene-26.png","contentUrl":"https:\/\/waracomunicaciones.com\/wp-content\/uploads\/2026\/01\/Andres-23-ene-26.png","width":389,"height":566},{"@type":"BreadcrumbList","@id":"https:\/\/waracomunicaciones.com\/?p=1382#breadcrumb","itemListElement":[{"@type":"ListItem","position":1,"name":"Portada","item":"https:\/\/waracomunicaciones.com\/"},{"@type":"ListItem","position":2,"name":"Creemos inicia campa\u00f1a en Montero con la visita de Luis Fernando Camacho"}]},{"@type":"WebSite","@id":"https:\/\/waracomunicaciones.com\/#website","url":"https:\/\/waracomunicaciones.com\/","name":"Wara Comunicaciones","description":"","publisher":{"@id":"https:\/\/waracomunicaciones.com\/#organization"},"potentialAction":[{"@type":"SearchAction","target":{"@type":"EntryPoint","urlTemplate":"https:\/\/waracomunicaciones.com\/?s={search_term_string}"},"query-input":{"@type":"PropertyValueSpecification","valueRequired":true,"valueName":"search_term_string"}}],"inLanguage":"es"},{"@type":"Organization","@id":"https:\/\/waracomunicaciones.com\/#organization","name":"Wara Comunicaciones","url":"https:\/\/waracomunicaciones.com\/","logo":{"@type":"ImageObject","inLanguage":"es","@id":"https:\/\/waracomunicaciones.com\/#\/schema\/logo\/image\/","url":"https:\/\/waracomunicaciones.com\/wp-content\/uploads\/2025\/07\/logo.png","contentUrl":"https:\/\/waracomunicaciones.com\/wp-content\/uploads\/2025\/07\/logo.png","width":400,"height":164,"caption":"Wara Comunicaciones"},"image":{"@id":"https:\/\/waracomunicaciones.com\/#\/schema\/logo\/image\/"},"sameAs":["https:\/\/www.facebook.com\/waracomunicaciones2017"]},{"@type":"Person","@id":"https:\/\/waracomunicaciones.com\/#\/schema\/person\/cbfc6e874b874c69982b6f254108e9f0","name":"Tom\u00e1s Coca","image":{"@type":"ImageObject","inLanguage":"es","@id":"https:\/\/waracomunicaciones.com\/#\/schema\/person\/image\/","url":"https:\/\/secure.gravatar.com\/avatar\/482131bd67ce2dac1261229602fd0c47826af81f4ac6608b066b29cac2a6e65d?s=96&d=mm&r=g","contentUrl":"https:\/\/secure.gravatar.com\/avatar\/482131bd67ce2dac1261229602fd0c47826af81f4ac6608b066b29cac2a6e65d?s=96&d=mm&r=g","caption":"Tom\u00e1s Coca"},"sameAs":["https:\/\/waracomunicaciones.com"],"url":"https:\/\/waracomunicaciones.com\/?author=2"}]}},"_links":{"self":[{"href":"https:\/\/waracomunicaciones.com\/index.php?rest_route=\/wp\/v2\/posts\/1382","targetHints":{"allow":["GET"]}}],"collection":[{"href":"https:\/\/waracomunicaciones.com\/index.php?rest_route=\/wp\/v2\/posts"}],"about":[{"href":"https:\/\/waracomunicaciones.com\/index.php?rest_route=\/wp\/v2\/types\/post"}],"author":[{"embeddable":true,"href":"https:\/\/waracomunicaciones.com\/index.php?rest_route=\/wp\/v2\/users\/2"}],"replies":[{"embeddable":true,"href":"https:\/\/waracomunicaciones.com\/index.php?rest_route=%2Fwp%2Fv2%2Fcomments&post=1382"}],"version-history":[{"count":1,"href":"https:\/\/waracomunicaciones.com\/index.php?rest_route=\/wp\/v2\/posts\/1382\/revisions"}],"predecessor-version":[{"id":1384,"href":"https:\/\/waracomunicaciones.com\/index.php?rest_route=\/wp\/v2\/posts\/1382\/revisions\/1384"}],"wp:attachment":[{"href":"https:\/\/waracomunicaciones.com\/index.php?rest_route=%2Fwp%2Fv2%2Fmedia&parent=1382"}],"wp:term":[{"taxonomy":"category","embeddable":true,"href":"https:\/\/waracomunicaciones.com\/index.php?rest_route=%2Fwp%2Fv2%2Fcategories&post=1382"},{"taxonomy":"post_tag","embeddable":true,"href":"https:\/\/waracomunicaciones.com\/index.php?rest_route=%2Fwp%2Fv2%2Ftags&post=1382"}],"curies":[{"name":"wp","href":"https:\/\/api.w.org\/{rel}","templated":true}]}}