{"id":138,"date":"2025-07-24T23:13:11","date_gmt":"2025-07-25T03:13:11","guid":{"rendered":"https:\/\/waracomunicaciones.com\/?p=138"},"modified":"2025-07-24T23:15:51","modified_gmt":"2025-07-25T03:15:51","slug":"personas-con-discapacidad-alzan-la-voz-en-montero-y-reciben-el-compromiso-de-candidatos-de-la-alianza-libre","status":"publish","type":"post","link":"https:\/\/waracomunicaciones.com\/?p=138","title":{"rendered":"Personas con discapacidad alzan la voz en Montero y reciben el compromiso de candidatos de la alianza LIBRE"},"content":{"rendered":"\n<figure class=\"wp-block-image size-full\"><img loading=\"lazy\" decoding=\"async\" width=\"717\" height=\"406\" src=\"https:\/\/waracomunicaciones.com\/wp-content\/uploads\/2025\/07\/maicoo.webp\" alt=\"\" class=\"wp-image-139\" srcset=\"https:\/\/waracomunicaciones.com\/wp-content\/uploads\/2025\/07\/maicoo.webp 717w, https:\/\/waracomunicaciones.com\/wp-content\/uploads\/2025\/07\/maicoo-300x170.webp 300w\" sizes=\"auto, (max-width: 717px) 100vw, 717px\" \/><figcaption class=\"wp-element-caption\"><em>Asociaciones de personas con discapacidad expusieron sus necesidades a Maico Moreno y Dolly Carvajal, candidatos por la circunscripci\u00f3n 57 de la alianza LIBRE, liderada por Jorge Tuto Quiroga.<\/em><\/figcaption><\/figure>\n\n\n<p><strong><b>Montero, &#8211; <\/b><\/strong>Con esperanza y determinaci\u00f3n, representantes de varias asociaciones de personas con discapacidad se reunieron en Montero con Maico Moreno y Dolly Carvajal, candidatos a la Asamblea Legislativa por la circunscripci\u00f3n 57 de la alianza LIBRE, que postula a Jorge \u00abTuto\u00bb Quiroga a la presidencia. En un emotivo encuentro, los asistentes expresaron su deseo de ser escuchados y visibilizados tras a\u00f1os de olvido por parte de las autoridades.<!--more--><\/p>\n<p>\u201cGracias a Dios por esta oportunidad. Estamos aqu\u00ed con los futuros funcionarios p\u00fablicos que se han acercado a escucharnos, a conocer nuestras necesidades que por a\u00f1os han sido ignoradas\u201d, expres\u00f3 un representante del sector. \u201cQueremos un cambio real. No queremos seguir siendo el patio trasero del pa\u00eds\u201d, a\u00f1adi\u00f3.<\/p>\n<p>Durante el evento, los candidatos escucharon atentamente las demandas del sector, que incluyen mejoras en salud, educaci\u00f3n, acceso a recursos y reformas legales que garanticen atenci\u00f3n prioritaria e inclusi\u00f3n plena. Tanto Moreno como Carvajal reafirmaron su compromiso de llevar estas necesidades al Parlamento y trabajar para lograr soluciones efectivas.<\/p>\n<p>\u201cHemos recogido todas sus inquietudes. No es mucho lo que est\u00e1n pidiendo y se puede hacer realidad. Este sector ha sido olvidado por las autoridades nacionales, departamentales y municipales, y eso tiene que cambiar\u201d, declar\u00f3 Maico Moreno.<\/p>\n<p>Por su parte, Dolly Carvajal destac\u00f3 el car\u00e1cter firme del compromiso asumido. \u201cComo madre, me siento muy conmovida. Nos vamos con el compromiso de que, con una Bolivia libre a la cabeza de Tuto Quiroga, vamos a trabajar de la mano con ustedes para hacer realidad ese cambio que tanto merecen\u201d.<\/p>\n<p>El encuentro culmin\u00f3 con muestras de agradecimiento y esperanza por parte de los asistentes, quienes expresaron su deseo de que esta vez, sus voces s\u00ed sean tomadas en cuenta y traducidas en acciones concretas.<\/p>\n\n\n<style>\n.responsive-video {\n  position: relative;\n  padding-bottom: 56.25%; \/* Aspect ratio 16:9 *\/\n  height: 0;\n  overflow: hidden;\n  max-width: 100%;\n  background: #000;\n  border-radius: 8px;\n  margin-bottom: 20px;\n}\n\n.responsive-video iframe {\n  position: absolute;\n  top: 0;\n  left: 0;\n  width: 100% !important;\n  height: 100% !important;\n  border: 0;\n}\n<\/style>\n\n<div class=\"responsive-video\">\n<iframe loading=\"lazy\" src=\"https:\/\/www.facebook.com\/plugins\/video.php?height=315&#038;href=https%3A%2F%2Fwww.facebook.com%2Fwaracomunicaciones2017%2Fvideos%2F2922425091263707%2F&#038;show_text=false&#038;width=560&#038;t=0\" width=\"560\" height=\"314\" style=\"border:none;overflow:hidden\" scrolling=\"no\" frameborder=\"0\" allowfullscreen=\"true\" allow=\"autoplay; clipboard-write; encrypted-media; picture-in-picture; web-share\" allowFullScreen=\"true\"><\/iframe>\n<\/div>\n<div style=\"margin-top: 0px; margin-bottom: 0px;\" class=\"sharethis-inline-reaction-buttons\" ><\/div>","protected":false},"excerpt":{"rendered":"<p>Montero, &#8211; Con esperanza y determinaci\u00f3n, representantes de varias asociaciones de personas con discapacidad se reunieron en Montero con Maico Moreno y Dolly Carvajal, candidatos a la Asamblea Legislativa por la circunscripci\u00f3n 57 de la alianza LIBRE, que postula a Jorge \u00abTuto\u00bb Quiroga a la presidencia. En un emotivo encuentro, los asistentes expresaron su deseo [&hellip;]<\/p>\n","protected":false},"author":1,"featured_media":139,"comment_status":"open","ping_status":"open","sticky":false,"template":"","format":"standard","meta":{"footnotes":""},"categories":[42],"tags":[31,57,11,28,19],"class_list":["post-138","post","type-post","status-publish","format-standard","has-post-thumbnail","hentry","category-politica","tag-alianza-libre","tag-c-57","tag-elecciones-nacionales-2025","tag-maico-moreno-vaca","tag-montero"],"yoast_head":"<!-- This site is optimized with the Yoast SEO Premium plugin v25.5 (Yoast SEO v27.1.1) - https:\/\/yoast.com\/product\/yoast-seo-premium-wordpress\/ -->\n<title>Personas con discapacidad alzan la voz en Montero y reciben el compromiso de candidatos de la alianza LIBRE - Wara Comunicaciones<\/title>\n<meta name=\"robots\" content=\"index, follow, max-snippet:-1, max-image-preview:large, max-video-preview:-1\" \/>\n<link rel=\"canonical\" href=\"https:\/\/waracomunicaciones.com\/?p=138\" \/>\n<meta property=\"og:locale\" content=\"es_ES\" \/>\n<meta property=\"og:type\" content=\"article\" \/>\n<meta property=\"og:title\" content=\"Personas con discapacidad alzan la voz en Montero y reciben el compromiso de candidatos de la alianza LIBRE\" \/>\n<meta property=\"og:description\" content=\"Montero, &#8211; Con esperanza y determinaci\u00f3n, representantes de varias asociaciones de personas con discapacidad se reunieron en Montero con Maico Moreno y Dolly Carvajal, candidatos a la Asamblea Legislativa por la circunscripci\u00f3n 57 de la alianza LIBRE, que postula a Jorge \u00abTuto\u00bb Quiroga a la presidencia. En un emotivo encuentro, los asistentes expresaron su deseo [&hellip;]\" \/>\n<meta property=\"og:url\" content=\"https:\/\/waracomunicaciones.com\/?p=138\" \/>\n<meta property=\"og:site_name\" content=\"Wara Comunicaciones\" \/>\n<meta property=\"article:publisher\" content=\"https:\/\/www.facebook.com\/waracomunicaciones2017\" \/>\n<meta property=\"article:published_time\" content=\"2025-07-25T03:13:11+00:00\" \/>\n<meta property=\"article:modified_time\" content=\"2025-07-25T03:15:51+00:00\" \/>\n<meta property=\"og:image\" content=\"https:\/\/waracomunicaciones.com\/wp-content\/uploads\/2025\/07\/maicoo.webp\" \/>\n\t<meta property=\"og:image:width\" content=\"717\" \/>\n\t<meta property=\"og:image:height\" content=\"406\" \/>\n\t<meta property=\"og:image:type\" content=\"image\/webp\" \/>\n<meta name=\"author\" content=\"admin\" \/>\n<meta name=\"twitter:card\" content=\"summary_large_image\" \/>\n<meta name=\"twitter:label1\" content=\"Escrito por\" \/>\n\t<meta name=\"twitter:data1\" content=\"admin\" \/>\n\t<meta name=\"twitter:label2\" content=\"Tiempo de lectura\" \/>\n\t<meta name=\"twitter:data2\" content=\"2 minutos\" \/>\n<script type=\"application\/ld+json\" class=\"yoast-schema-graph\">{\"@context\":\"https:\/\/schema.org\",\"@graph\":[{\"@type\":\"Article\",\"@id\":\"https:\/\/waracomunicaciones.com\/?p=138#article\",\"isPartOf\":{\"@id\":\"https:\/\/waracomunicaciones.com\/?p=138\"},\"author\":{\"name\":\"admin\",\"@id\":\"https:\/\/waracomunicaciones.com\/#\/schema\/person\/e9db934bc91575cc71fe584c5973244a\"},\"headline\":\"Personas con discapacidad alzan la voz en Montero y reciben el compromiso de candidatos de la alianza LIBRE\",\"datePublished\":\"2025-07-25T03:13:11+00:00\",\"dateModified\":\"2025-07-25T03:15:51+00:00\",\"mainEntityOfPage\":{\"@id\":\"https:\/\/waracomunicaciones.com\/?p=138\"},\"wordCount\":345,\"commentCount\":0,\"publisher\":{\"@id\":\"https:\/\/waracomunicaciones.com\/#organization\"},\"image\":{\"@id\":\"https:\/\/waracomunicaciones.com\/?p=138#primaryimage\"},\"thumbnailUrl\":\"https:\/\/waracomunicaciones.com\/wp-content\/uploads\/2025\/07\/maicoo.webp\",\"keywords\":[\"Alianza Libre\",\"C-57\",\"Elecciones Nacionales 2025\",\"Maico Moreno Vaca\",\"Montero\"],\"articleSection\":[\"Pol\u00edtica\"],\"inLanguage\":\"es\",\"potentialAction\":[{\"@type\":\"CommentAction\",\"name\":\"Comment\",\"target\":[\"https:\/\/waracomunicaciones.com\/?p=138#respond\"]}]},{\"@type\":\"WebPage\",\"@id\":\"https:\/\/waracomunicaciones.com\/?p=138\",\"url\":\"https:\/\/waracomunicaciones.com\/?p=138\",\"name\":\"Personas con discapacidad alzan la voz en Montero y reciben el compromiso de candidatos de la alianza LIBRE - Wara Comunicaciones\",\"isPartOf\":{\"@id\":\"https:\/\/waracomunicaciones.com\/#website\"},\"primaryImageOfPage\":{\"@id\":\"https:\/\/waracomunicaciones.com\/?p=138#primaryimage\"},\"image\":{\"@id\":\"https:\/\/waracomunicaciones.com\/?p=138#primaryimage\"},\"thumbnailUrl\":\"https:\/\/waracomunicaciones.com\/wp-content\/uploads\/2025\/07\/maicoo.webp\",\"datePublished\":\"2025-07-25T03:13:11+00:00\",\"dateModified\":\"2025-07-25T03:15:51+00:00\",\"breadcrumb\":{\"@id\":\"https:\/\/waracomunicaciones.com\/?p=138#breadcrumb\"},\"inLanguage\":\"es\",\"potentialAction\":[{\"@type\":\"ReadAction\",\"target\":[\"https:\/\/waracomunicaciones.com\/?p=138\"]}]},{\"@type\":\"ImageObject\",\"inLanguage\":\"es\",\"@id\":\"https:\/\/waracomunicaciones.com\/?p=138#primaryimage\",\"url\":\"https:\/\/waracomunicaciones.com\/wp-content\/uploads\/2025\/07\/maicoo.webp\",\"contentUrl\":\"https:\/\/waracomunicaciones.com\/wp-content\/uploads\/2025\/07\/maicoo.webp\",\"width\":717,\"height\":406},{\"@type\":\"BreadcrumbList\",\"@id\":\"https:\/\/waracomunicaciones.com\/?p=138#breadcrumb\",\"itemListElement\":[{\"@type\":\"ListItem\",\"position\":1,\"name\":\"Portada\",\"item\":\"https:\/\/waracomunicaciones.com\/\"},{\"@type\":\"ListItem\",\"position\":2,\"name\":\"Personas con discapacidad alzan la voz en Montero y reciben el compromiso de candidatos de la alianza LIBRE\"}]},{\"@type\":\"WebSite\",\"@id\":\"https:\/\/waracomunicaciones.com\/#website\",\"url\":\"https:\/\/waracomunicaciones.com\/\",\"name\":\"Wara Comunicaciones\",\"description\":\"\",\"publisher\":{\"@id\":\"https:\/\/waracomunicaciones.com\/#organization\"},\"potentialAction\":[{\"@type\":\"SearchAction\",\"target\":{\"@type\":\"EntryPoint\",\"urlTemplate\":\"https:\/\/waracomunicaciones.com\/?s={search_term_string}\"},\"query-input\":{\"@type\":\"PropertyValueSpecification\",\"valueRequired\":true,\"valueName\":\"search_term_string\"}}],\"inLanguage\":\"es\"},{\"@type\":\"Organization\",\"@id\":\"https:\/\/waracomunicaciones.com\/#organization\",\"name\":\"Wara Comunicaciones\",\"url\":\"https:\/\/waracomunicaciones.com\/\",\"logo\":{\"@type\":\"ImageObject\",\"inLanguage\":\"es\",\"@id\":\"https:\/\/waracomunicaciones.com\/#\/schema\/logo\/image\/\",\"url\":\"https:\/\/waracomunicaciones.com\/wp-content\/uploads\/2025\/07\/logo.png\",\"contentUrl\":\"https:\/\/waracomunicaciones.com\/wp-content\/uploads\/2025\/07\/logo.png\",\"width\":400,\"height\":164,\"caption\":\"Wara Comunicaciones\"},\"image\":{\"@id\":\"https:\/\/waracomunicaciones.com\/#\/schema\/logo\/image\/\"},\"sameAs\":[\"https:\/\/www.facebook.com\/waracomunicaciones2017\"]},{\"@type\":\"Person\",\"@id\":\"https:\/\/waracomunicaciones.com\/#\/schema\/person\/e9db934bc91575cc71fe584c5973244a\",\"name\":\"admin\",\"image\":{\"@type\":\"ImageObject\",\"inLanguage\":\"es\",\"@id\":\"https:\/\/waracomunicaciones.com\/#\/schema\/person\/image\/\",\"url\":\"https:\/\/secure.gravatar.com\/avatar\/bf27e9186df568254093afa216f887fece17605302c6ff12f3980422fffa52e6?s=96&d=mm&r=g\",\"contentUrl\":\"https:\/\/secure.gravatar.com\/avatar\/bf27e9186df568254093afa216f887fece17605302c6ff12f3980422fffa52e6?s=96&d=mm&r=g\",\"caption\":\"admin\"},\"sameAs\":[\"https:\/\/waracomunicaciones.com\/wp\"],\"url\":\"https:\/\/waracomunicaciones.com\/?author=1\"}]}<\/script>\n<!-- \/ Yoast SEO Premium plugin. -->","yoast_head_json":{"title":"Personas con discapacidad alzan la voz en Montero y reciben el compromiso de candidatos de la alianza LIBRE - Wara Comunicaciones","robots":{"index":"index","follow":"follow","max-snippet":"max-snippet:-1","max-image-preview":"max-image-preview:large","max-video-preview":"max-video-preview:-1"},"canonical":"https:\/\/waracomunicaciones.com\/?p=138","og_locale":"es_ES","og_type":"article","og_title":"Personas con discapacidad alzan la voz en Montero y reciben el compromiso de candidatos de la alianza LIBRE","og_description":"Montero, &#8211; Con esperanza y determinaci\u00f3n, representantes de varias asociaciones de personas con discapacidad se reunieron en Montero con Maico Moreno y Dolly Carvajal, candidatos a la Asamblea Legislativa por la circunscripci\u00f3n 57 de la alianza LIBRE, que postula a Jorge \u00abTuto\u00bb Quiroga a la presidencia. En un emotivo encuentro, los asistentes expresaron su deseo [&hellip;]","og_url":"https:\/\/waracomunicaciones.com\/?p=138","og_site_name":"Wara Comunicaciones","article_publisher":"https:\/\/www.facebook.com\/waracomunicaciones2017","article_published_time":"2025-07-25T03:13:11+00:00","article_modified_time":"2025-07-25T03:15:51+00:00","og_image":[{"width":717,"height":406,"url":"https:\/\/waracomunicaciones.com\/wp-content\/uploads\/2025\/07\/maicoo.webp","type":"image\/webp"}],"author":"admin","twitter_card":"summary_large_image","twitter_misc":{"Escrito por":"admin","Tiempo de lectura":"2 minutos"},"schema":{"@context":"https:\/\/schema.org","@graph":[{"@type":"Article","@id":"https:\/\/waracomunicaciones.com\/?p=138#article","isPartOf":{"@id":"https:\/\/waracomunicaciones.com\/?p=138"},"author":{"name":"admin","@id":"https:\/\/waracomunicaciones.com\/#\/schema\/person\/e9db934bc91575cc71fe584c5973244a"},"headline":"Personas con discapacidad alzan la voz en Montero y reciben el compromiso de candidatos de la alianza LIBRE","datePublished":"2025-07-25T03:13:11+00:00","dateModified":"2025-07-25T03:15:51+00:00","mainEntityOfPage":{"@id":"https:\/\/waracomunicaciones.com\/?p=138"},"wordCount":345,"commentCount":0,"publisher":{"@id":"https:\/\/waracomunicaciones.com\/#organization"},"image":{"@id":"https:\/\/waracomunicaciones.com\/?p=138#primaryimage"},"thumbnailUrl":"https:\/\/waracomunicaciones.com\/wp-content\/uploads\/2025\/07\/maicoo.webp","keywords":["Alianza Libre","C-57","Elecciones Nacionales 2025","Maico Moreno Vaca","Montero"],"articleSection":["Pol\u00edtica"],"inLanguage":"es","potentialAction":[{"@type":"CommentAction","name":"Comment","target":["https:\/\/waracomunicaciones.com\/?p=138#respond"]}]},{"@type":"WebPage","@id":"https:\/\/waracomunicaciones.com\/?p=138","url":"https:\/\/waracomunicaciones.com\/?p=138","name":"Personas con discapacidad alzan la voz en Montero y reciben el compromiso de candidatos de la alianza LIBRE - Wara Comunicaciones","isPartOf":{"@id":"https:\/\/waracomunicaciones.com\/#website"},"primaryImageOfPage":{"@id":"https:\/\/waracomunicaciones.com\/?p=138#primaryimage"},"image":{"@id":"https:\/\/waracomunicaciones.com\/?p=138#primaryimage"},"thumbnailUrl":"https:\/\/waracomunicaciones.com\/wp-content\/uploads\/2025\/07\/maicoo.webp","datePublished":"2025-07-25T03:13:11+00:00","dateModified":"2025-07-25T03:15:51+00:00","breadcrumb":{"@id":"https:\/\/waracomunicaciones.com\/?p=138#breadcrumb"},"inLanguage":"es","potentialAction":[{"@type":"ReadAction","target":["https:\/\/waracomunicaciones.com\/?p=138"]}]},{"@type":"ImageObject","inLanguage":"es","@id":"https:\/\/waracomunicaciones.com\/?p=138#primaryimage","url":"https:\/\/waracomunicaciones.com\/wp-content\/uploads\/2025\/07\/maicoo.webp","contentUrl":"https:\/\/waracomunicaciones.com\/wp-content\/uploads\/2025\/07\/maicoo.webp","width":717,"height":406},{"@type":"BreadcrumbList","@id":"https:\/\/waracomunicaciones.com\/?p=138#breadcrumb","itemListElement":[{"@type":"ListItem","position":1,"name":"Portada","item":"https:\/\/waracomunicaciones.com\/"},{"@type":"ListItem","position":2,"name":"Personas con discapacidad alzan la voz en Montero y reciben el compromiso de candidatos de la alianza LIBRE"}]},{"@type":"WebSite","@id":"https:\/\/waracomunicaciones.com\/#website","url":"https:\/\/waracomunicaciones.com\/","name":"Wara Comunicaciones","description":"","publisher":{"@id":"https:\/\/waracomunicaciones.com\/#organization"},"potentialAction":[{"@type":"SearchAction","target":{"@type":"EntryPoint","urlTemplate":"https:\/\/waracomunicaciones.com\/?s={search_term_string}"},"query-input":{"@type":"PropertyValueSpecification","valueRequired":true,"valueName":"search_term_string"}}],"inLanguage":"es"},{"@type":"Organization","@id":"https:\/\/waracomunicaciones.com\/#organization","name":"Wara Comunicaciones","url":"https:\/\/waracomunicaciones.com\/","logo":{"@type":"ImageObject","inLanguage":"es","@id":"https:\/\/waracomunicaciones.com\/#\/schema\/logo\/image\/","url":"https:\/\/waracomunicaciones.com\/wp-content\/uploads\/2025\/07\/logo.png","contentUrl":"https:\/\/waracomunicaciones.com\/wp-content\/uploads\/2025\/07\/logo.png","width":400,"height":164,"caption":"Wara Comunicaciones"},"image":{"@id":"https:\/\/waracomunicaciones.com\/#\/schema\/logo\/image\/"},"sameAs":["https:\/\/www.facebook.com\/waracomunicaciones2017"]},{"@type":"Person","@id":"https:\/\/waracomunicaciones.com\/#\/schema\/person\/e9db934bc91575cc71fe584c5973244a","name":"admin","image":{"@type":"ImageObject","inLanguage":"es","@id":"https:\/\/waracomunicaciones.com\/#\/schema\/person\/image\/","url":"https:\/\/secure.gravatar.com\/avatar\/bf27e9186df568254093afa216f887fece17605302c6ff12f3980422fffa52e6?s=96&d=mm&r=g","contentUrl":"https:\/\/secure.gravatar.com\/avatar\/bf27e9186df568254093afa216f887fece17605302c6ff12f3980422fffa52e6?s=96&d=mm&r=g","caption":"admin"},"sameAs":["https:\/\/waracomunicaciones.com\/wp"],"url":"https:\/\/waracomunicaciones.com\/?author=1"}]}},"_links":{"self":[{"href":"https:\/\/waracomunicaciones.com\/index.php?rest_route=\/wp\/v2\/posts\/138","targetHints":{"allow":["GET"]}}],"collection":[{"href":"https:\/\/waracomunicaciones.com\/index.php?rest_route=\/wp\/v2\/posts"}],"about":[{"href":"https:\/\/waracomunicaciones.com\/index.php?rest_route=\/wp\/v2\/types\/post"}],"author":[{"embeddable":true,"href":"https:\/\/waracomunicaciones.com\/index.php?rest_route=\/wp\/v2\/users\/1"}],"replies":[{"embeddable":true,"href":"https:\/\/waracomunicaciones.com\/index.php?rest_route=%2Fwp%2Fv2%2Fcomments&post=138"}],"version-history":[{"count":2,"href":"https:\/\/waracomunicaciones.com\/index.php?rest_route=\/wp\/v2\/posts\/138\/revisions"}],"predecessor-version":[{"id":142,"href":"https:\/\/waracomunicaciones.com\/index.php?rest_route=\/wp\/v2\/posts\/138\/revisions\/142"}],"wp:featuredmedia":[{"embeddable":true,"href":"https:\/\/waracomunicaciones.com\/index.php?rest_route=\/wp\/v2\/media\/139"}],"wp:attachment":[{"href":"https:\/\/waracomunicaciones.com\/index.php?rest_route=%2Fwp%2Fv2%2Fmedia&parent=138"}],"wp:term":[{"taxonomy":"category","embeddable":true,"href":"https:\/\/waracomunicaciones.com\/index.php?rest_route=%2Fwp%2Fv2%2Fcategories&post=138"},{"taxonomy":"post_tag","embeddable":true,"href":"https:\/\/waracomunicaciones.com\/index.php?rest_route=%2Fwp%2Fv2%2Ftags&post=138"}],"curies":[{"name":"wp","href":"https:\/\/api.w.org\/{rel}","templated":true}]}}