{"id":1379,"date":"2026-01-22T16:34:10","date_gmt":"2026-01-22T20:34:10","guid":{"rendered":"https:\/\/waracomunicaciones.com\/?p=1379"},"modified":"2026-01-22T16:34:11","modified_gmt":"2026-01-22T20:34:11","slug":"autoridades-y-lideres-sociales-destacan-los-17-anos-del-estado-plurinacional-y-llaman-a-la-unidad-en-montero","status":"publish","type":"post","link":"https:\/\/waracomunicaciones.com\/?p=1379","title":{"rendered":"Autoridades y l\u00edderes sociales destacan los 17 a\u00f1os del Estado Plurinacional y llaman a la unidad en Montero"},"content":{"rendered":"\n<figure class=\"wp-block-image size-full\"><img loading=\"lazy\" decoding=\"async\" width=\"993\" height=\"571\" src=\"https:\/\/waracomunicaciones.com\/wp-content\/uploads\/2026\/01\/Guaman-Santi-y-Tomas.png\" alt=\"\" class=\"wp-image-1380\" srcset=\"https:\/\/waracomunicaciones.com\/wp-content\/uploads\/2026\/01\/Guaman-Santi-y-Tomas.png 993w, https:\/\/waracomunicaciones.com\/wp-content\/uploads\/2026\/01\/Guaman-Santi-y-Tomas-300x173.png 300w, https:\/\/waracomunicaciones.com\/wp-content\/uploads\/2026\/01\/Guaman-Santi-y-Tomas-768x442.png 768w\" sizes=\"auto, (max-width: 993px) 100vw, 993px\" \/><\/figure>\n\n\n\n<p>Foto Carlos Paredes (Cazador)<\/p>\n\n\n<p><strong>Montero, 22 de enero 2026.<\/strong><br \/>En el marco de la conmemoraci\u00f3n de los <strong>17 a\u00f1os de la fundaci\u00f3n del Estado Plurinacional de Bolivia<\/strong>, autoridades municipales, dirigentes sociales y l\u00edderes de opini\u00f3n resaltaron la importancia hist\u00f3rica de la nueva Constituci\u00f3n Pol\u00edtica del Estado, destacando los avances en inclusi\u00f3n, reconocimiento de derechos y revalorizaci\u00f3n de las identidades ind\u00edgenas originarias campesinas.<!--more--><\/p>\n<p>El ejecutivo de la <strong>Federaci\u00f3n de las Cuatro Provincias del Norte<\/strong>, <strong>Limber Guaman<\/strong>, expres\u00f3 un saludo fraterno a todo el sector productivo, campesino y al pueblo boliviano en su conjunto, recordando que la Constituci\u00f3n permiti\u00f3 la inclusi\u00f3n de sectores hist\u00f3ricamente marginados. \u201cHoy recordamos un momento en el que los pueblos ind\u00edgenas, los campesinos y quienes antes no ten\u00edan voz fueron reconocidos con dignidad\u201d, afirm\u00f3.<\/p>\n<p>Guaman agradeci\u00f3 el liderazgo del expresidente <strong>Evo Morales Ayma<\/strong>, a quien atribuy\u00f3 la consolidaci\u00f3n del Estado Plurinacional, se\u00f1alando que desde entonces se evidenci\u00f3 una mayor participaci\u00f3n ind\u00edgena en la Asamblea Legislativa y un desarrollo importante en infraestructura, obras camineras y beneficios sociales para trabajadores y productores del pa\u00eds.<\/p>\n<p>Por su parte, el concejal del municipio de Montero y candidato a la Alcald\u00eda para la gesti\u00f3n <strong>2026-2031<\/strong>, por la agrupaci\u00f3n <strong>Todos<\/strong>, Santiago Valenzuela reiter\u00f3 su compromiso con la lucha contra la corrupci\u00f3n y convoc\u00f3 a la unidad del pueblo montere\u00f1o. \u201cNuestro municipio ha sido olvidado y discriminado. Hoy hacemos un llamado a defender Montero, a unirnos para enfrentar nuevos desaf\u00edos y trabajar por la salud, la educaci\u00f3n y la transparencia\u201d, manifest\u00f3.<\/p>\n<p>Por otra parte Tomas Coca periodista y candidato a concejal por la alianza TODOS reflexion\u00f3 sobre el significado del Estado Plurinacional como un proceso de inclusi\u00f3n y convivencia entre culturas. Se\u00f1al\u00f3 que Bolivia pas\u00f3 de invisibilizar a amplios sectores de la poblaci\u00f3n a reconocerlos como parte fundamental del pa\u00eds. \u201cSomos diferentes, pero iguales, y el desaf\u00edo es aprender a convivir en esas diferencias\u201d, sostuvo.<\/p>\n<p>Asimismo, Coca destac\u00f3 la diversidad cultural de Montero como una fortaleza y propuso impulsar una identidad montere\u00f1a a trav\u00e9s de una gran entrada folcl\u00f3rica y la revalorizaci\u00f3n de la fiesta patronal del <strong>31 de agosto<\/strong>, como motor cultural y tur\u00edstico del municipio.<\/p>\n<p>Finalmente, el periodista y candidato <strong>Tom\u00e1s Coca<\/strong> subray\u00f3 la importancia de la educaci\u00f3n intercultural biling\u00fce y la revalorizaci\u00f3n de las lenguas originarias, recordando que hablar quechua antes era motivo de discriminaci\u00f3n. \u201cHoy hablar nuestras lenguas es motivo de orgullo, pero a\u00fan queda mucho camino por recorrer para una convivencia pac\u00edfica y respetuosa\u201d, afirm\u00f3.<\/p>\n<p>Los participantes coincidieron en que el <strong>22 de enero<\/strong> debe recordarse como el <strong>D\u00eda de la Inclusi\u00f3n, la Hermandad y la Igualdad<\/strong>, reafirmando el compromiso de trabajar por un pa\u00eds y un municipio m\u00e1s justo, plural y unido.<\/p>\n<p>\u00a0<\/p><div style=\"margin-top: 0px; margin-bottom: 0px;\" class=\"sharethis-inline-reaction-buttons\" ><\/div>","protected":false},"excerpt":{"rendered":"<p>Foto Carlos Paredes (Cazador) Montero, 22 de enero 2026.En el marco de la conmemoraci\u00f3n de los 17 a\u00f1os de la fundaci\u00f3n del Estado Plurinacional de Bolivia, autoridades municipales, dirigentes sociales y l\u00edderes de opini\u00f3n resaltaron la importancia hist\u00f3rica de la nueva Constituci\u00f3n Pol\u00edtica del Estado, destacando los avances en inclusi\u00f3n, reconocimiento de derechos y revalorizaci\u00f3n [&hellip;]<\/p>\n","protected":false},"author":2,"featured_media":0,"comment_status":"open","ping_status":"open","sticky":false,"template":"","format":"standard","meta":{"footnotes":""},"categories":[4,47],"tags":[],"class_list":["post-1379","post","type-post","status-publish","format-standard","hentry","category-nacional","category-politica-nacional"],"yoast_head":"<!-- This site is optimized with the Yoast SEO Premium plugin v25.5 (Yoast SEO v27.1.1) - https:\/\/yoast.com\/product\/yoast-seo-premium-wordpress\/ -->\n<title>Autoridades y l\u00edderes sociales destacan los 17 a\u00f1os del Estado Plurinacional y llaman a la unidad en Montero - Wara Comunicaciones<\/title>\n<meta name=\"robots\" content=\"index, follow, max-snippet:-1, max-image-preview:large, max-video-preview:-1\" \/>\n<link rel=\"canonical\" href=\"https:\/\/waracomunicaciones.com\/?p=1379\" \/>\n<meta property=\"og:locale\" content=\"es_ES\" \/>\n<meta property=\"og:type\" content=\"article\" \/>\n<meta property=\"og:title\" content=\"Autoridades y l\u00edderes sociales destacan los 17 a\u00f1os del Estado Plurinacional y llaman a la unidad en Montero\" \/>\n<meta property=\"og:description\" content=\"Foto Carlos Paredes (Cazador) Montero, 22 de enero 2026.En el marco de la conmemoraci\u00f3n de los 17 a\u00f1os de la fundaci\u00f3n del Estado Plurinacional de Bolivia, autoridades municipales, dirigentes sociales y l\u00edderes de opini\u00f3n resaltaron la importancia hist\u00f3rica de la nueva Constituci\u00f3n Pol\u00edtica del Estado, destacando los avances en inclusi\u00f3n, reconocimiento de derechos y revalorizaci\u00f3n [&hellip;]\" \/>\n<meta property=\"og:url\" content=\"https:\/\/waracomunicaciones.com\/?p=1379\" \/>\n<meta property=\"og:site_name\" content=\"Wara Comunicaciones\" \/>\n<meta property=\"article:publisher\" content=\"https:\/\/www.facebook.com\/waracomunicaciones2017\" \/>\n<meta property=\"article:published_time\" content=\"2026-01-22T20:34:10+00:00\" \/>\n<meta property=\"article:modified_time\" content=\"2026-01-22T20:34:11+00:00\" \/>\n<meta property=\"og:image\" content=\"https:\/\/waracomunicaciones.com\/wp-content\/uploads\/2026\/01\/Guaman-Santi-y-Tomas.png\" \/>\n\t<meta property=\"og:image:width\" content=\"993\" \/>\n\t<meta property=\"og:image:height\" content=\"571\" \/>\n\t<meta property=\"og:image:type\" content=\"image\/png\" \/>\n<meta name=\"author\" content=\"Tom\u00e1s Coca\" \/>\n<meta name=\"twitter:card\" content=\"summary_large_image\" \/>\n<meta name=\"twitter:label1\" content=\"Escrito por\" \/>\n\t<meta name=\"twitter:data1\" content=\"Tom\u00e1s Coca\" \/>\n\t<meta name=\"twitter:label2\" content=\"Tiempo de lectura\" \/>\n\t<meta name=\"twitter:data2\" content=\"3 minutos\" \/>\n<script type=\"application\/ld+json\" class=\"yoast-schema-graph\">{\"@context\":\"https:\/\/schema.org\",\"@graph\":[{\"@type\":\"Article\",\"@id\":\"https:\/\/waracomunicaciones.com\/?p=1379#article\",\"isPartOf\":{\"@id\":\"https:\/\/waracomunicaciones.com\/?p=1379\"},\"author\":{\"name\":\"Tom\u00e1s Coca\",\"@id\":\"https:\/\/waracomunicaciones.com\/#\/schema\/person\/cbfc6e874b874c69982b6f254108e9f0\"},\"headline\":\"Autoridades y l\u00edderes sociales destacan los 17 a\u00f1os del Estado Plurinacional y llaman a la unidad en Montero\",\"datePublished\":\"2026-01-22T20:34:10+00:00\",\"dateModified\":\"2026-01-22T20:34:11+00:00\",\"mainEntityOfPage\":{\"@id\":\"https:\/\/waracomunicaciones.com\/?p=1379\"},\"wordCount\":507,\"commentCount\":0,\"publisher\":{\"@id\":\"https:\/\/waracomunicaciones.com\/#organization\"},\"image\":{\"@id\":\"https:\/\/waracomunicaciones.com\/?p=1379#primaryimage\"},\"thumbnailUrl\":\"https:\/\/waracomunicaciones.com\/wp-content\/uploads\/2026\/01\/Guaman-Santi-y-Tomas.png\",\"articleSection\":[\"NACIONAL\",\"Pol\u00edtica\"],\"inLanguage\":\"es\",\"potentialAction\":[{\"@type\":\"CommentAction\",\"name\":\"Comment\",\"target\":[\"https:\/\/waracomunicaciones.com\/?p=1379#respond\"]}]},{\"@type\":\"WebPage\",\"@id\":\"https:\/\/waracomunicaciones.com\/?p=1379\",\"url\":\"https:\/\/waracomunicaciones.com\/?p=1379\",\"name\":\"Autoridades y l\u00edderes sociales destacan los 17 a\u00f1os del Estado Plurinacional y llaman a la unidad en Montero - Wara Comunicaciones\",\"isPartOf\":{\"@id\":\"https:\/\/waracomunicaciones.com\/#website\"},\"primaryImageOfPage\":{\"@id\":\"https:\/\/waracomunicaciones.com\/?p=1379#primaryimage\"},\"image\":{\"@id\":\"https:\/\/waracomunicaciones.com\/?p=1379#primaryimage\"},\"thumbnailUrl\":\"https:\/\/waracomunicaciones.com\/wp-content\/uploads\/2026\/01\/Guaman-Santi-y-Tomas.png\",\"datePublished\":\"2026-01-22T20:34:10+00:00\",\"dateModified\":\"2026-01-22T20:34:11+00:00\",\"breadcrumb\":{\"@id\":\"https:\/\/waracomunicaciones.com\/?p=1379#breadcrumb\"},\"inLanguage\":\"es\",\"potentialAction\":[{\"@type\":\"ReadAction\",\"target\":[\"https:\/\/waracomunicaciones.com\/?p=1379\"]}]},{\"@type\":\"ImageObject\",\"inLanguage\":\"es\",\"@id\":\"https:\/\/waracomunicaciones.com\/?p=1379#primaryimage\",\"url\":\"https:\/\/waracomunicaciones.com\/wp-content\/uploads\/2026\/01\/Guaman-Santi-y-Tomas.png\",\"contentUrl\":\"https:\/\/waracomunicaciones.com\/wp-content\/uploads\/2026\/01\/Guaman-Santi-y-Tomas.png\",\"width\":993,\"height\":571},{\"@type\":\"BreadcrumbList\",\"@id\":\"https:\/\/waracomunicaciones.com\/?p=1379#breadcrumb\",\"itemListElement\":[{\"@type\":\"ListItem\",\"position\":1,\"name\":\"Portada\",\"item\":\"https:\/\/waracomunicaciones.com\/\"},{\"@type\":\"ListItem\",\"position\":2,\"name\":\"Autoridades y l\u00edderes sociales destacan los 17 a\u00f1os del Estado Plurinacional y llaman a la unidad en Montero\"}]},{\"@type\":\"WebSite\",\"@id\":\"https:\/\/waracomunicaciones.com\/#website\",\"url\":\"https:\/\/waracomunicaciones.com\/\",\"name\":\"Wara Comunicaciones\",\"description\":\"\",\"publisher\":{\"@id\":\"https:\/\/waracomunicaciones.com\/#organization\"},\"potentialAction\":[{\"@type\":\"SearchAction\",\"target\":{\"@type\":\"EntryPoint\",\"urlTemplate\":\"https:\/\/waracomunicaciones.com\/?s={search_term_string}\"},\"query-input\":{\"@type\":\"PropertyValueSpecification\",\"valueRequired\":true,\"valueName\":\"search_term_string\"}}],\"inLanguage\":\"es\"},{\"@type\":\"Organization\",\"@id\":\"https:\/\/waracomunicaciones.com\/#organization\",\"name\":\"Wara Comunicaciones\",\"url\":\"https:\/\/waracomunicaciones.com\/\",\"logo\":{\"@type\":\"ImageObject\",\"inLanguage\":\"es\",\"@id\":\"https:\/\/waracomunicaciones.com\/#\/schema\/logo\/image\/\",\"url\":\"https:\/\/waracomunicaciones.com\/wp-content\/uploads\/2025\/07\/logo.png\",\"contentUrl\":\"https:\/\/waracomunicaciones.com\/wp-content\/uploads\/2025\/07\/logo.png\",\"width\":400,\"height\":164,\"caption\":\"Wara Comunicaciones\"},\"image\":{\"@id\":\"https:\/\/waracomunicaciones.com\/#\/schema\/logo\/image\/\"},\"sameAs\":[\"https:\/\/www.facebook.com\/waracomunicaciones2017\"]},{\"@type\":\"Person\",\"@id\":\"https:\/\/waracomunicaciones.com\/#\/schema\/person\/cbfc6e874b874c69982b6f254108e9f0\",\"name\":\"Tom\u00e1s Coca\",\"image\":{\"@type\":\"ImageObject\",\"inLanguage\":\"es\",\"@id\":\"https:\/\/waracomunicaciones.com\/#\/schema\/person\/image\/\",\"url\":\"https:\/\/secure.gravatar.com\/avatar\/482131bd67ce2dac1261229602fd0c47826af81f4ac6608b066b29cac2a6e65d?s=96&d=mm&r=g\",\"contentUrl\":\"https:\/\/secure.gravatar.com\/avatar\/482131bd67ce2dac1261229602fd0c47826af81f4ac6608b066b29cac2a6e65d?s=96&d=mm&r=g\",\"caption\":\"Tom\u00e1s Coca\"},\"sameAs\":[\"https:\/\/waracomunicaciones.com\"],\"url\":\"https:\/\/waracomunicaciones.com\/?author=2\"}]}<\/script>\n<!-- \/ Yoast SEO Premium plugin. -->","yoast_head_json":{"title":"Autoridades y l\u00edderes sociales destacan los 17 a\u00f1os del Estado Plurinacional y llaman a la unidad en Montero - Wara Comunicaciones","robots":{"index":"index","follow":"follow","max-snippet":"max-snippet:-1","max-image-preview":"max-image-preview:large","max-video-preview":"max-video-preview:-1"},"canonical":"https:\/\/waracomunicaciones.com\/?p=1379","og_locale":"es_ES","og_type":"article","og_title":"Autoridades y l\u00edderes sociales destacan los 17 a\u00f1os del Estado Plurinacional y llaman a la unidad en Montero","og_description":"Foto Carlos Paredes (Cazador) Montero, 22 de enero 2026.En el marco de la conmemoraci\u00f3n de los 17 a\u00f1os de la fundaci\u00f3n del Estado Plurinacional de Bolivia, autoridades municipales, dirigentes sociales y l\u00edderes de opini\u00f3n resaltaron la importancia hist\u00f3rica de la nueva Constituci\u00f3n Pol\u00edtica del Estado, destacando los avances en inclusi\u00f3n, reconocimiento de derechos y revalorizaci\u00f3n [&hellip;]","og_url":"https:\/\/waracomunicaciones.com\/?p=1379","og_site_name":"Wara Comunicaciones","article_publisher":"https:\/\/www.facebook.com\/waracomunicaciones2017","article_published_time":"2026-01-22T20:34:10+00:00","article_modified_time":"2026-01-22T20:34:11+00:00","og_image":[{"width":993,"height":571,"url":"https:\/\/waracomunicaciones.com\/wp-content\/uploads\/2026\/01\/Guaman-Santi-y-Tomas.png","type":"image\/png"}],"author":"Tom\u00e1s Coca","twitter_card":"summary_large_image","twitter_misc":{"Escrito por":"Tom\u00e1s Coca","Tiempo de lectura":"3 minutos"},"schema":{"@context":"https:\/\/schema.org","@graph":[{"@type":"Article","@id":"https:\/\/waracomunicaciones.com\/?p=1379#article","isPartOf":{"@id":"https:\/\/waracomunicaciones.com\/?p=1379"},"author":{"name":"Tom\u00e1s Coca","@id":"https:\/\/waracomunicaciones.com\/#\/schema\/person\/cbfc6e874b874c69982b6f254108e9f0"},"headline":"Autoridades y l\u00edderes sociales destacan los 17 a\u00f1os del Estado Plurinacional y llaman a la unidad en Montero","datePublished":"2026-01-22T20:34:10+00:00","dateModified":"2026-01-22T20:34:11+00:00","mainEntityOfPage":{"@id":"https:\/\/waracomunicaciones.com\/?p=1379"},"wordCount":507,"commentCount":0,"publisher":{"@id":"https:\/\/waracomunicaciones.com\/#organization"},"image":{"@id":"https:\/\/waracomunicaciones.com\/?p=1379#primaryimage"},"thumbnailUrl":"https:\/\/waracomunicaciones.com\/wp-content\/uploads\/2026\/01\/Guaman-Santi-y-Tomas.png","articleSection":["NACIONAL","Pol\u00edtica"],"inLanguage":"es","potentialAction":[{"@type":"CommentAction","name":"Comment","target":["https:\/\/waracomunicaciones.com\/?p=1379#respond"]}]},{"@type":"WebPage","@id":"https:\/\/waracomunicaciones.com\/?p=1379","url":"https:\/\/waracomunicaciones.com\/?p=1379","name":"Autoridades y l\u00edderes sociales destacan los 17 a\u00f1os del Estado Plurinacional y llaman a la unidad en Montero - Wara Comunicaciones","isPartOf":{"@id":"https:\/\/waracomunicaciones.com\/#website"},"primaryImageOfPage":{"@id":"https:\/\/waracomunicaciones.com\/?p=1379#primaryimage"},"image":{"@id":"https:\/\/waracomunicaciones.com\/?p=1379#primaryimage"},"thumbnailUrl":"https:\/\/waracomunicaciones.com\/wp-content\/uploads\/2026\/01\/Guaman-Santi-y-Tomas.png","datePublished":"2026-01-22T20:34:10+00:00","dateModified":"2026-01-22T20:34:11+00:00","breadcrumb":{"@id":"https:\/\/waracomunicaciones.com\/?p=1379#breadcrumb"},"inLanguage":"es","potentialAction":[{"@type":"ReadAction","target":["https:\/\/waracomunicaciones.com\/?p=1379"]}]},{"@type":"ImageObject","inLanguage":"es","@id":"https:\/\/waracomunicaciones.com\/?p=1379#primaryimage","url":"https:\/\/waracomunicaciones.com\/wp-content\/uploads\/2026\/01\/Guaman-Santi-y-Tomas.png","contentUrl":"https:\/\/waracomunicaciones.com\/wp-content\/uploads\/2026\/01\/Guaman-Santi-y-Tomas.png","width":993,"height":571},{"@type":"BreadcrumbList","@id":"https:\/\/waracomunicaciones.com\/?p=1379#breadcrumb","itemListElement":[{"@type":"ListItem","position":1,"name":"Portada","item":"https:\/\/waracomunicaciones.com\/"},{"@type":"ListItem","position":2,"name":"Autoridades y l\u00edderes sociales destacan los 17 a\u00f1os del Estado Plurinacional y llaman a la unidad en Montero"}]},{"@type":"WebSite","@id":"https:\/\/waracomunicaciones.com\/#website","url":"https:\/\/waracomunicaciones.com\/","name":"Wara Comunicaciones","description":"","publisher":{"@id":"https:\/\/waracomunicaciones.com\/#organization"},"potentialAction":[{"@type":"SearchAction","target":{"@type":"EntryPoint","urlTemplate":"https:\/\/waracomunicaciones.com\/?s={search_term_string}"},"query-input":{"@type":"PropertyValueSpecification","valueRequired":true,"valueName":"search_term_string"}}],"inLanguage":"es"},{"@type":"Organization","@id":"https:\/\/waracomunicaciones.com\/#organization","name":"Wara Comunicaciones","url":"https:\/\/waracomunicaciones.com\/","logo":{"@type":"ImageObject","inLanguage":"es","@id":"https:\/\/waracomunicaciones.com\/#\/schema\/logo\/image\/","url":"https:\/\/waracomunicaciones.com\/wp-content\/uploads\/2025\/07\/logo.png","contentUrl":"https:\/\/waracomunicaciones.com\/wp-content\/uploads\/2025\/07\/logo.png","width":400,"height":164,"caption":"Wara Comunicaciones"},"image":{"@id":"https:\/\/waracomunicaciones.com\/#\/schema\/logo\/image\/"},"sameAs":["https:\/\/www.facebook.com\/waracomunicaciones2017"]},{"@type":"Person","@id":"https:\/\/waracomunicaciones.com\/#\/schema\/person\/cbfc6e874b874c69982b6f254108e9f0","name":"Tom\u00e1s Coca","image":{"@type":"ImageObject","inLanguage":"es","@id":"https:\/\/waracomunicaciones.com\/#\/schema\/person\/image\/","url":"https:\/\/secure.gravatar.com\/avatar\/482131bd67ce2dac1261229602fd0c47826af81f4ac6608b066b29cac2a6e65d?s=96&d=mm&r=g","contentUrl":"https:\/\/secure.gravatar.com\/avatar\/482131bd67ce2dac1261229602fd0c47826af81f4ac6608b066b29cac2a6e65d?s=96&d=mm&r=g","caption":"Tom\u00e1s Coca"},"sameAs":["https:\/\/waracomunicaciones.com"],"url":"https:\/\/waracomunicaciones.com\/?author=2"}]}},"_links":{"self":[{"href":"https:\/\/waracomunicaciones.com\/index.php?rest_route=\/wp\/v2\/posts\/1379","targetHints":{"allow":["GET"]}}],"collection":[{"href":"https:\/\/waracomunicaciones.com\/index.php?rest_route=\/wp\/v2\/posts"}],"about":[{"href":"https:\/\/waracomunicaciones.com\/index.php?rest_route=\/wp\/v2\/types\/post"}],"author":[{"embeddable":true,"href":"https:\/\/waracomunicaciones.com\/index.php?rest_route=\/wp\/v2\/users\/2"}],"replies":[{"embeddable":true,"href":"https:\/\/waracomunicaciones.com\/index.php?rest_route=%2Fwp%2Fv2%2Fcomments&post=1379"}],"version-history":[{"count":1,"href":"https:\/\/waracomunicaciones.com\/index.php?rest_route=\/wp\/v2\/posts\/1379\/revisions"}],"predecessor-version":[{"id":1381,"href":"https:\/\/waracomunicaciones.com\/index.php?rest_route=\/wp\/v2\/posts\/1379\/revisions\/1381"}],"wp:attachment":[{"href":"https:\/\/waracomunicaciones.com\/index.php?rest_route=%2Fwp%2Fv2%2Fmedia&parent=1379"}],"wp:term":[{"taxonomy":"category","embeddable":true,"href":"https:\/\/waracomunicaciones.com\/index.php?rest_route=%2Fwp%2Fv2%2Fcategories&post=1379"},{"taxonomy":"post_tag","embeddable":true,"href":"https:\/\/waracomunicaciones.com\/index.php?rest_route=%2Fwp%2Fv2%2Ftags&post=1379"}],"curies":[{"name":"wp","href":"https:\/\/api.w.org\/{rel}","templated":true}]}}