{"id":1376,"date":"2026-01-22T09:48:56","date_gmt":"2026-01-22T13:48:56","guid":{"rendered":"https:\/\/waracomunicaciones.com\/?p=1376"},"modified":"2026-01-22T09:49:40","modified_gmt":"2026-01-22T13:49:40","slug":"finor-y-cosmol-firman-convenio-para-fortalecer-la-formacion-profesional-y-la-excelencia-administrativa","status":"publish","type":"post","link":"https:\/\/waracomunicaciones.com\/?p=1376","title":{"rendered":"FINOR y COSMOL firman convenio para fortalecer la formaci\u00f3n profesional y la excelencia administrativa"},"content":{"rendered":"\n<figure class=\"wp-block-image size-full\"><img loading=\"lazy\" decoding=\"async\" width=\"723\" height=\"620\" src=\"https:\/\/waracomunicaciones.com\/wp-content\/uploads\/2026\/01\/Cuellara-Rivera-22-ene-26.png\" alt=\"\" class=\"wp-image-1377\" srcset=\"https:\/\/waracomunicaciones.com\/wp-content\/uploads\/2026\/01\/Cuellara-Rivera-22-ene-26.png 723w, https:\/\/waracomunicaciones.com\/wp-content\/uploads\/2026\/01\/Cuellara-Rivera-22-ene-26-300x257.png 300w\" sizes=\"auto, (max-width: 723px) 100vw, 723px\" \/><\/figure>\n\n\n\n<p>Foto Carlos Paredes (El cazador)<\/p>\n\n\n<p>Montero 22 enero 2026.\u2013 La Facultad Integral del Norte (FINOR) y la Cooperativa de Servicios P\u00fablicos COSMOL R.L. firmaron un importante convenio interinstitucional que permitir\u00e1 a estudiantes de las diez carreras de esta casa de estudios superiores realizar pr\u00e1cticas, pasant\u00edas, trabajos dirigidos y tesis dentro de la cooperativa, fortaleciendo as\u00ed la formaci\u00f3n profesional con experiencia pr\u00e1ctica.<!--more--><\/p>\n<p>El decano de la FINOR, <strong>Jorge Cu\u00e9llar<\/strong>, destac\u00f3 que este acuerdo beneficia a todas las carreras de la facultad y permite a los estudiantes involucrarse directamente en la visi\u00f3n de excelencia administrativa que impulsa COSMOL. \u201cNuestros estudiantes no vienen solo a cumplir tareas b\u00e1sicas; ser\u00e1n protagonistas del proceso administrativo, t\u00e9cnico y humano que sostiene el servicio que brinda la cooperativa\u201d, afirm\u00f3.<\/p>\n<p>Cu\u00e9llar explic\u00f3 que el convenio abarca \u00e1reas como administraci\u00f3n, contabilidad, sistemas, ingenier\u00eda, apoyo jur\u00eddico, salud ocupacional, terapia ocupacional y seguimiento al personal, lo que permitir\u00e1 a los estudiantes aplicar los conocimientos adquiridos en aula en un entorno real. \u201cNo son pasantes, son practicantes que pondr\u00e1n en acci\u00f3n sus competencias acad\u00e9micas\u201d, remarc\u00f3.<\/p>\n<p>Por su parte, el presidente del Consejo de Administraci\u00f3n de COSMOL R.L., <strong>Mart\u00edn Rivera<\/strong>, expres\u00f3 su satisfacci\u00f3n por la firma del convenio y se\u00f1al\u00f3 que se solicit\u00f3 a la universidad el env\u00edo de los mejores estudiantes. \u201cQueremos j\u00f3venes con nuevas ideas, con innovaci\u00f3n, que contribuyan al proceso de renovaci\u00f3n natural de nuestra instituci\u00f3n\u201d, manifest\u00f3.<\/p>\n<p>Rivera tambi\u00e9n inform\u00f3 sobre importantes avances en infraestructura h\u00eddrica. Anunci\u00f3 que en la primera semana de febrero se inaugurar\u00e1 el pozo de agua del Distrito 2 en la zona Fabiola, y en marzo el pozo del Naranjal, adem\u00e1s de la posible perforaci\u00f3n de un tercer pozo en la zona de Turuvito. Estas obras permitir\u00e1n mejorar la presi\u00f3n del agua y reducir la turbidez en varios barrios de la ciudad.<\/p>\n<p>En el marco del proceso electoral subnacional, el presidente de COSMOL adelant\u00f3 la propuesta de realizar una <strong>Cumbre del Agua<\/strong>, donde se invitar\u00e1 a los candidatos a la Alcald\u00eda de Montero para que presenten sus propuestas sobre agua potable y saneamiento b\u00e1sico. \u201cEl agua es un tema fundamental para la vida y debe ser prioridad en la agenda municipal\u201d, enfatiz\u00f3.<\/p>\n<p>Con este convenio, FINOR y COSMOL reafirman su compromiso con la formaci\u00f3n de profesionales competentes y con el fortalecimiento de los servicios b\u00e1sicos en beneficio de la poblaci\u00f3n montere\u00f1a.<\/p>\n<p>\u00a0<\/p><div style=\"margin-top: 0px; margin-bottom: 0px;\" class=\"sharethis-inline-reaction-buttons\" ><\/div>","protected":false},"excerpt":{"rendered":"<p>Foto Carlos Paredes (El cazador) Montero 22 enero 2026.\u2013 La Facultad Integral del Norte (FINOR) y la Cooperativa de Servicios P\u00fablicos COSMOL R.L. firmaron un importante convenio interinstitucional que permitir\u00e1 a estudiantes de las diez carreras de esta casa de estudios superiores realizar pr\u00e1cticas, pasant\u00edas, trabajos dirigidos y tesis dentro de la cooperativa, fortaleciendo as\u00ed [&hellip;]<\/p>\n","protected":false},"author":2,"featured_media":0,"comment_status":"open","ping_status":"open","sticky":false,"template":"","format":"standard","meta":{"footnotes":""},"categories":[5,42],"tags":[],"class_list":["post-1376","post","type-post","status-publish","format-standard","hentry","category-local","category-politica"],"yoast_head":"<!-- This site is optimized with the Yoast SEO Premium plugin v25.5 (Yoast SEO v27.1.1) - https:\/\/yoast.com\/product\/yoast-seo-premium-wordpress\/ -->\n<title>FINOR y COSMOL firman convenio para fortalecer la formaci\u00f3n profesional y la excelencia administrativa - Wara Comunicaciones<\/title>\n<meta name=\"robots\" content=\"index, follow, max-snippet:-1, max-image-preview:large, max-video-preview:-1\" \/>\n<link rel=\"canonical\" href=\"https:\/\/waracomunicaciones.com\/?p=1376\" \/>\n<meta property=\"og:locale\" content=\"es_ES\" \/>\n<meta property=\"og:type\" content=\"article\" \/>\n<meta property=\"og:title\" content=\"FINOR y COSMOL firman convenio para fortalecer la formaci\u00f3n profesional y la excelencia administrativa\" \/>\n<meta property=\"og:description\" content=\"Foto Carlos Paredes (El cazador) Montero 22 enero 2026.\u2013 La Facultad Integral del Norte (FINOR) y la Cooperativa de Servicios P\u00fablicos COSMOL R.L. firmaron un importante convenio interinstitucional que permitir\u00e1 a estudiantes de las diez carreras de esta casa de estudios superiores realizar pr\u00e1cticas, pasant\u00edas, trabajos dirigidos y tesis dentro de la cooperativa, fortaleciendo as\u00ed [&hellip;]\" \/>\n<meta property=\"og:url\" content=\"https:\/\/waracomunicaciones.com\/?p=1376\" \/>\n<meta property=\"og:site_name\" content=\"Wara Comunicaciones\" \/>\n<meta property=\"article:publisher\" content=\"https:\/\/www.facebook.com\/waracomunicaciones2017\" \/>\n<meta property=\"article:published_time\" content=\"2026-01-22T13:48:56+00:00\" \/>\n<meta property=\"article:modified_time\" content=\"2026-01-22T13:49:40+00:00\" \/>\n<meta property=\"og:image\" content=\"https:\/\/waracomunicaciones.com\/wp-content\/uploads\/2026\/01\/Cuellara-Rivera-22-ene-26.png\" \/>\n\t<meta property=\"og:image:width\" content=\"723\" \/>\n\t<meta property=\"og:image:height\" content=\"620\" \/>\n\t<meta property=\"og:image:type\" content=\"image\/png\" \/>\n<meta name=\"author\" content=\"Tom\u00e1s Coca\" \/>\n<meta name=\"twitter:card\" content=\"summary_large_image\" \/>\n<meta name=\"twitter:label1\" content=\"Escrito por\" \/>\n\t<meta name=\"twitter:data1\" content=\"Tom\u00e1s Coca\" \/>\n\t<meta name=\"twitter:label2\" content=\"Tiempo de lectura\" \/>\n\t<meta name=\"twitter:data2\" content=\"2 minutos\" \/>\n<script type=\"application\/ld+json\" class=\"yoast-schema-graph\">{\"@context\":\"https:\/\/schema.org\",\"@graph\":[{\"@type\":\"Article\",\"@id\":\"https:\/\/waracomunicaciones.com\/?p=1376#article\",\"isPartOf\":{\"@id\":\"https:\/\/waracomunicaciones.com\/?p=1376\"},\"author\":{\"name\":\"Tom\u00e1s Coca\",\"@id\":\"https:\/\/waracomunicaciones.com\/#\/schema\/person\/cbfc6e874b874c69982b6f254108e9f0\"},\"headline\":\"FINOR y COSMOL firman convenio para fortalecer la formaci\u00f3n profesional y la excelencia administrativa\",\"datePublished\":\"2026-01-22T13:48:56+00:00\",\"dateModified\":\"2026-01-22T13:49:40+00:00\",\"mainEntityOfPage\":{\"@id\":\"https:\/\/waracomunicaciones.com\/?p=1376\"},\"wordCount\":437,\"commentCount\":0,\"publisher\":{\"@id\":\"https:\/\/waracomunicaciones.com\/#organization\"},\"image\":{\"@id\":\"https:\/\/waracomunicaciones.com\/?p=1376#primaryimage\"},\"thumbnailUrl\":\"https:\/\/waracomunicaciones.com\/wp-content\/uploads\/2026\/01\/Cuellara-Rivera-22-ene-26.png\",\"articleSection\":[\"LOCAL\",\"Pol\u00edtica\"],\"inLanguage\":\"es\",\"potentialAction\":[{\"@type\":\"CommentAction\",\"name\":\"Comment\",\"target\":[\"https:\/\/waracomunicaciones.com\/?p=1376#respond\"]}]},{\"@type\":\"WebPage\",\"@id\":\"https:\/\/waracomunicaciones.com\/?p=1376\",\"url\":\"https:\/\/waracomunicaciones.com\/?p=1376\",\"name\":\"FINOR y COSMOL firman convenio para fortalecer la formaci\u00f3n profesional y la excelencia administrativa - Wara Comunicaciones\",\"isPartOf\":{\"@id\":\"https:\/\/waracomunicaciones.com\/#website\"},\"primaryImageOfPage\":{\"@id\":\"https:\/\/waracomunicaciones.com\/?p=1376#primaryimage\"},\"image\":{\"@id\":\"https:\/\/waracomunicaciones.com\/?p=1376#primaryimage\"},\"thumbnailUrl\":\"https:\/\/waracomunicaciones.com\/wp-content\/uploads\/2026\/01\/Cuellara-Rivera-22-ene-26.png\",\"datePublished\":\"2026-01-22T13:48:56+00:00\",\"dateModified\":\"2026-01-22T13:49:40+00:00\",\"breadcrumb\":{\"@id\":\"https:\/\/waracomunicaciones.com\/?p=1376#breadcrumb\"},\"inLanguage\":\"es\",\"potentialAction\":[{\"@type\":\"ReadAction\",\"target\":[\"https:\/\/waracomunicaciones.com\/?p=1376\"]}]},{\"@type\":\"ImageObject\",\"inLanguage\":\"es\",\"@id\":\"https:\/\/waracomunicaciones.com\/?p=1376#primaryimage\",\"url\":\"https:\/\/waracomunicaciones.com\/wp-content\/uploads\/2026\/01\/Cuellara-Rivera-22-ene-26.png\",\"contentUrl\":\"https:\/\/waracomunicaciones.com\/wp-content\/uploads\/2026\/01\/Cuellara-Rivera-22-ene-26.png\",\"width\":723,\"height\":620},{\"@type\":\"BreadcrumbList\",\"@id\":\"https:\/\/waracomunicaciones.com\/?p=1376#breadcrumb\",\"itemListElement\":[{\"@type\":\"ListItem\",\"position\":1,\"name\":\"Portada\",\"item\":\"https:\/\/waracomunicaciones.com\/\"},{\"@type\":\"ListItem\",\"position\":2,\"name\":\"FINOR y COSMOL firman convenio para fortalecer la formaci\u00f3n profesional y la excelencia administrativa\"}]},{\"@type\":\"WebSite\",\"@id\":\"https:\/\/waracomunicaciones.com\/#website\",\"url\":\"https:\/\/waracomunicaciones.com\/\",\"name\":\"Wara Comunicaciones\",\"description\":\"\",\"publisher\":{\"@id\":\"https:\/\/waracomunicaciones.com\/#organization\"},\"potentialAction\":[{\"@type\":\"SearchAction\",\"target\":{\"@type\":\"EntryPoint\",\"urlTemplate\":\"https:\/\/waracomunicaciones.com\/?s={search_term_string}\"},\"query-input\":{\"@type\":\"PropertyValueSpecification\",\"valueRequired\":true,\"valueName\":\"search_term_string\"}}],\"inLanguage\":\"es\"},{\"@type\":\"Organization\",\"@id\":\"https:\/\/waracomunicaciones.com\/#organization\",\"name\":\"Wara Comunicaciones\",\"url\":\"https:\/\/waracomunicaciones.com\/\",\"logo\":{\"@type\":\"ImageObject\",\"inLanguage\":\"es\",\"@id\":\"https:\/\/waracomunicaciones.com\/#\/schema\/logo\/image\/\",\"url\":\"https:\/\/waracomunicaciones.com\/wp-content\/uploads\/2025\/07\/logo.png\",\"contentUrl\":\"https:\/\/waracomunicaciones.com\/wp-content\/uploads\/2025\/07\/logo.png\",\"width\":400,\"height\":164,\"caption\":\"Wara Comunicaciones\"},\"image\":{\"@id\":\"https:\/\/waracomunicaciones.com\/#\/schema\/logo\/image\/\"},\"sameAs\":[\"https:\/\/www.facebook.com\/waracomunicaciones2017\"]},{\"@type\":\"Person\",\"@id\":\"https:\/\/waracomunicaciones.com\/#\/schema\/person\/cbfc6e874b874c69982b6f254108e9f0\",\"name\":\"Tom\u00e1s Coca\",\"image\":{\"@type\":\"ImageObject\",\"inLanguage\":\"es\",\"@id\":\"https:\/\/waracomunicaciones.com\/#\/schema\/person\/image\/\",\"url\":\"https:\/\/secure.gravatar.com\/avatar\/482131bd67ce2dac1261229602fd0c47826af81f4ac6608b066b29cac2a6e65d?s=96&d=mm&r=g\",\"contentUrl\":\"https:\/\/secure.gravatar.com\/avatar\/482131bd67ce2dac1261229602fd0c47826af81f4ac6608b066b29cac2a6e65d?s=96&d=mm&r=g\",\"caption\":\"Tom\u00e1s Coca\"},\"sameAs\":[\"https:\/\/waracomunicaciones.com\"],\"url\":\"https:\/\/waracomunicaciones.com\/?author=2\"}]}<\/script>\n<!-- \/ Yoast SEO Premium plugin. -->","yoast_head_json":{"title":"FINOR y COSMOL firman convenio para fortalecer la formaci\u00f3n profesional y la excelencia administrativa - Wara Comunicaciones","robots":{"index":"index","follow":"follow","max-snippet":"max-snippet:-1","max-image-preview":"max-image-preview:large","max-video-preview":"max-video-preview:-1"},"canonical":"https:\/\/waracomunicaciones.com\/?p=1376","og_locale":"es_ES","og_type":"article","og_title":"FINOR y COSMOL firman convenio para fortalecer la formaci\u00f3n profesional y la excelencia administrativa","og_description":"Foto Carlos Paredes (El cazador) Montero 22 enero 2026.\u2013 La Facultad Integral del Norte (FINOR) y la Cooperativa de Servicios P\u00fablicos COSMOL R.L. firmaron un importante convenio interinstitucional que permitir\u00e1 a estudiantes de las diez carreras de esta casa de estudios superiores realizar pr\u00e1cticas, pasant\u00edas, trabajos dirigidos y tesis dentro de la cooperativa, fortaleciendo as\u00ed [&hellip;]","og_url":"https:\/\/waracomunicaciones.com\/?p=1376","og_site_name":"Wara Comunicaciones","article_publisher":"https:\/\/www.facebook.com\/waracomunicaciones2017","article_published_time":"2026-01-22T13:48:56+00:00","article_modified_time":"2026-01-22T13:49:40+00:00","og_image":[{"width":723,"height":620,"url":"https:\/\/waracomunicaciones.com\/wp-content\/uploads\/2026\/01\/Cuellara-Rivera-22-ene-26.png","type":"image\/png"}],"author":"Tom\u00e1s Coca","twitter_card":"summary_large_image","twitter_misc":{"Escrito por":"Tom\u00e1s Coca","Tiempo de lectura":"2 minutos"},"schema":{"@context":"https:\/\/schema.org","@graph":[{"@type":"Article","@id":"https:\/\/waracomunicaciones.com\/?p=1376#article","isPartOf":{"@id":"https:\/\/waracomunicaciones.com\/?p=1376"},"author":{"name":"Tom\u00e1s Coca","@id":"https:\/\/waracomunicaciones.com\/#\/schema\/person\/cbfc6e874b874c69982b6f254108e9f0"},"headline":"FINOR y COSMOL firman convenio para fortalecer la formaci\u00f3n profesional y la excelencia administrativa","datePublished":"2026-01-22T13:48:56+00:00","dateModified":"2026-01-22T13:49:40+00:00","mainEntityOfPage":{"@id":"https:\/\/waracomunicaciones.com\/?p=1376"},"wordCount":437,"commentCount":0,"publisher":{"@id":"https:\/\/waracomunicaciones.com\/#organization"},"image":{"@id":"https:\/\/waracomunicaciones.com\/?p=1376#primaryimage"},"thumbnailUrl":"https:\/\/waracomunicaciones.com\/wp-content\/uploads\/2026\/01\/Cuellara-Rivera-22-ene-26.png","articleSection":["LOCAL","Pol\u00edtica"],"inLanguage":"es","potentialAction":[{"@type":"CommentAction","name":"Comment","target":["https:\/\/waracomunicaciones.com\/?p=1376#respond"]}]},{"@type":"WebPage","@id":"https:\/\/waracomunicaciones.com\/?p=1376","url":"https:\/\/waracomunicaciones.com\/?p=1376","name":"FINOR y COSMOL firman convenio para fortalecer la formaci\u00f3n profesional y la excelencia administrativa - Wara Comunicaciones","isPartOf":{"@id":"https:\/\/waracomunicaciones.com\/#website"},"primaryImageOfPage":{"@id":"https:\/\/waracomunicaciones.com\/?p=1376#primaryimage"},"image":{"@id":"https:\/\/waracomunicaciones.com\/?p=1376#primaryimage"},"thumbnailUrl":"https:\/\/waracomunicaciones.com\/wp-content\/uploads\/2026\/01\/Cuellara-Rivera-22-ene-26.png","datePublished":"2026-01-22T13:48:56+00:00","dateModified":"2026-01-22T13:49:40+00:00","breadcrumb":{"@id":"https:\/\/waracomunicaciones.com\/?p=1376#breadcrumb"},"inLanguage":"es","potentialAction":[{"@type":"ReadAction","target":["https:\/\/waracomunicaciones.com\/?p=1376"]}]},{"@type":"ImageObject","inLanguage":"es","@id":"https:\/\/waracomunicaciones.com\/?p=1376#primaryimage","url":"https:\/\/waracomunicaciones.com\/wp-content\/uploads\/2026\/01\/Cuellara-Rivera-22-ene-26.png","contentUrl":"https:\/\/waracomunicaciones.com\/wp-content\/uploads\/2026\/01\/Cuellara-Rivera-22-ene-26.png","width":723,"height":620},{"@type":"BreadcrumbList","@id":"https:\/\/waracomunicaciones.com\/?p=1376#breadcrumb","itemListElement":[{"@type":"ListItem","position":1,"name":"Portada","item":"https:\/\/waracomunicaciones.com\/"},{"@type":"ListItem","position":2,"name":"FINOR y COSMOL firman convenio para fortalecer la formaci\u00f3n profesional y la excelencia administrativa"}]},{"@type":"WebSite","@id":"https:\/\/waracomunicaciones.com\/#website","url":"https:\/\/waracomunicaciones.com\/","name":"Wara Comunicaciones","description":"","publisher":{"@id":"https:\/\/waracomunicaciones.com\/#organization"},"potentialAction":[{"@type":"SearchAction","target":{"@type":"EntryPoint","urlTemplate":"https:\/\/waracomunicaciones.com\/?s={search_term_string}"},"query-input":{"@type":"PropertyValueSpecification","valueRequired":true,"valueName":"search_term_string"}}],"inLanguage":"es"},{"@type":"Organization","@id":"https:\/\/waracomunicaciones.com\/#organization","name":"Wara Comunicaciones","url":"https:\/\/waracomunicaciones.com\/","logo":{"@type":"ImageObject","inLanguage":"es","@id":"https:\/\/waracomunicaciones.com\/#\/schema\/logo\/image\/","url":"https:\/\/waracomunicaciones.com\/wp-content\/uploads\/2025\/07\/logo.png","contentUrl":"https:\/\/waracomunicaciones.com\/wp-content\/uploads\/2025\/07\/logo.png","width":400,"height":164,"caption":"Wara Comunicaciones"},"image":{"@id":"https:\/\/waracomunicaciones.com\/#\/schema\/logo\/image\/"},"sameAs":["https:\/\/www.facebook.com\/waracomunicaciones2017"]},{"@type":"Person","@id":"https:\/\/waracomunicaciones.com\/#\/schema\/person\/cbfc6e874b874c69982b6f254108e9f0","name":"Tom\u00e1s Coca","image":{"@type":"ImageObject","inLanguage":"es","@id":"https:\/\/waracomunicaciones.com\/#\/schema\/person\/image\/","url":"https:\/\/secure.gravatar.com\/avatar\/482131bd67ce2dac1261229602fd0c47826af81f4ac6608b066b29cac2a6e65d?s=96&d=mm&r=g","contentUrl":"https:\/\/secure.gravatar.com\/avatar\/482131bd67ce2dac1261229602fd0c47826af81f4ac6608b066b29cac2a6e65d?s=96&d=mm&r=g","caption":"Tom\u00e1s Coca"},"sameAs":["https:\/\/waracomunicaciones.com"],"url":"https:\/\/waracomunicaciones.com\/?author=2"}]}},"_links":{"self":[{"href":"https:\/\/waracomunicaciones.com\/index.php?rest_route=\/wp\/v2\/posts\/1376","targetHints":{"allow":["GET"]}}],"collection":[{"href":"https:\/\/waracomunicaciones.com\/index.php?rest_route=\/wp\/v2\/posts"}],"about":[{"href":"https:\/\/waracomunicaciones.com\/index.php?rest_route=\/wp\/v2\/types\/post"}],"author":[{"embeddable":true,"href":"https:\/\/waracomunicaciones.com\/index.php?rest_route=\/wp\/v2\/users\/2"}],"replies":[{"embeddable":true,"href":"https:\/\/waracomunicaciones.com\/index.php?rest_route=%2Fwp%2Fv2%2Fcomments&post=1376"}],"version-history":[{"count":1,"href":"https:\/\/waracomunicaciones.com\/index.php?rest_route=\/wp\/v2\/posts\/1376\/revisions"}],"predecessor-version":[{"id":1378,"href":"https:\/\/waracomunicaciones.com\/index.php?rest_route=\/wp\/v2\/posts\/1376\/revisions\/1378"}],"wp:attachment":[{"href":"https:\/\/waracomunicaciones.com\/index.php?rest_route=%2Fwp%2Fv2%2Fmedia&parent=1376"}],"wp:term":[{"taxonomy":"category","embeddable":true,"href":"https:\/\/waracomunicaciones.com\/index.php?rest_route=%2Fwp%2Fv2%2Fcategories&post=1376"},{"taxonomy":"post_tag","embeddable":true,"href":"https:\/\/waracomunicaciones.com\/index.php?rest_route=%2Fwp%2Fv2%2Ftags&post=1376"}],"curies":[{"name":"wp","href":"https:\/\/api.w.org\/{rel}","templated":true}]}}