{"id":1371,"date":"2026-01-20T15:51:12","date_gmt":"2026-01-20T19:51:12","guid":{"rendered":"https:\/\/waracomunicaciones.com\/?p=1371"},"modified":"2026-01-20T15:51:13","modified_gmt":"2026-01-20T19:51:13","slug":"cristian-rodriguez-retorna-a-la-arena-politica-y-apuesta-por-la-concejalia-con-la-alianza-todos","status":"publish","type":"post","link":"https:\/\/waracomunicaciones.com\/?p=1371","title":{"rendered":"Cristian Rodr\u00edguez retorna a la arena pol\u00edtica y apuesta por la concejal\u00eda con la Alianza Todos"},"content":{"rendered":"\n<figure class=\"wp-block-image size-large is-resized\"><img loading=\"lazy\" decoding=\"async\" width=\"609\" height=\"1024\" src=\"https:\/\/waracomunicaciones.com\/wp-content\/uploads\/2026\/01\/WhatsApp-Image-2026-01-18-at-16.57.22-609x1024.jpeg\" alt=\"\" class=\"wp-image-1372\" style=\"aspect-ratio:0.5942184154175589;width:492px;height:auto\" srcset=\"https:\/\/waracomunicaciones.com\/wp-content\/uploads\/2026\/01\/WhatsApp-Image-2026-01-18-at-16.57.22-609x1024.jpeg 609w, https:\/\/waracomunicaciones.com\/wp-content\/uploads\/2026\/01\/WhatsApp-Image-2026-01-18-at-16.57.22-179x300.jpeg 179w, https:\/\/waracomunicaciones.com\/wp-content\/uploads\/2026\/01\/WhatsApp-Image-2026-01-18-at-16.57.22-768x1291.jpeg 768w, https:\/\/waracomunicaciones.com\/wp-content\/uploads\/2026\/01\/WhatsApp-Image-2026-01-18-at-16.57.22-914x1536.jpeg 914w, https:\/\/waracomunicaciones.com\/wp-content\/uploads\/2026\/01\/WhatsApp-Image-2026-01-18-at-16.57.22.jpeg 952w\" sizes=\"auto, (max-width: 609px) 100vw, 609px\" \/><\/figure>\n\n\n<p>Montero 20 enero 2026.- Cristian Rodr\u00edguez, ex candidato a la Alcald\u00eda de Montero por el Movimiento al Socialismo (MAS) en las anteriores elecciones subnacionales, vuelve a la contienda pol\u00edtica, esta vez como candidato a primer concejal por la Alianza Todos. Rodr\u00edguez, de 37 a\u00f1os, record\u00f3 que en los comicios pasados obtuvo 27.589 votos, equivalentes al 38,8%, quedando muy cerca de ganar la silla municipal.<!--more--><\/p>\n<p><span style=\"font-size: revert;color: initial\">En entrevista con el programa <\/span><em style=\"font-size: revert;color: initial\">Agenda Matinal<\/em><span style=\"font-size: revert;color: initial\"> de Wara Comunicaciones, Rodr\u00edguez se\u00f1al\u00f3 que la derrota electoral se debi\u00f3 principalmente a la divisi\u00f3n del bloque popular, pero afirm\u00f3 que la pol\u00edtica ofrece segundas oportunidades, especialmente para las nuevas generaciones. \u201cNo hay primera sin segunda\u201d, sostuvo, al destacar que el actual escenario pol\u00edtico del municipio presenta una clara divisi\u00f3n territorial y social que debe ser atendida con una representaci\u00f3n genuina.<\/span><\/p>\n<p>Al ser consultado sobre si Montero habr\u00eda recibido mayores obras y recursos de haber ganado la Alcald\u00eda en la anterior gesti\u00f3n, Rodr\u00edguez asegur\u00f3 que s\u00ed, siempre que la pol\u00edtica se entienda como un servicio social y no como una herramienta partidaria. En ese marco, cuestion\u00f3 duramente la gesti\u00f3n municipal actual, a la que calific\u00f3 de \u201ccatastr\u00f3fica\u201d y carente de obras visibles, se\u00f1alando que una obra p\u00fablica implica desarrollo, empleo y movimiento econ\u00f3mico para el municipio.<\/p>\n<p>Rodr\u00edguez tambi\u00e9n respondi\u00f3 a las declaraciones del actual presidente del Concejo Municipal, William Perales, quien afirm\u00f3 que su organizaci\u00f3n pol\u00edtica es la \u00fanica no infiltrada por militantes del MAS. Al respecto, el candidato de Alianza Todos calific\u00f3 esas afirmaciones como un discurso pol\u00edtico \u201cdescarado\u201d y cuestion\u00f3 los acuerdos internos del actual Concejo, citando decisiones como la reducci\u00f3n de \u00e1reas verdes y el silencio frente a denuncias de irregularidades.<\/p>\n<p>\u201cLos hechos hablan m\u00e1s que los discursos\u201d, enfatiz\u00f3 Rodr\u00edguez, afirmando que su candidatura representa coherencia entre lo que se dice y lo que se hace. En ese sentido, destac\u00f3 el rol fiscalizador del concejal Valenzuela, con quien asegura conformar una dupla que luchar\u00e1 contra la corrupci\u00f3n y fortalecer\u00e1 la transparencia en la gesti\u00f3n municipal.<\/p>\n<p>En el \u00e1mbito propositivo, Rodr\u00edguez anunci\u00f3 que una de sus prioridades ser\u00e1 restablecer la institucionalidad del municipio. Critic\u00f3 el cierre de puertas de la Alcald\u00eda y del Concejo Municipal ante demandas sociales y asegur\u00f3 que, de llegar al Legislativo, garantizar\u00e1 el acceso ciudadano y el ejercicio del control social a trav\u00e9s de asambleas distritales.<\/p>\n<p>Entre sus principales propuestas tambi\u00e9n figura la modernizaci\u00f3n de los centros de abastecimiento, la instalaci\u00f3n de basureros ecol\u00f3gicos y la eliminaci\u00f3n de dep\u00f3sitos de basura en la v\u00eda p\u00fablica. Asimismo, plante\u00f3 la desburocratizaci\u00f3n de tr\u00e1mites como el carnet sanitario, que \u2014seg\u00fan indic\u00f3\u2014 deber\u00eda emitirse en un plazo m\u00e1ximo de 24 horas y con mayor vigencia para beneficiar al sector gremial.<\/p>\n<p>Para el sector transporte, Rodr\u00edguez propuso la firma de convenios que permitan que los centros de salud municipales de primer nivel atiendan hechos de tr\u00e1nsito, con el objetivo de evitar el endeudamiento de transportistas y mototaxistas en cl\u00ednicas privadas.<\/p>\n<p>Finalmente, el candidato se\u00f1al\u00f3 que durante el periodo de campa\u00f1a continuar\u00e1 difundiendo sus propuestas y llamando a la poblaci\u00f3n a emitir un voto consciente e informado en las elecciones subnacionales, con miras a mejorar la calidad de vida de los montere\u00f1os y montere\u00f1as.<\/p><div style=\"margin-top: 0px; margin-bottom: 0px;\" class=\"sharethis-inline-reaction-buttons\" ><\/div>","protected":false},"excerpt":{"rendered":"<p>Montero 20 enero 2026.- Cristian Rodr\u00edguez, ex candidato a la Alcald\u00eda de Montero por el Movimiento al Socialismo (MAS) en las anteriores elecciones subnacionales, vuelve a la contienda pol\u00edtica, esta vez como candidato a primer concejal por la Alianza Todos. Rodr\u00edguez, de 37 a\u00f1os, record\u00f3 que en los comicios pasados obtuvo 27.589 votos, equivalentes al [&hellip;]<\/p>\n","protected":false},"author":2,"featured_media":0,"comment_status":"open","ping_status":"open","sticky":false,"template":"","format":"standard","meta":{"footnotes":""},"categories":[5,42],"tags":[],"class_list":["post-1371","post","type-post","status-publish","format-standard","hentry","category-local","category-politica"],"yoast_head":"<!-- This site is optimized with the Yoast SEO Premium plugin v25.5 (Yoast SEO v27.1.1) - https:\/\/yoast.com\/product\/yoast-seo-premium-wordpress\/ -->\n<title>Cristian Rodr\u00edguez retorna a la arena pol\u00edtica y apuesta por la concejal\u00eda con la Alianza Todos - Wara Comunicaciones<\/title>\n<meta name=\"robots\" content=\"index, follow, max-snippet:-1, max-image-preview:large, max-video-preview:-1\" \/>\n<link rel=\"canonical\" href=\"https:\/\/waracomunicaciones.com\/?p=1371\" \/>\n<meta property=\"og:locale\" content=\"es_ES\" \/>\n<meta property=\"og:type\" content=\"article\" \/>\n<meta property=\"og:title\" content=\"Cristian Rodr\u00edguez retorna a la arena pol\u00edtica y apuesta por la concejal\u00eda con la Alianza Todos\" \/>\n<meta property=\"og:description\" content=\"Montero 20 enero 2026.- Cristian Rodr\u00edguez, ex candidato a la Alcald\u00eda de Montero por el Movimiento al Socialismo (MAS) en las anteriores elecciones subnacionales, vuelve a la contienda pol\u00edtica, esta vez como candidato a primer concejal por la Alianza Todos. Rodr\u00edguez, de 37 a\u00f1os, record\u00f3 que en los comicios pasados obtuvo 27.589 votos, equivalentes al [&hellip;]\" \/>\n<meta property=\"og:url\" content=\"https:\/\/waracomunicaciones.com\/?p=1371\" \/>\n<meta property=\"og:site_name\" content=\"Wara Comunicaciones\" \/>\n<meta property=\"article:publisher\" content=\"https:\/\/www.facebook.com\/waracomunicaciones2017\" \/>\n<meta property=\"article:published_time\" content=\"2026-01-20T19:51:12+00:00\" \/>\n<meta property=\"article:modified_time\" content=\"2026-01-20T19:51:13+00:00\" \/>\n<meta property=\"og:image\" content=\"https:\/\/waracomunicaciones.com\/wp-content\/uploads\/2026\/01\/WhatsApp-Image-2026-01-18-at-16.57.22.jpeg\" \/>\n\t<meta property=\"og:image:width\" content=\"952\" \/>\n\t<meta property=\"og:image:height\" content=\"1600\" \/>\n\t<meta property=\"og:image:type\" content=\"image\/jpeg\" \/>\n<meta name=\"author\" content=\"Tom\u00e1s Coca\" \/>\n<meta name=\"twitter:card\" content=\"summary_large_image\" \/>\n<meta name=\"twitter:label1\" content=\"Escrito por\" \/>\n\t<meta name=\"twitter:data1\" content=\"Tom\u00e1s Coca\" \/>\n\t<meta name=\"twitter:label2\" content=\"Tiempo de lectura\" \/>\n\t<meta name=\"twitter:data2\" content=\"3 minutos\" \/>\n<script type=\"application\/ld+json\" class=\"yoast-schema-graph\">{\"@context\":\"https:\/\/schema.org\",\"@graph\":[{\"@type\":\"Article\",\"@id\":\"https:\/\/waracomunicaciones.com\/?p=1371#article\",\"isPartOf\":{\"@id\":\"https:\/\/waracomunicaciones.com\/?p=1371\"},\"author\":{\"name\":\"Tom\u00e1s Coca\",\"@id\":\"https:\/\/waracomunicaciones.com\/#\/schema\/person\/cbfc6e874b874c69982b6f254108e9f0\"},\"headline\":\"Cristian Rodr\u00edguez retorna a la arena pol\u00edtica y apuesta por la concejal\u00eda con la Alianza Todos\",\"datePublished\":\"2026-01-20T19:51:12+00:00\",\"dateModified\":\"2026-01-20T19:51:13+00:00\",\"mainEntityOfPage\":{\"@id\":\"https:\/\/waracomunicaciones.com\/?p=1371\"},\"wordCount\":595,\"commentCount\":0,\"publisher\":{\"@id\":\"https:\/\/waracomunicaciones.com\/#organization\"},\"image\":{\"@id\":\"https:\/\/waracomunicaciones.com\/?p=1371#primaryimage\"},\"thumbnailUrl\":\"https:\/\/waracomunicaciones.com\/wp-content\/uploads\/2026\/01\/WhatsApp-Image-2026-01-18-at-16.57.22-609x1024.jpeg\",\"articleSection\":[\"LOCAL\",\"Pol\u00edtica\"],\"inLanguage\":\"es\",\"potentialAction\":[{\"@type\":\"CommentAction\",\"name\":\"Comment\",\"target\":[\"https:\/\/waracomunicaciones.com\/?p=1371#respond\"]}]},{\"@type\":\"WebPage\",\"@id\":\"https:\/\/waracomunicaciones.com\/?p=1371\",\"url\":\"https:\/\/waracomunicaciones.com\/?p=1371\",\"name\":\"Cristian Rodr\u00edguez retorna a la arena pol\u00edtica y apuesta por la concejal\u00eda con la Alianza Todos - Wara Comunicaciones\",\"isPartOf\":{\"@id\":\"https:\/\/waracomunicaciones.com\/#website\"},\"primaryImageOfPage\":{\"@id\":\"https:\/\/waracomunicaciones.com\/?p=1371#primaryimage\"},\"image\":{\"@id\":\"https:\/\/waracomunicaciones.com\/?p=1371#primaryimage\"},\"thumbnailUrl\":\"https:\/\/waracomunicaciones.com\/wp-content\/uploads\/2026\/01\/WhatsApp-Image-2026-01-18-at-16.57.22-609x1024.jpeg\",\"datePublished\":\"2026-01-20T19:51:12+00:00\",\"dateModified\":\"2026-01-20T19:51:13+00:00\",\"breadcrumb\":{\"@id\":\"https:\/\/waracomunicaciones.com\/?p=1371#breadcrumb\"},\"inLanguage\":\"es\",\"potentialAction\":[{\"@type\":\"ReadAction\",\"target\":[\"https:\/\/waracomunicaciones.com\/?p=1371\"]}]},{\"@type\":\"ImageObject\",\"inLanguage\":\"es\",\"@id\":\"https:\/\/waracomunicaciones.com\/?p=1371#primaryimage\",\"url\":\"https:\/\/waracomunicaciones.com\/wp-content\/uploads\/2026\/01\/WhatsApp-Image-2026-01-18-at-16.57.22.jpeg\",\"contentUrl\":\"https:\/\/waracomunicaciones.com\/wp-content\/uploads\/2026\/01\/WhatsApp-Image-2026-01-18-at-16.57.22.jpeg\",\"width\":952,\"height\":1600},{\"@type\":\"BreadcrumbList\",\"@id\":\"https:\/\/waracomunicaciones.com\/?p=1371#breadcrumb\",\"itemListElement\":[{\"@type\":\"ListItem\",\"position\":1,\"name\":\"Portada\",\"item\":\"https:\/\/waracomunicaciones.com\/\"},{\"@type\":\"ListItem\",\"position\":2,\"name\":\"Cristian Rodr\u00edguez retorna a la arena pol\u00edtica y apuesta por la concejal\u00eda con la Alianza Todos\"}]},{\"@type\":\"WebSite\",\"@id\":\"https:\/\/waracomunicaciones.com\/#website\",\"url\":\"https:\/\/waracomunicaciones.com\/\",\"name\":\"Wara Comunicaciones\",\"description\":\"\",\"publisher\":{\"@id\":\"https:\/\/waracomunicaciones.com\/#organization\"},\"potentialAction\":[{\"@type\":\"SearchAction\",\"target\":{\"@type\":\"EntryPoint\",\"urlTemplate\":\"https:\/\/waracomunicaciones.com\/?s={search_term_string}\"},\"query-input\":{\"@type\":\"PropertyValueSpecification\",\"valueRequired\":true,\"valueName\":\"search_term_string\"}}],\"inLanguage\":\"es\"},{\"@type\":\"Organization\",\"@id\":\"https:\/\/waracomunicaciones.com\/#organization\",\"name\":\"Wara Comunicaciones\",\"url\":\"https:\/\/waracomunicaciones.com\/\",\"logo\":{\"@type\":\"ImageObject\",\"inLanguage\":\"es\",\"@id\":\"https:\/\/waracomunicaciones.com\/#\/schema\/logo\/image\/\",\"url\":\"https:\/\/waracomunicaciones.com\/wp-content\/uploads\/2025\/07\/logo.png\",\"contentUrl\":\"https:\/\/waracomunicaciones.com\/wp-content\/uploads\/2025\/07\/logo.png\",\"width\":400,\"height\":164,\"caption\":\"Wara Comunicaciones\"},\"image\":{\"@id\":\"https:\/\/waracomunicaciones.com\/#\/schema\/logo\/image\/\"},\"sameAs\":[\"https:\/\/www.facebook.com\/waracomunicaciones2017\"]},{\"@type\":\"Person\",\"@id\":\"https:\/\/waracomunicaciones.com\/#\/schema\/person\/cbfc6e874b874c69982b6f254108e9f0\",\"name\":\"Tom\u00e1s Coca\",\"image\":{\"@type\":\"ImageObject\",\"inLanguage\":\"es\",\"@id\":\"https:\/\/waracomunicaciones.com\/#\/schema\/person\/image\/\",\"url\":\"https:\/\/secure.gravatar.com\/avatar\/482131bd67ce2dac1261229602fd0c47826af81f4ac6608b066b29cac2a6e65d?s=96&d=mm&r=g\",\"contentUrl\":\"https:\/\/secure.gravatar.com\/avatar\/482131bd67ce2dac1261229602fd0c47826af81f4ac6608b066b29cac2a6e65d?s=96&d=mm&r=g\",\"caption\":\"Tom\u00e1s Coca\"},\"sameAs\":[\"https:\/\/waracomunicaciones.com\"],\"url\":\"https:\/\/waracomunicaciones.com\/?author=2\"}]}<\/script>\n<!-- \/ Yoast SEO Premium plugin. -->","yoast_head_json":{"title":"Cristian Rodr\u00edguez retorna a la arena pol\u00edtica y apuesta por la concejal\u00eda con la Alianza Todos - Wara Comunicaciones","robots":{"index":"index","follow":"follow","max-snippet":"max-snippet:-1","max-image-preview":"max-image-preview:large","max-video-preview":"max-video-preview:-1"},"canonical":"https:\/\/waracomunicaciones.com\/?p=1371","og_locale":"es_ES","og_type":"article","og_title":"Cristian Rodr\u00edguez retorna a la arena pol\u00edtica y apuesta por la concejal\u00eda con la Alianza Todos","og_description":"Montero 20 enero 2026.- Cristian Rodr\u00edguez, ex candidato a la Alcald\u00eda de Montero por el Movimiento al Socialismo (MAS) en las anteriores elecciones subnacionales, vuelve a la contienda pol\u00edtica, esta vez como candidato a primer concejal por la Alianza Todos. Rodr\u00edguez, de 37 a\u00f1os, record\u00f3 que en los comicios pasados obtuvo 27.589 votos, equivalentes al [&hellip;]","og_url":"https:\/\/waracomunicaciones.com\/?p=1371","og_site_name":"Wara Comunicaciones","article_publisher":"https:\/\/www.facebook.com\/waracomunicaciones2017","article_published_time":"2026-01-20T19:51:12+00:00","article_modified_time":"2026-01-20T19:51:13+00:00","og_image":[{"width":952,"height":1600,"url":"https:\/\/waracomunicaciones.com\/wp-content\/uploads\/2026\/01\/WhatsApp-Image-2026-01-18-at-16.57.22.jpeg","type":"image\/jpeg"}],"author":"Tom\u00e1s Coca","twitter_card":"summary_large_image","twitter_misc":{"Escrito por":"Tom\u00e1s Coca","Tiempo de lectura":"3 minutos"},"schema":{"@context":"https:\/\/schema.org","@graph":[{"@type":"Article","@id":"https:\/\/waracomunicaciones.com\/?p=1371#article","isPartOf":{"@id":"https:\/\/waracomunicaciones.com\/?p=1371"},"author":{"name":"Tom\u00e1s Coca","@id":"https:\/\/waracomunicaciones.com\/#\/schema\/person\/cbfc6e874b874c69982b6f254108e9f0"},"headline":"Cristian Rodr\u00edguez retorna a la arena pol\u00edtica y apuesta por la concejal\u00eda con la Alianza Todos","datePublished":"2026-01-20T19:51:12+00:00","dateModified":"2026-01-20T19:51:13+00:00","mainEntityOfPage":{"@id":"https:\/\/waracomunicaciones.com\/?p=1371"},"wordCount":595,"commentCount":0,"publisher":{"@id":"https:\/\/waracomunicaciones.com\/#organization"},"image":{"@id":"https:\/\/waracomunicaciones.com\/?p=1371#primaryimage"},"thumbnailUrl":"https:\/\/waracomunicaciones.com\/wp-content\/uploads\/2026\/01\/WhatsApp-Image-2026-01-18-at-16.57.22-609x1024.jpeg","articleSection":["LOCAL","Pol\u00edtica"],"inLanguage":"es","potentialAction":[{"@type":"CommentAction","name":"Comment","target":["https:\/\/waracomunicaciones.com\/?p=1371#respond"]}]},{"@type":"WebPage","@id":"https:\/\/waracomunicaciones.com\/?p=1371","url":"https:\/\/waracomunicaciones.com\/?p=1371","name":"Cristian Rodr\u00edguez retorna a la arena pol\u00edtica y apuesta por la concejal\u00eda con la Alianza Todos - Wara Comunicaciones","isPartOf":{"@id":"https:\/\/waracomunicaciones.com\/#website"},"primaryImageOfPage":{"@id":"https:\/\/waracomunicaciones.com\/?p=1371#primaryimage"},"image":{"@id":"https:\/\/waracomunicaciones.com\/?p=1371#primaryimage"},"thumbnailUrl":"https:\/\/waracomunicaciones.com\/wp-content\/uploads\/2026\/01\/WhatsApp-Image-2026-01-18-at-16.57.22-609x1024.jpeg","datePublished":"2026-01-20T19:51:12+00:00","dateModified":"2026-01-20T19:51:13+00:00","breadcrumb":{"@id":"https:\/\/waracomunicaciones.com\/?p=1371#breadcrumb"},"inLanguage":"es","potentialAction":[{"@type":"ReadAction","target":["https:\/\/waracomunicaciones.com\/?p=1371"]}]},{"@type":"ImageObject","inLanguage":"es","@id":"https:\/\/waracomunicaciones.com\/?p=1371#primaryimage","url":"https:\/\/waracomunicaciones.com\/wp-content\/uploads\/2026\/01\/WhatsApp-Image-2026-01-18-at-16.57.22.jpeg","contentUrl":"https:\/\/waracomunicaciones.com\/wp-content\/uploads\/2026\/01\/WhatsApp-Image-2026-01-18-at-16.57.22.jpeg","width":952,"height":1600},{"@type":"BreadcrumbList","@id":"https:\/\/waracomunicaciones.com\/?p=1371#breadcrumb","itemListElement":[{"@type":"ListItem","position":1,"name":"Portada","item":"https:\/\/waracomunicaciones.com\/"},{"@type":"ListItem","position":2,"name":"Cristian Rodr\u00edguez retorna a la arena pol\u00edtica y apuesta por la concejal\u00eda con la Alianza Todos"}]},{"@type":"WebSite","@id":"https:\/\/waracomunicaciones.com\/#website","url":"https:\/\/waracomunicaciones.com\/","name":"Wara Comunicaciones","description":"","publisher":{"@id":"https:\/\/waracomunicaciones.com\/#organization"},"potentialAction":[{"@type":"SearchAction","target":{"@type":"EntryPoint","urlTemplate":"https:\/\/waracomunicaciones.com\/?s={search_term_string}"},"query-input":{"@type":"PropertyValueSpecification","valueRequired":true,"valueName":"search_term_string"}}],"inLanguage":"es"},{"@type":"Organization","@id":"https:\/\/waracomunicaciones.com\/#organization","name":"Wara Comunicaciones","url":"https:\/\/waracomunicaciones.com\/","logo":{"@type":"ImageObject","inLanguage":"es","@id":"https:\/\/waracomunicaciones.com\/#\/schema\/logo\/image\/","url":"https:\/\/waracomunicaciones.com\/wp-content\/uploads\/2025\/07\/logo.png","contentUrl":"https:\/\/waracomunicaciones.com\/wp-content\/uploads\/2025\/07\/logo.png","width":400,"height":164,"caption":"Wara Comunicaciones"},"image":{"@id":"https:\/\/waracomunicaciones.com\/#\/schema\/logo\/image\/"},"sameAs":["https:\/\/www.facebook.com\/waracomunicaciones2017"]},{"@type":"Person","@id":"https:\/\/waracomunicaciones.com\/#\/schema\/person\/cbfc6e874b874c69982b6f254108e9f0","name":"Tom\u00e1s Coca","image":{"@type":"ImageObject","inLanguage":"es","@id":"https:\/\/waracomunicaciones.com\/#\/schema\/person\/image\/","url":"https:\/\/secure.gravatar.com\/avatar\/482131bd67ce2dac1261229602fd0c47826af81f4ac6608b066b29cac2a6e65d?s=96&d=mm&r=g","contentUrl":"https:\/\/secure.gravatar.com\/avatar\/482131bd67ce2dac1261229602fd0c47826af81f4ac6608b066b29cac2a6e65d?s=96&d=mm&r=g","caption":"Tom\u00e1s Coca"},"sameAs":["https:\/\/waracomunicaciones.com"],"url":"https:\/\/waracomunicaciones.com\/?author=2"}]}},"_links":{"self":[{"href":"https:\/\/waracomunicaciones.com\/index.php?rest_route=\/wp\/v2\/posts\/1371","targetHints":{"allow":["GET"]}}],"collection":[{"href":"https:\/\/waracomunicaciones.com\/index.php?rest_route=\/wp\/v2\/posts"}],"about":[{"href":"https:\/\/waracomunicaciones.com\/index.php?rest_route=\/wp\/v2\/types\/post"}],"author":[{"embeddable":true,"href":"https:\/\/waracomunicaciones.com\/index.php?rest_route=\/wp\/v2\/users\/2"}],"replies":[{"embeddable":true,"href":"https:\/\/waracomunicaciones.com\/index.php?rest_route=%2Fwp%2Fv2%2Fcomments&post=1371"}],"version-history":[{"count":1,"href":"https:\/\/waracomunicaciones.com\/index.php?rest_route=\/wp\/v2\/posts\/1371\/revisions"}],"predecessor-version":[{"id":1373,"href":"https:\/\/waracomunicaciones.com\/index.php?rest_route=\/wp\/v2\/posts\/1371\/revisions\/1373"}],"wp:attachment":[{"href":"https:\/\/waracomunicaciones.com\/index.php?rest_route=%2Fwp%2Fv2%2Fmedia&parent=1371"}],"wp:term":[{"taxonomy":"category","embeddable":true,"href":"https:\/\/waracomunicaciones.com\/index.php?rest_route=%2Fwp%2Fv2%2Fcategories&post=1371"},{"taxonomy":"post_tag","embeddable":true,"href":"https:\/\/waracomunicaciones.com\/index.php?rest_route=%2Fwp%2Fv2%2Ftags&post=1371"}],"curies":[{"name":"wp","href":"https:\/\/api.w.org\/{rel}","templated":true}]}}