{"id":1367,"date":"2026-01-20T15:22:47","date_gmt":"2026-01-20T19:22:47","guid":{"rendered":"https:\/\/waracomunicaciones.com\/?p=1367"},"modified":"2026-01-20T15:22:49","modified_gmt":"2026-01-20T19:22:49","slug":"william-perales-asegura-que-la-proxima-gestion-municipal-sera-totalmente-diferente-y-sin-persecucion-politica","status":"publish","type":"post","link":"https:\/\/waracomunicaciones.com\/?p=1367","title":{"rendered":"William Perales asegura que la pr\u00f3xima gesti\u00f3n municipal ser\u00e1 \u201ctotalmente diferente\u201d y sin persecuci\u00f3n pol\u00edtica"},"content":{"rendered":"\n<figure class=\"wp-block-image size-large\"><img loading=\"lazy\" decoding=\"async\" width=\"1024\" height=\"799\" src=\"https:\/\/waracomunicaciones.com\/wp-content\/uploads\/2026\/01\/Perales-Concejo-20-ene-26-1024x799.png\" alt=\"\" class=\"wp-image-1369\" srcset=\"https:\/\/waracomunicaciones.com\/wp-content\/uploads\/2026\/01\/Perales-Concejo-20-ene-26-1024x799.png 1024w, https:\/\/waracomunicaciones.com\/wp-content\/uploads\/2026\/01\/Perales-Concejo-20-ene-26-300x234.png 300w, https:\/\/waracomunicaciones.com\/wp-content\/uploads\/2026\/01\/Perales-Concejo-20-ene-26-768x599.png 768w, https:\/\/waracomunicaciones.com\/wp-content\/uploads\/2026\/01\/Perales-Concejo-20-ene-26.png 1355w\" sizes=\"auto, (max-width: 1024px) 100vw, 1024px\" \/><\/figure>\n\n\n\n<p>Foto Carlos Paredes (Cazador)<\/p>\n\n\n<p>Montero 20 enero 2026.- En una entrevista concedida al programa <em>Agenda Matinal<\/em> de Wara Comunicaciones, cadena radial de la integraci\u00f3n, el presidente del Consejo Municipal de Montero y candidato a primer concejal por CREEMOS, William Perales, realiz\u00f3 un balance de casi cinco a\u00f1os de gesti\u00f3n legislativa municipal y proyect\u00f3 un escenario pol\u00edtico distinto para el pr\u00f3ximo periodo 2026-2031.<!--more--><\/p>\n<p>Perales se\u00f1al\u00f3 que la actual gesti\u00f3n estuvo marcada por limitaciones econ\u00f3micas y falta de apoyo del Gobierno nacional, situaci\u00f3n que \u2014seg\u00fan afirm\u00f3\u2014 afect\u00f3 directamente al municipio de Montero. Indic\u00f3 que, al tratarse de un municipio gobernado por una fuerza pol\u00edtica de oposici\u00f3n, se produjo el freno de recursos y obras, adem\u00e1s de d\u00e9bitos aplicados a fondos municipales para cubrir errores de gestiones pasadas.<\/p>\n<p>\u201cEl aprendizaje ha sido grande, hemos conocido de cerca la realidad y las necesidades de la poblaci\u00f3n, pero tambi\u00e9n hemos sufrido la falta de recursos y una clara persecuci\u00f3n pol\u00edtica y judicial\u201d, manifest\u00f3 el concejal.<\/p>\n<p>Consultado sobre qu\u00e9 har\u00eda diferente si es nuevamente electo, Perales afirm\u00f3 que el nuevo contexto pol\u00edtico permitir\u00e1 una gesti\u00f3n distinta, sin presiones ni procesos judiciales. Asegur\u00f3 que el cambio de autoridades nacionales marca el fin de la persecuci\u00f3n pol\u00edtica que, a su criterio, se vivi\u00f3 durante los \u00faltimos 20 a\u00f1os.<\/p>\n<p>En ese marco, record\u00f3 los procesos judiciales contra autoridades de CREEMOS, mencionando al gobernador cruce\u00f1o Luis Fernando Camacho, al ex candidato a vicegobernador \u00a0y al alcalde de Montero, Regys Medina, quien \u2014seg\u00fan indic\u00f3\u2014 enfrent\u00f3 m\u00e1s de 40 demandas durante su gesti\u00f3n.<\/p>\n<p>\u201cEl nuevo gobierno nacional, encabezado por Rodrigo Paz, ha asumido el compromiso de trabajar con todos los municipios y gobernaciones, sin importar el color pol\u00edtico. Eso nos permitir\u00e1 trabajar con tranquilidad y coordinaci\u00f3n\u201d, sostuvo.<\/p>\n<p>Respecto al escenario electoral rumbo a las elecciones subnacionales del 22 de marzo de 2026, Perales consider\u00f3 que, aunque el Movimiento al Socialismo no figure como sigla en la papeleta, sus militantes se habr\u00edan infiltrado en la mayor\u00eda de las planchas, con excepci\u00f3n \u2014seg\u00fan afirm\u00f3\u2014 de CREEMOS.<\/p>\n<p>\u201cSomos la \u00fanica plancha que no est\u00e1 infiltrada por el MAS. Ellos no van como sigla, pero su gente est\u00e1 en casi todas las candidaturas\u201d, asegur\u00f3.<\/p>\n<p>Finalmente, Perales expres\u00f3 su confianza en que CREEMOS ganar\u00e1 nuevamente la Alcald\u00eda de Montero con Regis Medina y que \u00e9l continuar\u00e1 formando parte del Concejo Municipal. Indic\u00f3 que una eventual coordinaci\u00f3n entre el Gobierno nacional, la Gobernaci\u00f3n y el municipio permitir\u00e1 una gesti\u00f3n con mayores recursos y obras para la poblaci\u00f3n.<\/p>\n<p>\u201cLa decisi\u00f3n la tiene el pueblo. Con un voto informado y consciente se fortalecer\u00e1 la democracia y Montero tendr\u00e1 una nueva oportunidad de desarrollo\u201d, concluy\u00f3.<\/p><div style=\"margin-top: 0px; margin-bottom: 0px;\" class=\"sharethis-inline-reaction-buttons\" ><\/div>","protected":false},"excerpt":{"rendered":"<p>Foto Carlos Paredes (Cazador) Montero 20 enero 2026.- En una entrevista concedida al programa Agenda Matinal de Wara Comunicaciones, cadena radial de la integraci\u00f3n, el presidente del Consejo Municipal de Montero y candidato a primer concejal por CREEMOS, William Perales, realiz\u00f3 un balance de casi cinco a\u00f1os de gesti\u00f3n legislativa municipal y proyect\u00f3 un escenario [&hellip;]<\/p>\n","protected":false},"author":2,"featured_media":0,"comment_status":"open","ping_status":"open","sticky":false,"template":"","format":"standard","meta":{"footnotes":""},"categories":[5,42],"tags":[283],"class_list":["post-1367","post","type-post","status-publish","format-standard","hentry","category-local","category-politica","tag-eleccciones-subnacionales"],"yoast_head":"<!-- This site is optimized with the Yoast SEO Premium plugin v25.5 (Yoast SEO v27.1.1) - https:\/\/yoast.com\/product\/yoast-seo-premium-wordpress\/ -->\n<title>William Perales asegura que la pr\u00f3xima gesti\u00f3n municipal ser\u00e1 \u201ctotalmente diferente\u201d y sin persecuci\u00f3n pol\u00edtica - Wara Comunicaciones<\/title>\n<meta name=\"robots\" content=\"index, follow, max-snippet:-1, max-image-preview:large, max-video-preview:-1\" \/>\n<link rel=\"canonical\" href=\"https:\/\/waracomunicaciones.com\/?p=1367\" \/>\n<meta property=\"og:locale\" content=\"es_ES\" \/>\n<meta property=\"og:type\" content=\"article\" \/>\n<meta property=\"og:title\" content=\"William Perales asegura que la pr\u00f3xima gesti\u00f3n municipal ser\u00e1 \u201ctotalmente diferente\u201d y sin persecuci\u00f3n pol\u00edtica\" \/>\n<meta property=\"og:description\" content=\"Foto Carlos Paredes (Cazador) Montero 20 enero 2026.- En una entrevista concedida al programa Agenda Matinal de Wara Comunicaciones, cadena radial de la integraci\u00f3n, el presidente del Consejo Municipal de Montero y candidato a primer concejal por CREEMOS, William Perales, realiz\u00f3 un balance de casi cinco a\u00f1os de gesti\u00f3n legislativa municipal y proyect\u00f3 un escenario [&hellip;]\" \/>\n<meta property=\"og:url\" content=\"https:\/\/waracomunicaciones.com\/?p=1367\" \/>\n<meta property=\"og:site_name\" content=\"Wara Comunicaciones\" \/>\n<meta property=\"article:publisher\" content=\"https:\/\/www.facebook.com\/waracomunicaciones2017\" \/>\n<meta property=\"article:published_time\" content=\"2026-01-20T19:22:47+00:00\" \/>\n<meta property=\"article:modified_time\" content=\"2026-01-20T19:22:49+00:00\" \/>\n<meta property=\"og:image\" content=\"https:\/\/waracomunicaciones.com\/wp-content\/uploads\/2026\/01\/Perales-Concejo-20-ene-26-1024x799.png\" \/>\n\t<meta property=\"og:image:width\" content=\"1024\" \/>\n\t<meta property=\"og:image:height\" content=\"799\" \/>\n\t<meta property=\"og:image:type\" content=\"image\/png\" \/>\n<meta name=\"author\" content=\"Tom\u00e1s Coca\" \/>\n<meta name=\"twitter:card\" content=\"summary_large_image\" \/>\n<meta name=\"twitter:label1\" content=\"Escrito por\" \/>\n\t<meta name=\"twitter:data1\" content=\"Tom\u00e1s Coca\" \/>\n\t<meta name=\"twitter:label2\" content=\"Tiempo de lectura\" \/>\n\t<meta name=\"twitter:data2\" content=\"3 minutos\" \/>\n<script type=\"application\/ld+json\" class=\"yoast-schema-graph\">{\"@context\":\"https:\/\/schema.org\",\"@graph\":[{\"@type\":\"Article\",\"@id\":\"https:\/\/waracomunicaciones.com\/?p=1367#article\",\"isPartOf\":{\"@id\":\"https:\/\/waracomunicaciones.com\/?p=1367\"},\"author\":{\"name\":\"Tom\u00e1s Coca\",\"@id\":\"https:\/\/waracomunicaciones.com\/#\/schema\/person\/cbfc6e874b874c69982b6f254108e9f0\"},\"headline\":\"William Perales asegura que la pr\u00f3xima gesti\u00f3n municipal ser\u00e1 \u201ctotalmente diferente\u201d y sin persecuci\u00f3n pol\u00edtica\",\"datePublished\":\"2026-01-20T19:22:47+00:00\",\"dateModified\":\"2026-01-20T19:22:49+00:00\",\"mainEntityOfPage\":{\"@id\":\"https:\/\/waracomunicaciones.com\/?p=1367\"},\"wordCount\":488,\"commentCount\":0,\"publisher\":{\"@id\":\"https:\/\/waracomunicaciones.com\/#organization\"},\"image\":{\"@id\":\"https:\/\/waracomunicaciones.com\/?p=1367#primaryimage\"},\"thumbnailUrl\":\"https:\/\/waracomunicaciones.com\/wp-content\/uploads\/2026\/01\/Perales-Concejo-20-ene-26-1024x799.png\",\"keywords\":[\"Eleccciones Subnacionales\"],\"articleSection\":[\"LOCAL\",\"Pol\u00edtica\"],\"inLanguage\":\"es\",\"potentialAction\":[{\"@type\":\"CommentAction\",\"name\":\"Comment\",\"target\":[\"https:\/\/waracomunicaciones.com\/?p=1367#respond\"]}]},{\"@type\":\"WebPage\",\"@id\":\"https:\/\/waracomunicaciones.com\/?p=1367\",\"url\":\"https:\/\/waracomunicaciones.com\/?p=1367\",\"name\":\"William Perales asegura que la pr\u00f3xima gesti\u00f3n municipal ser\u00e1 \u201ctotalmente diferente\u201d y sin persecuci\u00f3n pol\u00edtica - Wara Comunicaciones\",\"isPartOf\":{\"@id\":\"https:\/\/waracomunicaciones.com\/#website\"},\"primaryImageOfPage\":{\"@id\":\"https:\/\/waracomunicaciones.com\/?p=1367#primaryimage\"},\"image\":{\"@id\":\"https:\/\/waracomunicaciones.com\/?p=1367#primaryimage\"},\"thumbnailUrl\":\"https:\/\/waracomunicaciones.com\/wp-content\/uploads\/2026\/01\/Perales-Concejo-20-ene-26-1024x799.png\",\"datePublished\":\"2026-01-20T19:22:47+00:00\",\"dateModified\":\"2026-01-20T19:22:49+00:00\",\"breadcrumb\":{\"@id\":\"https:\/\/waracomunicaciones.com\/?p=1367#breadcrumb\"},\"inLanguage\":\"es\",\"potentialAction\":[{\"@type\":\"ReadAction\",\"target\":[\"https:\/\/waracomunicaciones.com\/?p=1367\"]}]},{\"@type\":\"ImageObject\",\"inLanguage\":\"es\",\"@id\":\"https:\/\/waracomunicaciones.com\/?p=1367#primaryimage\",\"url\":\"https:\/\/waracomunicaciones.com\/wp-content\/uploads\/2026\/01\/Perales-Concejo-20-ene-26.png\",\"contentUrl\":\"https:\/\/waracomunicaciones.com\/wp-content\/uploads\/2026\/01\/Perales-Concejo-20-ene-26.png\",\"width\":1355,\"height\":1057},{\"@type\":\"BreadcrumbList\",\"@id\":\"https:\/\/waracomunicaciones.com\/?p=1367#breadcrumb\",\"itemListElement\":[{\"@type\":\"ListItem\",\"position\":1,\"name\":\"Portada\",\"item\":\"https:\/\/waracomunicaciones.com\/\"},{\"@type\":\"ListItem\",\"position\":2,\"name\":\"William Perales asegura que la pr\u00f3xima gesti\u00f3n municipal ser\u00e1 \u201ctotalmente diferente\u201d y sin persecuci\u00f3n pol\u00edtica\"}]},{\"@type\":\"WebSite\",\"@id\":\"https:\/\/waracomunicaciones.com\/#website\",\"url\":\"https:\/\/waracomunicaciones.com\/\",\"name\":\"Wara Comunicaciones\",\"description\":\"\",\"publisher\":{\"@id\":\"https:\/\/waracomunicaciones.com\/#organization\"},\"potentialAction\":[{\"@type\":\"SearchAction\",\"target\":{\"@type\":\"EntryPoint\",\"urlTemplate\":\"https:\/\/waracomunicaciones.com\/?s={search_term_string}\"},\"query-input\":{\"@type\":\"PropertyValueSpecification\",\"valueRequired\":true,\"valueName\":\"search_term_string\"}}],\"inLanguage\":\"es\"},{\"@type\":\"Organization\",\"@id\":\"https:\/\/waracomunicaciones.com\/#organization\",\"name\":\"Wara Comunicaciones\",\"url\":\"https:\/\/waracomunicaciones.com\/\",\"logo\":{\"@type\":\"ImageObject\",\"inLanguage\":\"es\",\"@id\":\"https:\/\/waracomunicaciones.com\/#\/schema\/logo\/image\/\",\"url\":\"https:\/\/waracomunicaciones.com\/wp-content\/uploads\/2025\/07\/logo.png\",\"contentUrl\":\"https:\/\/waracomunicaciones.com\/wp-content\/uploads\/2025\/07\/logo.png\",\"width\":400,\"height\":164,\"caption\":\"Wara Comunicaciones\"},\"image\":{\"@id\":\"https:\/\/waracomunicaciones.com\/#\/schema\/logo\/image\/\"},\"sameAs\":[\"https:\/\/www.facebook.com\/waracomunicaciones2017\"]},{\"@type\":\"Person\",\"@id\":\"https:\/\/waracomunicaciones.com\/#\/schema\/person\/cbfc6e874b874c69982b6f254108e9f0\",\"name\":\"Tom\u00e1s Coca\",\"image\":{\"@type\":\"ImageObject\",\"inLanguage\":\"es\",\"@id\":\"https:\/\/waracomunicaciones.com\/#\/schema\/person\/image\/\",\"url\":\"https:\/\/secure.gravatar.com\/avatar\/482131bd67ce2dac1261229602fd0c47826af81f4ac6608b066b29cac2a6e65d?s=96&d=mm&r=g\",\"contentUrl\":\"https:\/\/secure.gravatar.com\/avatar\/482131bd67ce2dac1261229602fd0c47826af81f4ac6608b066b29cac2a6e65d?s=96&d=mm&r=g\",\"caption\":\"Tom\u00e1s Coca\"},\"sameAs\":[\"https:\/\/waracomunicaciones.com\"],\"url\":\"https:\/\/waracomunicaciones.com\/?author=2\"}]}<\/script>\n<!-- \/ Yoast SEO Premium plugin. -->","yoast_head_json":{"title":"William Perales asegura que la pr\u00f3xima gesti\u00f3n municipal ser\u00e1 \u201ctotalmente diferente\u201d y sin persecuci\u00f3n pol\u00edtica - Wara Comunicaciones","robots":{"index":"index","follow":"follow","max-snippet":"max-snippet:-1","max-image-preview":"max-image-preview:large","max-video-preview":"max-video-preview:-1"},"canonical":"https:\/\/waracomunicaciones.com\/?p=1367","og_locale":"es_ES","og_type":"article","og_title":"William Perales asegura que la pr\u00f3xima gesti\u00f3n municipal ser\u00e1 \u201ctotalmente diferente\u201d y sin persecuci\u00f3n pol\u00edtica","og_description":"Foto Carlos Paredes (Cazador) Montero 20 enero 2026.- En una entrevista concedida al programa Agenda Matinal de Wara Comunicaciones, cadena radial de la integraci\u00f3n, el presidente del Consejo Municipal de Montero y candidato a primer concejal por CREEMOS, William Perales, realiz\u00f3 un balance de casi cinco a\u00f1os de gesti\u00f3n legislativa municipal y proyect\u00f3 un escenario [&hellip;]","og_url":"https:\/\/waracomunicaciones.com\/?p=1367","og_site_name":"Wara Comunicaciones","article_publisher":"https:\/\/www.facebook.com\/waracomunicaciones2017","article_published_time":"2026-01-20T19:22:47+00:00","article_modified_time":"2026-01-20T19:22:49+00:00","og_image":[{"width":1024,"height":799,"url":"https:\/\/waracomunicaciones.com\/wp-content\/uploads\/2026\/01\/Perales-Concejo-20-ene-26-1024x799.png","type":"image\/png"}],"author":"Tom\u00e1s Coca","twitter_card":"summary_large_image","twitter_misc":{"Escrito por":"Tom\u00e1s Coca","Tiempo de lectura":"3 minutos"},"schema":{"@context":"https:\/\/schema.org","@graph":[{"@type":"Article","@id":"https:\/\/waracomunicaciones.com\/?p=1367#article","isPartOf":{"@id":"https:\/\/waracomunicaciones.com\/?p=1367"},"author":{"name":"Tom\u00e1s Coca","@id":"https:\/\/waracomunicaciones.com\/#\/schema\/person\/cbfc6e874b874c69982b6f254108e9f0"},"headline":"William Perales asegura que la pr\u00f3xima gesti\u00f3n municipal ser\u00e1 \u201ctotalmente diferente\u201d y sin persecuci\u00f3n pol\u00edtica","datePublished":"2026-01-20T19:22:47+00:00","dateModified":"2026-01-20T19:22:49+00:00","mainEntityOfPage":{"@id":"https:\/\/waracomunicaciones.com\/?p=1367"},"wordCount":488,"commentCount":0,"publisher":{"@id":"https:\/\/waracomunicaciones.com\/#organization"},"image":{"@id":"https:\/\/waracomunicaciones.com\/?p=1367#primaryimage"},"thumbnailUrl":"https:\/\/waracomunicaciones.com\/wp-content\/uploads\/2026\/01\/Perales-Concejo-20-ene-26-1024x799.png","keywords":["Eleccciones Subnacionales"],"articleSection":["LOCAL","Pol\u00edtica"],"inLanguage":"es","potentialAction":[{"@type":"CommentAction","name":"Comment","target":["https:\/\/waracomunicaciones.com\/?p=1367#respond"]}]},{"@type":"WebPage","@id":"https:\/\/waracomunicaciones.com\/?p=1367","url":"https:\/\/waracomunicaciones.com\/?p=1367","name":"William Perales asegura que la pr\u00f3xima gesti\u00f3n municipal ser\u00e1 \u201ctotalmente diferente\u201d y sin persecuci\u00f3n pol\u00edtica - Wara Comunicaciones","isPartOf":{"@id":"https:\/\/waracomunicaciones.com\/#website"},"primaryImageOfPage":{"@id":"https:\/\/waracomunicaciones.com\/?p=1367#primaryimage"},"image":{"@id":"https:\/\/waracomunicaciones.com\/?p=1367#primaryimage"},"thumbnailUrl":"https:\/\/waracomunicaciones.com\/wp-content\/uploads\/2026\/01\/Perales-Concejo-20-ene-26-1024x799.png","datePublished":"2026-01-20T19:22:47+00:00","dateModified":"2026-01-20T19:22:49+00:00","breadcrumb":{"@id":"https:\/\/waracomunicaciones.com\/?p=1367#breadcrumb"},"inLanguage":"es","potentialAction":[{"@type":"ReadAction","target":["https:\/\/waracomunicaciones.com\/?p=1367"]}]},{"@type":"ImageObject","inLanguage":"es","@id":"https:\/\/waracomunicaciones.com\/?p=1367#primaryimage","url":"https:\/\/waracomunicaciones.com\/wp-content\/uploads\/2026\/01\/Perales-Concejo-20-ene-26.png","contentUrl":"https:\/\/waracomunicaciones.com\/wp-content\/uploads\/2026\/01\/Perales-Concejo-20-ene-26.png","width":1355,"height":1057},{"@type":"BreadcrumbList","@id":"https:\/\/waracomunicaciones.com\/?p=1367#breadcrumb","itemListElement":[{"@type":"ListItem","position":1,"name":"Portada","item":"https:\/\/waracomunicaciones.com\/"},{"@type":"ListItem","position":2,"name":"William Perales asegura que la pr\u00f3xima gesti\u00f3n municipal ser\u00e1 \u201ctotalmente diferente\u201d y sin persecuci\u00f3n pol\u00edtica"}]},{"@type":"WebSite","@id":"https:\/\/waracomunicaciones.com\/#website","url":"https:\/\/waracomunicaciones.com\/","name":"Wara Comunicaciones","description":"","publisher":{"@id":"https:\/\/waracomunicaciones.com\/#organization"},"potentialAction":[{"@type":"SearchAction","target":{"@type":"EntryPoint","urlTemplate":"https:\/\/waracomunicaciones.com\/?s={search_term_string}"},"query-input":{"@type":"PropertyValueSpecification","valueRequired":true,"valueName":"search_term_string"}}],"inLanguage":"es"},{"@type":"Organization","@id":"https:\/\/waracomunicaciones.com\/#organization","name":"Wara Comunicaciones","url":"https:\/\/waracomunicaciones.com\/","logo":{"@type":"ImageObject","inLanguage":"es","@id":"https:\/\/waracomunicaciones.com\/#\/schema\/logo\/image\/","url":"https:\/\/waracomunicaciones.com\/wp-content\/uploads\/2025\/07\/logo.png","contentUrl":"https:\/\/waracomunicaciones.com\/wp-content\/uploads\/2025\/07\/logo.png","width":400,"height":164,"caption":"Wara Comunicaciones"},"image":{"@id":"https:\/\/waracomunicaciones.com\/#\/schema\/logo\/image\/"},"sameAs":["https:\/\/www.facebook.com\/waracomunicaciones2017"]},{"@type":"Person","@id":"https:\/\/waracomunicaciones.com\/#\/schema\/person\/cbfc6e874b874c69982b6f254108e9f0","name":"Tom\u00e1s Coca","image":{"@type":"ImageObject","inLanguage":"es","@id":"https:\/\/waracomunicaciones.com\/#\/schema\/person\/image\/","url":"https:\/\/secure.gravatar.com\/avatar\/482131bd67ce2dac1261229602fd0c47826af81f4ac6608b066b29cac2a6e65d?s=96&d=mm&r=g","contentUrl":"https:\/\/secure.gravatar.com\/avatar\/482131bd67ce2dac1261229602fd0c47826af81f4ac6608b066b29cac2a6e65d?s=96&d=mm&r=g","caption":"Tom\u00e1s Coca"},"sameAs":["https:\/\/waracomunicaciones.com"],"url":"https:\/\/waracomunicaciones.com\/?author=2"}]}},"_links":{"self":[{"href":"https:\/\/waracomunicaciones.com\/index.php?rest_route=\/wp\/v2\/posts\/1367","targetHints":{"allow":["GET"]}}],"collection":[{"href":"https:\/\/waracomunicaciones.com\/index.php?rest_route=\/wp\/v2\/posts"}],"about":[{"href":"https:\/\/waracomunicaciones.com\/index.php?rest_route=\/wp\/v2\/types\/post"}],"author":[{"embeddable":true,"href":"https:\/\/waracomunicaciones.com\/index.php?rest_route=\/wp\/v2\/users\/2"}],"replies":[{"embeddable":true,"href":"https:\/\/waracomunicaciones.com\/index.php?rest_route=%2Fwp%2Fv2%2Fcomments&post=1367"}],"version-history":[{"count":1,"href":"https:\/\/waracomunicaciones.com\/index.php?rest_route=\/wp\/v2\/posts\/1367\/revisions"}],"predecessor-version":[{"id":1370,"href":"https:\/\/waracomunicaciones.com\/index.php?rest_route=\/wp\/v2\/posts\/1367\/revisions\/1370"}],"wp:attachment":[{"href":"https:\/\/waracomunicaciones.com\/index.php?rest_route=%2Fwp%2Fv2%2Fmedia&parent=1367"}],"wp:term":[{"taxonomy":"category","embeddable":true,"href":"https:\/\/waracomunicaciones.com\/index.php?rest_route=%2Fwp%2Fv2%2Fcategories&post=1367"},{"taxonomy":"post_tag","embeddable":true,"href":"https:\/\/waracomunicaciones.com\/index.php?rest_route=%2Fwp%2Fv2%2Ftags&post=1367"}],"curies":[{"name":"wp","href":"https:\/\/api.w.org\/{rel}","templated":true}]}}