{"id":1364,"date":"2026-01-19T06:57:03","date_gmt":"2026-01-19T10:57:03","guid":{"rendered":"https:\/\/waracomunicaciones.com\/?p=1364"},"modified":"2026-01-19T06:57:04","modified_gmt":"2026-01-19T10:57:04","slug":"alianza-unidos-por-la-patria-presento-a-sus-candidatos-en-montero","status":"publish","type":"post","link":"https:\/\/waracomunicaciones.com\/?p=1364","title":{"rendered":"Alianza \u201cUnidos por la Patria\u201d present\u00f3 a sus candidatos en Montero"},"content":{"rendered":"\n<figure class=\"wp-block-image size-large\"><img loading=\"lazy\" decoding=\"async\" width=\"1024\" height=\"452\" src=\"https:\/\/waracomunicaciones.com\/wp-content\/uploads\/2026\/01\/Reynoso-Presentacion-Candidatos-1024x452.png\" alt=\"\" class=\"wp-image-1365\" srcset=\"https:\/\/waracomunicaciones.com\/wp-content\/uploads\/2026\/01\/Reynoso-Presentacion-Candidatos-1024x452.png 1024w, https:\/\/waracomunicaciones.com\/wp-content\/uploads\/2026\/01\/Reynoso-Presentacion-Candidatos-300x133.png 300w, https:\/\/waracomunicaciones.com\/wp-content\/uploads\/2026\/01\/Reynoso-Presentacion-Candidatos-768x339.png 768w, https:\/\/waracomunicaciones.com\/wp-content\/uploads\/2026\/01\/Reynoso-Presentacion-Candidatos.png 1435w\" sizes=\"auto, (max-width: 1024px) 100vw, 1024px\" \/><\/figure>\n\n\n\n<p>Foto Carlos Paredes (El cazador)<\/p>\n\n\n<p>Este fin de semana, la Alianza <em>Unidos por la Patria<\/em> realiz\u00f3 la presentaci\u00f3n oficial de sus candidatos en el municipio de Montero, en un acto pol\u00edtico que congreg\u00f3 a dirigentes, autoridades nacionales y militantes. La actividad cont\u00f3 con la participaci\u00f3n del viceministro Ernesto Justiniano, quien expres\u00f3 p\u00fablicamente su respaldo a la candidatura de Pablo Reynoso a la Alcald\u00eda de Montero.<!--more--><\/p>\n<p>Durante su intervenci\u00f3n, Justiniano destac\u00f3 la importancia de construir una patria basada en el orden, la convivencia y la responsabilidad, se\u00f1alando que los problemas del pa\u00eds no radican en su gente, sino en un Estado que, seg\u00fan afirm\u00f3, no ha funcionado adecuadamente. En ese marco, sostuvo que Montero es un municipio trabajador y productivo que necesita gesti\u00f3n y acompa\u00f1amiento, m\u00e1s que discursos pol\u00edticos.<\/p>\n<p>\u201cEl poder no es un privilegio, es una responsabilidad\u201d, afirm\u00f3 el viceministro, al tiempo de presentar a Pablo Reynoso como un candidato comprometido con el orden, la educaci\u00f3n, la salud y el deporte, pilares que consider\u00f3 fundamentales para el desarrollo del municipio y del pa\u00eds. Asimismo, resalt\u00f3 las ra\u00edces montere\u00f1as del candidato y su v\u00ednculo con el norte cruce\u00f1o, asegurando que no llega a prometer milagros, sino a trabajar por un futuro con planificaci\u00f3n y gesti\u00f3n.<\/p>\n<p>Por su parte, el candidato a alcalde Pablo Reynoso agradeci\u00f3 el apoyo recibido y se dirigi\u00f3 a los presentes con un mensaje centrado en la unidad, la honestidad y el trabajo en equipo. En su discurso, enfatiz\u00f3 que el verdadero legado de las autoridades debe ser el bienestar de la poblaci\u00f3n y la construcci\u00f3n de un futuro sostenible para las pr\u00f3ximas generaciones.<\/p>\n<p>Reynoso plante\u00f3 como ejes de su propuesta una administraci\u00f3n municipal transparente y un gobierno abierto, con \u00e9nfasis en una salud eficiente, una educaci\u00f3n de calidad, infraestructura vial adecuada, seguridad ciudadana y generaci\u00f3n de empleo mediante la atracci\u00f3n de inversiones e industrias. Tambi\u00e9n hizo referencia a la necesidad de atender de manera equitativa a todos los barrios, incluyendo aquellos que enfrentan problemas de regularizaci\u00f3n, para garantizar justicia e igualdad.<\/p>\n<p>Finalmente, el candidato llam\u00f3 a dejar de lado las divisiones regionales y a trabajar unidos como bolivianos, reafirmando su compromiso de impulsar una gesti\u00f3n honesta y eficiente. El acto concluy\u00f3 con vivas a Montero, Santa Cruz y Bolivia, en un ambiente de apoyo y entusiasmo de los asistentes.<\/p>\n<p>\u00a0<\/p><div style=\"margin-top: 0px; margin-bottom: 0px;\" class=\"sharethis-inline-reaction-buttons\" ><\/div>","protected":false},"excerpt":{"rendered":"<p>Foto Carlos Paredes (El cazador) Este fin de semana, la Alianza Unidos por la Patria realiz\u00f3 la presentaci\u00f3n oficial de sus candidatos en el municipio de Montero, en un acto pol\u00edtico que congreg\u00f3 a dirigentes, autoridades nacionales y militantes. La actividad cont\u00f3 con la participaci\u00f3n del viceministro Ernesto Justiniano, quien expres\u00f3 p\u00fablicamente su respaldo a [&hellip;]<\/p>\n","protected":false},"author":2,"featured_media":0,"comment_status":"open","ping_status":"open","sticky":false,"template":"","format":"standard","meta":{"footnotes":""},"categories":[5,42],"tags":[],"class_list":["post-1364","post","type-post","status-publish","format-standard","hentry","category-local","category-politica"],"yoast_head":"<!-- This site is optimized with the Yoast SEO Premium plugin v25.5 (Yoast SEO v27.1.1) - https:\/\/yoast.com\/product\/yoast-seo-premium-wordpress\/ -->\n<title>Alianza \u201cUnidos por la Patria\u201d present\u00f3 a sus candidatos en Montero - Wara Comunicaciones<\/title>\n<meta name=\"robots\" content=\"index, follow, max-snippet:-1, max-image-preview:large, max-video-preview:-1\" \/>\n<link rel=\"canonical\" href=\"https:\/\/waracomunicaciones.com\/?p=1364\" \/>\n<meta property=\"og:locale\" content=\"es_ES\" \/>\n<meta property=\"og:type\" content=\"article\" \/>\n<meta property=\"og:title\" content=\"Alianza \u201cUnidos por la Patria\u201d present\u00f3 a sus candidatos en Montero\" \/>\n<meta property=\"og:description\" content=\"Foto Carlos Paredes (El cazador) Este fin de semana, la Alianza Unidos por la Patria realiz\u00f3 la presentaci\u00f3n oficial de sus candidatos en el municipio de Montero, en un acto pol\u00edtico que congreg\u00f3 a dirigentes, autoridades nacionales y militantes. La actividad cont\u00f3 con la participaci\u00f3n del viceministro Ernesto Justiniano, quien expres\u00f3 p\u00fablicamente su respaldo a [&hellip;]\" \/>\n<meta property=\"og:url\" content=\"https:\/\/waracomunicaciones.com\/?p=1364\" \/>\n<meta property=\"og:site_name\" content=\"Wara Comunicaciones\" \/>\n<meta property=\"article:publisher\" content=\"https:\/\/www.facebook.com\/waracomunicaciones2017\" \/>\n<meta property=\"article:published_time\" content=\"2026-01-19T10:57:03+00:00\" \/>\n<meta property=\"article:modified_time\" content=\"2026-01-19T10:57:04+00:00\" \/>\n<meta property=\"og:image\" content=\"https:\/\/waracomunicaciones.com\/wp-content\/uploads\/2026\/01\/Reynoso-Presentacion-Candidatos-1024x452.png\" \/>\n\t<meta property=\"og:image:width\" content=\"1024\" \/>\n\t<meta property=\"og:image:height\" content=\"452\" \/>\n\t<meta property=\"og:image:type\" content=\"image\/png\" \/>\n<meta name=\"author\" content=\"Tom\u00e1s Coca\" \/>\n<meta name=\"twitter:card\" content=\"summary_large_image\" \/>\n<meta name=\"twitter:label1\" content=\"Escrito por\" \/>\n\t<meta name=\"twitter:data1\" content=\"Tom\u00e1s Coca\" \/>\n\t<meta name=\"twitter:label2\" content=\"Tiempo de lectura\" \/>\n\t<meta name=\"twitter:data2\" content=\"2 minutos\" \/>\n<script type=\"application\/ld+json\" class=\"yoast-schema-graph\">{\"@context\":\"https:\/\/schema.org\",\"@graph\":[{\"@type\":\"Article\",\"@id\":\"https:\/\/waracomunicaciones.com\/?p=1364#article\",\"isPartOf\":{\"@id\":\"https:\/\/waracomunicaciones.com\/?p=1364\"},\"author\":{\"name\":\"Tom\u00e1s Coca\",\"@id\":\"https:\/\/waracomunicaciones.com\/#\/schema\/person\/cbfc6e874b874c69982b6f254108e9f0\"},\"headline\":\"Alianza \u201cUnidos por la Patria\u201d present\u00f3 a sus candidatos en Montero\",\"datePublished\":\"2026-01-19T10:57:03+00:00\",\"dateModified\":\"2026-01-19T10:57:04+00:00\",\"mainEntityOfPage\":{\"@id\":\"https:\/\/waracomunicaciones.com\/?p=1364\"},\"wordCount\":424,\"commentCount\":0,\"publisher\":{\"@id\":\"https:\/\/waracomunicaciones.com\/#organization\"},\"image\":{\"@id\":\"https:\/\/waracomunicaciones.com\/?p=1364#primaryimage\"},\"thumbnailUrl\":\"https:\/\/waracomunicaciones.com\/wp-content\/uploads\/2026\/01\/Reynoso-Presentacion-Candidatos-1024x452.png\",\"articleSection\":[\"LOCAL\",\"Pol\u00edtica\"],\"inLanguage\":\"es\",\"potentialAction\":[{\"@type\":\"CommentAction\",\"name\":\"Comment\",\"target\":[\"https:\/\/waracomunicaciones.com\/?p=1364#respond\"]}]},{\"@type\":\"WebPage\",\"@id\":\"https:\/\/waracomunicaciones.com\/?p=1364\",\"url\":\"https:\/\/waracomunicaciones.com\/?p=1364\",\"name\":\"Alianza \u201cUnidos por la Patria\u201d present\u00f3 a sus candidatos en Montero - Wara Comunicaciones\",\"isPartOf\":{\"@id\":\"https:\/\/waracomunicaciones.com\/#website\"},\"primaryImageOfPage\":{\"@id\":\"https:\/\/waracomunicaciones.com\/?p=1364#primaryimage\"},\"image\":{\"@id\":\"https:\/\/waracomunicaciones.com\/?p=1364#primaryimage\"},\"thumbnailUrl\":\"https:\/\/waracomunicaciones.com\/wp-content\/uploads\/2026\/01\/Reynoso-Presentacion-Candidatos-1024x452.png\",\"datePublished\":\"2026-01-19T10:57:03+00:00\",\"dateModified\":\"2026-01-19T10:57:04+00:00\",\"breadcrumb\":{\"@id\":\"https:\/\/waracomunicaciones.com\/?p=1364#breadcrumb\"},\"inLanguage\":\"es\",\"potentialAction\":[{\"@type\":\"ReadAction\",\"target\":[\"https:\/\/waracomunicaciones.com\/?p=1364\"]}]},{\"@type\":\"ImageObject\",\"inLanguage\":\"es\",\"@id\":\"https:\/\/waracomunicaciones.com\/?p=1364#primaryimage\",\"url\":\"https:\/\/waracomunicaciones.com\/wp-content\/uploads\/2026\/01\/Reynoso-Presentacion-Candidatos.png\",\"contentUrl\":\"https:\/\/waracomunicaciones.com\/wp-content\/uploads\/2026\/01\/Reynoso-Presentacion-Candidatos.png\",\"width\":1435,\"height\":634},{\"@type\":\"BreadcrumbList\",\"@id\":\"https:\/\/waracomunicaciones.com\/?p=1364#breadcrumb\",\"itemListElement\":[{\"@type\":\"ListItem\",\"position\":1,\"name\":\"Portada\",\"item\":\"https:\/\/waracomunicaciones.com\/\"},{\"@type\":\"ListItem\",\"position\":2,\"name\":\"Alianza \u201cUnidos por la Patria\u201d present\u00f3 a sus candidatos en Montero\"}]},{\"@type\":\"WebSite\",\"@id\":\"https:\/\/waracomunicaciones.com\/#website\",\"url\":\"https:\/\/waracomunicaciones.com\/\",\"name\":\"Wara Comunicaciones\",\"description\":\"\",\"publisher\":{\"@id\":\"https:\/\/waracomunicaciones.com\/#organization\"},\"potentialAction\":[{\"@type\":\"SearchAction\",\"target\":{\"@type\":\"EntryPoint\",\"urlTemplate\":\"https:\/\/waracomunicaciones.com\/?s={search_term_string}\"},\"query-input\":{\"@type\":\"PropertyValueSpecification\",\"valueRequired\":true,\"valueName\":\"search_term_string\"}}],\"inLanguage\":\"es\"},{\"@type\":\"Organization\",\"@id\":\"https:\/\/waracomunicaciones.com\/#organization\",\"name\":\"Wara Comunicaciones\",\"url\":\"https:\/\/waracomunicaciones.com\/\",\"logo\":{\"@type\":\"ImageObject\",\"inLanguage\":\"es\",\"@id\":\"https:\/\/waracomunicaciones.com\/#\/schema\/logo\/image\/\",\"url\":\"https:\/\/waracomunicaciones.com\/wp-content\/uploads\/2025\/07\/logo.png\",\"contentUrl\":\"https:\/\/waracomunicaciones.com\/wp-content\/uploads\/2025\/07\/logo.png\",\"width\":400,\"height\":164,\"caption\":\"Wara Comunicaciones\"},\"image\":{\"@id\":\"https:\/\/waracomunicaciones.com\/#\/schema\/logo\/image\/\"},\"sameAs\":[\"https:\/\/www.facebook.com\/waracomunicaciones2017\"]},{\"@type\":\"Person\",\"@id\":\"https:\/\/waracomunicaciones.com\/#\/schema\/person\/cbfc6e874b874c69982b6f254108e9f0\",\"name\":\"Tom\u00e1s Coca\",\"image\":{\"@type\":\"ImageObject\",\"inLanguage\":\"es\",\"@id\":\"https:\/\/waracomunicaciones.com\/#\/schema\/person\/image\/\",\"url\":\"https:\/\/secure.gravatar.com\/avatar\/482131bd67ce2dac1261229602fd0c47826af81f4ac6608b066b29cac2a6e65d?s=96&d=mm&r=g\",\"contentUrl\":\"https:\/\/secure.gravatar.com\/avatar\/482131bd67ce2dac1261229602fd0c47826af81f4ac6608b066b29cac2a6e65d?s=96&d=mm&r=g\",\"caption\":\"Tom\u00e1s Coca\"},\"sameAs\":[\"https:\/\/waracomunicaciones.com\"],\"url\":\"https:\/\/waracomunicaciones.com\/?author=2\"}]}<\/script>\n<!-- \/ Yoast SEO Premium plugin. -->","yoast_head_json":{"title":"Alianza \u201cUnidos por la Patria\u201d present\u00f3 a sus candidatos en Montero - Wara Comunicaciones","robots":{"index":"index","follow":"follow","max-snippet":"max-snippet:-1","max-image-preview":"max-image-preview:large","max-video-preview":"max-video-preview:-1"},"canonical":"https:\/\/waracomunicaciones.com\/?p=1364","og_locale":"es_ES","og_type":"article","og_title":"Alianza \u201cUnidos por la Patria\u201d present\u00f3 a sus candidatos en Montero","og_description":"Foto Carlos Paredes (El cazador) Este fin de semana, la Alianza Unidos por la Patria realiz\u00f3 la presentaci\u00f3n oficial de sus candidatos en el municipio de Montero, en un acto pol\u00edtico que congreg\u00f3 a dirigentes, autoridades nacionales y militantes. La actividad cont\u00f3 con la participaci\u00f3n del viceministro Ernesto Justiniano, quien expres\u00f3 p\u00fablicamente su respaldo a [&hellip;]","og_url":"https:\/\/waracomunicaciones.com\/?p=1364","og_site_name":"Wara Comunicaciones","article_publisher":"https:\/\/www.facebook.com\/waracomunicaciones2017","article_published_time":"2026-01-19T10:57:03+00:00","article_modified_time":"2026-01-19T10:57:04+00:00","og_image":[{"width":1024,"height":452,"url":"https:\/\/waracomunicaciones.com\/wp-content\/uploads\/2026\/01\/Reynoso-Presentacion-Candidatos-1024x452.png","type":"image\/png"}],"author":"Tom\u00e1s Coca","twitter_card":"summary_large_image","twitter_misc":{"Escrito por":"Tom\u00e1s Coca","Tiempo de lectura":"2 minutos"},"schema":{"@context":"https:\/\/schema.org","@graph":[{"@type":"Article","@id":"https:\/\/waracomunicaciones.com\/?p=1364#article","isPartOf":{"@id":"https:\/\/waracomunicaciones.com\/?p=1364"},"author":{"name":"Tom\u00e1s Coca","@id":"https:\/\/waracomunicaciones.com\/#\/schema\/person\/cbfc6e874b874c69982b6f254108e9f0"},"headline":"Alianza \u201cUnidos por la Patria\u201d present\u00f3 a sus candidatos en Montero","datePublished":"2026-01-19T10:57:03+00:00","dateModified":"2026-01-19T10:57:04+00:00","mainEntityOfPage":{"@id":"https:\/\/waracomunicaciones.com\/?p=1364"},"wordCount":424,"commentCount":0,"publisher":{"@id":"https:\/\/waracomunicaciones.com\/#organization"},"image":{"@id":"https:\/\/waracomunicaciones.com\/?p=1364#primaryimage"},"thumbnailUrl":"https:\/\/waracomunicaciones.com\/wp-content\/uploads\/2026\/01\/Reynoso-Presentacion-Candidatos-1024x452.png","articleSection":["LOCAL","Pol\u00edtica"],"inLanguage":"es","potentialAction":[{"@type":"CommentAction","name":"Comment","target":["https:\/\/waracomunicaciones.com\/?p=1364#respond"]}]},{"@type":"WebPage","@id":"https:\/\/waracomunicaciones.com\/?p=1364","url":"https:\/\/waracomunicaciones.com\/?p=1364","name":"Alianza \u201cUnidos por la Patria\u201d present\u00f3 a sus candidatos en Montero - Wara Comunicaciones","isPartOf":{"@id":"https:\/\/waracomunicaciones.com\/#website"},"primaryImageOfPage":{"@id":"https:\/\/waracomunicaciones.com\/?p=1364#primaryimage"},"image":{"@id":"https:\/\/waracomunicaciones.com\/?p=1364#primaryimage"},"thumbnailUrl":"https:\/\/waracomunicaciones.com\/wp-content\/uploads\/2026\/01\/Reynoso-Presentacion-Candidatos-1024x452.png","datePublished":"2026-01-19T10:57:03+00:00","dateModified":"2026-01-19T10:57:04+00:00","breadcrumb":{"@id":"https:\/\/waracomunicaciones.com\/?p=1364#breadcrumb"},"inLanguage":"es","potentialAction":[{"@type":"ReadAction","target":["https:\/\/waracomunicaciones.com\/?p=1364"]}]},{"@type":"ImageObject","inLanguage":"es","@id":"https:\/\/waracomunicaciones.com\/?p=1364#primaryimage","url":"https:\/\/waracomunicaciones.com\/wp-content\/uploads\/2026\/01\/Reynoso-Presentacion-Candidatos.png","contentUrl":"https:\/\/waracomunicaciones.com\/wp-content\/uploads\/2026\/01\/Reynoso-Presentacion-Candidatos.png","width":1435,"height":634},{"@type":"BreadcrumbList","@id":"https:\/\/waracomunicaciones.com\/?p=1364#breadcrumb","itemListElement":[{"@type":"ListItem","position":1,"name":"Portada","item":"https:\/\/waracomunicaciones.com\/"},{"@type":"ListItem","position":2,"name":"Alianza \u201cUnidos por la Patria\u201d present\u00f3 a sus candidatos en Montero"}]},{"@type":"WebSite","@id":"https:\/\/waracomunicaciones.com\/#website","url":"https:\/\/waracomunicaciones.com\/","name":"Wara Comunicaciones","description":"","publisher":{"@id":"https:\/\/waracomunicaciones.com\/#organization"},"potentialAction":[{"@type":"SearchAction","target":{"@type":"EntryPoint","urlTemplate":"https:\/\/waracomunicaciones.com\/?s={search_term_string}"},"query-input":{"@type":"PropertyValueSpecification","valueRequired":true,"valueName":"search_term_string"}}],"inLanguage":"es"},{"@type":"Organization","@id":"https:\/\/waracomunicaciones.com\/#organization","name":"Wara Comunicaciones","url":"https:\/\/waracomunicaciones.com\/","logo":{"@type":"ImageObject","inLanguage":"es","@id":"https:\/\/waracomunicaciones.com\/#\/schema\/logo\/image\/","url":"https:\/\/waracomunicaciones.com\/wp-content\/uploads\/2025\/07\/logo.png","contentUrl":"https:\/\/waracomunicaciones.com\/wp-content\/uploads\/2025\/07\/logo.png","width":400,"height":164,"caption":"Wara Comunicaciones"},"image":{"@id":"https:\/\/waracomunicaciones.com\/#\/schema\/logo\/image\/"},"sameAs":["https:\/\/www.facebook.com\/waracomunicaciones2017"]},{"@type":"Person","@id":"https:\/\/waracomunicaciones.com\/#\/schema\/person\/cbfc6e874b874c69982b6f254108e9f0","name":"Tom\u00e1s Coca","image":{"@type":"ImageObject","inLanguage":"es","@id":"https:\/\/waracomunicaciones.com\/#\/schema\/person\/image\/","url":"https:\/\/secure.gravatar.com\/avatar\/482131bd67ce2dac1261229602fd0c47826af81f4ac6608b066b29cac2a6e65d?s=96&d=mm&r=g","contentUrl":"https:\/\/secure.gravatar.com\/avatar\/482131bd67ce2dac1261229602fd0c47826af81f4ac6608b066b29cac2a6e65d?s=96&d=mm&r=g","caption":"Tom\u00e1s Coca"},"sameAs":["https:\/\/waracomunicaciones.com"],"url":"https:\/\/waracomunicaciones.com\/?author=2"}]}},"_links":{"self":[{"href":"https:\/\/waracomunicaciones.com\/index.php?rest_route=\/wp\/v2\/posts\/1364","targetHints":{"allow":["GET"]}}],"collection":[{"href":"https:\/\/waracomunicaciones.com\/index.php?rest_route=\/wp\/v2\/posts"}],"about":[{"href":"https:\/\/waracomunicaciones.com\/index.php?rest_route=\/wp\/v2\/types\/post"}],"author":[{"embeddable":true,"href":"https:\/\/waracomunicaciones.com\/index.php?rest_route=\/wp\/v2\/users\/2"}],"replies":[{"embeddable":true,"href":"https:\/\/waracomunicaciones.com\/index.php?rest_route=%2Fwp%2Fv2%2Fcomments&post=1364"}],"version-history":[{"count":1,"href":"https:\/\/waracomunicaciones.com\/index.php?rest_route=\/wp\/v2\/posts\/1364\/revisions"}],"predecessor-version":[{"id":1366,"href":"https:\/\/waracomunicaciones.com\/index.php?rest_route=\/wp\/v2\/posts\/1364\/revisions\/1366"}],"wp:attachment":[{"href":"https:\/\/waracomunicaciones.com\/index.php?rest_route=%2Fwp%2Fv2%2Fmedia&parent=1364"}],"wp:term":[{"taxonomy":"category","embeddable":true,"href":"https:\/\/waracomunicaciones.com\/index.php?rest_route=%2Fwp%2Fv2%2Fcategories&post=1364"},{"taxonomy":"post_tag","embeddable":true,"href":"https:\/\/waracomunicaciones.com\/index.php?rest_route=%2Fwp%2Fv2%2Ftags&post=1364"}],"curies":[{"name":"wp","href":"https:\/\/api.w.org\/{rel}","templated":true}]}}