{"id":1279,"date":"2025-12-15T14:09:13","date_gmt":"2025-12-15T18:09:13","guid":{"rendered":"https:\/\/waracomunicaciones.com\/?p=1279"},"modified":"2025-12-15T14:09:15","modified_gmt":"2025-12-15T18:09:15","slug":"jose-calet-lopez-es-proclamado-presidente-de-la-federacion-de-juntas-vecinales-y-llama-a-trabajar-duro-por-montero","status":"publish","type":"post","link":"https:\/\/waracomunicaciones.com\/?p=1279","title":{"rendered":"Jos\u00e9 Calet L\u00f3pez es proclamado presidente de la Federaci\u00f3n de Juntas Vecinales y llama a \u201ctrabajar duro por Montero\u201d"},"content":{"rendered":"\n<figure class=\"wp-block-image size-large\"><img loading=\"lazy\" decoding=\"async\" width=\"1024\" height=\"585\" src=\"https:\/\/waracomunicaciones.com\/wp-content\/uploads\/2025\/12\/1765821872-1024x585.webp\" alt=\"\" class=\"wp-image-1280\" srcset=\"https:\/\/waracomunicaciones.com\/wp-content\/uploads\/2025\/12\/1765821872-1024x585.webp 1024w, https:\/\/waracomunicaciones.com\/wp-content\/uploads\/2025\/12\/1765821872-300x171.webp 300w, https:\/\/waracomunicaciones.com\/wp-content\/uploads\/2025\/12\/1765821872-768x439.webp 768w, https:\/\/waracomunicaciones.com\/wp-content\/uploads\/2025\/12\/1765821872.webp 1344w\" sizes=\"auto, (max-width: 1024px) 100vw, 1024px\" \/><figcaption class=\"wp-element-caption\"><em>Josue Calet Lopez nuevo presidente de la Federaci\u00f3n de Juntas Vecinales (FJV)<\/em><\/figcaption><\/figure>\n\n\n<p><em>Montero 15 de diciembre.\u2013<\/em> En un ambiente de sorpresa, agradecimiento y entusiasmo, Jos\u00e9 Calet L\u00f3pez Montesinos fue proclamado como nuevo presidente de la Federaci\u00f3n de Juntas Vecinales (FJV), tras un proceso electoral en el que \u2014seg\u00fan afirm\u00f3\u2014 participaron numerosos presidentes de OTB de distintos distritos del municipio.<!--more--><\/p>\n<p>\u201cLlegu\u00e9 y me sorprend\u00ed cuando me dijeron felicidades. No s\u00e9 ni cu\u00e1nto he ganado, pero por lo visto ha sido por una gran cantidad\u201d, expres\u00f3 Calet, agradeciendo p\u00fablicamente al comit\u00e9 electoral y a los dirigentes vecinales que respaldaron su candidatura.<\/p>\n<p>\u00a0\u201cSomos una plancha que ha empezado bien y tenemos que terminar bien. Vamos a pelear por todos los distritos y por todos los barrios de Montero, porque para eso hemos sido elegidos\u201d, afirm\u00f3.<\/p>\n<h3>Cr\u00edticas a gestiones anteriores<\/h3>\n<p>Durante sus declaraciones, Calet cuestion\u00f3 duramente a anteriores dirigencias de la Federaci\u00f3n, se\u00f1alando que el cargo fue \u201cabandonado\u201d y que no se ejerci\u00f3 un verdadero trabajo en favor de los vecinos. \u201cMontero ha sido testigo de que este cargo no se lo ha hecho respetar. Nosotros vamos a darle duro, duro y parejo\u201d, sostuvo, remarcando que su gesti\u00f3n buscar\u00e1 recuperar la presencia y el rol activo de la FJV.<\/p>\n<p>Con un discurso enf\u00e1tico, el nuevo presidente reiter\u00f3 que su compromiso es trabajar sin descanso: \u201cHay que echarle candela a las funciones que uno asume\u201d, dijo, llamando a la unidad y al esfuerzo conjunto por la ciudad.<\/p>\n<h3>Sobre el paralelismo dirigencial<\/h3>\n<p>Consultado sobre la reciente elecci\u00f3n de Pablo C\u00e9sar Arancibia como presidente de otra directiva de juntas vecinales, Calet minimiz\u00f3 el conflicto y afirm\u00f3 que no tiene intenci\u00f3n de confrontar. Sin embargo, cuestion\u00f3 la legitimidad de dicho proceso, se\u00f1alando que no habr\u00eda existido una convocatoria espec\u00edfica para elecciones, sino solo para una reuni\u00f3n.<\/p>\n<p>\u201cSi \u00e9l quiere trabajar, que trabaje. Yo no voy a pelear ni discutir. Al gallo se lo ve en la cancha, trabajando\u201d, manifest\u00f3, dejando en claro que su gesti\u00f3n se medir\u00e1 por hechos y no por declaraciones.<\/p>\n<p>Calet subray\u00f3 que su trayectoria como dirigente vecinal respalda su compromiso, destacando su trabajo previo en temas de seguridad ciudadana, salud y educaci\u00f3n, tanto en su barrio como a nivel municipal. \u201cLa pelea es por Montero, no es por uno mismo\u201d, enfatiz\u00f3.<\/p>\n<h3>\u201cTodos por Montero\u201d<\/h3>\n<p>Finalmente, el presidente electo explic\u00f3 que su plancha fue denominada <strong>\u201cTodos por Montero\u201d<\/strong>, como reflejo de su propuesta inclusiva. \u201cNo son algunos, no son escogidos, somos todos por Montero. Vamos a meterle con la camiseta puesta por nuestra ciudad\u201d, concluy\u00f3.<\/p>\n<p>El nuevo ejecutivo de la Federaci\u00f3n de Juntas Vecinales agradeci\u00f3 la cobertura de los medios y convoc\u00f3 a todos los presidentes de OTB, hayan votado o no por su plancha, a sumarse al trabajo conjunto en defensa de los intereses vecinales.<\/p><div style=\"margin-top: 0px; margin-bottom: 0px;\" class=\"sharethis-inline-reaction-buttons\" ><\/div>","protected":false},"excerpt":{"rendered":"<p>Montero 15 de diciembre.\u2013 En un ambiente de sorpresa, agradecimiento y entusiasmo, Jos\u00e9 Calet L\u00f3pez Montesinos fue proclamado como nuevo presidente de la Federaci\u00f3n de Juntas Vecinales (FJV), tras un proceso electoral en el que \u2014seg\u00fan afirm\u00f3\u2014 participaron numerosos presidentes de OTB de distintos distritos del municipio.<\/p>\n","protected":false},"author":1,"featured_media":0,"comment_status":"open","ping_status":"open","sticky":false,"template":"","format":"standard","meta":{"footnotes":""},"categories":[42],"tags":[300,286],"class_list":["post-1279","post","type-post","status-publish","format-standard","hentry","category-politica","tag-jose-calet-lopez","tag-otb"],"yoast_head":"<!-- This site is optimized with the Yoast SEO Premium plugin v25.5 (Yoast SEO v27.1.1) - https:\/\/yoast.com\/product\/yoast-seo-premium-wordpress\/ -->\n<title>Jos\u00e9 Calet L\u00f3pez es proclamado presidente de la Federaci\u00f3n de Juntas Vecinales y llama a \u201ctrabajar duro por Montero\u201d - Wara Comunicaciones<\/title>\n<meta name=\"robots\" content=\"index, follow, max-snippet:-1, max-image-preview:large, max-video-preview:-1\" \/>\n<link rel=\"canonical\" href=\"https:\/\/waracomunicaciones.com\/?p=1279\" \/>\n<meta property=\"og:locale\" content=\"es_ES\" \/>\n<meta property=\"og:type\" content=\"article\" \/>\n<meta property=\"og:title\" content=\"Jos\u00e9 Calet L\u00f3pez es proclamado presidente de la Federaci\u00f3n de Juntas Vecinales y llama a \u201ctrabajar duro por Montero\u201d\" \/>\n<meta property=\"og:description\" content=\"Montero 15 de diciembre.\u2013 En un ambiente de sorpresa, agradecimiento y entusiasmo, Jos\u00e9 Calet L\u00f3pez Montesinos fue proclamado como nuevo presidente de la Federaci\u00f3n de Juntas Vecinales (FJV), tras un proceso electoral en el que \u2014seg\u00fan afirm\u00f3\u2014 participaron numerosos presidentes de OTB de distintos distritos del municipio.\" \/>\n<meta property=\"og:url\" content=\"https:\/\/waracomunicaciones.com\/?p=1279\" \/>\n<meta property=\"og:site_name\" content=\"Wara Comunicaciones\" \/>\n<meta property=\"article:publisher\" content=\"https:\/\/www.facebook.com\/waracomunicaciones2017\" \/>\n<meta property=\"article:published_time\" content=\"2025-12-15T18:09:13+00:00\" \/>\n<meta property=\"article:modified_time\" content=\"2025-12-15T18:09:15+00:00\" \/>\n<meta property=\"og:image\" content=\"https:\/\/waracomunicaciones.com\/wp-content\/uploads\/2025\/12\/1765821872.webp\" \/>\n\t<meta property=\"og:image:width\" content=\"1344\" \/>\n\t<meta property=\"og:image:height\" content=\"768\" \/>\n\t<meta property=\"og:image:type\" content=\"image\/webp\" \/>\n<meta name=\"author\" content=\"admin\" \/>\n<meta name=\"twitter:card\" content=\"summary_large_image\" \/>\n<meta name=\"twitter:label1\" content=\"Escrito por\" \/>\n\t<meta name=\"twitter:data1\" content=\"admin\" \/>\n\t<meta name=\"twitter:label2\" content=\"Tiempo de lectura\" \/>\n\t<meta name=\"twitter:data2\" content=\"2 minutos\" \/>\n<script type=\"application\/ld+json\" class=\"yoast-schema-graph\">{\"@context\":\"https:\/\/schema.org\",\"@graph\":[{\"@type\":\"Article\",\"@id\":\"https:\/\/waracomunicaciones.com\/?p=1279#article\",\"isPartOf\":{\"@id\":\"https:\/\/waracomunicaciones.com\/?p=1279\"},\"author\":{\"name\":\"admin\",\"@id\":\"https:\/\/waracomunicaciones.com\/#\/schema\/person\/e9db934bc91575cc71fe584c5973244a\"},\"headline\":\"Jos\u00e9 Calet L\u00f3pez es proclamado presidente de la Federaci\u00f3n de Juntas Vecinales y llama a \u201ctrabajar duro por Montero\u201d\",\"datePublished\":\"2025-12-15T18:09:13+00:00\",\"dateModified\":\"2025-12-15T18:09:15+00:00\",\"mainEntityOfPage\":{\"@id\":\"https:\/\/waracomunicaciones.com\/?p=1279\"},\"wordCount\":502,\"commentCount\":0,\"publisher\":{\"@id\":\"https:\/\/waracomunicaciones.com\/#organization\"},\"image\":{\"@id\":\"https:\/\/waracomunicaciones.com\/?p=1279#primaryimage\"},\"thumbnailUrl\":\"https:\/\/waracomunicaciones.com\/wp-content\/uploads\/2025\/12\/1765821872-1024x585.webp\",\"keywords\":[\"Jos\u00e9 Calet L\u00f3pez\",\"OTB\"],\"articleSection\":[\"Pol\u00edtica\"],\"inLanguage\":\"es\",\"potentialAction\":[{\"@type\":\"CommentAction\",\"name\":\"Comment\",\"target\":[\"https:\/\/waracomunicaciones.com\/?p=1279#respond\"]}]},{\"@type\":\"WebPage\",\"@id\":\"https:\/\/waracomunicaciones.com\/?p=1279\",\"url\":\"https:\/\/waracomunicaciones.com\/?p=1279\",\"name\":\"Jos\u00e9 Calet L\u00f3pez es proclamado presidente de la Federaci\u00f3n de Juntas Vecinales y llama a \u201ctrabajar duro por Montero\u201d - Wara Comunicaciones\",\"isPartOf\":{\"@id\":\"https:\/\/waracomunicaciones.com\/#website\"},\"primaryImageOfPage\":{\"@id\":\"https:\/\/waracomunicaciones.com\/?p=1279#primaryimage\"},\"image\":{\"@id\":\"https:\/\/waracomunicaciones.com\/?p=1279#primaryimage\"},\"thumbnailUrl\":\"https:\/\/waracomunicaciones.com\/wp-content\/uploads\/2025\/12\/1765821872-1024x585.webp\",\"datePublished\":\"2025-12-15T18:09:13+00:00\",\"dateModified\":\"2025-12-15T18:09:15+00:00\",\"breadcrumb\":{\"@id\":\"https:\/\/waracomunicaciones.com\/?p=1279#breadcrumb\"},\"inLanguage\":\"es\",\"potentialAction\":[{\"@type\":\"ReadAction\",\"target\":[\"https:\/\/waracomunicaciones.com\/?p=1279\"]}]},{\"@type\":\"ImageObject\",\"inLanguage\":\"es\",\"@id\":\"https:\/\/waracomunicaciones.com\/?p=1279#primaryimage\",\"url\":\"https:\/\/waracomunicaciones.com\/wp-content\/uploads\/2025\/12\/1765821872.webp\",\"contentUrl\":\"https:\/\/waracomunicaciones.com\/wp-content\/uploads\/2025\/12\/1765821872.webp\",\"width\":1344,\"height\":768},{\"@type\":\"BreadcrumbList\",\"@id\":\"https:\/\/waracomunicaciones.com\/?p=1279#breadcrumb\",\"itemListElement\":[{\"@type\":\"ListItem\",\"position\":1,\"name\":\"Portada\",\"item\":\"https:\/\/waracomunicaciones.com\/\"},{\"@type\":\"ListItem\",\"position\":2,\"name\":\"Jos\u00e9 Calet L\u00f3pez es proclamado presidente de la Federaci\u00f3n de Juntas Vecinales y llama a \u201ctrabajar duro por Montero\u201d\"}]},{\"@type\":\"WebSite\",\"@id\":\"https:\/\/waracomunicaciones.com\/#website\",\"url\":\"https:\/\/waracomunicaciones.com\/\",\"name\":\"Wara Comunicaciones\",\"description\":\"\",\"publisher\":{\"@id\":\"https:\/\/waracomunicaciones.com\/#organization\"},\"potentialAction\":[{\"@type\":\"SearchAction\",\"target\":{\"@type\":\"EntryPoint\",\"urlTemplate\":\"https:\/\/waracomunicaciones.com\/?s={search_term_string}\"},\"query-input\":{\"@type\":\"PropertyValueSpecification\",\"valueRequired\":true,\"valueName\":\"search_term_string\"}}],\"inLanguage\":\"es\"},{\"@type\":\"Organization\",\"@id\":\"https:\/\/waracomunicaciones.com\/#organization\",\"name\":\"Wara Comunicaciones\",\"url\":\"https:\/\/waracomunicaciones.com\/\",\"logo\":{\"@type\":\"ImageObject\",\"inLanguage\":\"es\",\"@id\":\"https:\/\/waracomunicaciones.com\/#\/schema\/logo\/image\/\",\"url\":\"https:\/\/waracomunicaciones.com\/wp-content\/uploads\/2025\/07\/logo.png\",\"contentUrl\":\"https:\/\/waracomunicaciones.com\/wp-content\/uploads\/2025\/07\/logo.png\",\"width\":400,\"height\":164,\"caption\":\"Wara Comunicaciones\"},\"image\":{\"@id\":\"https:\/\/waracomunicaciones.com\/#\/schema\/logo\/image\/\"},\"sameAs\":[\"https:\/\/www.facebook.com\/waracomunicaciones2017\"]},{\"@type\":\"Person\",\"@id\":\"https:\/\/waracomunicaciones.com\/#\/schema\/person\/e9db934bc91575cc71fe584c5973244a\",\"name\":\"admin\",\"image\":{\"@type\":\"ImageObject\",\"inLanguage\":\"es\",\"@id\":\"https:\/\/waracomunicaciones.com\/#\/schema\/person\/image\/\",\"url\":\"https:\/\/secure.gravatar.com\/avatar\/bf27e9186df568254093afa216f887fece17605302c6ff12f3980422fffa52e6?s=96&d=mm&r=g\",\"contentUrl\":\"https:\/\/secure.gravatar.com\/avatar\/bf27e9186df568254093afa216f887fece17605302c6ff12f3980422fffa52e6?s=96&d=mm&r=g\",\"caption\":\"admin\"},\"sameAs\":[\"https:\/\/waracomunicaciones.com\/wp\"],\"url\":\"https:\/\/waracomunicaciones.com\/?author=1\"}]}<\/script>\n<!-- \/ Yoast SEO Premium plugin. -->","yoast_head_json":{"title":"Jos\u00e9 Calet L\u00f3pez es proclamado presidente de la Federaci\u00f3n de Juntas Vecinales y llama a \u201ctrabajar duro por Montero\u201d - Wara Comunicaciones","robots":{"index":"index","follow":"follow","max-snippet":"max-snippet:-1","max-image-preview":"max-image-preview:large","max-video-preview":"max-video-preview:-1"},"canonical":"https:\/\/waracomunicaciones.com\/?p=1279","og_locale":"es_ES","og_type":"article","og_title":"Jos\u00e9 Calet L\u00f3pez es proclamado presidente de la Federaci\u00f3n de Juntas Vecinales y llama a \u201ctrabajar duro por Montero\u201d","og_description":"Montero 15 de diciembre.\u2013 En un ambiente de sorpresa, agradecimiento y entusiasmo, Jos\u00e9 Calet L\u00f3pez Montesinos fue proclamado como nuevo presidente de la Federaci\u00f3n de Juntas Vecinales (FJV), tras un proceso electoral en el que \u2014seg\u00fan afirm\u00f3\u2014 participaron numerosos presidentes de OTB de distintos distritos del municipio.","og_url":"https:\/\/waracomunicaciones.com\/?p=1279","og_site_name":"Wara Comunicaciones","article_publisher":"https:\/\/www.facebook.com\/waracomunicaciones2017","article_published_time":"2025-12-15T18:09:13+00:00","article_modified_time":"2025-12-15T18:09:15+00:00","og_image":[{"width":1344,"height":768,"url":"https:\/\/waracomunicaciones.com\/wp-content\/uploads\/2025\/12\/1765821872.webp","type":"image\/webp"}],"author":"admin","twitter_card":"summary_large_image","twitter_misc":{"Escrito por":"admin","Tiempo de lectura":"2 minutos"},"schema":{"@context":"https:\/\/schema.org","@graph":[{"@type":"Article","@id":"https:\/\/waracomunicaciones.com\/?p=1279#article","isPartOf":{"@id":"https:\/\/waracomunicaciones.com\/?p=1279"},"author":{"name":"admin","@id":"https:\/\/waracomunicaciones.com\/#\/schema\/person\/e9db934bc91575cc71fe584c5973244a"},"headline":"Jos\u00e9 Calet L\u00f3pez es proclamado presidente de la Federaci\u00f3n de Juntas Vecinales y llama a \u201ctrabajar duro por Montero\u201d","datePublished":"2025-12-15T18:09:13+00:00","dateModified":"2025-12-15T18:09:15+00:00","mainEntityOfPage":{"@id":"https:\/\/waracomunicaciones.com\/?p=1279"},"wordCount":502,"commentCount":0,"publisher":{"@id":"https:\/\/waracomunicaciones.com\/#organization"},"image":{"@id":"https:\/\/waracomunicaciones.com\/?p=1279#primaryimage"},"thumbnailUrl":"https:\/\/waracomunicaciones.com\/wp-content\/uploads\/2025\/12\/1765821872-1024x585.webp","keywords":["Jos\u00e9 Calet L\u00f3pez","OTB"],"articleSection":["Pol\u00edtica"],"inLanguage":"es","potentialAction":[{"@type":"CommentAction","name":"Comment","target":["https:\/\/waracomunicaciones.com\/?p=1279#respond"]}]},{"@type":"WebPage","@id":"https:\/\/waracomunicaciones.com\/?p=1279","url":"https:\/\/waracomunicaciones.com\/?p=1279","name":"Jos\u00e9 Calet L\u00f3pez es proclamado presidente de la Federaci\u00f3n de Juntas Vecinales y llama a \u201ctrabajar duro por Montero\u201d - Wara Comunicaciones","isPartOf":{"@id":"https:\/\/waracomunicaciones.com\/#website"},"primaryImageOfPage":{"@id":"https:\/\/waracomunicaciones.com\/?p=1279#primaryimage"},"image":{"@id":"https:\/\/waracomunicaciones.com\/?p=1279#primaryimage"},"thumbnailUrl":"https:\/\/waracomunicaciones.com\/wp-content\/uploads\/2025\/12\/1765821872-1024x585.webp","datePublished":"2025-12-15T18:09:13+00:00","dateModified":"2025-12-15T18:09:15+00:00","breadcrumb":{"@id":"https:\/\/waracomunicaciones.com\/?p=1279#breadcrumb"},"inLanguage":"es","potentialAction":[{"@type":"ReadAction","target":["https:\/\/waracomunicaciones.com\/?p=1279"]}]},{"@type":"ImageObject","inLanguage":"es","@id":"https:\/\/waracomunicaciones.com\/?p=1279#primaryimage","url":"https:\/\/waracomunicaciones.com\/wp-content\/uploads\/2025\/12\/1765821872.webp","contentUrl":"https:\/\/waracomunicaciones.com\/wp-content\/uploads\/2025\/12\/1765821872.webp","width":1344,"height":768},{"@type":"BreadcrumbList","@id":"https:\/\/waracomunicaciones.com\/?p=1279#breadcrumb","itemListElement":[{"@type":"ListItem","position":1,"name":"Portada","item":"https:\/\/waracomunicaciones.com\/"},{"@type":"ListItem","position":2,"name":"Jos\u00e9 Calet L\u00f3pez es proclamado presidente de la Federaci\u00f3n de Juntas Vecinales y llama a \u201ctrabajar duro por Montero\u201d"}]},{"@type":"WebSite","@id":"https:\/\/waracomunicaciones.com\/#website","url":"https:\/\/waracomunicaciones.com\/","name":"Wara Comunicaciones","description":"","publisher":{"@id":"https:\/\/waracomunicaciones.com\/#organization"},"potentialAction":[{"@type":"SearchAction","target":{"@type":"EntryPoint","urlTemplate":"https:\/\/waracomunicaciones.com\/?s={search_term_string}"},"query-input":{"@type":"PropertyValueSpecification","valueRequired":true,"valueName":"search_term_string"}}],"inLanguage":"es"},{"@type":"Organization","@id":"https:\/\/waracomunicaciones.com\/#organization","name":"Wara Comunicaciones","url":"https:\/\/waracomunicaciones.com\/","logo":{"@type":"ImageObject","inLanguage":"es","@id":"https:\/\/waracomunicaciones.com\/#\/schema\/logo\/image\/","url":"https:\/\/waracomunicaciones.com\/wp-content\/uploads\/2025\/07\/logo.png","contentUrl":"https:\/\/waracomunicaciones.com\/wp-content\/uploads\/2025\/07\/logo.png","width":400,"height":164,"caption":"Wara Comunicaciones"},"image":{"@id":"https:\/\/waracomunicaciones.com\/#\/schema\/logo\/image\/"},"sameAs":["https:\/\/www.facebook.com\/waracomunicaciones2017"]},{"@type":"Person","@id":"https:\/\/waracomunicaciones.com\/#\/schema\/person\/e9db934bc91575cc71fe584c5973244a","name":"admin","image":{"@type":"ImageObject","inLanguage":"es","@id":"https:\/\/waracomunicaciones.com\/#\/schema\/person\/image\/","url":"https:\/\/secure.gravatar.com\/avatar\/bf27e9186df568254093afa216f887fece17605302c6ff12f3980422fffa52e6?s=96&d=mm&r=g","contentUrl":"https:\/\/secure.gravatar.com\/avatar\/bf27e9186df568254093afa216f887fece17605302c6ff12f3980422fffa52e6?s=96&d=mm&r=g","caption":"admin"},"sameAs":["https:\/\/waracomunicaciones.com\/wp"],"url":"https:\/\/waracomunicaciones.com\/?author=1"}]}},"_links":{"self":[{"href":"https:\/\/waracomunicaciones.com\/index.php?rest_route=\/wp\/v2\/posts\/1279","targetHints":{"allow":["GET"]}}],"collection":[{"href":"https:\/\/waracomunicaciones.com\/index.php?rest_route=\/wp\/v2\/posts"}],"about":[{"href":"https:\/\/waracomunicaciones.com\/index.php?rest_route=\/wp\/v2\/types\/post"}],"author":[{"embeddable":true,"href":"https:\/\/waracomunicaciones.com\/index.php?rest_route=\/wp\/v2\/users\/1"}],"replies":[{"embeddable":true,"href":"https:\/\/waracomunicaciones.com\/index.php?rest_route=%2Fwp%2Fv2%2Fcomments&post=1279"}],"version-history":[{"count":1,"href":"https:\/\/waracomunicaciones.com\/index.php?rest_route=\/wp\/v2\/posts\/1279\/revisions"}],"predecessor-version":[{"id":1281,"href":"https:\/\/waracomunicaciones.com\/index.php?rest_route=\/wp\/v2\/posts\/1279\/revisions\/1281"}],"wp:attachment":[{"href":"https:\/\/waracomunicaciones.com\/index.php?rest_route=%2Fwp%2Fv2%2Fmedia&parent=1279"}],"wp:term":[{"taxonomy":"category","embeddable":true,"href":"https:\/\/waracomunicaciones.com\/index.php?rest_route=%2Fwp%2Fv2%2Fcategories&post=1279"},{"taxonomy":"post_tag","embeddable":true,"href":"https:\/\/waracomunicaciones.com\/index.php?rest_route=%2Fwp%2Fv2%2Ftags&post=1279"}],"curies":[{"name":"wp","href":"https:\/\/api.w.org\/{rel}","templated":true}]}}