{"id":1276,"date":"2025-12-15T11:26:07","date_gmt":"2025-12-15T15:26:07","guid":{"rendered":"https:\/\/waracomunicaciones.com\/?p=1276"},"modified":"2025-12-15T11:26:08","modified_gmt":"2025-12-15T15:26:08","slug":"paulo-cesar-arancibia-asume-la-presidencia-de-la-federacion-de-juntas-vecinales-de-montero","status":"publish","type":"post","link":"https:\/\/waracomunicaciones.com\/?p=1276","title":{"rendered":"Paulo C\u00e9sar Arancibia asume la presidencia de la Federaci\u00f3n de Juntas Vecinales de Montero"},"content":{"rendered":"\n<figure class=\"wp-block-image size-large\"><img loading=\"lazy\" decoding=\"async\" width=\"1024\" height=\"718\" src=\"https:\/\/waracomunicaciones.com\/wp-content\/uploads\/2025\/12\/pablo-1-1024x718.webp\" alt=\"\" class=\"wp-image-1277\" srcset=\"https:\/\/waracomunicaciones.com\/wp-content\/uploads\/2025\/12\/pablo-1-1024x718.webp 1024w, https:\/\/waracomunicaciones.com\/wp-content\/uploads\/2025\/12\/pablo-1-300x210.webp 300w, https:\/\/waracomunicaciones.com\/wp-content\/uploads\/2025\/12\/pablo-1-768x539.webp 768w, https:\/\/waracomunicaciones.com\/wp-content\/uploads\/2025\/12\/pablo-1.webp 1369w\" sizes=\"auto, (max-width: 1024px) 100vw, 1024px\" \/><figcaption class=\"wp-element-caption\"><em>Paulo C\u00e9sar Arancibia presidente de la Federaci\u00f3n de Juntas Vecinales de Montero (FJVM)<\/em> &#8211; <em>Foto Facebook<\/em><\/figcaption><\/figure>\n\n\n<p><em>Montero 15 diciembre.\u2013<\/em> En una asamblea desarrollada el s\u00e1bado, con la participaci\u00f3n de cerca de un centenar de Organizaciones Territoriales de Base (OTB), Paulo C\u00e9sar Arancibia fue elegido como nuevo presidente de la Federaci\u00f3n de Juntas Vecinales de Montero (FJVM), en un proceso que \u2014seg\u00fan afirm\u00f3\u2014 se realiz\u00f3 conforme a estatuto y con amplia participaci\u00f3n de los dirigentes barriales, pese a las inclemencias del tiempo.<\/p>\n<p>En entrevista, Arancibia explic\u00f3 que el proceso electoral fue convocado formalmente por Paola Flores, expresidenta de la Federaci\u00f3n, quien ya hab\u00eda concluido su mandato y que, tras superar problemas de salud y familiares, emiti\u00f3 una convocatoria abierta a todos los presidentes de juntas vecinales. En dicha asamblea se analiz\u00f3 la situaci\u00f3n institucional de la Federaci\u00f3n y se decidi\u00f3 renovar la directiva.<\/p>\n<p>El dirigente fue enf\u00e1tico al se\u00f1alar que existe un comit\u00e9 electoral paralelo, conformado \u2014seg\u00fan indic\u00f3\u2014 por un reducido grupo de dirigentes de los distritos 2 y 3, el cual carecer\u00eda de legitimidad y respaldo mayoritario. \u201cEse comit\u00e9 no cumpli\u00f3 ni su propio cronograma electoral, no tuvo apoyo del conjunto de las OTB y hoy ha perdido credibilidad, legalidad y legitimidad\u201d, afirm\u00f3.<\/p>\n<p><strong>Elecci\u00f3n con votaci\u00f3n abierta<\/strong><\/p>\n<p>Arancibia aclar\u00f3 que su elecci\u00f3n no fue por aclamaci\u00f3n, sino mediante votaci\u00f3n directa en asamblea, ya que se presentaron dos candidaturas: la de Mar\u00eda Espinosa, del Distrito 1, y la suya, del Distrito 4. \u201cLa votaci\u00f3n mayoritaria me favoreci\u00f3, y la segunda mayor votaci\u00f3n fue para la se\u00f1ora Mar\u00eda Espinosa, quien asumi\u00f3 la vicepresidencia. En ese mismo acto se llam\u00f3 a la unidad y se conform\u00f3 la mesa directiva\u201d, explic\u00f3.<\/p>\n<p>Anunci\u00f3 que la nueva directiva ser\u00e1 presentada oficialmente ante los medios de comunicaci\u00f3n y las autoridades municipales, con el objetivo de iniciar gestiones inmediatas en beneficio de los vecinos de Montero.<\/p>\n<p><strong>Independencia y trabajo institucional<\/strong><\/p>\n<p>Ante cuestionamientos que califican a la Federaci\u00f3n como af\u00edn a la Alcald\u00eda, Arancibia rechaz\u00f3 categ\u00f3ricamente dichas acusaciones. \u201cNo tengo militancia pol\u00edtica, no le debo favores a ning\u00fan pol\u00edtico ni tengo familiares en la funci\u00f3n p\u00fablica. Mi trayectoria como periodista de m\u00e1s de 20 a\u00f1os es conocida. Nuestro objetivo es devolver la institucionalidad a la Federaci\u00f3n y fortalecer democr\u00e1ticamente a las juntas vecinales\u201d, sostuvo.<\/p>\n<p>Entre las prioridades de su gesti\u00f3n mencion\u00f3 el acompa\u00f1amiento a los barrios en procesos electorales internos, la regularizaci\u00f3n de personer\u00edas jur\u00eddicas, la capacitaci\u00f3n de dirigentes y el seguimiento a la ejecuci\u00f3n de los Planes Operativos Anuales (POA).<\/p>\n<p><strong>Recuperar el poder vecinal y el control social<\/strong><\/p>\n<p>Durante la entrevista, Arancibia tambi\u00e9n hizo una reflexi\u00f3n cr\u00edtica sobre la debilitaci\u00f3n del control social y la participaci\u00f3n ciudadana. Se\u00f1al\u00f3 que la falta de institucionalidad ha impedido la ejecuci\u00f3n de presupuestos destinados al control social, lo que ha derivado en que las decisiones sobre el POA sean tomadas desde el nivel ejecutivo sin una verdadera deliberaci\u00f3n vecinal.<\/p>\n<p>\u201cQueremos que el poder vuelva al vecino, que las juntas vecinales decidan y no que los dirigentes sean impuestos o cooptados pol\u00edticamente. La Federaci\u00f3n debe ser un espacio de representaci\u00f3n leg\u00edtima y de fiscalizaci\u00f3n\u201d, afirm\u00f3.<\/p>\n<p>Finalmente, el nuevo presidente de la FJVM ratific\u00f3 su compromiso de coordinar con las autoridades de turno, manteniendo independencia y priorizando las necesidades de los barrios. \u201cNo somos trampol\u00edn pol\u00edtico de nadie. Nuestro trabajo ser\u00e1 por y para los vecinos de Montero\u201d, concluy\u00f3.<\/p><div style=\"margin-top: 0px; margin-bottom: 0px;\" class=\"sharethis-inline-reaction-buttons\" ><\/div>","protected":false},"excerpt":{"rendered":"<p>Montero 15 diciembre.\u2013 En una asamblea desarrollada el s\u00e1bado, con la participaci\u00f3n de cerca de un centenar de Organizaciones Territoriales de Base (OTB), Paulo C\u00e9sar Arancibia fue elegido como nuevo presidente de la Federaci\u00f3n de Juntas Vecinales de Montero (FJVM), en un proceso que \u2014seg\u00fan afirm\u00f3\u2014 se realiz\u00f3 conforme a estatuto y con amplia participaci\u00f3n [&hellip;]<\/p>\n","protected":false},"author":1,"featured_media":0,"comment_status":"open","ping_status":"open","sticky":false,"template":"","format":"standard","meta":{"footnotes":""},"categories":[42],"tags":[286,299],"class_list":["post-1276","post","type-post","status-publish","format-standard","hentry","category-politica","tag-otb","tag-paulo-cesar-arancibia"],"yoast_head":"<!-- This site is optimized with the Yoast SEO Premium plugin v25.5 (Yoast SEO v27.1.1) - https:\/\/yoast.com\/product\/yoast-seo-premium-wordpress\/ -->\n<title>Paulo C\u00e9sar Arancibia asume la presidencia de la Federaci\u00f3n de Juntas Vecinales de Montero - Wara Comunicaciones<\/title>\n<meta name=\"robots\" content=\"index, follow, max-snippet:-1, max-image-preview:large, max-video-preview:-1\" \/>\n<link rel=\"canonical\" href=\"https:\/\/waracomunicaciones.com\/?p=1276\" \/>\n<meta property=\"og:locale\" content=\"es_ES\" \/>\n<meta property=\"og:type\" content=\"article\" \/>\n<meta property=\"og:title\" content=\"Paulo C\u00e9sar Arancibia asume la presidencia de la Federaci\u00f3n de Juntas Vecinales de Montero\" \/>\n<meta property=\"og:description\" content=\"Montero 15 diciembre.\u2013 En una asamblea desarrollada el s\u00e1bado, con la participaci\u00f3n de cerca de un centenar de Organizaciones Territoriales de Base (OTB), Paulo C\u00e9sar Arancibia fue elegido como nuevo presidente de la Federaci\u00f3n de Juntas Vecinales de Montero (FJVM), en un proceso que \u2014seg\u00fan afirm\u00f3\u2014 se realiz\u00f3 conforme a estatuto y con amplia participaci\u00f3n [&hellip;]\" \/>\n<meta property=\"og:url\" content=\"https:\/\/waracomunicaciones.com\/?p=1276\" \/>\n<meta property=\"og:site_name\" content=\"Wara Comunicaciones\" \/>\n<meta property=\"article:publisher\" content=\"https:\/\/www.facebook.com\/waracomunicaciones2017\" \/>\n<meta property=\"article:published_time\" content=\"2025-12-15T15:26:07+00:00\" \/>\n<meta property=\"article:modified_time\" content=\"2025-12-15T15:26:08+00:00\" \/>\n<meta property=\"og:image\" content=\"https:\/\/waracomunicaciones.com\/wp-content\/uploads\/2025\/12\/pablo-1.webp\" \/>\n\t<meta property=\"og:image:width\" content=\"1369\" \/>\n\t<meta property=\"og:image:height\" content=\"960\" \/>\n\t<meta property=\"og:image:type\" content=\"image\/webp\" \/>\n<meta name=\"author\" content=\"admin\" \/>\n<meta name=\"twitter:card\" content=\"summary_large_image\" \/>\n<meta name=\"twitter:label1\" content=\"Escrito por\" \/>\n\t<meta name=\"twitter:data1\" content=\"admin\" \/>\n\t<meta name=\"twitter:label2\" content=\"Tiempo de lectura\" \/>\n\t<meta name=\"twitter:data2\" content=\"3 minutos\" \/>\n<script type=\"application\/ld+json\" class=\"yoast-schema-graph\">{\"@context\":\"https:\/\/schema.org\",\"@graph\":[{\"@type\":\"Article\",\"@id\":\"https:\/\/waracomunicaciones.com\/?p=1276#article\",\"isPartOf\":{\"@id\":\"https:\/\/waracomunicaciones.com\/?p=1276\"},\"author\":{\"name\":\"admin\",\"@id\":\"https:\/\/waracomunicaciones.com\/#\/schema\/person\/e9db934bc91575cc71fe584c5973244a\"},\"headline\":\"Paulo C\u00e9sar Arancibia asume la presidencia de la Federaci\u00f3n de Juntas Vecinales de Montero\",\"datePublished\":\"2025-12-15T15:26:07+00:00\",\"dateModified\":\"2025-12-15T15:26:08+00:00\",\"mainEntityOfPage\":{\"@id\":\"https:\/\/waracomunicaciones.com\/?p=1276\"},\"wordCount\":627,\"commentCount\":0,\"publisher\":{\"@id\":\"https:\/\/waracomunicaciones.com\/#organization\"},\"image\":{\"@id\":\"https:\/\/waracomunicaciones.com\/?p=1276#primaryimage\"},\"thumbnailUrl\":\"https:\/\/waracomunicaciones.com\/wp-content\/uploads\/2025\/12\/pablo-1-1024x718.webp\",\"keywords\":[\"OTB\",\"Paulo Cesar Arancibia\"],\"articleSection\":[\"Pol\u00edtica\"],\"inLanguage\":\"es\",\"potentialAction\":[{\"@type\":\"CommentAction\",\"name\":\"Comment\",\"target\":[\"https:\/\/waracomunicaciones.com\/?p=1276#respond\"]}]},{\"@type\":\"WebPage\",\"@id\":\"https:\/\/waracomunicaciones.com\/?p=1276\",\"url\":\"https:\/\/waracomunicaciones.com\/?p=1276\",\"name\":\"Paulo C\u00e9sar Arancibia asume la presidencia de la Federaci\u00f3n de Juntas Vecinales de Montero - Wara Comunicaciones\",\"isPartOf\":{\"@id\":\"https:\/\/waracomunicaciones.com\/#website\"},\"primaryImageOfPage\":{\"@id\":\"https:\/\/waracomunicaciones.com\/?p=1276#primaryimage\"},\"image\":{\"@id\":\"https:\/\/waracomunicaciones.com\/?p=1276#primaryimage\"},\"thumbnailUrl\":\"https:\/\/waracomunicaciones.com\/wp-content\/uploads\/2025\/12\/pablo-1-1024x718.webp\",\"datePublished\":\"2025-12-15T15:26:07+00:00\",\"dateModified\":\"2025-12-15T15:26:08+00:00\",\"breadcrumb\":{\"@id\":\"https:\/\/waracomunicaciones.com\/?p=1276#breadcrumb\"},\"inLanguage\":\"es\",\"potentialAction\":[{\"@type\":\"ReadAction\",\"target\":[\"https:\/\/waracomunicaciones.com\/?p=1276\"]}]},{\"@type\":\"ImageObject\",\"inLanguage\":\"es\",\"@id\":\"https:\/\/waracomunicaciones.com\/?p=1276#primaryimage\",\"url\":\"https:\/\/waracomunicaciones.com\/wp-content\/uploads\/2025\/12\/pablo-1.webp\",\"contentUrl\":\"https:\/\/waracomunicaciones.com\/wp-content\/uploads\/2025\/12\/pablo-1.webp\",\"width\":1369,\"height\":960},{\"@type\":\"BreadcrumbList\",\"@id\":\"https:\/\/waracomunicaciones.com\/?p=1276#breadcrumb\",\"itemListElement\":[{\"@type\":\"ListItem\",\"position\":1,\"name\":\"Portada\",\"item\":\"https:\/\/waracomunicaciones.com\/\"},{\"@type\":\"ListItem\",\"position\":2,\"name\":\"Paulo C\u00e9sar Arancibia asume la presidencia de la Federaci\u00f3n de Juntas Vecinales de Montero\"}]},{\"@type\":\"WebSite\",\"@id\":\"https:\/\/waracomunicaciones.com\/#website\",\"url\":\"https:\/\/waracomunicaciones.com\/\",\"name\":\"Wara Comunicaciones\",\"description\":\"\",\"publisher\":{\"@id\":\"https:\/\/waracomunicaciones.com\/#organization\"},\"potentialAction\":[{\"@type\":\"SearchAction\",\"target\":{\"@type\":\"EntryPoint\",\"urlTemplate\":\"https:\/\/waracomunicaciones.com\/?s={search_term_string}\"},\"query-input\":{\"@type\":\"PropertyValueSpecification\",\"valueRequired\":true,\"valueName\":\"search_term_string\"}}],\"inLanguage\":\"es\"},{\"@type\":\"Organization\",\"@id\":\"https:\/\/waracomunicaciones.com\/#organization\",\"name\":\"Wara Comunicaciones\",\"url\":\"https:\/\/waracomunicaciones.com\/\",\"logo\":{\"@type\":\"ImageObject\",\"inLanguage\":\"es\",\"@id\":\"https:\/\/waracomunicaciones.com\/#\/schema\/logo\/image\/\",\"url\":\"https:\/\/waracomunicaciones.com\/wp-content\/uploads\/2025\/07\/logo.png\",\"contentUrl\":\"https:\/\/waracomunicaciones.com\/wp-content\/uploads\/2025\/07\/logo.png\",\"width\":400,\"height\":164,\"caption\":\"Wara Comunicaciones\"},\"image\":{\"@id\":\"https:\/\/waracomunicaciones.com\/#\/schema\/logo\/image\/\"},\"sameAs\":[\"https:\/\/www.facebook.com\/waracomunicaciones2017\"]},{\"@type\":\"Person\",\"@id\":\"https:\/\/waracomunicaciones.com\/#\/schema\/person\/e9db934bc91575cc71fe584c5973244a\",\"name\":\"admin\",\"image\":{\"@type\":\"ImageObject\",\"inLanguage\":\"es\",\"@id\":\"https:\/\/waracomunicaciones.com\/#\/schema\/person\/image\/\",\"url\":\"https:\/\/secure.gravatar.com\/avatar\/bf27e9186df568254093afa216f887fece17605302c6ff12f3980422fffa52e6?s=96&d=mm&r=g\",\"contentUrl\":\"https:\/\/secure.gravatar.com\/avatar\/bf27e9186df568254093afa216f887fece17605302c6ff12f3980422fffa52e6?s=96&d=mm&r=g\",\"caption\":\"admin\"},\"sameAs\":[\"https:\/\/waracomunicaciones.com\/wp\"],\"url\":\"https:\/\/waracomunicaciones.com\/?author=1\"}]}<\/script>\n<!-- \/ Yoast SEO Premium plugin. -->","yoast_head_json":{"title":"Paulo C\u00e9sar Arancibia asume la presidencia de la Federaci\u00f3n de Juntas Vecinales de Montero - Wara Comunicaciones","robots":{"index":"index","follow":"follow","max-snippet":"max-snippet:-1","max-image-preview":"max-image-preview:large","max-video-preview":"max-video-preview:-1"},"canonical":"https:\/\/waracomunicaciones.com\/?p=1276","og_locale":"es_ES","og_type":"article","og_title":"Paulo C\u00e9sar Arancibia asume la presidencia de la Federaci\u00f3n de Juntas Vecinales de Montero","og_description":"Montero 15 diciembre.\u2013 En una asamblea desarrollada el s\u00e1bado, con la participaci\u00f3n de cerca de un centenar de Organizaciones Territoriales de Base (OTB), Paulo C\u00e9sar Arancibia fue elegido como nuevo presidente de la Federaci\u00f3n de Juntas Vecinales de Montero (FJVM), en un proceso que \u2014seg\u00fan afirm\u00f3\u2014 se realiz\u00f3 conforme a estatuto y con amplia participaci\u00f3n [&hellip;]","og_url":"https:\/\/waracomunicaciones.com\/?p=1276","og_site_name":"Wara Comunicaciones","article_publisher":"https:\/\/www.facebook.com\/waracomunicaciones2017","article_published_time":"2025-12-15T15:26:07+00:00","article_modified_time":"2025-12-15T15:26:08+00:00","og_image":[{"width":1369,"height":960,"url":"https:\/\/waracomunicaciones.com\/wp-content\/uploads\/2025\/12\/pablo-1.webp","type":"image\/webp"}],"author":"admin","twitter_card":"summary_large_image","twitter_misc":{"Escrito por":"admin","Tiempo de lectura":"3 minutos"},"schema":{"@context":"https:\/\/schema.org","@graph":[{"@type":"Article","@id":"https:\/\/waracomunicaciones.com\/?p=1276#article","isPartOf":{"@id":"https:\/\/waracomunicaciones.com\/?p=1276"},"author":{"name":"admin","@id":"https:\/\/waracomunicaciones.com\/#\/schema\/person\/e9db934bc91575cc71fe584c5973244a"},"headline":"Paulo C\u00e9sar Arancibia asume la presidencia de la Federaci\u00f3n de Juntas Vecinales de Montero","datePublished":"2025-12-15T15:26:07+00:00","dateModified":"2025-12-15T15:26:08+00:00","mainEntityOfPage":{"@id":"https:\/\/waracomunicaciones.com\/?p=1276"},"wordCount":627,"commentCount":0,"publisher":{"@id":"https:\/\/waracomunicaciones.com\/#organization"},"image":{"@id":"https:\/\/waracomunicaciones.com\/?p=1276#primaryimage"},"thumbnailUrl":"https:\/\/waracomunicaciones.com\/wp-content\/uploads\/2025\/12\/pablo-1-1024x718.webp","keywords":["OTB","Paulo Cesar Arancibia"],"articleSection":["Pol\u00edtica"],"inLanguage":"es","potentialAction":[{"@type":"CommentAction","name":"Comment","target":["https:\/\/waracomunicaciones.com\/?p=1276#respond"]}]},{"@type":"WebPage","@id":"https:\/\/waracomunicaciones.com\/?p=1276","url":"https:\/\/waracomunicaciones.com\/?p=1276","name":"Paulo C\u00e9sar Arancibia asume la presidencia de la Federaci\u00f3n de Juntas Vecinales de Montero - Wara Comunicaciones","isPartOf":{"@id":"https:\/\/waracomunicaciones.com\/#website"},"primaryImageOfPage":{"@id":"https:\/\/waracomunicaciones.com\/?p=1276#primaryimage"},"image":{"@id":"https:\/\/waracomunicaciones.com\/?p=1276#primaryimage"},"thumbnailUrl":"https:\/\/waracomunicaciones.com\/wp-content\/uploads\/2025\/12\/pablo-1-1024x718.webp","datePublished":"2025-12-15T15:26:07+00:00","dateModified":"2025-12-15T15:26:08+00:00","breadcrumb":{"@id":"https:\/\/waracomunicaciones.com\/?p=1276#breadcrumb"},"inLanguage":"es","potentialAction":[{"@type":"ReadAction","target":["https:\/\/waracomunicaciones.com\/?p=1276"]}]},{"@type":"ImageObject","inLanguage":"es","@id":"https:\/\/waracomunicaciones.com\/?p=1276#primaryimage","url":"https:\/\/waracomunicaciones.com\/wp-content\/uploads\/2025\/12\/pablo-1.webp","contentUrl":"https:\/\/waracomunicaciones.com\/wp-content\/uploads\/2025\/12\/pablo-1.webp","width":1369,"height":960},{"@type":"BreadcrumbList","@id":"https:\/\/waracomunicaciones.com\/?p=1276#breadcrumb","itemListElement":[{"@type":"ListItem","position":1,"name":"Portada","item":"https:\/\/waracomunicaciones.com\/"},{"@type":"ListItem","position":2,"name":"Paulo C\u00e9sar Arancibia asume la presidencia de la Federaci\u00f3n de Juntas Vecinales de Montero"}]},{"@type":"WebSite","@id":"https:\/\/waracomunicaciones.com\/#website","url":"https:\/\/waracomunicaciones.com\/","name":"Wara Comunicaciones","description":"","publisher":{"@id":"https:\/\/waracomunicaciones.com\/#organization"},"potentialAction":[{"@type":"SearchAction","target":{"@type":"EntryPoint","urlTemplate":"https:\/\/waracomunicaciones.com\/?s={search_term_string}"},"query-input":{"@type":"PropertyValueSpecification","valueRequired":true,"valueName":"search_term_string"}}],"inLanguage":"es"},{"@type":"Organization","@id":"https:\/\/waracomunicaciones.com\/#organization","name":"Wara Comunicaciones","url":"https:\/\/waracomunicaciones.com\/","logo":{"@type":"ImageObject","inLanguage":"es","@id":"https:\/\/waracomunicaciones.com\/#\/schema\/logo\/image\/","url":"https:\/\/waracomunicaciones.com\/wp-content\/uploads\/2025\/07\/logo.png","contentUrl":"https:\/\/waracomunicaciones.com\/wp-content\/uploads\/2025\/07\/logo.png","width":400,"height":164,"caption":"Wara Comunicaciones"},"image":{"@id":"https:\/\/waracomunicaciones.com\/#\/schema\/logo\/image\/"},"sameAs":["https:\/\/www.facebook.com\/waracomunicaciones2017"]},{"@type":"Person","@id":"https:\/\/waracomunicaciones.com\/#\/schema\/person\/e9db934bc91575cc71fe584c5973244a","name":"admin","image":{"@type":"ImageObject","inLanguage":"es","@id":"https:\/\/waracomunicaciones.com\/#\/schema\/person\/image\/","url":"https:\/\/secure.gravatar.com\/avatar\/bf27e9186df568254093afa216f887fece17605302c6ff12f3980422fffa52e6?s=96&d=mm&r=g","contentUrl":"https:\/\/secure.gravatar.com\/avatar\/bf27e9186df568254093afa216f887fece17605302c6ff12f3980422fffa52e6?s=96&d=mm&r=g","caption":"admin"},"sameAs":["https:\/\/waracomunicaciones.com\/wp"],"url":"https:\/\/waracomunicaciones.com\/?author=1"}]}},"_links":{"self":[{"href":"https:\/\/waracomunicaciones.com\/index.php?rest_route=\/wp\/v2\/posts\/1276","targetHints":{"allow":["GET"]}}],"collection":[{"href":"https:\/\/waracomunicaciones.com\/index.php?rest_route=\/wp\/v2\/posts"}],"about":[{"href":"https:\/\/waracomunicaciones.com\/index.php?rest_route=\/wp\/v2\/types\/post"}],"author":[{"embeddable":true,"href":"https:\/\/waracomunicaciones.com\/index.php?rest_route=\/wp\/v2\/users\/1"}],"replies":[{"embeddable":true,"href":"https:\/\/waracomunicaciones.com\/index.php?rest_route=%2Fwp%2Fv2%2Fcomments&post=1276"}],"version-history":[{"count":1,"href":"https:\/\/waracomunicaciones.com\/index.php?rest_route=\/wp\/v2\/posts\/1276\/revisions"}],"predecessor-version":[{"id":1278,"href":"https:\/\/waracomunicaciones.com\/index.php?rest_route=\/wp\/v2\/posts\/1276\/revisions\/1278"}],"wp:attachment":[{"href":"https:\/\/waracomunicaciones.com\/index.php?rest_route=%2Fwp%2Fv2%2Fmedia&parent=1276"}],"wp:term":[{"taxonomy":"category","embeddable":true,"href":"https:\/\/waracomunicaciones.com\/index.php?rest_route=%2Fwp%2Fv2%2Fcategories&post=1276"},{"taxonomy":"post_tag","embeddable":true,"href":"https:\/\/waracomunicaciones.com\/index.php?rest_route=%2Fwp%2Fv2%2Ftags&post=1276"}],"curies":[{"name":"wp","href":"https:\/\/api.w.org\/{rel}","templated":true}]}}