{"id":1272,"date":"2025-12-11T08:59:44","date_gmt":"2025-12-11T12:59:44","guid":{"rendered":"https:\/\/waracomunicaciones.com\/?p=1272"},"modified":"2025-12-11T08:59:45","modified_gmt":"2025-12-11T12:59:45","slug":"chiqui-limpias-anticipa-reconfiguracion-politica-en-montero-y-da-por-casi-segura-la-candidatura-de-regys-medina","status":"publish","type":"post","link":"https:\/\/waracomunicaciones.com\/?p=1272","title":{"rendered":"Chiqui Limpias anticipa reconfiguraci\u00f3n pol\u00edtica en Montero y da por \u201ccasi segura\u201d la candidatura de Regys Medina"},"content":{"rendered":"\n<figure class=\"wp-block-gallery has-nested-images columns-default is-cropped wp-block-gallery-1 is-layout-flex wp-block-gallery-is-layout-flex\">\n<figure class=\"wp-block-image size-large\"><img loading=\"lazy\" decoding=\"async\" width=\"370\" height=\"667\" data-id=\"1273\" src=\"https:\/\/waracomunicaciones.com\/wp-content\/uploads\/2025\/12\/Regys-Chiqui-Dos.png\" alt=\"\" class=\"wp-image-1273\" srcset=\"https:\/\/waracomunicaciones.com\/wp-content\/uploads\/2025\/12\/Regys-Chiqui-Dos.png 370w, https:\/\/waracomunicaciones.com\/wp-content\/uploads\/2025\/12\/Regys-Chiqui-Dos-166x300.png 166w\" sizes=\"auto, (max-width: 370px) 100vw, 370px\" \/><\/figure>\n<\/figure>\n\n\n\n<p><strong>Montero, 10 de diciembre de 2025.<\/strong><br>En contacto con el programa Agenda Matinal de Wara Comunicaciones, el asesor pol\u00edtico del Gobierno Municipal de Montero, <strong>Orlando \u201cChiqui\u201d Limpias<\/strong>, analiz\u00f3 el avance del cronograma electoral rumbo a las subnacionales de 2026 y anticip\u00f3 que el escenario pol\u00edtico de la ciudad cambiar\u00e1 significativamente respecto a las elecciones de 2021. Limpias tambi\u00e9n se\u00f1al\u00f3 que la candidatura del actual alcalde <strong>Regys Medina<\/strong> estar\u00eda \u201cmuy cerca de confirmarse\u201d, aunque aclar\u00f3 que la decisi\u00f3n final debe ser anunciada por el propio burgomaestre antes del <strong>22 de diciembre<\/strong>, fecha l\u00edmite para la inscripci\u00f3n de postulantes.<\/p>\n\n\n\n<p>\u201cCreo que el candidato para la alcald\u00eda de Montero va a ser Regys Medina\u201d, afirm\u00f3 Limpias, resaltando que la definici\u00f3n oficial podr\u00eda conocerse en los pr\u00f3ximos d\u00edas.<\/p>\n\n\n\n<p><strong>Un panorama diferente al de 2021<\/strong><\/p>\n\n\n\n<p>Al recordar los resultados de las elecciones municipales de 2021\u2014donde CREEMOS obtuvo el 46% de los votos y el MAS el 38,8%\u2014Limpias sostuvo que el contexto actual es distinto, debido principalmente al debilitamiento de ELMAS y a la dispersi\u00f3n de nuevos precandidatos que buscan terciar en la contienda.<\/p>\n\n\n\n<p>\u201cEn 2021 hubo una polarizaci\u00f3n. Hoy ELMAS est\u00e1 completamente disminuido y han surgido varias tiendas pol\u00edticas con aspiraciones, aunque al final los postulantes reales se reducir\u00e1n a cuatro o cinco\u201d, explic\u00f3.<\/p>\n\n\n\n<p><strong>El desgaste de la gesti\u00f3n y el debate por las obras<\/strong><\/p>\n\n\n\n<p>Consultado sobre el desgaste natural que enfrenta toda administraci\u00f3n municipal y las cr\u00edticas ciudadanas sobre la falta de obras visibles en comparaci\u00f3n con gestiones anteriores, Limpias defendi\u00f3 la actuaci\u00f3n del actual alcalde. Se\u00f1al\u00f3 que la diferencia fundamental radica en la disponibilidad de recursos y en el respaldo pol\u00edtico desde el gobierno central.<\/p>\n\n\n\n<p>\u201cUna gesti\u00f3n con plata hace obra; una gesti\u00f3n sin recursos hace lo que se ha podido hacer. Mario Batista tuvo 50 veces m\u00e1s recursos que esta gesti\u00f3n, gracias al apoyo de Evo Morales. Nosotros no recibimos un solo centavo del gobierno central\u201d, afirm\u00f3.<\/p>\n\n\n\n<p>Al mismo tiempo, destac\u00f3 que s\u00ed se ejecutaron obras, aunque de menor magnitud, como la maternidad del Distrito 5, mejoras en plazas, nuevas subalcald\u00edas y espacios recreativos en diferentes barrios.<\/p>\n\n\n\n<p><strong>La apuesta por una alianza nacional<\/strong><\/p>\n\n\n\n<p>Limpias subray\u00f3 que la viabilidad de grandes proyectos para Montero depender\u00e1 del alineamiento pol\u00edtico con el gobierno nacional. Asegur\u00f3 que se est\u00e1 conformando una alianza liderada por el presidente Rodrigo Paz, el gobernador Luis Fernando Camacho y el empresario Samuel Doria Medina, la cual podr\u00eda fortalecer tambi\u00e9n las candidaturas locales.<\/p>\n\n\n\n<p>\u201cSi esa alianza baja a lo local, tendremos una candidatura muy fuerte en Montero. Para que la ciudad crezca, necesita apoyo del gobierno nacional. Esa ser\u00e1 la clave del voto\u201d, sostuvo.<\/p>\n\n\n\n<p><strong>Un cierre abrupto y un mensaje final<\/strong><\/p>\n\n\n\n<p>Limpias&nbsp; reiter\u00f3 que la estrategia electoral de CREEMOS deber\u00e1 enfocarse en explicar las limitaciones presupuestarias de la actual gesti\u00f3n y en convencer al electorado de que un alineamiento pol\u00edtico con el nivel central permitir\u00e1 concretar obras de mayor impacto.<strong><\/strong><\/p>\n\n\n\n<p>De cara a las elecciones del <strong>22 de marzo de 2026<\/strong>, el asesor adelant\u00f3 que continuar\u00e1 participando en an\u00e1lisis y debates p\u00fablicos sobre la coyuntura pol\u00edtica de Montero.<strong>Montero, 10 de diciembre de 2025.<\/strong><br>En contacto con el programa Agenda Matinal de Wara Comunicaciones, el asesor pol\u00edtico del Gobierno Municipal de Montero, <strong>Orlando \u201cChiqui\u201d Limpias<\/strong>, analiz\u00f3 el avance del cronograma electoral rumbo a las subnacionales de 2026 y anticip\u00f3 que el escenario pol\u00edtico de la ciudad cambiar\u00e1 significativamente respecto a las elecciones de 2021. Limpias tambi\u00e9n se\u00f1al\u00f3 que la candidatura del actual alcalde <strong>Regys Medina<\/strong> estar\u00eda \u201cmuy cerca de confirmarse\u201d, aunque aclar\u00f3 que la decisi\u00f3n final debe ser anunciada por el propio burgomaestre antes del <strong>22 de diciembre<\/strong>, fecha l\u00edmite para la inscripci\u00f3n de postulantes.<\/p>\n\n\n\n<p>\u201cCreo que el candidato para la alcald\u00eda de Montero va a ser Regys Medina\u201d, afirm\u00f3 Limpias, resaltando que la definici\u00f3n oficial podr\u00eda conocerse en los pr\u00f3ximos d\u00edas.<\/p>\n\n\n\n<p><strong>Un panorama diferente al de 2021<\/strong><\/p>\n\n\n\n<p>Al recordar los resultados de las elecciones municipales de 2021\u2014donde CREEMOS obtuvo el 46% de los votos y el MAS el 38,8%\u2014Limpias sostuvo que el contexto actual es distinto, debido principalmente al debilitamiento de ELMAS y a la dispersi\u00f3n de nuevos precandidatos que buscan terciar en la contienda.<\/p>\n\n\n\n<p>\u201cEn 2021 hubo una polarizaci\u00f3n. Hoy ELMAS est\u00e1 completamente disminuido y han surgido varias tiendas pol\u00edticas con aspiraciones, aunque al final los postulantes reales se reducir\u00e1n a cuatro o cinco\u201d, explic\u00f3.<\/p>\n\n\n\n<p><strong>El desgaste de la gesti\u00f3n y el debate por las obras<\/strong><\/p>\n\n\n\n<p>Consultado sobre el desgaste natural que enfrenta toda administraci\u00f3n municipal y las cr\u00edticas ciudadanas sobre la falta de obras visibles en comparaci\u00f3n con gestiones anteriores, Limpias defendi\u00f3 la actuaci\u00f3n del actual alcalde. Se\u00f1al\u00f3 que la diferencia fundamental radica en la disponibilidad de recursos y en el respaldo pol\u00edtico desde el gobierno central.<\/p>\n\n\n\n<p>\u201cUna gesti\u00f3n con plata hace obra; una gesti\u00f3n sin recursos hace lo que se ha podido hacer. Mario Batista tuvo 50 veces m\u00e1s recursos que esta gesti\u00f3n, gracias al apoyo de Evo Morales. Nosotros no recibimos un solo centavo del gobierno central\u201d, afirm\u00f3.<\/p>\n\n\n\n<p>Al mismo tiempo, destac\u00f3 que s\u00ed se ejecutaron obras, aunque de menor magnitud, como la maternidad del Distrito 5, mejoras en plazas, nuevas subalcald\u00edas y espacios recreativos en diferentes barrios.<\/p>\n\n\n\n<p><strong>La apuesta por una alianza nacional<\/strong><\/p>\n\n\n\n<p>Limpias subray\u00f3 que la viabilidad de grandes proyectos para Montero depender\u00e1 del alineamiento pol\u00edtico con el gobierno nacional. Asegur\u00f3 que se est\u00e1 conformando una alianza liderada por el presidente Rodrigo Paz, el gobernador Luis Fernando Camacho y el empresario Samuel Doria Medina, la cual podr\u00eda fortalecer tambi\u00e9n las candidaturas locales.<\/p>\n\n\n\n<p>\u201cSi esa alianza baja a lo local, tendremos una candidatura muy fuerte en Montero. Para que la ciudad crezca, necesita apoyo del gobierno nacional. Esa ser\u00e1 la clave del voto\u201d, sostuvo.<\/p>\n\n\n\n<p><strong>Un cierre abrupto y un mensaje final<\/strong><\/p>\n\n\n\n<p>Limpias&nbsp; reiter\u00f3 que la estrategia electoral de CREEMOS deber\u00e1 enfocarse en explicar las limitaciones presupuestarias de la actual gesti\u00f3n y en convencer al electorado de que un alineamiento pol\u00edtico con el nivel central permitir\u00e1 concretar obras de mayor impacto.<strong><\/strong><\/p>\n\n\n\n<p>De cara a las elecciones del <strong>22 de marzo de 2026<\/strong>, el asesor adelant\u00f3 que continuar\u00e1 participando en an\u00e1lisis y debates p\u00fablicos sobre la coyuntura pol\u00edtica de Montero.<\/p>\n<div style=\"margin-top: 0px; margin-bottom: 0px;\" class=\"sharethis-inline-reaction-buttons\" ><\/div>","protected":false},"excerpt":{"rendered":"<p>Montero, 10 de diciembre de 2025.En contacto con el programa Agenda Matinal de Wara Comunicaciones, el asesor pol\u00edtico del Gobierno Municipal de Montero, Orlando \u201cChiqui\u201d Limpias, analiz\u00f3 el avance del cronograma electoral rumbo a las subnacionales de 2026 y anticip\u00f3 que el escenario pol\u00edtico de la ciudad cambiar\u00e1 significativamente respecto a las elecciones de 2021. [&hellip;]<\/p>\n","protected":false},"author":2,"featured_media":0,"comment_status":"open","ping_status":"open","sticky":false,"template":"","format":"standard","meta":{"footnotes":""},"categories":[42],"tags":[],"class_list":["post-1272","post","type-post","status-publish","format-standard","hentry","category-politica"],"yoast_head":"<!-- This site is optimized with the Yoast SEO Premium plugin v25.5 (Yoast SEO v27.1.1) - https:\/\/yoast.com\/product\/yoast-seo-premium-wordpress\/ -->\n<title>Chiqui Limpias anticipa reconfiguraci\u00f3n pol\u00edtica en Montero y da por \u201ccasi segura\u201d la candidatura de Regys Medina - Wara Comunicaciones<\/title>\n<meta name=\"robots\" content=\"index, follow, max-snippet:-1, max-image-preview:large, max-video-preview:-1\" \/>\n<link rel=\"canonical\" href=\"https:\/\/waracomunicaciones.com\/?p=1272\" \/>\n<meta property=\"og:locale\" content=\"es_ES\" \/>\n<meta property=\"og:type\" content=\"article\" \/>\n<meta property=\"og:title\" content=\"Chiqui Limpias anticipa reconfiguraci\u00f3n pol\u00edtica en Montero y da por \u201ccasi segura\u201d la candidatura de Regys Medina\" \/>\n<meta property=\"og:description\" content=\"Montero, 10 de diciembre de 2025.En contacto con el programa Agenda Matinal de Wara Comunicaciones, el asesor pol\u00edtico del Gobierno Municipal de Montero, Orlando \u201cChiqui\u201d Limpias, analiz\u00f3 el avance del cronograma electoral rumbo a las subnacionales de 2026 y anticip\u00f3 que el escenario pol\u00edtico de la ciudad cambiar\u00e1 significativamente respecto a las elecciones de 2021. [&hellip;]\" \/>\n<meta property=\"og:url\" content=\"https:\/\/waracomunicaciones.com\/?p=1272\" \/>\n<meta property=\"og:site_name\" content=\"Wara Comunicaciones\" \/>\n<meta property=\"article:publisher\" content=\"https:\/\/www.facebook.com\/waracomunicaciones2017\" \/>\n<meta property=\"article:published_time\" content=\"2025-12-11T12:59:44+00:00\" \/>\n<meta property=\"article:modified_time\" content=\"2025-12-11T12:59:45+00:00\" \/>\n<meta property=\"og:image\" content=\"https:\/\/waracomunicaciones.com\/wp-content\/uploads\/2025\/12\/Regys-Chiqui-Dos.png\" \/>\n\t<meta property=\"og:image:width\" content=\"370\" \/>\n\t<meta property=\"og:image:height\" content=\"667\" \/>\n\t<meta property=\"og:image:type\" content=\"image\/png\" \/>\n<meta name=\"author\" content=\"Tom\u00e1s Coca\" \/>\n<meta name=\"twitter:card\" content=\"summary_large_image\" \/>\n<meta name=\"twitter:label1\" content=\"Escrito por\" \/>\n\t<meta name=\"twitter:data1\" content=\"Tom\u00e1s Coca\" \/>\n\t<meta name=\"twitter:label2\" content=\"Tiempo de lectura\" \/>\n\t<meta name=\"twitter:data2\" content=\"5 minutos\" \/>\n<script type=\"application\/ld+json\" class=\"yoast-schema-graph\">{\"@context\":\"https:\/\/schema.org\",\"@graph\":[{\"@type\":\"Article\",\"@id\":\"https:\/\/waracomunicaciones.com\/?p=1272#article\",\"isPartOf\":{\"@id\":\"https:\/\/waracomunicaciones.com\/?p=1272\"},\"author\":{\"name\":\"Tom\u00e1s Coca\",\"@id\":\"https:\/\/waracomunicaciones.com\/#\/schema\/person\/cbfc6e874b874c69982b6f254108e9f0\"},\"headline\":\"Chiqui Limpias anticipa reconfiguraci\u00f3n pol\u00edtica en Montero y da por \u201ccasi segura\u201d la candidatura de Regys Medina\",\"datePublished\":\"2025-12-11T12:59:44+00:00\",\"dateModified\":\"2025-12-11T12:59:45+00:00\",\"mainEntityOfPage\":{\"@id\":\"https:\/\/waracomunicaciones.com\/?p=1272\"},\"wordCount\":1083,\"commentCount\":0,\"publisher\":{\"@id\":\"https:\/\/waracomunicaciones.com\/#organization\"},\"image\":{\"@id\":\"https:\/\/waracomunicaciones.com\/?p=1272#primaryimage\"},\"thumbnailUrl\":\"https:\/\/waracomunicaciones.com\/wp-content\/uploads\/2025\/12\/Regys-Chiqui-Dos.png\",\"articleSection\":[\"Pol\u00edtica\"],\"inLanguage\":\"es\",\"potentialAction\":[{\"@type\":\"CommentAction\",\"name\":\"Comment\",\"target\":[\"https:\/\/waracomunicaciones.com\/?p=1272#respond\"]}]},{\"@type\":\"WebPage\",\"@id\":\"https:\/\/waracomunicaciones.com\/?p=1272\",\"url\":\"https:\/\/waracomunicaciones.com\/?p=1272\",\"name\":\"Chiqui Limpias anticipa reconfiguraci\u00f3n pol\u00edtica en Montero y da por \u201ccasi segura\u201d la candidatura de Regys Medina - Wara Comunicaciones\",\"isPartOf\":{\"@id\":\"https:\/\/waracomunicaciones.com\/#website\"},\"primaryImageOfPage\":{\"@id\":\"https:\/\/waracomunicaciones.com\/?p=1272#primaryimage\"},\"image\":{\"@id\":\"https:\/\/waracomunicaciones.com\/?p=1272#primaryimage\"},\"thumbnailUrl\":\"https:\/\/waracomunicaciones.com\/wp-content\/uploads\/2025\/12\/Regys-Chiqui-Dos.png\",\"datePublished\":\"2025-12-11T12:59:44+00:00\",\"dateModified\":\"2025-12-11T12:59:45+00:00\",\"breadcrumb\":{\"@id\":\"https:\/\/waracomunicaciones.com\/?p=1272#breadcrumb\"},\"inLanguage\":\"es\",\"potentialAction\":[{\"@type\":\"ReadAction\",\"target\":[\"https:\/\/waracomunicaciones.com\/?p=1272\"]}]},{\"@type\":\"ImageObject\",\"inLanguage\":\"es\",\"@id\":\"https:\/\/waracomunicaciones.com\/?p=1272#primaryimage\",\"url\":\"https:\/\/waracomunicaciones.com\/wp-content\/uploads\/2025\/12\/Regys-Chiqui-Dos.png\",\"contentUrl\":\"https:\/\/waracomunicaciones.com\/wp-content\/uploads\/2025\/12\/Regys-Chiqui-Dos.png\",\"width\":370,\"height\":667},{\"@type\":\"BreadcrumbList\",\"@id\":\"https:\/\/waracomunicaciones.com\/?p=1272#breadcrumb\",\"itemListElement\":[{\"@type\":\"ListItem\",\"position\":1,\"name\":\"Portada\",\"item\":\"https:\/\/waracomunicaciones.com\/\"},{\"@type\":\"ListItem\",\"position\":2,\"name\":\"Chiqui Limpias anticipa reconfiguraci\u00f3n pol\u00edtica en Montero y da por \u201ccasi segura\u201d la candidatura de Regys Medina\"}]},{\"@type\":\"WebSite\",\"@id\":\"https:\/\/waracomunicaciones.com\/#website\",\"url\":\"https:\/\/waracomunicaciones.com\/\",\"name\":\"Wara Comunicaciones\",\"description\":\"\",\"publisher\":{\"@id\":\"https:\/\/waracomunicaciones.com\/#organization\"},\"potentialAction\":[{\"@type\":\"SearchAction\",\"target\":{\"@type\":\"EntryPoint\",\"urlTemplate\":\"https:\/\/waracomunicaciones.com\/?s={search_term_string}\"},\"query-input\":{\"@type\":\"PropertyValueSpecification\",\"valueRequired\":true,\"valueName\":\"search_term_string\"}}],\"inLanguage\":\"es\"},{\"@type\":\"Organization\",\"@id\":\"https:\/\/waracomunicaciones.com\/#organization\",\"name\":\"Wara Comunicaciones\",\"url\":\"https:\/\/waracomunicaciones.com\/\",\"logo\":{\"@type\":\"ImageObject\",\"inLanguage\":\"es\",\"@id\":\"https:\/\/waracomunicaciones.com\/#\/schema\/logo\/image\/\",\"url\":\"https:\/\/waracomunicaciones.com\/wp-content\/uploads\/2025\/07\/logo.png\",\"contentUrl\":\"https:\/\/waracomunicaciones.com\/wp-content\/uploads\/2025\/07\/logo.png\",\"width\":400,\"height\":164,\"caption\":\"Wara Comunicaciones\"},\"image\":{\"@id\":\"https:\/\/waracomunicaciones.com\/#\/schema\/logo\/image\/\"},\"sameAs\":[\"https:\/\/www.facebook.com\/waracomunicaciones2017\"]},{\"@type\":\"Person\",\"@id\":\"https:\/\/waracomunicaciones.com\/#\/schema\/person\/cbfc6e874b874c69982b6f254108e9f0\",\"name\":\"Tom\u00e1s Coca\",\"image\":{\"@type\":\"ImageObject\",\"inLanguage\":\"es\",\"@id\":\"https:\/\/waracomunicaciones.com\/#\/schema\/person\/image\/\",\"url\":\"https:\/\/secure.gravatar.com\/avatar\/482131bd67ce2dac1261229602fd0c47826af81f4ac6608b066b29cac2a6e65d?s=96&d=mm&r=g\",\"contentUrl\":\"https:\/\/secure.gravatar.com\/avatar\/482131bd67ce2dac1261229602fd0c47826af81f4ac6608b066b29cac2a6e65d?s=96&d=mm&r=g\",\"caption\":\"Tom\u00e1s Coca\"},\"sameAs\":[\"https:\/\/waracomunicaciones.com\"],\"url\":\"https:\/\/waracomunicaciones.com\/?author=2\"}]}<\/script>\n<!-- \/ Yoast SEO Premium plugin. -->","yoast_head_json":{"title":"Chiqui Limpias anticipa reconfiguraci\u00f3n pol\u00edtica en Montero y da por \u201ccasi segura\u201d la candidatura de Regys Medina - Wara Comunicaciones","robots":{"index":"index","follow":"follow","max-snippet":"max-snippet:-1","max-image-preview":"max-image-preview:large","max-video-preview":"max-video-preview:-1"},"canonical":"https:\/\/waracomunicaciones.com\/?p=1272","og_locale":"es_ES","og_type":"article","og_title":"Chiqui Limpias anticipa reconfiguraci\u00f3n pol\u00edtica en Montero y da por \u201ccasi segura\u201d la candidatura de Regys Medina","og_description":"Montero, 10 de diciembre de 2025.En contacto con el programa Agenda Matinal de Wara Comunicaciones, el asesor pol\u00edtico del Gobierno Municipal de Montero, Orlando \u201cChiqui\u201d Limpias, analiz\u00f3 el avance del cronograma electoral rumbo a las subnacionales de 2026 y anticip\u00f3 que el escenario pol\u00edtico de la ciudad cambiar\u00e1 significativamente respecto a las elecciones de 2021. [&hellip;]","og_url":"https:\/\/waracomunicaciones.com\/?p=1272","og_site_name":"Wara Comunicaciones","article_publisher":"https:\/\/www.facebook.com\/waracomunicaciones2017","article_published_time":"2025-12-11T12:59:44+00:00","article_modified_time":"2025-12-11T12:59:45+00:00","og_image":[{"width":370,"height":667,"url":"https:\/\/waracomunicaciones.com\/wp-content\/uploads\/2025\/12\/Regys-Chiqui-Dos.png","type":"image\/png"}],"author":"Tom\u00e1s Coca","twitter_card":"summary_large_image","twitter_misc":{"Escrito por":"Tom\u00e1s Coca","Tiempo de lectura":"5 minutos"},"schema":{"@context":"https:\/\/schema.org","@graph":[{"@type":"Article","@id":"https:\/\/waracomunicaciones.com\/?p=1272#article","isPartOf":{"@id":"https:\/\/waracomunicaciones.com\/?p=1272"},"author":{"name":"Tom\u00e1s Coca","@id":"https:\/\/waracomunicaciones.com\/#\/schema\/person\/cbfc6e874b874c69982b6f254108e9f0"},"headline":"Chiqui Limpias anticipa reconfiguraci\u00f3n pol\u00edtica en Montero y da por \u201ccasi segura\u201d la candidatura de Regys Medina","datePublished":"2025-12-11T12:59:44+00:00","dateModified":"2025-12-11T12:59:45+00:00","mainEntityOfPage":{"@id":"https:\/\/waracomunicaciones.com\/?p=1272"},"wordCount":1083,"commentCount":0,"publisher":{"@id":"https:\/\/waracomunicaciones.com\/#organization"},"image":{"@id":"https:\/\/waracomunicaciones.com\/?p=1272#primaryimage"},"thumbnailUrl":"https:\/\/waracomunicaciones.com\/wp-content\/uploads\/2025\/12\/Regys-Chiqui-Dos.png","articleSection":["Pol\u00edtica"],"inLanguage":"es","potentialAction":[{"@type":"CommentAction","name":"Comment","target":["https:\/\/waracomunicaciones.com\/?p=1272#respond"]}]},{"@type":"WebPage","@id":"https:\/\/waracomunicaciones.com\/?p=1272","url":"https:\/\/waracomunicaciones.com\/?p=1272","name":"Chiqui Limpias anticipa reconfiguraci\u00f3n pol\u00edtica en Montero y da por \u201ccasi segura\u201d la candidatura de Regys Medina - Wara Comunicaciones","isPartOf":{"@id":"https:\/\/waracomunicaciones.com\/#website"},"primaryImageOfPage":{"@id":"https:\/\/waracomunicaciones.com\/?p=1272#primaryimage"},"image":{"@id":"https:\/\/waracomunicaciones.com\/?p=1272#primaryimage"},"thumbnailUrl":"https:\/\/waracomunicaciones.com\/wp-content\/uploads\/2025\/12\/Regys-Chiqui-Dos.png","datePublished":"2025-12-11T12:59:44+00:00","dateModified":"2025-12-11T12:59:45+00:00","breadcrumb":{"@id":"https:\/\/waracomunicaciones.com\/?p=1272#breadcrumb"},"inLanguage":"es","potentialAction":[{"@type":"ReadAction","target":["https:\/\/waracomunicaciones.com\/?p=1272"]}]},{"@type":"ImageObject","inLanguage":"es","@id":"https:\/\/waracomunicaciones.com\/?p=1272#primaryimage","url":"https:\/\/waracomunicaciones.com\/wp-content\/uploads\/2025\/12\/Regys-Chiqui-Dos.png","contentUrl":"https:\/\/waracomunicaciones.com\/wp-content\/uploads\/2025\/12\/Regys-Chiqui-Dos.png","width":370,"height":667},{"@type":"BreadcrumbList","@id":"https:\/\/waracomunicaciones.com\/?p=1272#breadcrumb","itemListElement":[{"@type":"ListItem","position":1,"name":"Portada","item":"https:\/\/waracomunicaciones.com\/"},{"@type":"ListItem","position":2,"name":"Chiqui Limpias anticipa reconfiguraci\u00f3n pol\u00edtica en Montero y da por \u201ccasi segura\u201d la candidatura de Regys Medina"}]},{"@type":"WebSite","@id":"https:\/\/waracomunicaciones.com\/#website","url":"https:\/\/waracomunicaciones.com\/","name":"Wara Comunicaciones","description":"","publisher":{"@id":"https:\/\/waracomunicaciones.com\/#organization"},"potentialAction":[{"@type":"SearchAction","target":{"@type":"EntryPoint","urlTemplate":"https:\/\/waracomunicaciones.com\/?s={search_term_string}"},"query-input":{"@type":"PropertyValueSpecification","valueRequired":true,"valueName":"search_term_string"}}],"inLanguage":"es"},{"@type":"Organization","@id":"https:\/\/waracomunicaciones.com\/#organization","name":"Wara Comunicaciones","url":"https:\/\/waracomunicaciones.com\/","logo":{"@type":"ImageObject","inLanguage":"es","@id":"https:\/\/waracomunicaciones.com\/#\/schema\/logo\/image\/","url":"https:\/\/waracomunicaciones.com\/wp-content\/uploads\/2025\/07\/logo.png","contentUrl":"https:\/\/waracomunicaciones.com\/wp-content\/uploads\/2025\/07\/logo.png","width":400,"height":164,"caption":"Wara Comunicaciones"},"image":{"@id":"https:\/\/waracomunicaciones.com\/#\/schema\/logo\/image\/"},"sameAs":["https:\/\/www.facebook.com\/waracomunicaciones2017"]},{"@type":"Person","@id":"https:\/\/waracomunicaciones.com\/#\/schema\/person\/cbfc6e874b874c69982b6f254108e9f0","name":"Tom\u00e1s Coca","image":{"@type":"ImageObject","inLanguage":"es","@id":"https:\/\/waracomunicaciones.com\/#\/schema\/person\/image\/","url":"https:\/\/secure.gravatar.com\/avatar\/482131bd67ce2dac1261229602fd0c47826af81f4ac6608b066b29cac2a6e65d?s=96&d=mm&r=g","contentUrl":"https:\/\/secure.gravatar.com\/avatar\/482131bd67ce2dac1261229602fd0c47826af81f4ac6608b066b29cac2a6e65d?s=96&d=mm&r=g","caption":"Tom\u00e1s Coca"},"sameAs":["https:\/\/waracomunicaciones.com"],"url":"https:\/\/waracomunicaciones.com\/?author=2"}]}},"_links":{"self":[{"href":"https:\/\/waracomunicaciones.com\/index.php?rest_route=\/wp\/v2\/posts\/1272","targetHints":{"allow":["GET"]}}],"collection":[{"href":"https:\/\/waracomunicaciones.com\/index.php?rest_route=\/wp\/v2\/posts"}],"about":[{"href":"https:\/\/waracomunicaciones.com\/index.php?rest_route=\/wp\/v2\/types\/post"}],"author":[{"embeddable":true,"href":"https:\/\/waracomunicaciones.com\/index.php?rest_route=\/wp\/v2\/users\/2"}],"replies":[{"embeddable":true,"href":"https:\/\/waracomunicaciones.com\/index.php?rest_route=%2Fwp%2Fv2%2Fcomments&post=1272"}],"version-history":[{"count":1,"href":"https:\/\/waracomunicaciones.com\/index.php?rest_route=\/wp\/v2\/posts\/1272\/revisions"}],"predecessor-version":[{"id":1274,"href":"https:\/\/waracomunicaciones.com\/index.php?rest_route=\/wp\/v2\/posts\/1272\/revisions\/1274"}],"wp:attachment":[{"href":"https:\/\/waracomunicaciones.com\/index.php?rest_route=%2Fwp%2Fv2%2Fmedia&parent=1272"}],"wp:term":[{"taxonomy":"category","embeddable":true,"href":"https:\/\/waracomunicaciones.com\/index.php?rest_route=%2Fwp%2Fv2%2Fcategories&post=1272"},{"taxonomy":"post_tag","embeddable":true,"href":"https:\/\/waracomunicaciones.com\/index.php?rest_route=%2Fwp%2Fv2%2Ftags&post=1272"}],"curies":[{"name":"wp","href":"https:\/\/api.w.org\/{rel}","templated":true}]}}