{"id":127,"date":"2025-07-24T00:41:09","date_gmt":"2025-07-24T04:41:09","guid":{"rendered":"https:\/\/waracomunicaciones.com\/?p=127"},"modified":"2025-07-24T06:55:54","modified_gmt":"2025-07-24T10:55:54","slug":"universitarios-de-la-finor-respaldan-a-maico-moreno-como-diputado-y-exigen-mano-dura-contra-la-corrupcion","status":"publish","type":"post","link":"https:\/\/waracomunicaciones.com\/?p=127","title":{"rendered":"Universitarios de la FINOR respaldan a Maico Moreno como diputado y exigen mano dura contra la corrupci\u00f3n"},"content":{"rendered":"\n<figure class=\"wp-block-image size-full\"><img loading=\"lazy\" decoding=\"async\" width=\"1000\" height=\"666\" src=\"https:\/\/waracomunicaciones.com\/wp-content\/uploads\/2025\/07\/maicco-1.webp\" alt=\"\" class=\"wp-image-128\" srcset=\"https:\/\/waracomunicaciones.com\/wp-content\/uploads\/2025\/07\/maicco-1.webp 1000w, https:\/\/waracomunicaciones.com\/wp-content\/uploads\/2025\/07\/maicco-1-300x200.webp 300w, https:\/\/waracomunicaciones.com\/wp-content\/uploads\/2025\/07\/maicco-1-768x511.webp 768w\" sizes=\"auto, (max-width: 1000px) 100vw, 1000px\" \/><figcaption class=\"wp-element-caption\"><em>Maico Moreno suma respaldo universitario en el Norte Integrado: l\u00edderes estudiantiles de la FINOR conforman bloque de apoyo pol\u00edtico en la C-57<\/em><\/figcaption><\/figure>\n\n\n<p>Es la primera vez. L\u00edderes estudiantiles de la Facultad Integral del Norte (FINOR) de la Universidad Aut\u00f3noma Gabriel Ren\u00e9 Moreno (UAGRM) anunciaron su respaldo oficial a la candidatura a diputado uninominal de Maico Moreno, postulante por la circunscripci\u00f3n 57 bajo la alianza LIBRE que encabezan Jorge Tuto Quiroga y Juan Pablo Velasco.<!--more--><\/p>\n<p>El pronunciamiento se realiz\u00f3 en el auditorio principal del campus universitario, con la participaci\u00f3n de la Federaci\u00f3n Universitaria Local (FUL), delegados del Ilustre Consejo Universitario (ICU) y los ocho ejecutivos de centros internos de las carreras de la FINOR, quienes tambi\u00e9n juramentaron la nueva directiva del bloque \u2018Universitarios Libres\u2019, una agrupaci\u00f3n que busca canalizar las demandas del estamento estudiantil hacia espacios de decisi\u00f3n pol\u00edtica.<\/p>\n<p>Seg\u00fan el \u00faltimo Censo Universitario presentado por la UAGRM, la FINOR alberga a m\u00e1s de 7.500 estudiantes distribuidos en diez carreras: Ingenier\u00eda Petrolera, Ingenier\u00eda Industrial, Ingenier\u00eda de Sistemas, Ingenier\u00eda Comercial, Contadur\u00eda P\u00fablica, Ciencias de la Educaci\u00f3n, Derecho, Veterinaria, Medicina y Enfermer\u00eda. La mayor\u00eda provienen de los municipios de Montero, Portachuelo, San Pedro, Saavedra, Fern\u00e1ndez Alonso, Okinawa, Minero y Yapacan\u00ed.<\/p>\n<p>\u201cEs la primera vez que los dirigentes universitarios nos pronunciamos de forma org\u00e1nica fuera del \u00e1mbito institucional para respaldar una candidatura pol\u00edtica\u201d, declar\u00f3 Jhon Carlos Cotrina, secretario de Acta y Prensa de la FUL. \u201cVimos en Maico a un joven sincero, con ganas de trabajar, y sobre todo con la voluntad de escuchar. Los universitarios no queremos ser m\u00e1s el patio trasero del pa\u00eds\u201d.<\/p>\n<p>Las principales demandas del bloque giran en torno a la necesidad de combatir la corrupci\u00f3n en el aparato p\u00fablico, tanto a nivel nacional como dentro de la propia universidad. Los representantes estudiantiles exigen \u201cmedidas dr\u00e1sticas\u201d contra los actos de corrupci\u00f3n y mayor sanci\u00f3n a los funcionarios p\u00fablicos que cometan delitos contra el Estado.<\/p>\n<p>Moreno agradeci\u00f3 el respaldo y afirm\u00f3 que la juventud universitaria \u201ces vital para transformar de verdad el pa\u00eds\u201d.<\/p>\n<p>\u201cYo tambi\u00e9n fui universitario, s\u00e9 lo que es luchar para salir adelante, por mejores condiciones, por un futuro m\u00e1s justo. Esta alianza pol\u00edtica, es una alianza de causas comunes\u201d, afirm\u00f3 el aspirante a la diputaci\u00f3n en su intervenci\u00f3n. \u201cLa universidad no puede estar aislada, tiene que ser protagonista de la reconstrucci\u00f3n del pa\u00eds\u201d.<\/p>\n<p>La directiva de \u2018Universitarios Libres\u2019, conformada por dirigentes y universitarios de base, anunci\u00f3 que acompa\u00f1ar\u00e1 activamente la campa\u00f1a pol\u00edtica en los seis municipios de la C-57, con propuestas dirigidas a ampliar el acceso a la educaci\u00f3n superior, mejorar la empleabilidad juvenil y fiscalizar el uso de los recursos p\u00fablicos.<\/p>\n<p>Con este acto y la participaci\u00f3n pol\u00edtica juvenil de la regi\u00f3n de las bases universitarias, la candidatura de Maico Moreno se perfila, as\u00ed como una de las m\u00e1s representativas del voto joven en la C-57.<\/p>\n<p><strong><b>Propuestas econ\u00f3micas y sociales<\/b><\/strong><\/p>\n<p>La propuesta de la alianza LIBRE en la C-57, encabezada por Maico Moreno, plantea liberar las fuerzas productivas de la regi\u00f3n, impulsar zonas francas industriales, caminos rurales, centros t\u00e9cnicos y mercados regionales que mejoren la vida de la gente. A trav\u00e9s de una visi\u00f3n econ\u00f3mica moderna (que incluye exportaciones libres, apertura al comercio global, incentivos para el empleo joven y desarrollo tecnol\u00f3gico), para convertir a la C-57 en un motor nacional.<\/p>\n<p><strong><b>Una regi\u00f3n estrat\u00e9gica para el desarrollo nacional<\/b><\/strong><\/p>\n<p>La Circunscripci\u00f3n 57 abarca una de las regiones m\u00e1s productivas y diversas del pa\u00eds. Con m\u00e1s de 250.000 habitantes distribuidos en seis municipios del Norte Cruce\u00f1o (Montero, Portachuelo, Buena Vista, San Carlos, San Juan y Yapacan\u00ed), esta circunscripci\u00f3n representa una Bolivia con futuro: agr\u00edcola, industrial, tur\u00edstica y profundamente conectada con sus comunidades rurales e ind\u00edgenas. Desde el coraz\u00f3n productivo de Montero hasta las reservas naturales del Ambor\u00f3, el potencial de esta regi\u00f3n exige una gesti\u00f3n seria, t\u00e9cnica y comprometida con el desarrollo.<\/p><div style=\"margin-top: 0px; margin-bottom: 0px;\" class=\"sharethis-inline-reaction-buttons\" ><\/div>","protected":false},"excerpt":{"rendered":"<p>Es la primera vez. L\u00edderes estudiantiles de la Facultad Integral del Norte (FINOR) de la Universidad Aut\u00f3noma Gabriel Ren\u00e9 Moreno (UAGRM) anunciaron su respaldo oficial a la candidatura a diputado uninominal de Maico Moreno, postulante por la circunscripci\u00f3n 57 bajo la alianza LIBRE que encabezan Jorge Tuto Quiroga y Juan Pablo Velasco.<\/p>\n","protected":false},"author":1,"featured_media":128,"comment_status":"open","ping_status":"open","sticky":false,"template":"","format":"standard","meta":{"footnotes":""},"categories":[42],"tags":[57,11,28,19],"class_list":["post-127","post","type-post","status-publish","format-standard","has-post-thumbnail","hentry","category-politica","tag-c-57","tag-elecciones-nacionales-2025","tag-maico-moreno-vaca","tag-montero"],"yoast_head":"<!-- This site is optimized with the Yoast SEO Premium plugin v25.5 (Yoast SEO v27.1.1) - https:\/\/yoast.com\/product\/yoast-seo-premium-wordpress\/ -->\n<title>Universitarios de la FINOR respaldan a Maico Moreno como diputado y exigen mano dura contra la corrupci\u00f3n - Wara Comunicaciones<\/title>\n<meta name=\"robots\" content=\"index, follow, max-snippet:-1, max-image-preview:large, max-video-preview:-1\" \/>\n<link rel=\"canonical\" href=\"https:\/\/waracomunicaciones.com\/?p=127\" \/>\n<meta property=\"og:locale\" content=\"es_ES\" \/>\n<meta property=\"og:type\" content=\"article\" \/>\n<meta property=\"og:title\" content=\"Universitarios de la FINOR respaldan a Maico Moreno como diputado y exigen mano dura contra la corrupci\u00f3n\" \/>\n<meta property=\"og:description\" content=\"Es la primera vez. L\u00edderes estudiantiles de la Facultad Integral del Norte (FINOR) de la Universidad Aut\u00f3noma Gabriel Ren\u00e9 Moreno (UAGRM) anunciaron su respaldo oficial a la candidatura a diputado uninominal de Maico Moreno, postulante por la circunscripci\u00f3n 57 bajo la alianza LIBRE que encabezan Jorge Tuto Quiroga y Juan Pablo Velasco.\" \/>\n<meta property=\"og:url\" content=\"https:\/\/waracomunicaciones.com\/?p=127\" \/>\n<meta property=\"og:site_name\" content=\"Wara Comunicaciones\" \/>\n<meta property=\"article:publisher\" content=\"https:\/\/www.facebook.com\/waracomunicaciones2017\" \/>\n<meta property=\"article:published_time\" content=\"2025-07-24T04:41:09+00:00\" \/>\n<meta property=\"article:modified_time\" content=\"2025-07-24T10:55:54+00:00\" \/>\n<meta property=\"og:image\" content=\"https:\/\/waracomunicaciones.com\/wp-content\/uploads\/2025\/07\/maicco-1.webp\" \/>\n\t<meta property=\"og:image:width\" content=\"1000\" \/>\n\t<meta property=\"og:image:height\" content=\"666\" \/>\n\t<meta property=\"og:image:type\" content=\"image\/webp\" \/>\n<meta name=\"author\" content=\"admin\" \/>\n<meta name=\"twitter:card\" content=\"summary_large_image\" \/>\n<meta name=\"twitter:label1\" content=\"Escrito por\" \/>\n\t<meta name=\"twitter:data1\" content=\"admin\" \/>\n\t<meta name=\"twitter:label2\" content=\"Tiempo de lectura\" \/>\n\t<meta name=\"twitter:data2\" content=\"4 minutos\" \/>\n<script type=\"application\/ld+json\" class=\"yoast-schema-graph\">{\"@context\":\"https:\/\/schema.org\",\"@graph\":[{\"@type\":\"Article\",\"@id\":\"https:\/\/waracomunicaciones.com\/?p=127#article\",\"isPartOf\":{\"@id\":\"https:\/\/waracomunicaciones.com\/?p=127\"},\"author\":{\"name\":\"admin\",\"@id\":\"https:\/\/waracomunicaciones.com\/#\/schema\/person\/e9db934bc91575cc71fe584c5973244a\"},\"headline\":\"Universitarios de la FINOR respaldan a Maico Moreno como diputado y exigen mano dura contra la corrupci\u00f3n\",\"datePublished\":\"2025-07-24T04:41:09+00:00\",\"dateModified\":\"2025-07-24T10:55:54+00:00\",\"mainEntityOfPage\":{\"@id\":\"https:\/\/waracomunicaciones.com\/?p=127\"},\"wordCount\":719,\"commentCount\":0,\"publisher\":{\"@id\":\"https:\/\/waracomunicaciones.com\/#organization\"},\"image\":{\"@id\":\"https:\/\/waracomunicaciones.com\/?p=127#primaryimage\"},\"thumbnailUrl\":\"https:\/\/waracomunicaciones.com\/wp-content\/uploads\/2025\/07\/maicco-1.webp\",\"keywords\":[\"C-57\",\"Elecciones Nacionales 2025\",\"Maico Moreno Vaca\",\"Montero\"],\"articleSection\":[\"Pol\u00edtica\"],\"inLanguage\":\"es\",\"potentialAction\":[{\"@type\":\"CommentAction\",\"name\":\"Comment\",\"target\":[\"https:\/\/waracomunicaciones.com\/?p=127#respond\"]}]},{\"@type\":\"WebPage\",\"@id\":\"https:\/\/waracomunicaciones.com\/?p=127\",\"url\":\"https:\/\/waracomunicaciones.com\/?p=127\",\"name\":\"Universitarios de la FINOR respaldan a Maico Moreno como diputado y exigen mano dura contra la corrupci\u00f3n - Wara Comunicaciones\",\"isPartOf\":{\"@id\":\"https:\/\/waracomunicaciones.com\/#website\"},\"primaryImageOfPage\":{\"@id\":\"https:\/\/waracomunicaciones.com\/?p=127#primaryimage\"},\"image\":{\"@id\":\"https:\/\/waracomunicaciones.com\/?p=127#primaryimage\"},\"thumbnailUrl\":\"https:\/\/waracomunicaciones.com\/wp-content\/uploads\/2025\/07\/maicco-1.webp\",\"datePublished\":\"2025-07-24T04:41:09+00:00\",\"dateModified\":\"2025-07-24T10:55:54+00:00\",\"breadcrumb\":{\"@id\":\"https:\/\/waracomunicaciones.com\/?p=127#breadcrumb\"},\"inLanguage\":\"es\",\"potentialAction\":[{\"@type\":\"ReadAction\",\"target\":[\"https:\/\/waracomunicaciones.com\/?p=127\"]}]},{\"@type\":\"ImageObject\",\"inLanguage\":\"es\",\"@id\":\"https:\/\/waracomunicaciones.com\/?p=127#primaryimage\",\"url\":\"https:\/\/waracomunicaciones.com\/wp-content\/uploads\/2025\/07\/maicco-1.webp\",\"contentUrl\":\"https:\/\/waracomunicaciones.com\/wp-content\/uploads\/2025\/07\/maicco-1.webp\",\"width\":1000,\"height\":666},{\"@type\":\"BreadcrumbList\",\"@id\":\"https:\/\/waracomunicaciones.com\/?p=127#breadcrumb\",\"itemListElement\":[{\"@type\":\"ListItem\",\"position\":1,\"name\":\"Portada\",\"item\":\"https:\/\/waracomunicaciones.com\/\"},{\"@type\":\"ListItem\",\"position\":2,\"name\":\"Universitarios de la FINOR respaldan a Maico Moreno como diputado y exigen mano dura contra la corrupci\u00f3n\"}]},{\"@type\":\"WebSite\",\"@id\":\"https:\/\/waracomunicaciones.com\/#website\",\"url\":\"https:\/\/waracomunicaciones.com\/\",\"name\":\"Wara Comunicaciones\",\"description\":\"\",\"publisher\":{\"@id\":\"https:\/\/waracomunicaciones.com\/#organization\"},\"potentialAction\":[{\"@type\":\"SearchAction\",\"target\":{\"@type\":\"EntryPoint\",\"urlTemplate\":\"https:\/\/waracomunicaciones.com\/?s={search_term_string}\"},\"query-input\":{\"@type\":\"PropertyValueSpecification\",\"valueRequired\":true,\"valueName\":\"search_term_string\"}}],\"inLanguage\":\"es\"},{\"@type\":\"Organization\",\"@id\":\"https:\/\/waracomunicaciones.com\/#organization\",\"name\":\"Wara Comunicaciones\",\"url\":\"https:\/\/waracomunicaciones.com\/\",\"logo\":{\"@type\":\"ImageObject\",\"inLanguage\":\"es\",\"@id\":\"https:\/\/waracomunicaciones.com\/#\/schema\/logo\/image\/\",\"url\":\"https:\/\/waracomunicaciones.com\/wp-content\/uploads\/2025\/07\/logo.png\",\"contentUrl\":\"https:\/\/waracomunicaciones.com\/wp-content\/uploads\/2025\/07\/logo.png\",\"width\":400,\"height\":164,\"caption\":\"Wara Comunicaciones\"},\"image\":{\"@id\":\"https:\/\/waracomunicaciones.com\/#\/schema\/logo\/image\/\"},\"sameAs\":[\"https:\/\/www.facebook.com\/waracomunicaciones2017\"]},{\"@type\":\"Person\",\"@id\":\"https:\/\/waracomunicaciones.com\/#\/schema\/person\/e9db934bc91575cc71fe584c5973244a\",\"name\":\"admin\",\"image\":{\"@type\":\"ImageObject\",\"inLanguage\":\"es\",\"@id\":\"https:\/\/waracomunicaciones.com\/#\/schema\/person\/image\/\",\"url\":\"https:\/\/secure.gravatar.com\/avatar\/bf27e9186df568254093afa216f887fece17605302c6ff12f3980422fffa52e6?s=96&d=mm&r=g\",\"contentUrl\":\"https:\/\/secure.gravatar.com\/avatar\/bf27e9186df568254093afa216f887fece17605302c6ff12f3980422fffa52e6?s=96&d=mm&r=g\",\"caption\":\"admin\"},\"sameAs\":[\"https:\/\/waracomunicaciones.com\/wp\"],\"url\":\"https:\/\/waracomunicaciones.com\/?author=1\"}]}<\/script>\n<!-- \/ Yoast SEO Premium plugin. -->","yoast_head_json":{"title":"Universitarios de la FINOR respaldan a Maico Moreno como diputado y exigen mano dura contra la corrupci\u00f3n - Wara Comunicaciones","robots":{"index":"index","follow":"follow","max-snippet":"max-snippet:-1","max-image-preview":"max-image-preview:large","max-video-preview":"max-video-preview:-1"},"canonical":"https:\/\/waracomunicaciones.com\/?p=127","og_locale":"es_ES","og_type":"article","og_title":"Universitarios de la FINOR respaldan a Maico Moreno como diputado y exigen mano dura contra la corrupci\u00f3n","og_description":"Es la primera vez. L\u00edderes estudiantiles de la Facultad Integral del Norte (FINOR) de la Universidad Aut\u00f3noma Gabriel Ren\u00e9 Moreno (UAGRM) anunciaron su respaldo oficial a la candidatura a diputado uninominal de Maico Moreno, postulante por la circunscripci\u00f3n 57 bajo la alianza LIBRE que encabezan Jorge Tuto Quiroga y Juan Pablo Velasco.","og_url":"https:\/\/waracomunicaciones.com\/?p=127","og_site_name":"Wara Comunicaciones","article_publisher":"https:\/\/www.facebook.com\/waracomunicaciones2017","article_published_time":"2025-07-24T04:41:09+00:00","article_modified_time":"2025-07-24T10:55:54+00:00","og_image":[{"width":1000,"height":666,"url":"https:\/\/waracomunicaciones.com\/wp-content\/uploads\/2025\/07\/maicco-1.webp","type":"image\/webp"}],"author":"admin","twitter_card":"summary_large_image","twitter_misc":{"Escrito por":"admin","Tiempo de lectura":"4 minutos"},"schema":{"@context":"https:\/\/schema.org","@graph":[{"@type":"Article","@id":"https:\/\/waracomunicaciones.com\/?p=127#article","isPartOf":{"@id":"https:\/\/waracomunicaciones.com\/?p=127"},"author":{"name":"admin","@id":"https:\/\/waracomunicaciones.com\/#\/schema\/person\/e9db934bc91575cc71fe584c5973244a"},"headline":"Universitarios de la FINOR respaldan a Maico Moreno como diputado y exigen mano dura contra la corrupci\u00f3n","datePublished":"2025-07-24T04:41:09+00:00","dateModified":"2025-07-24T10:55:54+00:00","mainEntityOfPage":{"@id":"https:\/\/waracomunicaciones.com\/?p=127"},"wordCount":719,"commentCount":0,"publisher":{"@id":"https:\/\/waracomunicaciones.com\/#organization"},"image":{"@id":"https:\/\/waracomunicaciones.com\/?p=127#primaryimage"},"thumbnailUrl":"https:\/\/waracomunicaciones.com\/wp-content\/uploads\/2025\/07\/maicco-1.webp","keywords":["C-57","Elecciones Nacionales 2025","Maico Moreno Vaca","Montero"],"articleSection":["Pol\u00edtica"],"inLanguage":"es","potentialAction":[{"@type":"CommentAction","name":"Comment","target":["https:\/\/waracomunicaciones.com\/?p=127#respond"]}]},{"@type":"WebPage","@id":"https:\/\/waracomunicaciones.com\/?p=127","url":"https:\/\/waracomunicaciones.com\/?p=127","name":"Universitarios de la FINOR respaldan a Maico Moreno como diputado y exigen mano dura contra la corrupci\u00f3n - Wara Comunicaciones","isPartOf":{"@id":"https:\/\/waracomunicaciones.com\/#website"},"primaryImageOfPage":{"@id":"https:\/\/waracomunicaciones.com\/?p=127#primaryimage"},"image":{"@id":"https:\/\/waracomunicaciones.com\/?p=127#primaryimage"},"thumbnailUrl":"https:\/\/waracomunicaciones.com\/wp-content\/uploads\/2025\/07\/maicco-1.webp","datePublished":"2025-07-24T04:41:09+00:00","dateModified":"2025-07-24T10:55:54+00:00","breadcrumb":{"@id":"https:\/\/waracomunicaciones.com\/?p=127#breadcrumb"},"inLanguage":"es","potentialAction":[{"@type":"ReadAction","target":["https:\/\/waracomunicaciones.com\/?p=127"]}]},{"@type":"ImageObject","inLanguage":"es","@id":"https:\/\/waracomunicaciones.com\/?p=127#primaryimage","url":"https:\/\/waracomunicaciones.com\/wp-content\/uploads\/2025\/07\/maicco-1.webp","contentUrl":"https:\/\/waracomunicaciones.com\/wp-content\/uploads\/2025\/07\/maicco-1.webp","width":1000,"height":666},{"@type":"BreadcrumbList","@id":"https:\/\/waracomunicaciones.com\/?p=127#breadcrumb","itemListElement":[{"@type":"ListItem","position":1,"name":"Portada","item":"https:\/\/waracomunicaciones.com\/"},{"@type":"ListItem","position":2,"name":"Universitarios de la FINOR respaldan a Maico Moreno como diputado y exigen mano dura contra la corrupci\u00f3n"}]},{"@type":"WebSite","@id":"https:\/\/waracomunicaciones.com\/#website","url":"https:\/\/waracomunicaciones.com\/","name":"Wara Comunicaciones","description":"","publisher":{"@id":"https:\/\/waracomunicaciones.com\/#organization"},"potentialAction":[{"@type":"SearchAction","target":{"@type":"EntryPoint","urlTemplate":"https:\/\/waracomunicaciones.com\/?s={search_term_string}"},"query-input":{"@type":"PropertyValueSpecification","valueRequired":true,"valueName":"search_term_string"}}],"inLanguage":"es"},{"@type":"Organization","@id":"https:\/\/waracomunicaciones.com\/#organization","name":"Wara Comunicaciones","url":"https:\/\/waracomunicaciones.com\/","logo":{"@type":"ImageObject","inLanguage":"es","@id":"https:\/\/waracomunicaciones.com\/#\/schema\/logo\/image\/","url":"https:\/\/waracomunicaciones.com\/wp-content\/uploads\/2025\/07\/logo.png","contentUrl":"https:\/\/waracomunicaciones.com\/wp-content\/uploads\/2025\/07\/logo.png","width":400,"height":164,"caption":"Wara Comunicaciones"},"image":{"@id":"https:\/\/waracomunicaciones.com\/#\/schema\/logo\/image\/"},"sameAs":["https:\/\/www.facebook.com\/waracomunicaciones2017"]},{"@type":"Person","@id":"https:\/\/waracomunicaciones.com\/#\/schema\/person\/e9db934bc91575cc71fe584c5973244a","name":"admin","image":{"@type":"ImageObject","inLanguage":"es","@id":"https:\/\/waracomunicaciones.com\/#\/schema\/person\/image\/","url":"https:\/\/secure.gravatar.com\/avatar\/bf27e9186df568254093afa216f887fece17605302c6ff12f3980422fffa52e6?s=96&d=mm&r=g","contentUrl":"https:\/\/secure.gravatar.com\/avatar\/bf27e9186df568254093afa216f887fece17605302c6ff12f3980422fffa52e6?s=96&d=mm&r=g","caption":"admin"},"sameAs":["https:\/\/waracomunicaciones.com\/wp"],"url":"https:\/\/waracomunicaciones.com\/?author=1"}]}},"_links":{"self":[{"href":"https:\/\/waracomunicaciones.com\/index.php?rest_route=\/wp\/v2\/posts\/127","targetHints":{"allow":["GET"]}}],"collection":[{"href":"https:\/\/waracomunicaciones.com\/index.php?rest_route=\/wp\/v2\/posts"}],"about":[{"href":"https:\/\/waracomunicaciones.com\/index.php?rest_route=\/wp\/v2\/types\/post"}],"author":[{"embeddable":true,"href":"https:\/\/waracomunicaciones.com\/index.php?rest_route=\/wp\/v2\/users\/1"}],"replies":[{"embeddable":true,"href":"https:\/\/waracomunicaciones.com\/index.php?rest_route=%2Fwp%2Fv2%2Fcomments&post=127"}],"version-history":[{"count":1,"href":"https:\/\/waracomunicaciones.com\/index.php?rest_route=\/wp\/v2\/posts\/127\/revisions"}],"predecessor-version":[{"id":129,"href":"https:\/\/waracomunicaciones.com\/index.php?rest_route=\/wp\/v2\/posts\/127\/revisions\/129"}],"wp:featuredmedia":[{"embeddable":true,"href":"https:\/\/waracomunicaciones.com\/index.php?rest_route=\/wp\/v2\/media\/128"}],"wp:attachment":[{"href":"https:\/\/waracomunicaciones.com\/index.php?rest_route=%2Fwp%2Fv2%2Fmedia&parent=127"}],"wp:term":[{"taxonomy":"category","embeddable":true,"href":"https:\/\/waracomunicaciones.com\/index.php?rest_route=%2Fwp%2Fv2%2Fcategories&post=127"},{"taxonomy":"post_tag","embeddable":true,"href":"https:\/\/waracomunicaciones.com\/index.php?rest_route=%2Fwp%2Fv2%2Ftags&post=127"}],"curies":[{"name":"wp","href":"https:\/\/api.w.org\/{rel}","templated":true}]}}