{"id":1263,"date":"2025-12-08T09:17:33","date_gmt":"2025-12-08T13:17:33","guid":{"rendered":"https:\/\/waracomunicaciones.com\/?p=1263"},"modified":"2025-12-08T09:17:33","modified_gmt":"2025-12-08T13:17:33","slug":"el-pdc-proclama-a-fabricio-lopez-como-precandidato-a-la-alcaldia-de-montero","status":"publish","type":"post","link":"https:\/\/waracomunicaciones.com\/?p=1263","title":{"rendered":"El PDC proclama a Fabricio L\u00f3pez como precandidato a la Alcald\u00eda de Montero"},"content":{"rendered":"\n<figure class=\"wp-block-image size-large\"><img loading=\"lazy\" decoding=\"async\" width=\"1024\" height=\"768\" src=\"https:\/\/waracomunicaciones.com\/wp-content\/uploads\/2025\/12\/Acto-politico-PDC-7-dic-25-1024x768.jpeg\" alt=\"\" class=\"wp-image-1265\" srcset=\"https:\/\/waracomunicaciones.com\/wp-content\/uploads\/2025\/12\/Acto-politico-PDC-7-dic-25-1024x768.jpeg 1024w, https:\/\/waracomunicaciones.com\/wp-content\/uploads\/2025\/12\/Acto-politico-PDC-7-dic-25-300x225.jpeg 300w, https:\/\/waracomunicaciones.com\/wp-content\/uploads\/2025\/12\/Acto-politico-PDC-7-dic-25-768x576.jpeg 768w, https:\/\/waracomunicaciones.com\/wp-content\/uploads\/2025\/12\/Acto-politico-PDC-7-dic-25-1536x1152.jpeg 1536w, https:\/\/waracomunicaciones.com\/wp-content\/uploads\/2025\/12\/Acto-politico-PDC-7-dic-25.jpeg 1600w\" sizes=\"auto, (max-width: 1024px) 100vw, 1024px\" \/><figcaption class=\"wp-element-caption\">Foto Tom\u00e1s Coca<\/figcaption><\/figure>\n\n\n<p><strong>Montero, 8 diciembre 2025.<\/strong>\u2013 En un multitudinario acto pol\u00edtico realizado en el municipio de Montero, dirigentes nacionales, departamentales y municipales del Partido Dem\u00f3crata Cristiano (PDC) proclamaron a <strong>Fabricio L\u00f3pez<\/strong> como su <strong>precandidato a la Alcald\u00eda para las elecciones subnacionales de marzo de 2026<\/strong>.<!--more--><\/p>\n<p>El evento fue encabezado por <strong>Alexander Qui\u00f1ones<\/strong>, quien dio la bienvenida a las delegaciones del PDC y destac\u00f3 que la decisi\u00f3n surge de un proceso de trabajo conjunto con diversos sectores sociales del municipio. Se\u00f1al\u00f3 que, durante los \u00faltimos meses, se realizaron encuentros con padres de familia, comerciantes y vecinos afectados por problemas de infraestructura, salud y seguridad ciudadana.<\/p>\n<p>\u201c<strong>Hemos decidido cambiar la historia de Montero y darle el apoyo frontal a nuestro compa\u00f1ero Fabricio L\u00f3pez<\/strong>\u201d, afirm\u00f3 Qui\u00f1ones, al resaltar que la candidatura se enmarca en los valores de la democracia cristiana.<\/p>\n<p><strong>Llamado a la unidad y a los valores cristianos<\/strong><\/p>\n<p>En representaci\u00f3n del nivel nacional del partido, <strong>Osvaldo Rivas<\/strong>, secretario nacional de Planificaci\u00f3n y delegado al acto, convoc\u00f3 a los militantes a respaldar al precandidato y sostuvo que el PDC mantiene como base los principios de familia, vida y honradez en la funci\u00f3n p\u00fablica.<\/p>\n<p>\u201c<strong>Aqu\u00ed va a haber un cristiano en la Alcald\u00eda; por lo tanto, cero robo<\/strong>\u201d, manifest\u00f3 Rivas, quien tambi\u00e9n realiz\u00f3 una plegaria junto a los asistentes como parte del mensaje espiritual del partido.<\/p>\n<p><strong>Juventudes del PDC expresan respaldo<\/strong><\/p>\n<p>El <strong>secretario nacional de Juventudes, V\u00edctor Hugo Velasco Junior<\/strong>, destac\u00f3 la participaci\u00f3n de nuevos liderazgos dentro de la organizaci\u00f3n y afirm\u00f3 que el PDC se ha consolidado como una de las fuerzas pol\u00edticas m\u00e1s relevantes del pa\u00eds.<\/p>\n<p>\u201c<strong>Gracias al voto de ustedes, hoy el Partido Dem\u00f3crata Cristiano es la fuerza m\u00e1s grande de Bolivia<\/strong>\u201d, expres\u00f3 Velasco Jr., asegurando que la juventud del partido acompa\u00f1ar\u00e1 la candidatura de L\u00f3pez con el objetivo de repetir los resultados electorales obtenidos en 2025.<\/p>\n<p>\u00a0<\/p>\n<p><strong>PDC anuncia que la elecci\u00f3n de concejales ser\u00e1 participativa<\/strong><\/p>\n<p>Por su parte, <strong>V\u00edctor Hugo Velasco<\/strong>, miembro de la Direcci\u00f3n Nacional, inform\u00f3 que el partido defini\u00f3 que los candidatos a concejales y asamble\u00edstas departamentales ser\u00e1n elegidos de manera participativa por las bases locales y no mediante designaciones centralizadas.<\/p>\n<p>Asegur\u00f3 que las encuestas internas mostraron una preferencia mayoritaria por L\u00f3pez para encabezar la propuesta municipal.<br \/>\u201c<strong>Ya tenemos al candidato a alcalde, y todos los que trabajaron en la campa\u00f1a nacional participar\u00e1n en la selecci\u00f3n de concejales<\/strong>\u201d, enfatiz\u00f3.<\/p>\n<p>\u00a0<\/p>\n<p><strong>Fabricio L\u00f3pez promete luchar contra la corrupci\u00f3n y mejorar servicios b\u00e1sicos<\/strong><\/p>\n<p>Al cierre del acto, <strong>Fabricio L\u00f3pez<\/strong> agradeci\u00f3 la proclamaci\u00f3n y asegur\u00f3 que su proyecto municipal se enfocar\u00e1 en combatir la corrupci\u00f3n, mejorar la salud, la educaci\u00f3n, el drenaje urbano y ampliar las oportunidades laborales.<\/p>\n<p>\u201c<strong>Vamos a hacer juntos un cambio para Montero. Vamos a terminar con la corrupci\u00f3n, con el nepotismo y a mejorar la atenci\u00f3n en los hospitales<\/strong>\u201d, afirm\u00f3 el precandidato, comprometi\u00e9ndose a trabajar por los sectores m\u00e1s vulnerables del municipio.<\/p>\n<p>L\u00f3pez cerr\u00f3 su intervenci\u00f3n con un llamado a la unidad de los militantes y vecinos:<br \/>\u201c<strong>Con fe, esperanza y amor vamos a llegar a la Alcald\u00eda de Montero. Mi compromiso es con ustedes<\/strong>\u201d.<\/p><div style=\"margin-top: 0px; margin-bottom: 0px;\" class=\"sharethis-inline-reaction-buttons\" ><\/div>","protected":false},"excerpt":{"rendered":"<p>Montero, 8 diciembre 2025.\u2013 En un multitudinario acto pol\u00edtico realizado en el municipio de Montero, dirigentes nacionales, departamentales y municipales del Partido Dem\u00f3crata Cristiano (PDC) proclamaron a Fabricio L\u00f3pez como su precandidato a la Alcald\u00eda para las elecciones subnacionales de marzo de 2026.<\/p>\n","protected":false},"author":2,"featured_media":0,"comment_status":"open","ping_status":"open","sticky":false,"template":"","format":"standard","meta":{"footnotes":""},"categories":[1],"tags":[],"class_list":["post-1263","post","type-post","status-publish","format-standard","hentry","category-internacional-noticias"],"yoast_head":"<!-- This site is optimized with the Yoast SEO Premium plugin v25.5 (Yoast SEO v27.1.1) - https:\/\/yoast.com\/product\/yoast-seo-premium-wordpress\/ -->\n<title>El PDC proclama a Fabricio L\u00f3pez como precandidato a la Alcald\u00eda de Montero - Wara Comunicaciones<\/title>\n<meta name=\"robots\" content=\"index, follow, max-snippet:-1, max-image-preview:large, max-video-preview:-1\" \/>\n<link rel=\"canonical\" href=\"https:\/\/waracomunicaciones.com\/?p=1263\" \/>\n<meta property=\"og:locale\" content=\"es_ES\" \/>\n<meta property=\"og:type\" content=\"article\" \/>\n<meta property=\"og:title\" content=\"El PDC proclama a Fabricio L\u00f3pez como precandidato a la Alcald\u00eda de Montero\" \/>\n<meta property=\"og:description\" content=\"Montero, 8 diciembre 2025.\u2013 En un multitudinario acto pol\u00edtico realizado en el municipio de Montero, dirigentes nacionales, departamentales y municipales del Partido Dem\u00f3crata Cristiano (PDC) proclamaron a Fabricio L\u00f3pez como su precandidato a la Alcald\u00eda para las elecciones subnacionales de marzo de 2026.\" \/>\n<meta property=\"og:url\" content=\"https:\/\/waracomunicaciones.com\/?p=1263\" \/>\n<meta property=\"og:site_name\" content=\"Wara Comunicaciones\" \/>\n<meta property=\"article:publisher\" content=\"https:\/\/www.facebook.com\/waracomunicaciones2017\" \/>\n<meta property=\"article:published_time\" content=\"2025-12-08T13:17:33+00:00\" \/>\n<meta property=\"og:image\" content=\"https:\/\/waracomunicaciones.com\/wp-content\/uploads\/2025\/12\/Acto-politico-PDC-7-dic-25.jpeg\" \/>\n\t<meta property=\"og:image:width\" content=\"1600\" \/>\n\t<meta property=\"og:image:height\" content=\"1200\" \/>\n\t<meta property=\"og:image:type\" content=\"image\/jpeg\" \/>\n<meta name=\"author\" content=\"Tom\u00e1s Coca\" \/>\n<meta name=\"twitter:card\" content=\"summary_large_image\" \/>\n<meta name=\"twitter:label1\" content=\"Escrito por\" \/>\n\t<meta name=\"twitter:data1\" content=\"Tom\u00e1s Coca\" \/>\n\t<meta name=\"twitter:label2\" content=\"Tiempo de lectura\" \/>\n\t<meta name=\"twitter:data2\" content=\"3 minutos\" \/>\n<script type=\"application\/ld+json\" class=\"yoast-schema-graph\">{\"@context\":\"https:\/\/schema.org\",\"@graph\":[{\"@type\":\"Article\",\"@id\":\"https:\/\/waracomunicaciones.com\/?p=1263#article\",\"isPartOf\":{\"@id\":\"https:\/\/waracomunicaciones.com\/?p=1263\"},\"author\":{\"name\":\"Tom\u00e1s Coca\",\"@id\":\"https:\/\/waracomunicaciones.com\/#\/schema\/person\/cbfc6e874b874c69982b6f254108e9f0\"},\"headline\":\"El PDC proclama a Fabricio L\u00f3pez como precandidato a la Alcald\u00eda de Montero\",\"datePublished\":\"2025-12-08T13:17:33+00:00\",\"mainEntityOfPage\":{\"@id\":\"https:\/\/waracomunicaciones.com\/?p=1263\"},\"wordCount\":569,\"commentCount\":0,\"publisher\":{\"@id\":\"https:\/\/waracomunicaciones.com\/#organization\"},\"image\":{\"@id\":\"https:\/\/waracomunicaciones.com\/?p=1263#primaryimage\"},\"thumbnailUrl\":\"https:\/\/waracomunicaciones.com\/wp-content\/uploads\/2025\/12\/Acto-politico-PDC-7-dic-25-1024x768.jpeg\",\"articleSection\":[\"INTERNACIONAL\"],\"inLanguage\":\"es\",\"potentialAction\":[{\"@type\":\"CommentAction\",\"name\":\"Comment\",\"target\":[\"https:\/\/waracomunicaciones.com\/?p=1263#respond\"]}]},{\"@type\":\"WebPage\",\"@id\":\"https:\/\/waracomunicaciones.com\/?p=1263\",\"url\":\"https:\/\/waracomunicaciones.com\/?p=1263\",\"name\":\"El PDC proclama a Fabricio L\u00f3pez como precandidato a la Alcald\u00eda de Montero - Wara Comunicaciones\",\"isPartOf\":{\"@id\":\"https:\/\/waracomunicaciones.com\/#website\"},\"primaryImageOfPage\":{\"@id\":\"https:\/\/waracomunicaciones.com\/?p=1263#primaryimage\"},\"image\":{\"@id\":\"https:\/\/waracomunicaciones.com\/?p=1263#primaryimage\"},\"thumbnailUrl\":\"https:\/\/waracomunicaciones.com\/wp-content\/uploads\/2025\/12\/Acto-politico-PDC-7-dic-25-1024x768.jpeg\",\"datePublished\":\"2025-12-08T13:17:33+00:00\",\"breadcrumb\":{\"@id\":\"https:\/\/waracomunicaciones.com\/?p=1263#breadcrumb\"},\"inLanguage\":\"es\",\"potentialAction\":[{\"@type\":\"ReadAction\",\"target\":[\"https:\/\/waracomunicaciones.com\/?p=1263\"]}]},{\"@type\":\"ImageObject\",\"inLanguage\":\"es\",\"@id\":\"https:\/\/waracomunicaciones.com\/?p=1263#primaryimage\",\"url\":\"https:\/\/waracomunicaciones.com\/wp-content\/uploads\/2025\/12\/Acto-politico-PDC-7-dic-25.jpeg\",\"contentUrl\":\"https:\/\/waracomunicaciones.com\/wp-content\/uploads\/2025\/12\/Acto-politico-PDC-7-dic-25.jpeg\",\"width\":1600,\"height\":1200},{\"@type\":\"BreadcrumbList\",\"@id\":\"https:\/\/waracomunicaciones.com\/?p=1263#breadcrumb\",\"itemListElement\":[{\"@type\":\"ListItem\",\"position\":1,\"name\":\"Portada\",\"item\":\"https:\/\/waracomunicaciones.com\/\"},{\"@type\":\"ListItem\",\"position\":2,\"name\":\"El PDC proclama a Fabricio L\u00f3pez como precandidato a la Alcald\u00eda de Montero\"}]},{\"@type\":\"WebSite\",\"@id\":\"https:\/\/waracomunicaciones.com\/#website\",\"url\":\"https:\/\/waracomunicaciones.com\/\",\"name\":\"Wara Comunicaciones\",\"description\":\"\",\"publisher\":{\"@id\":\"https:\/\/waracomunicaciones.com\/#organization\"},\"potentialAction\":[{\"@type\":\"SearchAction\",\"target\":{\"@type\":\"EntryPoint\",\"urlTemplate\":\"https:\/\/waracomunicaciones.com\/?s={search_term_string}\"},\"query-input\":{\"@type\":\"PropertyValueSpecification\",\"valueRequired\":true,\"valueName\":\"search_term_string\"}}],\"inLanguage\":\"es\"},{\"@type\":\"Organization\",\"@id\":\"https:\/\/waracomunicaciones.com\/#organization\",\"name\":\"Wara Comunicaciones\",\"url\":\"https:\/\/waracomunicaciones.com\/\",\"logo\":{\"@type\":\"ImageObject\",\"inLanguage\":\"es\",\"@id\":\"https:\/\/waracomunicaciones.com\/#\/schema\/logo\/image\/\",\"url\":\"https:\/\/waracomunicaciones.com\/wp-content\/uploads\/2025\/07\/logo.png\",\"contentUrl\":\"https:\/\/waracomunicaciones.com\/wp-content\/uploads\/2025\/07\/logo.png\",\"width\":400,\"height\":164,\"caption\":\"Wara Comunicaciones\"},\"image\":{\"@id\":\"https:\/\/waracomunicaciones.com\/#\/schema\/logo\/image\/\"},\"sameAs\":[\"https:\/\/www.facebook.com\/waracomunicaciones2017\"]},{\"@type\":\"Person\",\"@id\":\"https:\/\/waracomunicaciones.com\/#\/schema\/person\/cbfc6e874b874c69982b6f254108e9f0\",\"name\":\"Tom\u00e1s Coca\",\"image\":{\"@type\":\"ImageObject\",\"inLanguage\":\"es\",\"@id\":\"https:\/\/waracomunicaciones.com\/#\/schema\/person\/image\/\",\"url\":\"https:\/\/secure.gravatar.com\/avatar\/482131bd67ce2dac1261229602fd0c47826af81f4ac6608b066b29cac2a6e65d?s=96&d=mm&r=g\",\"contentUrl\":\"https:\/\/secure.gravatar.com\/avatar\/482131bd67ce2dac1261229602fd0c47826af81f4ac6608b066b29cac2a6e65d?s=96&d=mm&r=g\",\"caption\":\"Tom\u00e1s Coca\"},\"sameAs\":[\"https:\/\/waracomunicaciones.com\"],\"url\":\"https:\/\/waracomunicaciones.com\/?author=2\"}]}<\/script>\n<!-- \/ Yoast SEO Premium plugin. -->","yoast_head_json":{"title":"El PDC proclama a Fabricio L\u00f3pez como precandidato a la Alcald\u00eda de Montero - Wara Comunicaciones","robots":{"index":"index","follow":"follow","max-snippet":"max-snippet:-1","max-image-preview":"max-image-preview:large","max-video-preview":"max-video-preview:-1"},"canonical":"https:\/\/waracomunicaciones.com\/?p=1263","og_locale":"es_ES","og_type":"article","og_title":"El PDC proclama a Fabricio L\u00f3pez como precandidato a la Alcald\u00eda de Montero","og_description":"Montero, 8 diciembre 2025.\u2013 En un multitudinario acto pol\u00edtico realizado en el municipio de Montero, dirigentes nacionales, departamentales y municipales del Partido Dem\u00f3crata Cristiano (PDC) proclamaron a Fabricio L\u00f3pez como su precandidato a la Alcald\u00eda para las elecciones subnacionales de marzo de 2026.","og_url":"https:\/\/waracomunicaciones.com\/?p=1263","og_site_name":"Wara Comunicaciones","article_publisher":"https:\/\/www.facebook.com\/waracomunicaciones2017","article_published_time":"2025-12-08T13:17:33+00:00","og_image":[{"width":1600,"height":1200,"url":"https:\/\/waracomunicaciones.com\/wp-content\/uploads\/2025\/12\/Acto-politico-PDC-7-dic-25.jpeg","type":"image\/jpeg"}],"author":"Tom\u00e1s Coca","twitter_card":"summary_large_image","twitter_misc":{"Escrito por":"Tom\u00e1s Coca","Tiempo de lectura":"3 minutos"},"schema":{"@context":"https:\/\/schema.org","@graph":[{"@type":"Article","@id":"https:\/\/waracomunicaciones.com\/?p=1263#article","isPartOf":{"@id":"https:\/\/waracomunicaciones.com\/?p=1263"},"author":{"name":"Tom\u00e1s Coca","@id":"https:\/\/waracomunicaciones.com\/#\/schema\/person\/cbfc6e874b874c69982b6f254108e9f0"},"headline":"El PDC proclama a Fabricio L\u00f3pez como precandidato a la Alcald\u00eda de Montero","datePublished":"2025-12-08T13:17:33+00:00","mainEntityOfPage":{"@id":"https:\/\/waracomunicaciones.com\/?p=1263"},"wordCount":569,"commentCount":0,"publisher":{"@id":"https:\/\/waracomunicaciones.com\/#organization"},"image":{"@id":"https:\/\/waracomunicaciones.com\/?p=1263#primaryimage"},"thumbnailUrl":"https:\/\/waracomunicaciones.com\/wp-content\/uploads\/2025\/12\/Acto-politico-PDC-7-dic-25-1024x768.jpeg","articleSection":["INTERNACIONAL"],"inLanguage":"es","potentialAction":[{"@type":"CommentAction","name":"Comment","target":["https:\/\/waracomunicaciones.com\/?p=1263#respond"]}]},{"@type":"WebPage","@id":"https:\/\/waracomunicaciones.com\/?p=1263","url":"https:\/\/waracomunicaciones.com\/?p=1263","name":"El PDC proclama a Fabricio L\u00f3pez como precandidato a la Alcald\u00eda de Montero - Wara Comunicaciones","isPartOf":{"@id":"https:\/\/waracomunicaciones.com\/#website"},"primaryImageOfPage":{"@id":"https:\/\/waracomunicaciones.com\/?p=1263#primaryimage"},"image":{"@id":"https:\/\/waracomunicaciones.com\/?p=1263#primaryimage"},"thumbnailUrl":"https:\/\/waracomunicaciones.com\/wp-content\/uploads\/2025\/12\/Acto-politico-PDC-7-dic-25-1024x768.jpeg","datePublished":"2025-12-08T13:17:33+00:00","breadcrumb":{"@id":"https:\/\/waracomunicaciones.com\/?p=1263#breadcrumb"},"inLanguage":"es","potentialAction":[{"@type":"ReadAction","target":["https:\/\/waracomunicaciones.com\/?p=1263"]}]},{"@type":"ImageObject","inLanguage":"es","@id":"https:\/\/waracomunicaciones.com\/?p=1263#primaryimage","url":"https:\/\/waracomunicaciones.com\/wp-content\/uploads\/2025\/12\/Acto-politico-PDC-7-dic-25.jpeg","contentUrl":"https:\/\/waracomunicaciones.com\/wp-content\/uploads\/2025\/12\/Acto-politico-PDC-7-dic-25.jpeg","width":1600,"height":1200},{"@type":"BreadcrumbList","@id":"https:\/\/waracomunicaciones.com\/?p=1263#breadcrumb","itemListElement":[{"@type":"ListItem","position":1,"name":"Portada","item":"https:\/\/waracomunicaciones.com\/"},{"@type":"ListItem","position":2,"name":"El PDC proclama a Fabricio L\u00f3pez como precandidato a la Alcald\u00eda de Montero"}]},{"@type":"WebSite","@id":"https:\/\/waracomunicaciones.com\/#website","url":"https:\/\/waracomunicaciones.com\/","name":"Wara Comunicaciones","description":"","publisher":{"@id":"https:\/\/waracomunicaciones.com\/#organization"},"potentialAction":[{"@type":"SearchAction","target":{"@type":"EntryPoint","urlTemplate":"https:\/\/waracomunicaciones.com\/?s={search_term_string}"},"query-input":{"@type":"PropertyValueSpecification","valueRequired":true,"valueName":"search_term_string"}}],"inLanguage":"es"},{"@type":"Organization","@id":"https:\/\/waracomunicaciones.com\/#organization","name":"Wara Comunicaciones","url":"https:\/\/waracomunicaciones.com\/","logo":{"@type":"ImageObject","inLanguage":"es","@id":"https:\/\/waracomunicaciones.com\/#\/schema\/logo\/image\/","url":"https:\/\/waracomunicaciones.com\/wp-content\/uploads\/2025\/07\/logo.png","contentUrl":"https:\/\/waracomunicaciones.com\/wp-content\/uploads\/2025\/07\/logo.png","width":400,"height":164,"caption":"Wara Comunicaciones"},"image":{"@id":"https:\/\/waracomunicaciones.com\/#\/schema\/logo\/image\/"},"sameAs":["https:\/\/www.facebook.com\/waracomunicaciones2017"]},{"@type":"Person","@id":"https:\/\/waracomunicaciones.com\/#\/schema\/person\/cbfc6e874b874c69982b6f254108e9f0","name":"Tom\u00e1s Coca","image":{"@type":"ImageObject","inLanguage":"es","@id":"https:\/\/waracomunicaciones.com\/#\/schema\/person\/image\/","url":"https:\/\/secure.gravatar.com\/avatar\/482131bd67ce2dac1261229602fd0c47826af81f4ac6608b066b29cac2a6e65d?s=96&d=mm&r=g","contentUrl":"https:\/\/secure.gravatar.com\/avatar\/482131bd67ce2dac1261229602fd0c47826af81f4ac6608b066b29cac2a6e65d?s=96&d=mm&r=g","caption":"Tom\u00e1s Coca"},"sameAs":["https:\/\/waracomunicaciones.com"],"url":"https:\/\/waracomunicaciones.com\/?author=2"}]}},"_links":{"self":[{"href":"https:\/\/waracomunicaciones.com\/index.php?rest_route=\/wp\/v2\/posts\/1263","targetHints":{"allow":["GET"]}}],"collection":[{"href":"https:\/\/waracomunicaciones.com\/index.php?rest_route=\/wp\/v2\/posts"}],"about":[{"href":"https:\/\/waracomunicaciones.com\/index.php?rest_route=\/wp\/v2\/types\/post"}],"author":[{"embeddable":true,"href":"https:\/\/waracomunicaciones.com\/index.php?rest_route=\/wp\/v2\/users\/2"}],"replies":[{"embeddable":true,"href":"https:\/\/waracomunicaciones.com\/index.php?rest_route=%2Fwp%2Fv2%2Fcomments&post=1263"}],"version-history":[{"count":1,"href":"https:\/\/waracomunicaciones.com\/index.php?rest_route=\/wp\/v2\/posts\/1263\/revisions"}],"predecessor-version":[{"id":1266,"href":"https:\/\/waracomunicaciones.com\/index.php?rest_route=\/wp\/v2\/posts\/1263\/revisions\/1266"}],"wp:attachment":[{"href":"https:\/\/waracomunicaciones.com\/index.php?rest_route=%2Fwp%2Fv2%2Fmedia&parent=1263"}],"wp:term":[{"taxonomy":"category","embeddable":true,"href":"https:\/\/waracomunicaciones.com\/index.php?rest_route=%2Fwp%2Fv2%2Fcategories&post=1263"},{"taxonomy":"post_tag","embeddable":true,"href":"https:\/\/waracomunicaciones.com\/index.php?rest_route=%2Fwp%2Fv2%2Ftags&post=1263"}],"curies":[{"name":"wp","href":"https:\/\/api.w.org\/{rel}","templated":true}]}}