{"id":1256,"date":"2025-12-04T15:34:58","date_gmt":"2025-12-04T19:34:58","guid":{"rendered":"https:\/\/waracomunicaciones.com\/?p=1256"},"modified":"2025-12-04T15:39:00","modified_gmt":"2025-12-04T19:39:00","slug":"el-partido-democrata-cristiano-aclara-su-posicion-para-las-elecciones-subnacionales","status":"publish","type":"post","link":"https:\/\/waracomunicaciones.com\/?p=1256","title":{"rendered":"El Partido Dem\u00f3crata Cristiano Aclara Su Posici\u00f3n para las Elecciones Subnacionales"},"content":{"rendered":"\n<figure class=\"wp-block-image size-full\"><img loading=\"lazy\" decoding=\"async\" width=\"722\" height=\"512\" src=\"https:\/\/waracomunicaciones.com\/wp-content\/uploads\/2025\/12\/Victor-Hugo-Velasco-Dos.png\" alt=\"\" class=\"wp-image-1257\" srcset=\"https:\/\/waracomunicaciones.com\/wp-content\/uploads\/2025\/12\/Victor-Hugo-Velasco-Dos.png 722w, https:\/\/waracomunicaciones.com\/wp-content\/uploads\/2025\/12\/Victor-Hugo-Velasco-Dos-300x213.png 300w\" sizes=\"auto, (max-width: 722px) 100vw, 722px\" \/><figcaption class=\"wp-element-caption\">V\u00edctor Hugo Velasco (Foto Facebook)<\/figcaption><\/figure>\n\n\n<p><strong>Santa Cruz (Wara Comuniciones).-<\/strong> En un contexto de incertidumbre y m\u00faltiples versiones sobre el futuro del Partido Dem\u00f3crata Cristiano (PDC), V\u00edctor Hugo Velasco, uno de los principales dirigentes de la formaci\u00f3n pol\u00edtica, sali\u00f3 al paso de las especulaciones y ofreci\u00f3 importantes aclaraciones respecto a la participaci\u00f3n del PDC en las elecciones subnacionales de 2025<!--more-->.<\/p>\n<p>Durante una entrevista, Velasco explic\u00f3 que la pr\u00f3xima <strong>Conferencia Nacional de Dirigentes<\/strong> a realizarse en Cochabamba ser\u00e1 el espacio donde el PDC definir\u00e1 su rumbo para las elecciones. \u00abNo queremos que haya m\u00e1s <em>muyu-muyu<\/em>, necesitamos aclarar que el PDC tiene una estructura org\u00e1nica bien definida, y en esa conferencia vamos a aprobar la participaci\u00f3n del partido en las elecciones subnacionales, con candidatos propios, tanto para gobernaciones como para municipios\u00bb, coment\u00f3.<\/p>\n<p>El dirigente recalc\u00f3 que, conforme a los estatutos del partido aprobados por el Tribunal Supremo Electoral (TSE) el 13 de agosto del a\u00f1o pasado, solo la Conferencia Nacional tiene la facultad de autorizar o rechazar la participaci\u00f3n del partido en los comicios. \u00abLa conferencia es la \u00fanica autoridad competente para decidir si el partido va a competir o no en las elecciones\u00bb, insisti\u00f3 Velasco.<\/p>\n<p><strong>Confusi\u00f3n Interna y Falta de Coordinaci\u00f3n<\/strong><\/p>\n<p>Una de las principales fuentes de confusi\u00f3n ha sido la existencia de grupos internos que reclaman ser la verdadera representaci\u00f3n del PDC, especialmente en Santa Cruz, donde varios movimientos aseguran ser la cara del partido. Velasco aclar\u00f3 que \u00aben Santa Cruz, por ejemplo, hay hasta cuatro comit\u00e9s nacionales operando simult\u00e1neamente\u00bb, lo que genera desorden. A este respecto, sostuvo que los \u00fanicos delegados autorizados para inscribir candidatos y presentar propuestas son los que reciban el aval de la <strong>Conferencia Nacional<\/strong>.<\/p>\n<p>Adem\u00e1s, denunci\u00f3 que algunos dirigentes y exdiputados del PDC han estado realizando proclamaciones ilegales de candidatos y, en algunos casos, cobrando dinero en nombre del partido sin la debida autorizaci\u00f3n. \u00abEsos actos son totalmente ilegales\u00bb, afirm\u00f3 Velasco, indicando que los responsables ser\u00edan llevados ante el <strong>Tribunal Disciplinario<\/strong>.<\/p>\n<p>El PDC, seg\u00fan Velasco, tiene una estructura org\u00e1nica que respeta la historia y el trabajo de todos aquellos que han sido parte del partido durante m\u00e1s de 71 a\u00f1os. A pesar de algunas divisiones internas, el dirigente garantiz\u00f3 que el partido no olvidar\u00e1 a los militantes que han trabajado arduamente por la sigla y que todos aquellos que deseen participar en la campa\u00f1a tendr\u00e1n su espacio.<\/p>\n<p><strong>Elecciones Subnacionales: \u00bfAlianzas o Independencia?<\/strong><\/p>\n<p>Una de las preguntas recurrentes ha sido si el PDC buscar\u00e1 alianzas con otros partidos para las elecciones subnacionales. Velasco fue categ\u00f3rico al afirmar que el partido se presentar\u00e1 <strong>sin alianzas<\/strong>. \u00abNo vamos a aliarnos con el MIR ni con ning\u00fan otro partido. Vamos con nuestros propios candidatos, respetando la militancia que ha estado con nosotros en las \u00faltimas campa\u00f1as\u00bb, indic\u00f3.<\/p>\n<p>Asimismo, se refiri\u00f3 a la situaci\u00f3n interna que se vive en algunas regiones, como en Montero, donde varios grupos afirman ser los verdaderos representantes del PDC. \u00abTodo se va a definir en la Conferencia Nacional. El PDC no est\u00e1 dividido, lo que pasa es que algunos grupos intentan aprovecharse de la situaci\u00f3n, pero el Comit\u00e9 Nacional tiene la \u00faltima palabra\u00bb, asegur\u00f3 Velasco.<\/p>\n<p><strong>Firme en su Proyecto<\/strong><\/p>\n<p>Velasco tambi\u00e9n se refiri\u00f3 al trabajo que el PDC est\u00e1 realizando en todo el pa\u00eds, asegurando que el partido ya est\u00e1 estructurando sus candidaturas a nivel local. \u00abHemos estado en Trinidad, Riberalta, Pando, y seguimos trabajando en todo el pa\u00eds. Nuestra prioridad es dar espacio a los dirigentes que han trabajado por el PDC, y ellos ser\u00e1n los que nos representen en las elecciones\u00bb, destac\u00f3.<\/p>\n<p>En cuanto a la relaci\u00f3n con otras fuerzas pol\u00edticas, especialmente con el <strong>Movimiento Izquierda \u00a0Revolucionario (MIR)<\/strong> y el gobierno de Rodrigo Paz, Velasco fue firme en su posici\u00f3n. \u00abEl PDC no ha recibido el apoyo que merec\u00eda del gobierno. Hemos luchado por obtener cargos ministeriales o viceministeriales, pero se nos han cerrado las puertas\u00bb, lament\u00f3.<\/p>\n<p>Finalmente, hizo una previsi\u00f3n para las futuras elecciones. Asegur\u00f3 que, tras los comicios subnacionales, el partido evaluar\u00e1 a fondo la situaci\u00f3n interna, y se tomar\u00e1n decisiones sobre la permanencia de los diputados que han cambiado de militancia. \u00abLa gente que se ha pasado al MIR es pol\u00edticamente un tr\u00e1nsfugo, y eso tendr\u00e1 consecuencias\u00bb, concluy\u00f3.<\/p>\n<p><strong>Conclusi\u00f3n<\/strong><\/p>\n<p>Las declaraciones de V\u00edctor Hugo Velasco ponen fin a las especulaciones que rondan sobre el futuro del PDC. Con una estructura interna definida y un compromiso con sus bases, el partido parece decidido a presentarse con candidatos propios en las elecciones subnacionales de 2026. Mientras tanto, las divisiones internas y las acusaciones de movimientos ilegales siguen siendo un reto para la consolidaci\u00f3n de su imagen a nivel nacional. Sin embargo, Velasco deja claro que el <strong>PDC es un partido de cuadros<\/strong> y que, con el apoyo de su militancia, avanzar\u00e1n hacia las elecciones con la cabeza bien alta.<\/p><div style=\"margin-top: 0px; margin-bottom: 0px;\" class=\"sharethis-inline-reaction-buttons\" ><\/div>","protected":false},"excerpt":{"rendered":"<p>Santa Cruz (Wara Comuniciones).- En un contexto de incertidumbre y m\u00faltiples versiones sobre el futuro del Partido Dem\u00f3crata Cristiano (PDC), V\u00edctor Hugo Velasco, uno de los principales dirigentes de la formaci\u00f3n pol\u00edtica, sali\u00f3 al paso de las especulaciones y ofreci\u00f3 importantes aclaraciones respecto a la participaci\u00f3n del PDC en las elecciones subnacionales de 2025<\/p>\n","protected":false},"author":2,"featured_media":0,"comment_status":"open","ping_status":"open","sticky":false,"template":"","format":"standard","meta":{"footnotes":""},"categories":[42],"tags":[],"class_list":["post-1256","post","type-post","status-publish","format-standard","hentry","category-politica"],"yoast_head":"<!-- This site is optimized with the Yoast SEO Premium plugin v25.5 (Yoast SEO v27.1.1) - https:\/\/yoast.com\/product\/yoast-seo-premium-wordpress\/ -->\n<title>El Partido Dem\u00f3crata Cristiano Aclara Su Posici\u00f3n para las Elecciones Subnacionales - Wara Comunicaciones<\/title>\n<meta name=\"robots\" content=\"index, follow, max-snippet:-1, max-image-preview:large, max-video-preview:-1\" \/>\n<link rel=\"canonical\" href=\"https:\/\/waracomunicaciones.com\/?p=1256\" \/>\n<meta property=\"og:locale\" content=\"es_ES\" \/>\n<meta property=\"og:type\" content=\"article\" \/>\n<meta property=\"og:title\" content=\"El Partido Dem\u00f3crata Cristiano Aclara Su Posici\u00f3n para las Elecciones Subnacionales\" \/>\n<meta property=\"og:description\" content=\"Santa Cruz (Wara Comuniciones).- En un contexto de incertidumbre y m\u00faltiples versiones sobre el futuro del Partido Dem\u00f3crata Cristiano (PDC), V\u00edctor Hugo Velasco, uno de los principales dirigentes de la formaci\u00f3n pol\u00edtica, sali\u00f3 al paso de las especulaciones y ofreci\u00f3 importantes aclaraciones respecto a la participaci\u00f3n del PDC en las elecciones subnacionales de 2025\" \/>\n<meta property=\"og:url\" content=\"https:\/\/waracomunicaciones.com\/?p=1256\" \/>\n<meta property=\"og:site_name\" content=\"Wara Comunicaciones\" \/>\n<meta property=\"article:publisher\" content=\"https:\/\/www.facebook.com\/waracomunicaciones2017\" \/>\n<meta property=\"article:published_time\" content=\"2025-12-04T19:34:58+00:00\" \/>\n<meta property=\"article:modified_time\" content=\"2025-12-04T19:39:00+00:00\" \/>\n<meta property=\"og:image\" content=\"https:\/\/waracomunicaciones.com\/wp-content\/uploads\/2025\/12\/Victor-Hugo-Velasco-Dos.png\" \/>\n\t<meta property=\"og:image:width\" content=\"722\" \/>\n\t<meta property=\"og:image:height\" content=\"512\" \/>\n\t<meta property=\"og:image:type\" content=\"image\/png\" \/>\n<meta name=\"author\" content=\"Tom\u00e1s Coca\" \/>\n<meta name=\"twitter:card\" content=\"summary_large_image\" \/>\n<meta name=\"twitter:label1\" content=\"Escrito por\" \/>\n\t<meta name=\"twitter:data1\" content=\"Tom\u00e1s Coca\" \/>\n\t<meta name=\"twitter:label2\" content=\"Tiempo de lectura\" \/>\n\t<meta name=\"twitter:data2\" content=\"4 minutos\" \/>\n<script type=\"application\/ld+json\" class=\"yoast-schema-graph\">{\"@context\":\"https:\/\/schema.org\",\"@graph\":[{\"@type\":\"Article\",\"@id\":\"https:\/\/waracomunicaciones.com\/?p=1256#article\",\"isPartOf\":{\"@id\":\"https:\/\/waracomunicaciones.com\/?p=1256\"},\"author\":{\"name\":\"Tom\u00e1s Coca\",\"@id\":\"https:\/\/waracomunicaciones.com\/#\/schema\/person\/cbfc6e874b874c69982b6f254108e9f0\"},\"headline\":\"El Partido Dem\u00f3crata Cristiano Aclara Su Posici\u00f3n para las Elecciones Subnacionales\",\"datePublished\":\"2025-12-04T19:34:58+00:00\",\"dateModified\":\"2025-12-04T19:39:00+00:00\",\"mainEntityOfPage\":{\"@id\":\"https:\/\/waracomunicaciones.com\/?p=1256\"},\"wordCount\":856,\"commentCount\":0,\"publisher\":{\"@id\":\"https:\/\/waracomunicaciones.com\/#organization\"},\"image\":{\"@id\":\"https:\/\/waracomunicaciones.com\/?p=1256#primaryimage\"},\"thumbnailUrl\":\"https:\/\/waracomunicaciones.com\/wp-content\/uploads\/2025\/12\/Victor-Hugo-Velasco-Dos.png\",\"articleSection\":[\"Pol\u00edtica\"],\"inLanguage\":\"es\",\"potentialAction\":[{\"@type\":\"CommentAction\",\"name\":\"Comment\",\"target\":[\"https:\/\/waracomunicaciones.com\/?p=1256#respond\"]}]},{\"@type\":\"WebPage\",\"@id\":\"https:\/\/waracomunicaciones.com\/?p=1256\",\"url\":\"https:\/\/waracomunicaciones.com\/?p=1256\",\"name\":\"El Partido Dem\u00f3crata Cristiano Aclara Su Posici\u00f3n para las Elecciones Subnacionales - Wara Comunicaciones\",\"isPartOf\":{\"@id\":\"https:\/\/waracomunicaciones.com\/#website\"},\"primaryImageOfPage\":{\"@id\":\"https:\/\/waracomunicaciones.com\/?p=1256#primaryimage\"},\"image\":{\"@id\":\"https:\/\/waracomunicaciones.com\/?p=1256#primaryimage\"},\"thumbnailUrl\":\"https:\/\/waracomunicaciones.com\/wp-content\/uploads\/2025\/12\/Victor-Hugo-Velasco-Dos.png\",\"datePublished\":\"2025-12-04T19:34:58+00:00\",\"dateModified\":\"2025-12-04T19:39:00+00:00\",\"breadcrumb\":{\"@id\":\"https:\/\/waracomunicaciones.com\/?p=1256#breadcrumb\"},\"inLanguage\":\"es\",\"potentialAction\":[{\"@type\":\"ReadAction\",\"target\":[\"https:\/\/waracomunicaciones.com\/?p=1256\"]}]},{\"@type\":\"ImageObject\",\"inLanguage\":\"es\",\"@id\":\"https:\/\/waracomunicaciones.com\/?p=1256#primaryimage\",\"url\":\"https:\/\/waracomunicaciones.com\/wp-content\/uploads\/2025\/12\/Victor-Hugo-Velasco-Dos.png\",\"contentUrl\":\"https:\/\/waracomunicaciones.com\/wp-content\/uploads\/2025\/12\/Victor-Hugo-Velasco-Dos.png\",\"width\":722,\"height\":512},{\"@type\":\"BreadcrumbList\",\"@id\":\"https:\/\/waracomunicaciones.com\/?p=1256#breadcrumb\",\"itemListElement\":[{\"@type\":\"ListItem\",\"position\":1,\"name\":\"Portada\",\"item\":\"https:\/\/waracomunicaciones.com\/\"},{\"@type\":\"ListItem\",\"position\":2,\"name\":\"El Partido Dem\u00f3crata Cristiano Aclara Su Posici\u00f3n para las Elecciones Subnacionales\"}]},{\"@type\":\"WebSite\",\"@id\":\"https:\/\/waracomunicaciones.com\/#website\",\"url\":\"https:\/\/waracomunicaciones.com\/\",\"name\":\"Wara Comunicaciones\",\"description\":\"\",\"publisher\":{\"@id\":\"https:\/\/waracomunicaciones.com\/#organization\"},\"potentialAction\":[{\"@type\":\"SearchAction\",\"target\":{\"@type\":\"EntryPoint\",\"urlTemplate\":\"https:\/\/waracomunicaciones.com\/?s={search_term_string}\"},\"query-input\":{\"@type\":\"PropertyValueSpecification\",\"valueRequired\":true,\"valueName\":\"search_term_string\"}}],\"inLanguage\":\"es\"},{\"@type\":\"Organization\",\"@id\":\"https:\/\/waracomunicaciones.com\/#organization\",\"name\":\"Wara Comunicaciones\",\"url\":\"https:\/\/waracomunicaciones.com\/\",\"logo\":{\"@type\":\"ImageObject\",\"inLanguage\":\"es\",\"@id\":\"https:\/\/waracomunicaciones.com\/#\/schema\/logo\/image\/\",\"url\":\"https:\/\/waracomunicaciones.com\/wp-content\/uploads\/2025\/07\/logo.png\",\"contentUrl\":\"https:\/\/waracomunicaciones.com\/wp-content\/uploads\/2025\/07\/logo.png\",\"width\":400,\"height\":164,\"caption\":\"Wara Comunicaciones\"},\"image\":{\"@id\":\"https:\/\/waracomunicaciones.com\/#\/schema\/logo\/image\/\"},\"sameAs\":[\"https:\/\/www.facebook.com\/waracomunicaciones2017\"]},{\"@type\":\"Person\",\"@id\":\"https:\/\/waracomunicaciones.com\/#\/schema\/person\/cbfc6e874b874c69982b6f254108e9f0\",\"name\":\"Tom\u00e1s Coca\",\"image\":{\"@type\":\"ImageObject\",\"inLanguage\":\"es\",\"@id\":\"https:\/\/waracomunicaciones.com\/#\/schema\/person\/image\/\",\"url\":\"https:\/\/secure.gravatar.com\/avatar\/482131bd67ce2dac1261229602fd0c47826af81f4ac6608b066b29cac2a6e65d?s=96&d=mm&r=g\",\"contentUrl\":\"https:\/\/secure.gravatar.com\/avatar\/482131bd67ce2dac1261229602fd0c47826af81f4ac6608b066b29cac2a6e65d?s=96&d=mm&r=g\",\"caption\":\"Tom\u00e1s Coca\"},\"sameAs\":[\"https:\/\/waracomunicaciones.com\"],\"url\":\"https:\/\/waracomunicaciones.com\/?author=2\"}]}<\/script>\n<!-- \/ Yoast SEO Premium plugin. -->","yoast_head_json":{"title":"El Partido Dem\u00f3crata Cristiano Aclara Su Posici\u00f3n para las Elecciones Subnacionales - Wara Comunicaciones","robots":{"index":"index","follow":"follow","max-snippet":"max-snippet:-1","max-image-preview":"max-image-preview:large","max-video-preview":"max-video-preview:-1"},"canonical":"https:\/\/waracomunicaciones.com\/?p=1256","og_locale":"es_ES","og_type":"article","og_title":"El Partido Dem\u00f3crata Cristiano Aclara Su Posici\u00f3n para las Elecciones Subnacionales","og_description":"Santa Cruz (Wara Comuniciones).- En un contexto de incertidumbre y m\u00faltiples versiones sobre el futuro del Partido Dem\u00f3crata Cristiano (PDC), V\u00edctor Hugo Velasco, uno de los principales dirigentes de la formaci\u00f3n pol\u00edtica, sali\u00f3 al paso de las especulaciones y ofreci\u00f3 importantes aclaraciones respecto a la participaci\u00f3n del PDC en las elecciones subnacionales de 2025","og_url":"https:\/\/waracomunicaciones.com\/?p=1256","og_site_name":"Wara Comunicaciones","article_publisher":"https:\/\/www.facebook.com\/waracomunicaciones2017","article_published_time":"2025-12-04T19:34:58+00:00","article_modified_time":"2025-12-04T19:39:00+00:00","og_image":[{"width":722,"height":512,"url":"https:\/\/waracomunicaciones.com\/wp-content\/uploads\/2025\/12\/Victor-Hugo-Velasco-Dos.png","type":"image\/png"}],"author":"Tom\u00e1s Coca","twitter_card":"summary_large_image","twitter_misc":{"Escrito por":"Tom\u00e1s Coca","Tiempo de lectura":"4 minutos"},"schema":{"@context":"https:\/\/schema.org","@graph":[{"@type":"Article","@id":"https:\/\/waracomunicaciones.com\/?p=1256#article","isPartOf":{"@id":"https:\/\/waracomunicaciones.com\/?p=1256"},"author":{"name":"Tom\u00e1s Coca","@id":"https:\/\/waracomunicaciones.com\/#\/schema\/person\/cbfc6e874b874c69982b6f254108e9f0"},"headline":"El Partido Dem\u00f3crata Cristiano Aclara Su Posici\u00f3n para las Elecciones Subnacionales","datePublished":"2025-12-04T19:34:58+00:00","dateModified":"2025-12-04T19:39:00+00:00","mainEntityOfPage":{"@id":"https:\/\/waracomunicaciones.com\/?p=1256"},"wordCount":856,"commentCount":0,"publisher":{"@id":"https:\/\/waracomunicaciones.com\/#organization"},"image":{"@id":"https:\/\/waracomunicaciones.com\/?p=1256#primaryimage"},"thumbnailUrl":"https:\/\/waracomunicaciones.com\/wp-content\/uploads\/2025\/12\/Victor-Hugo-Velasco-Dos.png","articleSection":["Pol\u00edtica"],"inLanguage":"es","potentialAction":[{"@type":"CommentAction","name":"Comment","target":["https:\/\/waracomunicaciones.com\/?p=1256#respond"]}]},{"@type":"WebPage","@id":"https:\/\/waracomunicaciones.com\/?p=1256","url":"https:\/\/waracomunicaciones.com\/?p=1256","name":"El Partido Dem\u00f3crata Cristiano Aclara Su Posici\u00f3n para las Elecciones Subnacionales - Wara Comunicaciones","isPartOf":{"@id":"https:\/\/waracomunicaciones.com\/#website"},"primaryImageOfPage":{"@id":"https:\/\/waracomunicaciones.com\/?p=1256#primaryimage"},"image":{"@id":"https:\/\/waracomunicaciones.com\/?p=1256#primaryimage"},"thumbnailUrl":"https:\/\/waracomunicaciones.com\/wp-content\/uploads\/2025\/12\/Victor-Hugo-Velasco-Dos.png","datePublished":"2025-12-04T19:34:58+00:00","dateModified":"2025-12-04T19:39:00+00:00","breadcrumb":{"@id":"https:\/\/waracomunicaciones.com\/?p=1256#breadcrumb"},"inLanguage":"es","potentialAction":[{"@type":"ReadAction","target":["https:\/\/waracomunicaciones.com\/?p=1256"]}]},{"@type":"ImageObject","inLanguage":"es","@id":"https:\/\/waracomunicaciones.com\/?p=1256#primaryimage","url":"https:\/\/waracomunicaciones.com\/wp-content\/uploads\/2025\/12\/Victor-Hugo-Velasco-Dos.png","contentUrl":"https:\/\/waracomunicaciones.com\/wp-content\/uploads\/2025\/12\/Victor-Hugo-Velasco-Dos.png","width":722,"height":512},{"@type":"BreadcrumbList","@id":"https:\/\/waracomunicaciones.com\/?p=1256#breadcrumb","itemListElement":[{"@type":"ListItem","position":1,"name":"Portada","item":"https:\/\/waracomunicaciones.com\/"},{"@type":"ListItem","position":2,"name":"El Partido Dem\u00f3crata Cristiano Aclara Su Posici\u00f3n para las Elecciones Subnacionales"}]},{"@type":"WebSite","@id":"https:\/\/waracomunicaciones.com\/#website","url":"https:\/\/waracomunicaciones.com\/","name":"Wara Comunicaciones","description":"","publisher":{"@id":"https:\/\/waracomunicaciones.com\/#organization"},"potentialAction":[{"@type":"SearchAction","target":{"@type":"EntryPoint","urlTemplate":"https:\/\/waracomunicaciones.com\/?s={search_term_string}"},"query-input":{"@type":"PropertyValueSpecification","valueRequired":true,"valueName":"search_term_string"}}],"inLanguage":"es"},{"@type":"Organization","@id":"https:\/\/waracomunicaciones.com\/#organization","name":"Wara Comunicaciones","url":"https:\/\/waracomunicaciones.com\/","logo":{"@type":"ImageObject","inLanguage":"es","@id":"https:\/\/waracomunicaciones.com\/#\/schema\/logo\/image\/","url":"https:\/\/waracomunicaciones.com\/wp-content\/uploads\/2025\/07\/logo.png","contentUrl":"https:\/\/waracomunicaciones.com\/wp-content\/uploads\/2025\/07\/logo.png","width":400,"height":164,"caption":"Wara Comunicaciones"},"image":{"@id":"https:\/\/waracomunicaciones.com\/#\/schema\/logo\/image\/"},"sameAs":["https:\/\/www.facebook.com\/waracomunicaciones2017"]},{"@type":"Person","@id":"https:\/\/waracomunicaciones.com\/#\/schema\/person\/cbfc6e874b874c69982b6f254108e9f0","name":"Tom\u00e1s Coca","image":{"@type":"ImageObject","inLanguage":"es","@id":"https:\/\/waracomunicaciones.com\/#\/schema\/person\/image\/","url":"https:\/\/secure.gravatar.com\/avatar\/482131bd67ce2dac1261229602fd0c47826af81f4ac6608b066b29cac2a6e65d?s=96&d=mm&r=g","contentUrl":"https:\/\/secure.gravatar.com\/avatar\/482131bd67ce2dac1261229602fd0c47826af81f4ac6608b066b29cac2a6e65d?s=96&d=mm&r=g","caption":"Tom\u00e1s Coca"},"sameAs":["https:\/\/waracomunicaciones.com"],"url":"https:\/\/waracomunicaciones.com\/?author=2"}]}},"_links":{"self":[{"href":"https:\/\/waracomunicaciones.com\/index.php?rest_route=\/wp\/v2\/posts\/1256","targetHints":{"allow":["GET"]}}],"collection":[{"href":"https:\/\/waracomunicaciones.com\/index.php?rest_route=\/wp\/v2\/posts"}],"about":[{"href":"https:\/\/waracomunicaciones.com\/index.php?rest_route=\/wp\/v2\/types\/post"}],"author":[{"embeddable":true,"href":"https:\/\/waracomunicaciones.com\/index.php?rest_route=\/wp\/v2\/users\/2"}],"replies":[{"embeddable":true,"href":"https:\/\/waracomunicaciones.com\/index.php?rest_route=%2Fwp%2Fv2%2Fcomments&post=1256"}],"version-history":[{"count":3,"href":"https:\/\/waracomunicaciones.com\/index.php?rest_route=\/wp\/v2\/posts\/1256\/revisions"}],"predecessor-version":[{"id":1262,"href":"https:\/\/waracomunicaciones.com\/index.php?rest_route=\/wp\/v2\/posts\/1256\/revisions\/1262"}],"wp:attachment":[{"href":"https:\/\/waracomunicaciones.com\/index.php?rest_route=%2Fwp%2Fv2%2Fmedia&parent=1256"}],"wp:term":[{"taxonomy":"category","embeddable":true,"href":"https:\/\/waracomunicaciones.com\/index.php?rest_route=%2Fwp%2Fv2%2Fcategories&post=1256"},{"taxonomy":"post_tag","embeddable":true,"href":"https:\/\/waracomunicaciones.com\/index.php?rest_route=%2Fwp%2Fv2%2Ftags&post=1256"}],"curies":[{"name":"wp","href":"https:\/\/api.w.org\/{rel}","templated":true}]}}