{"id":1249,"date":"2025-12-03T20:14:00","date_gmt":"2025-12-04T00:14:00","guid":{"rendered":"https:\/\/waracomunicaciones.com\/?p=1249"},"modified":"2025-12-03T21:42:14","modified_gmt":"2025-12-04T01:42:14","slug":"alexander-quinones-montero-necesita-un-cambio-y-fabricio-lopez-es-la-opcion-para-renovarse","status":"publish","type":"post","link":"https:\/\/waracomunicaciones.com\/?p=1249","title":{"rendered":"Alexander Qui\u00f1ones: \u00abMontero necesita un cambio, y Fabricio L\u00f3pez es la opci\u00f3n para renovarse\u00bb"},"content":{"rendered":"\n<figure class=\"wp-block-image size-full\"><img loading=\"lazy\" decoding=\"async\" width=\"1000\" height=\"650\" src=\"https:\/\/waracomunicaciones.com\/wp-content\/uploads\/2025\/12\/1764807024-1.webp\" alt=\"\" class=\"wp-image-1251\" srcset=\"https:\/\/waracomunicaciones.com\/wp-content\/uploads\/2025\/12\/1764807024-1.webp 1000w, https:\/\/waracomunicaciones.com\/wp-content\/uploads\/2025\/12\/1764807024-1-300x195.webp 300w, https:\/\/waracomunicaciones.com\/wp-content\/uploads\/2025\/12\/1764807024-1-768x499.webp 768w\" sizes=\"auto, (max-width: 1000px) 100vw, 1000px\" \/><figcaption class=\"wp-element-caption\"><em>Fabricio L\u00f3pez el candidato para el cambio en Montero  &#8211; Foto Captura<\/em><\/figcaption><\/figure>\n\n\n<p>Montero, Santa Cruz \u2013 En el marco del 84\u00ba aniversario de la provincia Obispo Santisteban, uno de los l\u00edderes pol\u00edticos m\u00e1s reconocidos de la regi\u00f3n, Alexander Qui\u00f1ones, expres\u00f3 su entusiasmo por el evento, pero tambi\u00e9n aprovech\u00f3 la ocasi\u00f3n para compartir sus reflexiones sobre el panorama pol\u00edtico local, especialmente en lo que respecta a las pr\u00f3ximas elecciones municipales en Montero.<!--more--><\/p>\n<p>En una conversaci\u00f3n abierta con el periodista <strong>Tom\u00e1s Coca<\/strong>, el l\u00edder pol\u00edtico destac\u00f3 el papel central de la provincia Obispo Santistevan en la econom\u00eda nacional, se\u00f1alando que es una regi\u00f3n productiva que \u00able da al pa\u00eds el grano, el arroz, la soya, la ca\u00f1a, el az\u00facar\u00bb, pero tambi\u00e9n lament\u00f3 el actual estado de Montero, que, seg\u00fan \u00e9l, est\u00e1 perdiendo su liderazgo institucional. \u201cMontero siempre fue la ciudad l\u00edder de la provincia, pero ahora estamos viendo c\u00f3mo se muere institucionalmente\u00bb, expres\u00f3 Qui\u00f1ones, haciendo referencia a la crisis de gobernanza local.<\/p>\n<p><strong>La visita del presidente y la hipocres\u00eda pol\u00edtica<\/strong><\/p>\n<p>Una de las declaraciones m\u00e1s fuertes de Qui\u00f1ones durante la entrevista fue su cr\u00edtica a lo que \u00e9l considera una muestra de \u201chipocres\u00eda pol\u00edtica\u201d por parte de algunos actores locales. Record\u00f3 que en las elecciones pasadas, su equipo pol\u00edtico apoy\u00f3 al presidente <strong>Rodrigo Paz<\/strong>, a pesar de la oposici\u00f3n de muchos empresarios y actores del sector agroindustrial. \u201cNosotros lo llevamos a la presidencia, pero a muchos de los que ahora lo reciben con los brazos abiertos, lo vilipendiaban y lo menospreciaban\u201d, se\u00f1al\u00f3 con molestia, haciendo alusi\u00f3n a la participaci\u00f3n del presidente en la conmemoraci\u00f3n del aniversario provincial.<\/p>\n<p>\u201cNo es para felicitar a quienes ahora lo reciben como presidente del Estado, sino para denunciar la hipocres\u00eda que se sigue viendo en la pol\u00edtica local\u00bb, afirm\u00f3, dejando claro su rechazo al cinismo pol\u00edtico que, seg\u00fan \u00e9l, caracteriza a ciertos sectores dentro de la administraci\u00f3n municipal de Montero.<\/p>\n<p><strong>Fabricio L\u00f3pez: el candidato para el cambio en Montero<\/strong><\/p>\n<p>En cuanto a las elecciones municipales, Qui\u00f1ones expres\u00f3 su total confianza en el candidato <strong>Fabricio L\u00f3pez Eid<\/strong>, a quien considera la opci\u00f3n m\u00e1s capaz para liderar Montero. \u201cNo estamos preocupados por las siglas. Lo que tenemos es un gran candidato: <strong>Fabricio L\u00f3pez<\/strong>\u201d, indic\u00f3 con firmeza.<\/p>\n<p>Seg\u00fan Qui\u00f1ones, Fabricio L\u00f3pez tiene las cualidades necesarias para gestionar la administraci\u00f3n p\u00fablica de Montero. \u201cTiene experiencia, tiene juventud, tiene honestidad. No tiene historia pol\u00edtica que lo desgaste, lo que significa una renovaci\u00f3n completa en la gesti\u00f3n municipal\u201d, argument\u00f3. Adem\u00e1s, destac\u00f3 la experiencia de L\u00f3pez en \u00e1reas clave como la gerencia en bancos y su trabajo como director de finanzas en instituciones hospitalarias de Montero. \u201cMontero no necesita alguien que solo luche contra la corrupci\u00f3n, necesita un buen administrador de la cosa p\u00fablica\u201d, remarc\u00f3.<\/p>\n<p>Qui\u00f1ones tambi\u00e9n dej\u00f3 claro que no est\u00e1n \u201cdesesperados por siglas\u201d y que ya tienen ofertas de agrupaciones pol\u00edticas dispuestas a respaldar a L\u00f3pez. \u201cLa estrategia est\u00e1 bien estructurada, el equipo est\u00e1 fuerte, y tenemos todo listo para ganar las elecciones municipales. No estamos rogando siglas, las siglas est\u00e1n esperando para que el bloque de unidad de Montero respalde a Fabricio L\u00f3pez\u00bb, enfatiz\u00f3.<\/p>\n<p><strong>Sobre las alianzas pol\u00edticas y el futuro de Regys Medina<\/strong><\/p>\n<p>Ante la pregunta de si existe la posibilidad de una alianza con el gobernador <strong>Luis Fernando Camacho<\/strong> o con la agrupaci\u00f3n CREEMO en Montero, Qui\u00f1ones no dud\u00f3 en ser directo: \u00abLa gente de Montero no quiere a <strong>Regys Medina<\/strong> como alcalde. Cambiar de sigla no lo va a hacer un buen alcalde. Su historia est\u00e1 cantada. La poblaci\u00f3n no quiere que vuelva\u00bb, se\u00f1al\u00f3, refiri\u00e9ndose al actual alcalde y su cambio de sigla para continuar su carrera pol\u00edtica.<\/p>\n<p><strong>Un llamado al cambio<\/strong><\/p>\n<p>A lo largo de su intervenci\u00f3n, Alexander Qui\u00f1ones dej\u00f3 claro que la propuesta de su equipo es la de un verdadero cambio para Montero. \u201cLo que m\u00e1s necesitamos es alguien que renueve la ciudad. Alguien con capacidad de gestionar y administrar de manera eficiente los recursos del municipio. Estamos convencidos de que <strong>Fabricio L\u00f3pez<\/strong> es esa opci\u00f3n\u201d, concluy\u00f3.<\/p>\n<p>En cuanto a la estrategia electoral, Qui\u00f1ones indic\u00f3 que los detalles se confirmar\u00e1n en los pr\u00f3ximos d\u00edas, pero reiter\u00f3 que su equipo est\u00e1 listo para presentar una candidatura s\u00f3lida y bien estructurada para las elecciones municipales de 2026.<\/p>\n<p>\u00abNosotros no estamos aqu\u00ed para seguir con lo mismo. Vamos a dar lo mejor de nosotros para asegurar un cambio real en Montero. \u00a1La fuerza viene con Fabricio L\u00f3pez!\u00bb, expres\u00f3 con optimismo.<\/p>\n<p>\u00a0<\/p>\n<p>\u00a0<\/p><div style=\"margin-top: 0px; margin-bottom: 0px;\" class=\"sharethis-inline-reaction-buttons\" ><\/div>","protected":false},"excerpt":{"rendered":"<p>Montero, Santa Cruz \u2013 En el marco del 84\u00ba aniversario de la provincia Obispo Santisteban, uno de los l\u00edderes pol\u00edticos m\u00e1s reconocidos de la regi\u00f3n, Alexander Qui\u00f1ones, expres\u00f3 su entusiasmo por el evento, pero tambi\u00e9n aprovech\u00f3 la ocasi\u00f3n para compartir sus reflexiones sobre el panorama pol\u00edtico local, especialmente en lo que respecta a las pr\u00f3ximas [&hellip;]<\/p>\n","protected":false},"author":1,"featured_media":0,"comment_status":"open","ping_status":"open","sticky":false,"template":"","format":"standard","meta":{"footnotes":""},"categories":[42],"tags":[223,283,298],"class_list":["post-1249","post","type-post","status-publish","format-standard","hentry","category-politica","tag-alexander-quinones","tag-eleccciones-subnacionales","tag-fabricio-lopez"],"yoast_head":"<!-- This site is optimized with the Yoast SEO Premium plugin v25.5 (Yoast SEO v27.1.1) - https:\/\/yoast.com\/product\/yoast-seo-premium-wordpress\/ -->\n<title>Alexander Qui\u00f1ones: &quot;Montero necesita un cambio, y Fabricio L\u00f3pez es la opci\u00f3n para renovarse&quot; - Wara Comunicaciones<\/title>\n<meta name=\"robots\" content=\"index, follow, max-snippet:-1, max-image-preview:large, max-video-preview:-1\" \/>\n<link rel=\"canonical\" href=\"https:\/\/waracomunicaciones.com\/?p=1249\" \/>\n<meta property=\"og:locale\" content=\"es_ES\" \/>\n<meta property=\"og:type\" content=\"article\" \/>\n<meta property=\"og:title\" content=\"Alexander Qui\u00f1ones: &quot;Montero necesita un cambio, y Fabricio L\u00f3pez es la opci\u00f3n para renovarse&quot;\" \/>\n<meta property=\"og:description\" content=\"Montero, Santa Cruz \u2013 En el marco del 84\u00ba aniversario de la provincia Obispo Santisteban, uno de los l\u00edderes pol\u00edticos m\u00e1s reconocidos de la regi\u00f3n, Alexander Qui\u00f1ones, expres\u00f3 su entusiasmo por el evento, pero tambi\u00e9n aprovech\u00f3 la ocasi\u00f3n para compartir sus reflexiones sobre el panorama pol\u00edtico local, especialmente en lo que respecta a las pr\u00f3ximas [&hellip;]\" \/>\n<meta property=\"og:url\" content=\"https:\/\/waracomunicaciones.com\/?p=1249\" \/>\n<meta property=\"og:site_name\" content=\"Wara Comunicaciones\" \/>\n<meta property=\"article:publisher\" content=\"https:\/\/www.facebook.com\/waracomunicaciones2017\" \/>\n<meta property=\"article:published_time\" content=\"2025-12-04T00:14:00+00:00\" \/>\n<meta property=\"article:modified_time\" content=\"2025-12-04T01:42:14+00:00\" \/>\n<meta property=\"og:image\" content=\"https:\/\/waracomunicaciones.com\/wp-content\/uploads\/2025\/12\/1764807024-1.webp\" \/>\n\t<meta property=\"og:image:width\" content=\"1000\" \/>\n\t<meta property=\"og:image:height\" content=\"650\" \/>\n\t<meta property=\"og:image:type\" content=\"image\/webp\" \/>\n<meta name=\"author\" content=\"admin\" \/>\n<meta name=\"twitter:card\" content=\"summary_large_image\" \/>\n<meta name=\"twitter:label1\" content=\"Escrito por\" \/>\n\t<meta name=\"twitter:data1\" content=\"admin\" \/>\n\t<meta name=\"twitter:label2\" content=\"Tiempo de lectura\" \/>\n\t<meta name=\"twitter:data2\" content=\"4 minutos\" \/>\n<script type=\"application\/ld+json\" class=\"yoast-schema-graph\">{\"@context\":\"https:\/\/schema.org\",\"@graph\":[{\"@type\":\"Article\",\"@id\":\"https:\/\/waracomunicaciones.com\/?p=1249#article\",\"isPartOf\":{\"@id\":\"https:\/\/waracomunicaciones.com\/?p=1249\"},\"author\":{\"name\":\"admin\",\"@id\":\"https:\/\/waracomunicaciones.com\/#\/schema\/person\/e9db934bc91575cc71fe584c5973244a\"},\"headline\":\"Alexander Qui\u00f1ones: \u00abMontero necesita un cambio, y Fabricio L\u00f3pez es la opci\u00f3n para renovarse\u00bb\",\"datePublished\":\"2025-12-04T00:14:00+00:00\",\"dateModified\":\"2025-12-04T01:42:14+00:00\",\"mainEntityOfPage\":{\"@id\":\"https:\/\/waracomunicaciones.com\/?p=1249\"},\"wordCount\":832,\"commentCount\":0,\"publisher\":{\"@id\":\"https:\/\/waracomunicaciones.com\/#organization\"},\"image\":{\"@id\":\"https:\/\/waracomunicaciones.com\/?p=1249#primaryimage\"},\"thumbnailUrl\":\"https:\/\/waracomunicaciones.com\/wp-content\/uploads\/2025\/12\/1764807024-1.webp\",\"keywords\":[\"Alexander Qui\u00f1ones\",\"Eleccciones Subnacionales\",\"Fabricio Lopez\"],\"articleSection\":[\"Pol\u00edtica\"],\"inLanguage\":\"es\",\"potentialAction\":[{\"@type\":\"CommentAction\",\"name\":\"Comment\",\"target\":[\"https:\/\/waracomunicaciones.com\/?p=1249#respond\"]}]},{\"@type\":\"WebPage\",\"@id\":\"https:\/\/waracomunicaciones.com\/?p=1249\",\"url\":\"https:\/\/waracomunicaciones.com\/?p=1249\",\"name\":\"Alexander Qui\u00f1ones: \\\"Montero necesita un cambio, y Fabricio L\u00f3pez es la opci\u00f3n para renovarse\\\" - Wara Comunicaciones\",\"isPartOf\":{\"@id\":\"https:\/\/waracomunicaciones.com\/#website\"},\"primaryImageOfPage\":{\"@id\":\"https:\/\/waracomunicaciones.com\/?p=1249#primaryimage\"},\"image\":{\"@id\":\"https:\/\/waracomunicaciones.com\/?p=1249#primaryimage\"},\"thumbnailUrl\":\"https:\/\/waracomunicaciones.com\/wp-content\/uploads\/2025\/12\/1764807024-1.webp\",\"datePublished\":\"2025-12-04T00:14:00+00:00\",\"dateModified\":\"2025-12-04T01:42:14+00:00\",\"breadcrumb\":{\"@id\":\"https:\/\/waracomunicaciones.com\/?p=1249#breadcrumb\"},\"inLanguage\":\"es\",\"potentialAction\":[{\"@type\":\"ReadAction\",\"target\":[\"https:\/\/waracomunicaciones.com\/?p=1249\"]}]},{\"@type\":\"ImageObject\",\"inLanguage\":\"es\",\"@id\":\"https:\/\/waracomunicaciones.com\/?p=1249#primaryimage\",\"url\":\"https:\/\/waracomunicaciones.com\/wp-content\/uploads\/2025\/12\/1764807024-1.webp\",\"contentUrl\":\"https:\/\/waracomunicaciones.com\/wp-content\/uploads\/2025\/12\/1764807024-1.webp\",\"width\":1000,\"height\":650},{\"@type\":\"BreadcrumbList\",\"@id\":\"https:\/\/waracomunicaciones.com\/?p=1249#breadcrumb\",\"itemListElement\":[{\"@type\":\"ListItem\",\"position\":1,\"name\":\"Portada\",\"item\":\"https:\/\/waracomunicaciones.com\/\"},{\"@type\":\"ListItem\",\"position\":2,\"name\":\"Alexander Qui\u00f1ones: \u00abMontero necesita un cambio, y Fabricio L\u00f3pez es la opci\u00f3n para renovarse\u00bb\"}]},{\"@type\":\"WebSite\",\"@id\":\"https:\/\/waracomunicaciones.com\/#website\",\"url\":\"https:\/\/waracomunicaciones.com\/\",\"name\":\"Wara Comunicaciones\",\"description\":\"\",\"publisher\":{\"@id\":\"https:\/\/waracomunicaciones.com\/#organization\"},\"potentialAction\":[{\"@type\":\"SearchAction\",\"target\":{\"@type\":\"EntryPoint\",\"urlTemplate\":\"https:\/\/waracomunicaciones.com\/?s={search_term_string}\"},\"query-input\":{\"@type\":\"PropertyValueSpecification\",\"valueRequired\":true,\"valueName\":\"search_term_string\"}}],\"inLanguage\":\"es\"},{\"@type\":\"Organization\",\"@id\":\"https:\/\/waracomunicaciones.com\/#organization\",\"name\":\"Wara Comunicaciones\",\"url\":\"https:\/\/waracomunicaciones.com\/\",\"logo\":{\"@type\":\"ImageObject\",\"inLanguage\":\"es\",\"@id\":\"https:\/\/waracomunicaciones.com\/#\/schema\/logo\/image\/\",\"url\":\"https:\/\/waracomunicaciones.com\/wp-content\/uploads\/2025\/07\/logo.png\",\"contentUrl\":\"https:\/\/waracomunicaciones.com\/wp-content\/uploads\/2025\/07\/logo.png\",\"width\":400,\"height\":164,\"caption\":\"Wara Comunicaciones\"},\"image\":{\"@id\":\"https:\/\/waracomunicaciones.com\/#\/schema\/logo\/image\/\"},\"sameAs\":[\"https:\/\/www.facebook.com\/waracomunicaciones2017\"]},{\"@type\":\"Person\",\"@id\":\"https:\/\/waracomunicaciones.com\/#\/schema\/person\/e9db934bc91575cc71fe584c5973244a\",\"name\":\"admin\",\"image\":{\"@type\":\"ImageObject\",\"inLanguage\":\"es\",\"@id\":\"https:\/\/waracomunicaciones.com\/#\/schema\/person\/image\/\",\"url\":\"https:\/\/secure.gravatar.com\/avatar\/bf27e9186df568254093afa216f887fece17605302c6ff12f3980422fffa52e6?s=96&d=mm&r=g\",\"contentUrl\":\"https:\/\/secure.gravatar.com\/avatar\/bf27e9186df568254093afa216f887fece17605302c6ff12f3980422fffa52e6?s=96&d=mm&r=g\",\"caption\":\"admin\"},\"sameAs\":[\"https:\/\/waracomunicaciones.com\/wp\"],\"url\":\"https:\/\/waracomunicaciones.com\/?author=1\"}]}<\/script>\n<!-- \/ Yoast SEO Premium plugin. -->","yoast_head_json":{"title":"Alexander Qui\u00f1ones: \"Montero necesita un cambio, y Fabricio L\u00f3pez es la opci\u00f3n para renovarse\" - Wara Comunicaciones","robots":{"index":"index","follow":"follow","max-snippet":"max-snippet:-1","max-image-preview":"max-image-preview:large","max-video-preview":"max-video-preview:-1"},"canonical":"https:\/\/waracomunicaciones.com\/?p=1249","og_locale":"es_ES","og_type":"article","og_title":"Alexander Qui\u00f1ones: \"Montero necesita un cambio, y Fabricio L\u00f3pez es la opci\u00f3n para renovarse\"","og_description":"Montero, Santa Cruz \u2013 En el marco del 84\u00ba aniversario de la provincia Obispo Santisteban, uno de los l\u00edderes pol\u00edticos m\u00e1s reconocidos de la regi\u00f3n, Alexander Qui\u00f1ones, expres\u00f3 su entusiasmo por el evento, pero tambi\u00e9n aprovech\u00f3 la ocasi\u00f3n para compartir sus reflexiones sobre el panorama pol\u00edtico local, especialmente en lo que respecta a las pr\u00f3ximas [&hellip;]","og_url":"https:\/\/waracomunicaciones.com\/?p=1249","og_site_name":"Wara Comunicaciones","article_publisher":"https:\/\/www.facebook.com\/waracomunicaciones2017","article_published_time":"2025-12-04T00:14:00+00:00","article_modified_time":"2025-12-04T01:42:14+00:00","og_image":[{"width":1000,"height":650,"url":"https:\/\/waracomunicaciones.com\/wp-content\/uploads\/2025\/12\/1764807024-1.webp","type":"image\/webp"}],"author":"admin","twitter_card":"summary_large_image","twitter_misc":{"Escrito por":"admin","Tiempo de lectura":"4 minutos"},"schema":{"@context":"https:\/\/schema.org","@graph":[{"@type":"Article","@id":"https:\/\/waracomunicaciones.com\/?p=1249#article","isPartOf":{"@id":"https:\/\/waracomunicaciones.com\/?p=1249"},"author":{"name":"admin","@id":"https:\/\/waracomunicaciones.com\/#\/schema\/person\/e9db934bc91575cc71fe584c5973244a"},"headline":"Alexander Qui\u00f1ones: \u00abMontero necesita un cambio, y Fabricio L\u00f3pez es la opci\u00f3n para renovarse\u00bb","datePublished":"2025-12-04T00:14:00+00:00","dateModified":"2025-12-04T01:42:14+00:00","mainEntityOfPage":{"@id":"https:\/\/waracomunicaciones.com\/?p=1249"},"wordCount":832,"commentCount":0,"publisher":{"@id":"https:\/\/waracomunicaciones.com\/#organization"},"image":{"@id":"https:\/\/waracomunicaciones.com\/?p=1249#primaryimage"},"thumbnailUrl":"https:\/\/waracomunicaciones.com\/wp-content\/uploads\/2025\/12\/1764807024-1.webp","keywords":["Alexander Qui\u00f1ones","Eleccciones Subnacionales","Fabricio Lopez"],"articleSection":["Pol\u00edtica"],"inLanguage":"es","potentialAction":[{"@type":"CommentAction","name":"Comment","target":["https:\/\/waracomunicaciones.com\/?p=1249#respond"]}]},{"@type":"WebPage","@id":"https:\/\/waracomunicaciones.com\/?p=1249","url":"https:\/\/waracomunicaciones.com\/?p=1249","name":"Alexander Qui\u00f1ones: \"Montero necesita un cambio, y Fabricio L\u00f3pez es la opci\u00f3n para renovarse\" - Wara Comunicaciones","isPartOf":{"@id":"https:\/\/waracomunicaciones.com\/#website"},"primaryImageOfPage":{"@id":"https:\/\/waracomunicaciones.com\/?p=1249#primaryimage"},"image":{"@id":"https:\/\/waracomunicaciones.com\/?p=1249#primaryimage"},"thumbnailUrl":"https:\/\/waracomunicaciones.com\/wp-content\/uploads\/2025\/12\/1764807024-1.webp","datePublished":"2025-12-04T00:14:00+00:00","dateModified":"2025-12-04T01:42:14+00:00","breadcrumb":{"@id":"https:\/\/waracomunicaciones.com\/?p=1249#breadcrumb"},"inLanguage":"es","potentialAction":[{"@type":"ReadAction","target":["https:\/\/waracomunicaciones.com\/?p=1249"]}]},{"@type":"ImageObject","inLanguage":"es","@id":"https:\/\/waracomunicaciones.com\/?p=1249#primaryimage","url":"https:\/\/waracomunicaciones.com\/wp-content\/uploads\/2025\/12\/1764807024-1.webp","contentUrl":"https:\/\/waracomunicaciones.com\/wp-content\/uploads\/2025\/12\/1764807024-1.webp","width":1000,"height":650},{"@type":"BreadcrumbList","@id":"https:\/\/waracomunicaciones.com\/?p=1249#breadcrumb","itemListElement":[{"@type":"ListItem","position":1,"name":"Portada","item":"https:\/\/waracomunicaciones.com\/"},{"@type":"ListItem","position":2,"name":"Alexander Qui\u00f1ones: \u00abMontero necesita un cambio, y Fabricio L\u00f3pez es la opci\u00f3n para renovarse\u00bb"}]},{"@type":"WebSite","@id":"https:\/\/waracomunicaciones.com\/#website","url":"https:\/\/waracomunicaciones.com\/","name":"Wara Comunicaciones","description":"","publisher":{"@id":"https:\/\/waracomunicaciones.com\/#organization"},"potentialAction":[{"@type":"SearchAction","target":{"@type":"EntryPoint","urlTemplate":"https:\/\/waracomunicaciones.com\/?s={search_term_string}"},"query-input":{"@type":"PropertyValueSpecification","valueRequired":true,"valueName":"search_term_string"}}],"inLanguage":"es"},{"@type":"Organization","@id":"https:\/\/waracomunicaciones.com\/#organization","name":"Wara Comunicaciones","url":"https:\/\/waracomunicaciones.com\/","logo":{"@type":"ImageObject","inLanguage":"es","@id":"https:\/\/waracomunicaciones.com\/#\/schema\/logo\/image\/","url":"https:\/\/waracomunicaciones.com\/wp-content\/uploads\/2025\/07\/logo.png","contentUrl":"https:\/\/waracomunicaciones.com\/wp-content\/uploads\/2025\/07\/logo.png","width":400,"height":164,"caption":"Wara Comunicaciones"},"image":{"@id":"https:\/\/waracomunicaciones.com\/#\/schema\/logo\/image\/"},"sameAs":["https:\/\/www.facebook.com\/waracomunicaciones2017"]},{"@type":"Person","@id":"https:\/\/waracomunicaciones.com\/#\/schema\/person\/e9db934bc91575cc71fe584c5973244a","name":"admin","image":{"@type":"ImageObject","inLanguage":"es","@id":"https:\/\/waracomunicaciones.com\/#\/schema\/person\/image\/","url":"https:\/\/secure.gravatar.com\/avatar\/bf27e9186df568254093afa216f887fece17605302c6ff12f3980422fffa52e6?s=96&d=mm&r=g","contentUrl":"https:\/\/secure.gravatar.com\/avatar\/bf27e9186df568254093afa216f887fece17605302c6ff12f3980422fffa52e6?s=96&d=mm&r=g","caption":"admin"},"sameAs":["https:\/\/waracomunicaciones.com\/wp"],"url":"https:\/\/waracomunicaciones.com\/?author=1"}]}},"_links":{"self":[{"href":"https:\/\/waracomunicaciones.com\/index.php?rest_route=\/wp\/v2\/posts\/1249","targetHints":{"allow":["GET"]}}],"collection":[{"href":"https:\/\/waracomunicaciones.com\/index.php?rest_route=\/wp\/v2\/posts"}],"about":[{"href":"https:\/\/waracomunicaciones.com\/index.php?rest_route=\/wp\/v2\/types\/post"}],"author":[{"embeddable":true,"href":"https:\/\/waracomunicaciones.com\/index.php?rest_route=\/wp\/v2\/users\/1"}],"replies":[{"embeddable":true,"href":"https:\/\/waracomunicaciones.com\/index.php?rest_route=%2Fwp%2Fv2%2Fcomments&post=1249"}],"version-history":[{"count":2,"href":"https:\/\/waracomunicaciones.com\/index.php?rest_route=\/wp\/v2\/posts\/1249\/revisions"}],"predecessor-version":[{"id":1254,"href":"https:\/\/waracomunicaciones.com\/index.php?rest_route=\/wp\/v2\/posts\/1249\/revisions\/1254"}],"wp:attachment":[{"href":"https:\/\/waracomunicaciones.com\/index.php?rest_route=%2Fwp%2Fv2%2Fmedia&parent=1249"}],"wp:term":[{"taxonomy":"category","embeddable":true,"href":"https:\/\/waracomunicaciones.com\/index.php?rest_route=%2Fwp%2Fv2%2Fcategories&post=1249"},{"taxonomy":"post_tag","embeddable":true,"href":"https:\/\/waracomunicaciones.com\/index.php?rest_route=%2Fwp%2Fv2%2Ftags&post=1249"}],"curies":[{"name":"wp","href":"https:\/\/api.w.org\/{rel}","templated":true}]}}