{"id":1246,"date":"2025-12-03T19:19:20","date_gmt":"2025-12-03T23:19:20","guid":{"rendered":"https:\/\/waracomunicaciones.com\/?p=1246"},"modified":"2025-12-03T19:19:22","modified_gmt":"2025-12-03T23:19:22","slug":"montero-celebra-el-84o-aniversario-del-obispo-santisteban-con-la-visita-del-presidente-rodrigo-paz-y-el-gobernador-luis-fernando-camacho","status":"publish","type":"post","link":"https:\/\/waracomunicaciones.com\/?p=1246","title":{"rendered":"Montero celebra el 84\u00ba aniversario del Obispo Santisteban con la visita del presidente Rodrigo Paz y el gobernador Luis Fernando Camacho"},"content":{"rendered":"\n<figure class=\"wp-block-image size-full\"><img loading=\"lazy\" decoding=\"async\" width=\"1000\" height=\"667\" src=\"https:\/\/waracomunicaciones.com\/wp-content\/uploads\/2025\/12\/rodrigoo-1.webp\" alt=\"\" class=\"wp-image-1247\" srcset=\"https:\/\/waracomunicaciones.com\/wp-content\/uploads\/2025\/12\/rodrigoo-1.webp 1000w, https:\/\/waracomunicaciones.com\/wp-content\/uploads\/2025\/12\/rodrigoo-1-300x200.webp 300w, https:\/\/waracomunicaciones.com\/wp-content\/uploads\/2025\/12\/rodrigoo-1-768x512.webp 768w\" sizes=\"auto, (max-width: 1000px) 100vw, 1000px\" \/><figcaption class=\"wp-element-caption\"><em>Rodrigo Paz presidente de Bolivia en acto de celebraci\u00f3n de aniversario de la Provincia Obispo Santistevan &#8211; Foto Facebook<\/em><\/figcaption><\/figure>\n\n\n<p>Montero, Santa Cruz &#8211; En el marco de la celebraci\u00f3n del 84\u00ba aniversario de la provincia del Obispo Santisteba, se llev\u00f3 a cabo un evento de gran relevancia para la regi\u00f3n, con la presencia del presidente de Bolivia, Rodrigo Paz Pereira, y el gobernador de Santa Cruz, Luis Fernando Camacho. <!--more-->Este encuentro se enmarca como un importante gesto de apoyo a la provincia, que es un pilar fundamental en la producci\u00f3n agr\u00edcola de Bolivia, especialmente en lo que respecta al cultivo de granos.<\/p>\n<p><strong>Un espaldarazo para los gobiernos municipales<\/strong><\/p>\n<p>Durante su intervenci\u00f3n, Orlando Chiqui Limpias, exalcalde de Montero y destacado l\u00edder pol\u00edtico, destac\u00f3 que la visita de las autoridades nacionales y departamentales representa un reconocimiento y un espaldarazo a los municipios, especialmente a los de la provincia de Obispo Santisteva. \u201cEs un reconocimiento a la provincia m\u00e1s productora de granos de Bolivia. El presidente ha dejado claro que esta gesti\u00f3n ser\u00e1 equitativa con todos los alcaldes, sin distinci\u00f3n de colores pol\u00edticos, lo cual es un gran beneficio para todos los municipios\u201d, afirm\u00f3 Limpias.<\/p>\n<p>El exalcalde resalt\u00f3 que, a diferencia de la gesti\u00f3n anterior, la administraci\u00f3n de Paz Pereira se compromete a brindar apoyo a todos los gobiernos municipales, sin importar su afiliaci\u00f3n pol\u00edtica. \u00abLos recursos del gobierno central son fundamentales para el desarrollo de los municipios, y el compromiso de un 50-50 para los municipios y gobernaciones es una gran promesa que permitir\u00e1 a los alcaldes acceder a cr\u00e9ditos y recursos para sus proyectos\u201d, agreg\u00f3.<\/p>\n<p><strong>La pol\u00edtica local: entre la continuidad y la oposici\u00f3n<\/strong><\/p>\n<p>El exalcalde tambi\u00e9n analiz\u00f3 el panorama pol\u00edtico local con respecto a las pr\u00f3ximas elecciones subnacionales. Regys Medina, actual candidato de la agrupaci\u00f3n CREEMO para la alcald\u00eda de Montero, sigue siendo un nombre de peso en la pol\u00edtica local. Sin embargo, la incertidumbre persiste sobre las alianzas pol\u00edticas que se puedan forjar de cara a los comicios.<\/p>\n<p>\u201cCreemos que la candidatura de Regys Medina ya est\u00e1 pr\u00e1cticamente definida. El apoyo del gobernador Luis Fernando Camacho y del presidente Rodrigo Paz refuerza la idea de que Montero apostar\u00e1 por \u00e9l. Sin embargo, a\u00fan no podemos confirmar completamente la decisi\u00f3n, ya que algunos aspectos todav\u00eda est\u00e1n en discusi\u00f3n\u201d, explic\u00f3 Limpias.<\/p>\n<p>A pesar de que la opci\u00f3n Medina parece s\u00f3lida, el panorama se mantiene abierto debido a la presencia de otros precandidatos. Entre los nombres que suenan para enfrentar a Medina se encuentran Maico Moreno, el periodista Julio Quiroga, y Romer Villarroel, aunque a\u00fan no se sabe con certeza con qu\u00e9 agrupaci\u00f3n pol\u00edtica se postular\u00e1n.<\/p>\n<p><strong>Desaf\u00edos en la pol\u00edtica local: la dificultad de los acuerdos<\/strong><\/p>\n<p>Limpias tambi\u00e9n advirti\u00f3 sobre las dificultades para lograr acuerdos entre los m\u00faltiples actores pol\u00edticos que se mencionan como posibles candidatos. \u201cEn Montero hoy no solo se mencionan nombres de la agrupaci\u00f3n CREEMO, sino tambi\u00e9n de otros sectores como el PDC y LARA. Es muy complicado que todos los precandidatos lleguen a un acuerdo. Adem\u00e1s, la falta de recursos econ\u00f3micos y estructuras pol\u00edticas robustas dificulta a\u00fan m\u00e1s el panorama\u201d, se\u00f1al\u00f3.<\/p>\n<p>De acuerdo con Limpias, la principal ventaja de Regys Medina radica en su experiencia y el respaldo que tiene de los sectores productivos locales. Adem\u00e1s, destac\u00f3 el respaldo que ha recibido del presidente Paz y el gobernador Camacho, lo que fortalece su candidatura.<\/p>\n<p><strong>La polarizaci\u00f3n pol\u00edtica: un escenario incierto<\/strong><\/p>\n<p>Finalmente, en cuanto a la posibilidad de una polarizaci\u00f3n en la pol\u00edtica local, Limpias se mostr\u00f3 esc\u00e9ptico. \u00abEs dif\u00edcil que se polarice de la forma en que algunos piensan. En las elecciones pasadas, los bloques eran m\u00e1s claros, pero hoy tenemos una dispersi\u00f3n de candidatos y es complicado que se logren acuerdos significativos\u00bb, concluy\u00f3.<\/p>\n<p>Con las elecciones subnacionales a la vuelta de la esquina, Montero sigue siendo un centro pol\u00edtico clave en el departamento de Santa Cruz, y los pr\u00f3ximos meses definir\u00e1n si la candidatura de Regys Medina se consolida o si otros actores logran posicionarse como opciones viables para la alcald\u00eda.<\/p><div style=\"margin-top: 0px; margin-bottom: 0px;\" class=\"sharethis-inline-reaction-buttons\" ><\/div>","protected":false},"excerpt":{"rendered":"<p>Montero, Santa Cruz &#8211; En el marco de la celebraci\u00f3n del 84\u00ba aniversario de la provincia del Obispo Santisteba, se llev\u00f3 a cabo un evento de gran relevancia para la regi\u00f3n, con la presencia del presidente de Bolivia, Rodrigo Paz Pereira, y el gobernador de Santa Cruz, Luis Fernando Camacho.<\/p>\n","protected":false},"author":1,"featured_media":0,"comment_status":"open","ping_status":"open","sticky":false,"template":"","format":"standard","meta":{"footnotes":""},"categories":[42],"tags":[297,296,153],"class_list":["post-1246","post","type-post","status-publish","format-standard","hentry","category-politica","tag-aniversario","tag-luis-fernando-camacho","tag-rodrigo-paz"],"yoast_head":"<!-- This site is optimized with the Yoast SEO Premium plugin v25.5 (Yoast SEO v27.1.1) - https:\/\/yoast.com\/product\/yoast-seo-premium-wordpress\/ -->\n<title>Montero celebra el 84\u00ba aniversario del Obispo Santisteban con la visita del presidente Rodrigo Paz y el gobernador Luis Fernando Camacho - Wara Comunicaciones<\/title>\n<meta name=\"robots\" content=\"index, follow, max-snippet:-1, max-image-preview:large, max-video-preview:-1\" \/>\n<link rel=\"canonical\" href=\"https:\/\/waracomunicaciones.com\/?p=1246\" \/>\n<meta property=\"og:locale\" content=\"es_ES\" \/>\n<meta property=\"og:type\" content=\"article\" \/>\n<meta property=\"og:title\" content=\"Montero celebra el 84\u00ba aniversario del Obispo Santisteban con la visita del presidente Rodrigo Paz y el gobernador Luis Fernando Camacho\" \/>\n<meta property=\"og:description\" content=\"Montero, Santa Cruz &#8211; En el marco de la celebraci\u00f3n del 84\u00ba aniversario de la provincia del Obispo Santisteba, se llev\u00f3 a cabo un evento de gran relevancia para la regi\u00f3n, con la presencia del presidente de Bolivia, Rodrigo Paz Pereira, y el gobernador de Santa Cruz, Luis Fernando Camacho.\" \/>\n<meta property=\"og:url\" content=\"https:\/\/waracomunicaciones.com\/?p=1246\" \/>\n<meta property=\"og:site_name\" content=\"Wara Comunicaciones\" \/>\n<meta property=\"article:publisher\" content=\"https:\/\/www.facebook.com\/waracomunicaciones2017\" \/>\n<meta property=\"article:published_time\" content=\"2025-12-03T23:19:20+00:00\" \/>\n<meta property=\"article:modified_time\" content=\"2025-12-03T23:19:22+00:00\" \/>\n<meta property=\"og:image\" content=\"https:\/\/waracomunicaciones.com\/wp-content\/uploads\/2025\/12\/rodrigoo-1.webp\" \/>\n\t<meta property=\"og:image:width\" content=\"1000\" \/>\n\t<meta property=\"og:image:height\" content=\"667\" \/>\n\t<meta property=\"og:image:type\" content=\"image\/webp\" \/>\n<meta name=\"author\" content=\"admin\" \/>\n<meta name=\"twitter:card\" content=\"summary_large_image\" \/>\n<meta name=\"twitter:label1\" content=\"Escrito por\" \/>\n\t<meta name=\"twitter:data1\" content=\"admin\" \/>\n\t<meta name=\"twitter:label2\" content=\"Tiempo de lectura\" \/>\n\t<meta name=\"twitter:data2\" content=\"4 minutos\" \/>\n<script type=\"application\/ld+json\" class=\"yoast-schema-graph\">{\"@context\":\"https:\/\/schema.org\",\"@graph\":[{\"@type\":\"Article\",\"@id\":\"https:\/\/waracomunicaciones.com\/?p=1246#article\",\"isPartOf\":{\"@id\":\"https:\/\/waracomunicaciones.com\/?p=1246\"},\"author\":{\"name\":\"admin\",\"@id\":\"https:\/\/waracomunicaciones.com\/#\/schema\/person\/e9db934bc91575cc71fe584c5973244a\"},\"headline\":\"Montero celebra el 84\u00ba aniversario del Obispo Santisteban con la visita del presidente Rodrigo Paz y el gobernador Luis Fernando Camacho\",\"datePublished\":\"2025-12-03T23:19:20+00:00\",\"dateModified\":\"2025-12-03T23:19:22+00:00\",\"mainEntityOfPage\":{\"@id\":\"https:\/\/waracomunicaciones.com\/?p=1246\"},\"wordCount\":747,\"commentCount\":0,\"publisher\":{\"@id\":\"https:\/\/waracomunicaciones.com\/#organization\"},\"image\":{\"@id\":\"https:\/\/waracomunicaciones.com\/?p=1246#primaryimage\"},\"thumbnailUrl\":\"https:\/\/waracomunicaciones.com\/wp-content\/uploads\/2025\/12\/rodrigoo-1.webp\",\"keywords\":[\"Aniversario\",\"Luis Fernando Camacho\",\"Rodrigo Paz\"],\"articleSection\":[\"Pol\u00edtica\"],\"inLanguage\":\"es\",\"potentialAction\":[{\"@type\":\"CommentAction\",\"name\":\"Comment\",\"target\":[\"https:\/\/waracomunicaciones.com\/?p=1246#respond\"]}]},{\"@type\":\"WebPage\",\"@id\":\"https:\/\/waracomunicaciones.com\/?p=1246\",\"url\":\"https:\/\/waracomunicaciones.com\/?p=1246\",\"name\":\"Montero celebra el 84\u00ba aniversario del Obispo Santisteban con la visita del presidente Rodrigo Paz y el gobernador Luis Fernando Camacho - Wara Comunicaciones\",\"isPartOf\":{\"@id\":\"https:\/\/waracomunicaciones.com\/#website\"},\"primaryImageOfPage\":{\"@id\":\"https:\/\/waracomunicaciones.com\/?p=1246#primaryimage\"},\"image\":{\"@id\":\"https:\/\/waracomunicaciones.com\/?p=1246#primaryimage\"},\"thumbnailUrl\":\"https:\/\/waracomunicaciones.com\/wp-content\/uploads\/2025\/12\/rodrigoo-1.webp\",\"datePublished\":\"2025-12-03T23:19:20+00:00\",\"dateModified\":\"2025-12-03T23:19:22+00:00\",\"breadcrumb\":{\"@id\":\"https:\/\/waracomunicaciones.com\/?p=1246#breadcrumb\"},\"inLanguage\":\"es\",\"potentialAction\":[{\"@type\":\"ReadAction\",\"target\":[\"https:\/\/waracomunicaciones.com\/?p=1246\"]}]},{\"@type\":\"ImageObject\",\"inLanguage\":\"es\",\"@id\":\"https:\/\/waracomunicaciones.com\/?p=1246#primaryimage\",\"url\":\"https:\/\/waracomunicaciones.com\/wp-content\/uploads\/2025\/12\/rodrigoo-1.webp\",\"contentUrl\":\"https:\/\/waracomunicaciones.com\/wp-content\/uploads\/2025\/12\/rodrigoo-1.webp\",\"width\":1000,\"height\":667},{\"@type\":\"BreadcrumbList\",\"@id\":\"https:\/\/waracomunicaciones.com\/?p=1246#breadcrumb\",\"itemListElement\":[{\"@type\":\"ListItem\",\"position\":1,\"name\":\"Portada\",\"item\":\"https:\/\/waracomunicaciones.com\/\"},{\"@type\":\"ListItem\",\"position\":2,\"name\":\"Montero celebra el 84\u00ba aniversario del Obispo Santisteban con la visita del presidente Rodrigo Paz y el gobernador Luis Fernando Camacho\"}]},{\"@type\":\"WebSite\",\"@id\":\"https:\/\/waracomunicaciones.com\/#website\",\"url\":\"https:\/\/waracomunicaciones.com\/\",\"name\":\"Wara Comunicaciones\",\"description\":\"\",\"publisher\":{\"@id\":\"https:\/\/waracomunicaciones.com\/#organization\"},\"potentialAction\":[{\"@type\":\"SearchAction\",\"target\":{\"@type\":\"EntryPoint\",\"urlTemplate\":\"https:\/\/waracomunicaciones.com\/?s={search_term_string}\"},\"query-input\":{\"@type\":\"PropertyValueSpecification\",\"valueRequired\":true,\"valueName\":\"search_term_string\"}}],\"inLanguage\":\"es\"},{\"@type\":\"Organization\",\"@id\":\"https:\/\/waracomunicaciones.com\/#organization\",\"name\":\"Wara Comunicaciones\",\"url\":\"https:\/\/waracomunicaciones.com\/\",\"logo\":{\"@type\":\"ImageObject\",\"inLanguage\":\"es\",\"@id\":\"https:\/\/waracomunicaciones.com\/#\/schema\/logo\/image\/\",\"url\":\"https:\/\/waracomunicaciones.com\/wp-content\/uploads\/2025\/07\/logo.png\",\"contentUrl\":\"https:\/\/waracomunicaciones.com\/wp-content\/uploads\/2025\/07\/logo.png\",\"width\":400,\"height\":164,\"caption\":\"Wara Comunicaciones\"},\"image\":{\"@id\":\"https:\/\/waracomunicaciones.com\/#\/schema\/logo\/image\/\"},\"sameAs\":[\"https:\/\/www.facebook.com\/waracomunicaciones2017\"]},{\"@type\":\"Person\",\"@id\":\"https:\/\/waracomunicaciones.com\/#\/schema\/person\/e9db934bc91575cc71fe584c5973244a\",\"name\":\"admin\",\"image\":{\"@type\":\"ImageObject\",\"inLanguage\":\"es\",\"@id\":\"https:\/\/waracomunicaciones.com\/#\/schema\/person\/image\/\",\"url\":\"https:\/\/secure.gravatar.com\/avatar\/bf27e9186df568254093afa216f887fece17605302c6ff12f3980422fffa52e6?s=96&d=mm&r=g\",\"contentUrl\":\"https:\/\/secure.gravatar.com\/avatar\/bf27e9186df568254093afa216f887fece17605302c6ff12f3980422fffa52e6?s=96&d=mm&r=g\",\"caption\":\"admin\"},\"sameAs\":[\"https:\/\/waracomunicaciones.com\/wp\"],\"url\":\"https:\/\/waracomunicaciones.com\/?author=1\"}]}<\/script>\n<!-- \/ Yoast SEO Premium plugin. -->","yoast_head_json":{"title":"Montero celebra el 84\u00ba aniversario del Obispo Santisteban con la visita del presidente Rodrigo Paz y el gobernador Luis Fernando Camacho - Wara Comunicaciones","robots":{"index":"index","follow":"follow","max-snippet":"max-snippet:-1","max-image-preview":"max-image-preview:large","max-video-preview":"max-video-preview:-1"},"canonical":"https:\/\/waracomunicaciones.com\/?p=1246","og_locale":"es_ES","og_type":"article","og_title":"Montero celebra el 84\u00ba aniversario del Obispo Santisteban con la visita del presidente Rodrigo Paz y el gobernador Luis Fernando Camacho","og_description":"Montero, Santa Cruz &#8211; En el marco de la celebraci\u00f3n del 84\u00ba aniversario de la provincia del Obispo Santisteba, se llev\u00f3 a cabo un evento de gran relevancia para la regi\u00f3n, con la presencia del presidente de Bolivia, Rodrigo Paz Pereira, y el gobernador de Santa Cruz, Luis Fernando Camacho.","og_url":"https:\/\/waracomunicaciones.com\/?p=1246","og_site_name":"Wara Comunicaciones","article_publisher":"https:\/\/www.facebook.com\/waracomunicaciones2017","article_published_time":"2025-12-03T23:19:20+00:00","article_modified_time":"2025-12-03T23:19:22+00:00","og_image":[{"width":1000,"height":667,"url":"https:\/\/waracomunicaciones.com\/wp-content\/uploads\/2025\/12\/rodrigoo-1.webp","type":"image\/webp"}],"author":"admin","twitter_card":"summary_large_image","twitter_misc":{"Escrito por":"admin","Tiempo de lectura":"4 minutos"},"schema":{"@context":"https:\/\/schema.org","@graph":[{"@type":"Article","@id":"https:\/\/waracomunicaciones.com\/?p=1246#article","isPartOf":{"@id":"https:\/\/waracomunicaciones.com\/?p=1246"},"author":{"name":"admin","@id":"https:\/\/waracomunicaciones.com\/#\/schema\/person\/e9db934bc91575cc71fe584c5973244a"},"headline":"Montero celebra el 84\u00ba aniversario del Obispo Santisteban con la visita del presidente Rodrigo Paz y el gobernador Luis Fernando Camacho","datePublished":"2025-12-03T23:19:20+00:00","dateModified":"2025-12-03T23:19:22+00:00","mainEntityOfPage":{"@id":"https:\/\/waracomunicaciones.com\/?p=1246"},"wordCount":747,"commentCount":0,"publisher":{"@id":"https:\/\/waracomunicaciones.com\/#organization"},"image":{"@id":"https:\/\/waracomunicaciones.com\/?p=1246#primaryimage"},"thumbnailUrl":"https:\/\/waracomunicaciones.com\/wp-content\/uploads\/2025\/12\/rodrigoo-1.webp","keywords":["Aniversario","Luis Fernando Camacho","Rodrigo Paz"],"articleSection":["Pol\u00edtica"],"inLanguage":"es","potentialAction":[{"@type":"CommentAction","name":"Comment","target":["https:\/\/waracomunicaciones.com\/?p=1246#respond"]}]},{"@type":"WebPage","@id":"https:\/\/waracomunicaciones.com\/?p=1246","url":"https:\/\/waracomunicaciones.com\/?p=1246","name":"Montero celebra el 84\u00ba aniversario del Obispo Santisteban con la visita del presidente Rodrigo Paz y el gobernador Luis Fernando Camacho - Wara Comunicaciones","isPartOf":{"@id":"https:\/\/waracomunicaciones.com\/#website"},"primaryImageOfPage":{"@id":"https:\/\/waracomunicaciones.com\/?p=1246#primaryimage"},"image":{"@id":"https:\/\/waracomunicaciones.com\/?p=1246#primaryimage"},"thumbnailUrl":"https:\/\/waracomunicaciones.com\/wp-content\/uploads\/2025\/12\/rodrigoo-1.webp","datePublished":"2025-12-03T23:19:20+00:00","dateModified":"2025-12-03T23:19:22+00:00","breadcrumb":{"@id":"https:\/\/waracomunicaciones.com\/?p=1246#breadcrumb"},"inLanguage":"es","potentialAction":[{"@type":"ReadAction","target":["https:\/\/waracomunicaciones.com\/?p=1246"]}]},{"@type":"ImageObject","inLanguage":"es","@id":"https:\/\/waracomunicaciones.com\/?p=1246#primaryimage","url":"https:\/\/waracomunicaciones.com\/wp-content\/uploads\/2025\/12\/rodrigoo-1.webp","contentUrl":"https:\/\/waracomunicaciones.com\/wp-content\/uploads\/2025\/12\/rodrigoo-1.webp","width":1000,"height":667},{"@type":"BreadcrumbList","@id":"https:\/\/waracomunicaciones.com\/?p=1246#breadcrumb","itemListElement":[{"@type":"ListItem","position":1,"name":"Portada","item":"https:\/\/waracomunicaciones.com\/"},{"@type":"ListItem","position":2,"name":"Montero celebra el 84\u00ba aniversario del Obispo Santisteban con la visita del presidente Rodrigo Paz y el gobernador Luis Fernando Camacho"}]},{"@type":"WebSite","@id":"https:\/\/waracomunicaciones.com\/#website","url":"https:\/\/waracomunicaciones.com\/","name":"Wara Comunicaciones","description":"","publisher":{"@id":"https:\/\/waracomunicaciones.com\/#organization"},"potentialAction":[{"@type":"SearchAction","target":{"@type":"EntryPoint","urlTemplate":"https:\/\/waracomunicaciones.com\/?s={search_term_string}"},"query-input":{"@type":"PropertyValueSpecification","valueRequired":true,"valueName":"search_term_string"}}],"inLanguage":"es"},{"@type":"Organization","@id":"https:\/\/waracomunicaciones.com\/#organization","name":"Wara Comunicaciones","url":"https:\/\/waracomunicaciones.com\/","logo":{"@type":"ImageObject","inLanguage":"es","@id":"https:\/\/waracomunicaciones.com\/#\/schema\/logo\/image\/","url":"https:\/\/waracomunicaciones.com\/wp-content\/uploads\/2025\/07\/logo.png","contentUrl":"https:\/\/waracomunicaciones.com\/wp-content\/uploads\/2025\/07\/logo.png","width":400,"height":164,"caption":"Wara Comunicaciones"},"image":{"@id":"https:\/\/waracomunicaciones.com\/#\/schema\/logo\/image\/"},"sameAs":["https:\/\/www.facebook.com\/waracomunicaciones2017"]},{"@type":"Person","@id":"https:\/\/waracomunicaciones.com\/#\/schema\/person\/e9db934bc91575cc71fe584c5973244a","name":"admin","image":{"@type":"ImageObject","inLanguage":"es","@id":"https:\/\/waracomunicaciones.com\/#\/schema\/person\/image\/","url":"https:\/\/secure.gravatar.com\/avatar\/bf27e9186df568254093afa216f887fece17605302c6ff12f3980422fffa52e6?s=96&d=mm&r=g","contentUrl":"https:\/\/secure.gravatar.com\/avatar\/bf27e9186df568254093afa216f887fece17605302c6ff12f3980422fffa52e6?s=96&d=mm&r=g","caption":"admin"},"sameAs":["https:\/\/waracomunicaciones.com\/wp"],"url":"https:\/\/waracomunicaciones.com\/?author=1"}]}},"_links":{"self":[{"href":"https:\/\/waracomunicaciones.com\/index.php?rest_route=\/wp\/v2\/posts\/1246","targetHints":{"allow":["GET"]}}],"collection":[{"href":"https:\/\/waracomunicaciones.com\/index.php?rest_route=\/wp\/v2\/posts"}],"about":[{"href":"https:\/\/waracomunicaciones.com\/index.php?rest_route=\/wp\/v2\/types\/post"}],"author":[{"embeddable":true,"href":"https:\/\/waracomunicaciones.com\/index.php?rest_route=\/wp\/v2\/users\/1"}],"replies":[{"embeddable":true,"href":"https:\/\/waracomunicaciones.com\/index.php?rest_route=%2Fwp%2Fv2%2Fcomments&post=1246"}],"version-history":[{"count":1,"href":"https:\/\/waracomunicaciones.com\/index.php?rest_route=\/wp\/v2\/posts\/1246\/revisions"}],"predecessor-version":[{"id":1248,"href":"https:\/\/waracomunicaciones.com\/index.php?rest_route=\/wp\/v2\/posts\/1246\/revisions\/1248"}],"wp:attachment":[{"href":"https:\/\/waracomunicaciones.com\/index.php?rest_route=%2Fwp%2Fv2%2Fmedia&parent=1246"}],"wp:term":[{"taxonomy":"category","embeddable":true,"href":"https:\/\/waracomunicaciones.com\/index.php?rest_route=%2Fwp%2Fv2%2Fcategories&post=1246"},{"taxonomy":"post_tag","embeddable":true,"href":"https:\/\/waracomunicaciones.com\/index.php?rest_route=%2Fwp%2Fv2%2Ftags&post=1246"}],"curies":[{"name":"wp","href":"https:\/\/api.w.org\/{rel}","templated":true}]}}